{"id":11918,"date":"2022-06-02T14:48:35","date_gmt":"2022-06-02T12:48:35","guid":{"rendered":"https:\/\/cst.cat\/iii-jornada-de-oftalmologia-del-consorcio-sanitario-de-terrassa\/"},"modified":"2022-06-13T15:06:44","modified_gmt":"2022-06-13T13:06:44","slug":"iii-jornada-de-oftalmologia-del-consorcio-sanitario-de-terrassa","status":"publish","type":"post","link":"https:\/\/cst.cat\/es\/iii-jornada-de-oftalmologia-del-consorcio-sanitario-de-terrassa\/","title":{"rendered":"III Jornada de Oftalmolog\u00eda del Consorci Sanitari de Terrassa"},"content":{"rendered":"\n<div class=\"wp-block-columns is-layout-flex wp-container-core-columns-is-layout-9d6595d7 wp-block-columns-is-layout-flex\">\n<div class=\"wp-block-column acces-lft is-layout-flow wp-block-column-is-layout-flow\" style=\"flex-basis:30%\">\n<figure class=\"wp-block-image size-full\"><img loading=\"lazy\" decoding=\"async\" width=\"714\" height=\"560\" src=\"https:\/\/cst.cat\/wp-content\/uploads\/2022\/06\/portada.jpeg\" alt=\"\" class=\"wp-image-11911\" srcset=\"https:\/\/cst.cat\/wp-content\/uploads\/2022\/06\/portada.jpeg 714w, https:\/\/cst.cat\/wp-content\/uploads\/2022\/06\/portada-600x471.jpeg 600w\" sizes=\"auto, (max-width: 714px) 100vw, 714px\" \/><\/figure>\n<\/div>\n\n\n\n<div class=\"wp-block-column acces-rgt is-layout-flow wp-block-column-is-layout-flow\" style=\"flex-basis:70%\">\n<h2 class=\"wp-block-heading\">El Hospital de Terrassa fue sede de la III Jornada de oftalmolog\u00eda, que este a\u00f1o trataba sobre el manejo de la patolog\u00eda oftalmol\u00f3gica en torno a la Atenci\u00f3n Primaria y los criterios de derivaci\u00f3n.<\/h2>\n\n\n\n<p>Organizada por el Servicio de Oftalmolog\u00eda del Consorci Sanitari de Terrassa (CST), ten\u00eda como objetivo principal realizar una revisi\u00f3n y actualizaci\u00f3n del proceso de visita y de derivaci\u00f3n al Servicio de Oftalmolog\u00eda del paciente con patolog\u00eda ocular, as\u00ed como abordar el manejo b\u00e1sico en la Atenci\u00f3n Primaria de las patolog\u00edas oculares m\u00e1s frecuentes de nuestro \u00e1mbito.<\/p>\n\n\n\n<p>La inauguraci\u00f3n corri\u00f3 a cargo de Jaume Boadas, director asistencial del CST, acompa\u00f1ado de Mouafk Asaad y de Laura Guti\u00e9rrez, jefe del Servicio de Oftalmolog\u00eda CST y m\u00e9dica adjunta respectivamente.<\/p>\n\n\n\n<p>La Jornada se inici\u00f3 con la Mesa Redonda \u00abManejo y derivaci\u00f3n de enfermedades con p\u00e9rdida o alteraci\u00f3n de la visi\u00f3n\u00bb, moderada por Laura Guti\u00e9rrez y donde profesionales m\u00e9dicos del servicio de oftalmolog\u00eda desarrollaron las ponencias \u00abP\u00e9rdida visual aguda: exploraci\u00f3n y diagn\u00f3stico diferencial \u00ab, \u00abRetinopat\u00eda Diab\u00e9tica\u00bb, \u00abDegeneraci\u00f3n macular asociada a la edad\u00bb, \u00abCataratas\u00bb y \u00abEstrabismo y diploma\u00bb.<\/p>\n\n\n\n<figure class=\"wp-block-image size-large\"><img loading=\"lazy\" decoding=\"async\" width=\"1366\" height=\"773\" src=\"https:\/\/cst.cat\/wp-content\/uploads\/2022\/06\/interior2-1366x773.jpeg\" alt=\"\" class=\"wp-image-11923\" srcset=\"https:\/\/cst.cat\/wp-content\/uploads\/2022\/06\/interior2-1366x773.jpeg 1366w, https:\/\/cst.cat\/wp-content\/uploads\/2022\/06\/interior2-600x340.jpeg 600w, https:\/\/cst.cat\/wp-content\/uploads\/2022\/06\/interior2-768x435.jpeg 768w, https:\/\/cst.cat\/wp-content\/uploads\/2022\/06\/interior2-1536x870.jpeg 1536w, https:\/\/cst.cat\/wp-content\/uploads\/2022\/06\/interior2.jpeg 1671w\" sizes=\"auto, (max-width: 1366px) 100vw, 1366px\" \/><figcaption>Mesa Redonda \u00abManejo y derivaci\u00f3n de enfermedades con p\u00e9rdida o alteraci\u00f3n de la visi\u00f3n\u00bb, moderada por Laura Guti\u00e9rrez<\/figcaption><\/figure>\n\n\n\n<p>A continuaci\u00f3n fue el turno por la segunda Mesa Redonda titulada \u00abManejo de derivaciones del ojo rojo con o sin dolor\u00bb moderada por Suhel Elnayef y, como en la anterior Mesa, m\u00e9dicos del servicio de oftalmolog\u00eda, pusieron en com\u00fan su visi\u00f3n sobre el \u00abDiagn\u00f3stico diferencial, tratamiento y derivaci\u00f3n del ojo rojo sin dolor\u00bb.<\/p>\n\n\n\n<figure class=\"wp-block-image size-full\"><img loading=\"lazy\" decoding=\"async\" width=\"917\" height=\"608\" src=\"https:\/\/cst.cat\/wp-content\/uploads\/2022\/06\/interior.jpeg\" alt=\"\" class=\"wp-image-11913\" srcset=\"https:\/\/cst.cat\/wp-content\/uploads\/2022\/06\/interior.jpeg 917w, https:\/\/cst.cat\/wp-content\/uploads\/2022\/06\/interior-600x398.jpeg 600w, https:\/\/cst.cat\/wp-content\/uploads\/2022\/06\/interior-768x509.jpeg 768w\" sizes=\"auto, (max-width: 917px) 100vw, 917px\" \/><figcaption>Suhel Elnayef moderando la Tabla \u00abManejo de derivaciones del ojo rojo con o sin dolor\u00bb<\/figcaption><\/figure>\n\n\n\n<p>Como clausura, Mouafk Asaad hizo cinco c\u00e9ntimos sobre los circuitos administrativos a la hora de aplicar los criterios de derivaci\u00f3n.<\/p>\n\n\n\n<p>Acreditada por el Consejo Catal\u00e1n de Formaci\u00f3n Continua de las Profesiones Sanitarias, la Jornada fue seguida por m\u00e9dicos y m\u00e9dicas de Atenci\u00f3n Primaria, por m\u00e9dicos y m\u00e9dicas del \u00c1rea de Urgencias tanto de adultos como de pediatr\u00eda y por Oftalm\u00f3logos, oftalm\u00f3logas y optometristas. Tambi\u00e9n por personal de enfermer\u00eda de estas especialidades.<\/p>\n<\/div>\n<\/div>\n","protected":false},"excerpt":{"rendered":"<p>El Hospital de Terrassa fue sede de la III Jornada de oftalmolog\u00eda, que este a\u00f1o trataba sobre el manejo de la patolog\u00eda oftalmol\u00f3gica en torno a la Atenci\u00f3n Primaria y los criterios de derivaci\u00f3n. Organizada por el Servicio de Oftalmolog\u00eda del Consorci Sanitari de Terrassa (CST), ten\u00eda como objetivo principal realizar una revisi\u00f3n y actualizaci\u00f3n [&hellip;]<\/p>\n","protected":false},"author":5,"featured_media":11915,"comment_status":"open","ping_status":"open","sticky":false,"template":"","format":"standard","meta":{"_acf_changed":false,"footnotes":""},"categories":[2,118,156],"tags":[287,290,534,535],"class_list":["post-11918","post","type-post","status-publish","format-standard","has-post-thumbnail","hentry","category-sin-categorizar","category-jornades-i-congressos","category-jornadas-y-congresos","tag-atencio-primaria","tag-atencion-primaria","tag-oftlmologia","tag-oftlmologia-es"],"acf":[],"yoast_head":"<!-- This site is optimized with the Yoast SEO plugin v27.2 - https:\/\/yoast.com\/product\/yoast-seo-wordpress\/ -->\n<title>III Jornada de Oftalmolog\u00eda del Consorci Sanitari de Terrassa - CST<\/title>\n<meta name=\"robots\" content=\"index, follow, max-snippet:-1, max-image-preview:large, max-video-preview:-1\" \/>\n<link rel=\"canonical\" href=\"https:\/\/cst.cat\/es\/iii-jornada-de-oftalmologia-del-consorcio-sanitario-de-terrassa\/\" \/>\n<meta property=\"og:locale\" content=\"es_ES\" \/>\n<meta property=\"og:type\" content=\"article\" \/>\n<meta property=\"og:title\" content=\"III Jornada de Oftalmolog\u00eda del Consorci Sanitari de Terrassa - CST\" \/>\n<meta property=\"og:description\" content=\"El Hospital de Terrassa fue sede de la III Jornada de oftalmolog\u00eda, que este a\u00f1o trataba sobre el manejo de la patolog\u00eda oftalmol\u00f3gica en torno a la Atenci\u00f3n Primaria y los criterios de derivaci\u00f3n. Organizada por el Servicio de Oftalmolog\u00eda del Consorci Sanitari de Terrassa (CST), ten\u00eda como objetivo principal realizar una revisi\u00f3n y actualizaci\u00f3n [&hellip;]\" \/>\n<meta property=\"og:url\" content=\"https:\/\/cst.cat\/es\/iii-jornada-de-oftalmologia-del-consorcio-sanitario-de-terrassa\/\" \/>\n<meta property=\"og:site_name\" content=\"CST\" \/>\n<meta property=\"article:published_time\" content=\"2022-06-02T12:48:35+00:00\" \/>\n<meta property=\"article:modified_time\" content=\"2022-06-13T13:06:44+00:00\" \/>\n<meta property=\"og:image\" content=\"https:\/\/cst.cat\/wp-content\/uploads\/2022\/06\/700x468.png\" \/>\n\t<meta property=\"og:image:width\" content=\"700\" \/>\n\t<meta property=\"og:image:height\" content=\"468\" \/>\n\t<meta property=\"og:image:type\" content=\"image\/png\" \/>\n<meta name=\"author\" content=\"xfranco\" \/>\n<meta name=\"twitter:card\" content=\"summary_large_image\" \/>\n<meta name=\"twitter:label1\" content=\"Escrito por\" \/>\n\t<meta name=\"twitter:data1\" content=\"xfranco\" \/>\n\t<meta name=\"twitter:label2\" content=\"Tiempo de lectura\" \/>\n\t<meta name=\"twitter:data2\" content=\"3 minutos\" \/>\n<script type=\"application\/ld+json\" class=\"yoast-schema-graph\">{\"@context\":\"https:\/\/schema.org\",\"@graph\":[{\"@type\":\"Article\",\"@id\":\"https:\/\/cst.cat\/es\/iii-jornada-de-oftalmologia-del-consorcio-sanitario-de-terrassa\/#article\",\"isPartOf\":{\"@id\":\"https:\/\/cst.cat\/es\/iii-jornada-de-oftalmologia-del-consorcio-sanitario-de-terrassa\/\"},\"author\":{\"name\":\"xfranco\",\"@id\":\"https:\/\/cst.cat\/es\/#\/schema\/person\/3b11da62a36ae3eb23449b9d67c922f9\"},\"headline\":\"III Jornada de Oftalmolog\u00eda del Consorci Sanitari de Terrassa\",\"datePublished\":\"2022-06-02T12:48:35+00:00\",\"dateModified\":\"2022-06-13T13:06:44+00:00\",\"mainEntityOfPage\":{\"@id\":\"https:\/\/cst.cat\/es\/iii-jornada-de-oftalmologia-del-consorcio-sanitario-de-terrassa\/\"},\"wordCount\":403,\"commentCount\":0,\"publisher\":{\"@id\":\"https:\/\/cst.cat\/es\/#organization\"},\"image\":{\"@id\":\"https:\/\/cst.cat\/es\/iii-jornada-de-oftalmologia-del-consorcio-sanitario-de-terrassa\/#primaryimage\"},\"thumbnailUrl\":\"https:\/\/cst.cat\/wp-content\/uploads\/2022\/06\/700x468.png\",\"keywords\":[\"Atenci\u00f3 Prim\u00e0ria\",\"Atenci\u00f3n Primaria\",\"oftlmologia\",\"oftlmolog\u00eda\"],\"articleSection\":[\"Sin categorizar\",\"Jornades i congressos\",\"Jornadas y congresos\"],\"inLanguage\":\"es\",\"potentialAction\":[{\"@type\":\"CommentAction\",\"name\":\"Comment\",\"target\":[\"https:\/\/cst.cat\/es\/iii-jornada-de-oftalmologia-del-consorcio-sanitario-de-terrassa\/#respond\"]}]},{\"@type\":\"WebPage\",\"@id\":\"https:\/\/cst.cat\/es\/iii-jornada-de-oftalmologia-del-consorcio-sanitario-de-terrassa\/\",\"url\":\"https:\/\/cst.cat\/es\/iii-jornada-de-oftalmologia-del-consorcio-sanitario-de-terrassa\/\",\"name\":\"III Jornada de Oftalmolog\u00eda del Consorci Sanitari de Terrassa - CST\",\"isPartOf\":{\"@id\":\"https:\/\/cst.cat\/es\/#website\"},\"primaryImageOfPage\":{\"@id\":\"https:\/\/cst.cat\/es\/iii-jornada-de-oftalmologia-del-consorcio-sanitario-de-terrassa\/#primaryimage\"},\"image\":{\"@id\":\"https:\/\/cst.cat\/es\/iii-jornada-de-oftalmologia-del-consorcio-sanitario-de-terrassa\/#primaryimage\"},\"thumbnailUrl\":\"https:\/\/cst.cat\/wp-content\/uploads\/2022\/06\/700x468.png\",\"datePublished\":\"2022-06-02T12:48:35+00:00\",\"dateModified\":\"2022-06-13T13:06:44+00:00\",\"breadcrumb\":{\"@id\":\"https:\/\/cst.cat\/es\/iii-jornada-de-oftalmologia-del-consorcio-sanitario-de-terrassa\/#breadcrumb\"},\"inLanguage\":\"es\",\"potentialAction\":[{\"@type\":\"ReadAction\",\"target\":[\"https:\/\/cst.cat\/es\/iii-jornada-de-oftalmologia-del-consorcio-sanitario-de-terrassa\/\"]}]},{\"@type\":\"ImageObject\",\"inLanguage\":\"es\",\"@id\":\"https:\/\/cst.cat\/es\/iii-jornada-de-oftalmologia-del-consorcio-sanitario-de-terrassa\/#primaryimage\",\"url\":\"https:\/\/cst.cat\/wp-content\/uploads\/2022\/06\/700x468.png\",\"contentUrl\":\"https:\/\/cst.cat\/wp-content\/uploads\/2022\/06\/700x468.png\",\"width\":700,\"height\":468},{\"@type\":\"BreadcrumbList\",\"@id\":\"https:\/\/cst.cat\/es\/iii-jornada-de-oftalmologia-del-consorcio-sanitario-de-terrassa\/#breadcrumb\",\"itemListElement\":[{\"@type\":\"ListItem\",\"position\":1,\"name\":\"Inici\",\"item\":\"https:\/\/cst.cat\/es\/\"},{\"@type\":\"ListItem\",\"position\":2,\"name\":\"III Jornada de Oftalmolog\u00eda del Consorci Sanitari de Terrassa\"}]},{\"@type\":\"WebSite\",\"@id\":\"https:\/\/cst.cat\/es\/#website\",\"url\":\"https:\/\/cst.cat\/es\/\",\"name\":\"CST\",\"description\":\"\",\"publisher\":{\"@id\":\"https:\/\/cst.cat\/es\/#organization\"},\"potentialAction\":[{\"@type\":\"SearchAction\",\"target\":{\"@type\":\"EntryPoint\",\"urlTemplate\":\"https:\/\/cst.cat\/es\/?s={search_term_string}\"},\"query-input\":{\"@type\":\"PropertyValueSpecification\",\"valueRequired\":true,\"valueName\":\"search_term_string\"}}],\"inLanguage\":\"es\"},{\"@type\":\"Organization\",\"@id\":\"https:\/\/cst.cat\/es\/#organization\",\"name\":\"Consorci Sanitari de Terrassa\",\"url\":\"https:\/\/cst.cat\/es\/\",\"logo\":{\"@type\":\"ImageObject\",\"inLanguage\":\"es\",\"@id\":\"https:\/\/cst.cat\/es\/#\/schema\/logo\/image\/\",\"url\":\"https:\/\/cst.cat\/wp-content\/uploads\/2021\/09\/logo-header.svg\",\"contentUrl\":\"https:\/\/cst.cat\/wp-content\/uploads\/2021\/09\/logo-header.svg\",\"width\":90,\"height\":32,\"caption\":\"Consorci Sanitari de Terrassa\"},\"image\":{\"@id\":\"https:\/\/cst.cat\/es\/#\/schema\/logo\/image\/\"}},{\"@type\":\"Person\",\"@id\":\"https:\/\/cst.cat\/es\/#\/schema\/person\/3b11da62a36ae3eb23449b9d67c922f9\",\"name\":\"xfranco\",\"image\":{\"@type\":\"ImageObject\",\"inLanguage\":\"es\",\"@id\":\"https:\/\/secure.gravatar.com\/avatar\/2ebd62adc577a39e207bb342150bfb5ca00c0b0491c1af248227192c73e0e259?s=96&d=mm&r=g\",\"url\":\"https:\/\/secure.gravatar.com\/avatar\/2ebd62adc577a39e207bb342150bfb5ca00c0b0491c1af248227192c73e0e259?s=96&d=mm&r=g\",\"contentUrl\":\"https:\/\/secure.gravatar.com\/avatar\/2ebd62adc577a39e207bb342150bfb5ca00c0b0491c1af248227192c73e0e259?s=96&d=mm&r=g\",\"caption\":\"xfranco\"},\"url\":\"https:\/\/cst.cat\/es\/author\/xfranco\/\"}]}<\/script>\n<!-- \/ Yoast SEO plugin. -->","yoast_head_json":{"title":"III Jornada de Oftalmolog\u00eda del Consorci Sanitari de Terrassa - CST","robots":{"index":"index","follow":"follow","max-snippet":"max-snippet:-1","max-image-preview":"max-image-preview:large","max-video-preview":"max-video-preview:-1"},"canonical":"https:\/\/cst.cat\/es\/iii-jornada-de-oftalmologia-del-consorcio-sanitario-de-terrassa\/","og_locale":"es_ES","og_type":"article","og_title":"III Jornada de Oftalmolog\u00eda del Consorci Sanitari de Terrassa - CST","og_description":"El Hospital de Terrassa fue sede de la III Jornada de oftalmolog\u00eda, que este a\u00f1o trataba sobre el manejo de la patolog\u00eda oftalmol\u00f3gica en torno a la Atenci\u00f3n Primaria y los criterios de derivaci\u00f3n. Organizada por el Servicio de Oftalmolog\u00eda del Consorci Sanitari de Terrassa (CST), ten\u00eda como objetivo principal realizar una revisi\u00f3n y actualizaci\u00f3n [&hellip;]","og_url":"https:\/\/cst.cat\/es\/iii-jornada-de-oftalmologia-del-consorcio-sanitario-de-terrassa\/","og_site_name":"CST","article_published_time":"2022-06-02T12:48:35+00:00","article_modified_time":"2022-06-13T13:06:44+00:00","og_image":[{"width":700,"height":468,"url":"https:\/\/cst.cat\/wp-content\/uploads\/2022\/06\/700x468.png","type":"image\/png"}],"author":"xfranco","twitter_card":"summary_large_image","twitter_misc":{"Escrito por":"xfranco","Tiempo de lectura":"3 minutos"},"schema":{"@context":"https:\/\/schema.org","@graph":[{"@type":"Article","@id":"https:\/\/cst.cat\/es\/iii-jornada-de-oftalmologia-del-consorcio-sanitario-de-terrassa\/#article","isPartOf":{"@id":"https:\/\/cst.cat\/es\/iii-jornada-de-oftalmologia-del-consorcio-sanitario-de-terrassa\/"},"author":{"name":"xfranco","@id":"https:\/\/cst.cat\/es\/#\/schema\/person\/3b11da62a36ae3eb23449b9d67c922f9"},"headline":"III Jornada de Oftalmolog\u00eda del Consorci Sanitari de Terrassa","datePublished":"2022-06-02T12:48:35+00:00","dateModified":"2022-06-13T13:06:44+00:00","mainEntityOfPage":{"@id":"https:\/\/cst.cat\/es\/iii-jornada-de-oftalmologia-del-consorcio-sanitario-de-terrassa\/"},"wordCount":403,"commentCount":0,"publisher":{"@id":"https:\/\/cst.cat\/es\/#organization"},"image":{"@id":"https:\/\/cst.cat\/es\/iii-jornada-de-oftalmologia-del-consorcio-sanitario-de-terrassa\/#primaryimage"},"thumbnailUrl":"https:\/\/cst.cat\/wp-content\/uploads\/2022\/06\/700x468.png","keywords":["Atenci\u00f3 Prim\u00e0ria","Atenci\u00f3n Primaria","oftlmologia","oftlmolog\u00eda"],"articleSection":["Sin categorizar","Jornades i congressos","Jornadas y congresos"],"inLanguage":"es","potentialAction":[{"@type":"CommentAction","name":"Comment","target":["https:\/\/cst.cat\/es\/iii-jornada-de-oftalmologia-del-consorcio-sanitario-de-terrassa\/#respond"]}]},{"@type":"WebPage","@id":"https:\/\/cst.cat\/es\/iii-jornada-de-oftalmologia-del-consorcio-sanitario-de-terrassa\/","url":"https:\/\/cst.cat\/es\/iii-jornada-de-oftalmologia-del-consorcio-sanitario-de-terrassa\/","name":"III Jornada de Oftalmolog\u00eda del Consorci Sanitari de Terrassa - CST","isPartOf":{"@id":"https:\/\/cst.cat\/es\/#website"},"primaryImageOfPage":{"@id":"https:\/\/cst.cat\/es\/iii-jornada-de-oftalmologia-del-consorcio-sanitario-de-terrassa\/#primaryimage"},"image":{"@id":"https:\/\/cst.cat\/es\/iii-jornada-de-oftalmologia-del-consorcio-sanitario-de-terrassa\/#primaryimage"},"thumbnailUrl":"https:\/\/cst.cat\/wp-content\/uploads\/2022\/06\/700x468.png","datePublished":"2022-06-02T12:48:35+00:00","dateModified":"2022-06-13T13:06:44+00:00","breadcrumb":{"@id":"https:\/\/cst.cat\/es\/iii-jornada-de-oftalmologia-del-consorcio-sanitario-de-terrassa\/#breadcrumb"},"inLanguage":"es","potentialAction":[{"@type":"ReadAction","target":["https:\/\/cst.cat\/es\/iii-jornada-de-oftalmologia-del-consorcio-sanitario-de-terrassa\/"]}]},{"@type":"ImageObject","inLanguage":"es","@id":"https:\/\/cst.cat\/es\/iii-jornada-de-oftalmologia-del-consorcio-sanitario-de-terrassa\/#primaryimage","url":"https:\/\/cst.cat\/wp-content\/uploads\/2022\/06\/700x468.png","contentUrl":"https:\/\/cst.cat\/wp-content\/uploads\/2022\/06\/700x468.png","width":700,"height":468},{"@type":"BreadcrumbList","@id":"https:\/\/cst.cat\/es\/iii-jornada-de-oftalmologia-del-consorcio-sanitario-de-terrassa\/#breadcrumb","itemListElement":[{"@type":"ListItem","position":1,"name":"Inici","item":"https:\/\/cst.cat\/es\/"},{"@type":"ListItem","position":2,"name":"III Jornada de Oftalmolog\u00eda del Consorci Sanitari de Terrassa"}]},{"@type":"WebSite","@id":"https:\/\/cst.cat\/es\/#website","url":"https:\/\/cst.cat\/es\/","name":"CST","description":"","publisher":{"@id":"https:\/\/cst.cat\/es\/#organization"},"potentialAction":[{"@type":"SearchAction","target":{"@type":"EntryPoint","urlTemplate":"https:\/\/cst.cat\/es\/?s={search_term_string}"},"query-input":{"@type":"PropertyValueSpecification","valueRequired":true,"valueName":"search_term_string"}}],"inLanguage":"es"},{"@type":"Organization","@id":"https:\/\/cst.cat\/es\/#organization","name":"Consorci Sanitari de Terrassa","url":"https:\/\/cst.cat\/es\/","logo":{"@type":"ImageObject","inLanguage":"es","@id":"https:\/\/cst.cat\/es\/#\/schema\/logo\/image\/","url":"https:\/\/cst.cat\/wp-content\/uploads\/2021\/09\/logo-header.svg","contentUrl":"https:\/\/cst.cat\/wp-content\/uploads\/2021\/09\/logo-header.svg","width":90,"height":32,"caption":"Consorci Sanitari de Terrassa"},"image":{"@id":"https:\/\/cst.cat\/es\/#\/schema\/logo\/image\/"}},{"@type":"Person","@id":"https:\/\/cst.cat\/es\/#\/schema\/person\/3b11da62a36ae3eb23449b9d67c922f9","name":"xfranco","image":{"@type":"ImageObject","inLanguage":"es","@id":"https:\/\/secure.gravatar.com\/avatar\/2ebd62adc577a39e207bb342150bfb5ca00c0b0491c1af248227192c73e0e259?s=96&d=mm&r=g","url":"https:\/\/secure.gravatar.com\/avatar\/2ebd62adc577a39e207bb342150bfb5ca00c0b0491c1af248227192c73e0e259?s=96&d=mm&r=g","contentUrl":"https:\/\/secure.gravatar.com\/avatar\/2ebd62adc577a39e207bb342150bfb5ca00c0b0491c1af248227192c73e0e259?s=96&d=mm&r=g","caption":"xfranco"},"url":"https:\/\/cst.cat\/es\/author\/xfranco\/"}]}},"_links":{"self":[{"href":"https:\/\/cst.cat\/es\/wp-json\/wp\/v2\/posts\/11918","targetHints":{"allow":["GET"]}}],"collection":[{"href":"https:\/\/cst.cat\/es\/wp-json\/wp\/v2\/posts"}],"about":[{"href":"https:\/\/cst.cat\/es\/wp-json\/wp\/v2\/types\/post"}],"author":[{"embeddable":true,"href":"https:\/\/cst.cat\/es\/wp-json\/wp\/v2\/users\/5"}],"replies":[{"embeddable":true,"href":"https:\/\/cst.cat\/es\/wp-json\/wp\/v2\/comments?post=11918"}],"version-history":[{"count":0,"href":"https:\/\/cst.cat\/es\/wp-json\/wp\/v2\/posts\/11918\/revisions"}],"wp:featuredmedia":[{"embeddable":true,"href":"https:\/\/cst.cat\/es\/wp-json\/wp\/v2\/media\/11915"}],"wp:attachment":[{"href":"https:\/\/cst.cat\/es\/wp-json\/wp\/v2\/media?parent=11918"}],"wp:term":[{"taxonomy":"category","embeddable":true,"href":"https:\/\/cst.cat\/es\/wp-json\/wp\/v2\/categories?post=11918"},{"taxonomy":"post_tag","embeddable":true,"href":"https:\/\/cst.cat\/es\/wp-json\/wp\/v2\/tags?post=11918"}],"curies":[{"name":"wp","href":"https:\/\/api.w.org\/{rel}","templated":true}]}}