{"id":12507,"date":"2022-07-11T13:25:01","date_gmt":"2022-07-11T11:25:01","guid":{"rendered":"https:\/\/cst.cat\/acto-de-presentacion-del-proyecto-te-activa\/"},"modified":"2022-07-12T09:47:20","modified_gmt":"2022-07-12T07:47:20","slug":"acto-de-presentacion-del-proyecto-te-activa","status":"publish","type":"post","link":"https:\/\/cst.cat\/es\/acto-de-presentacion-del-proyecto-te-activa\/","title":{"rendered":"Acto de presentaci\u00f3n del Proyecto T&#8217;ACTIVA"},"content":{"rendered":"\n<div class=\"wp-block-columns is-layout-flex wp-container-core-columns-is-layout-9d6595d7 wp-block-columns-is-layout-flex\">\n<div class=\"wp-block-column acces-lft is-layout-flow wp-block-column-is-layout-flow\" style=\"flex-basis:30%\">\n<figure class=\"wp-block-image size-full\"><img loading=\"lazy\" decoding=\"async\" width=\"1235\" height=\"757\" src=\"https:\/\/cst.cat\/wp-content\/uploads\/2022\/07\/bona-1.jpeg\" alt=\"\" class=\"wp-image-12503\" srcset=\"https:\/\/cst.cat\/wp-content\/uploads\/2022\/07\/bona-1.jpeg 1235w, https:\/\/cst.cat\/wp-content\/uploads\/2022\/07\/bona-1-600x368.jpeg 600w, https:\/\/cst.cat\/wp-content\/uploads\/2022\/07\/bona-1-768x471.jpeg 768w\" sizes=\"auto, (max-width: 1235px) 100vw, 1235px\" \/><\/figure>\n<\/div>\n\n\n\n<div class=\"wp-block-column acces-rgt is-layout-flow wp-block-column-is-layout-flow\" style=\"flex-basis:70%\">\n<p>En el CAP Terrassa Est se ha realizado el acto de presentaci\u00f3n del estudio piloto del proyecto T&#8217;ACTIVA que se llevar\u00e1 a cabo en la ciudad de Terrassa. \u200b\u200bEl proyecto T&#8217;ACTIVA-Terrassa Activa y Saludable es un proyecto de especializaci\u00f3n y competitividad territorial (PECT) liderado por el Consorci Sanitari de Terrassa (CST) y coordinado por el Ayuntamiento de Terrassa, que ha recibido la financiaci\u00f3n de los fondos FEDER de la Uni\u00f3n Europea.<\/p>\n\n\n\n<p>La bienvenida ha ido a cargo de Anna Vilalta, subdirectora del CAP Terrassa EST del CST que ha explicado a grandes rasgos con los que consist\u00eda el Proyecto.<\/p>\n\n\n\n<p>Seguidamente, Beatriz Garcia, responsable de Proyectos de innovaci\u00f3n del Ayuntamiento de Terrassa ha hablado sobre los Proyectos de Especializaci\u00f3n y Competitividad Territorial (PECT) en Terrassa en el entorno del proyecto T&#8217;ACTIVA.<\/p>\n\n\n\n<p>Albert Moncada, jefe del Servicio de Salud y Comunidad del Ayuntamiento de Terrassa, ha puesto en valor el esfuerzo conjunto del Ayuntamiento y el CST por hacer frente a la soledad no querida en el contexto de la prescripci\u00f3n social. Explic\u00f3 que la colaboraci\u00f3n entre ambas entidades es clave para afrontar este reto.<\/p>\n\n\n\n<p>A continuaci\u00f3n, Maite Garolera, responsable del Grupo de investigaci\u00f3n Cerebro, Cognici\u00f3n y Conducta del CST ha detallado c\u00f3mo se desarrollar\u00e1 el proyecto T&#8217;ACTIVA y ha recalcado que es primordial la participaci\u00f3n de la ciudadan\u00eda para sacarlo adelante.<\/p>\n\n\n\n<p>Mercedes Garcia, referente de Bienestar Social y Comunitario del CAP Terrassa Este, ha detallado c\u00f3mo ser\u00e1 la implementaci\u00f3n del Proyecto en los barrios de Montserrat, Vilardell, Ca n&#8217;Anglada y Torre-sana del Distrito 2 de Terrassa.<\/p>\n\n\n\n<p>La intervenci\u00f3n de Toni Oller, fundador de AlterAid y profesor de la Universidad Polit\u00e9cnica de Catalu\u00f1a, detallando los contenidos m\u00e1s destacados de la aplicaci\u00f3n ha dado paso a la clausura que el acto por parte de Maite Garolera.<\/p>\n\n\n\n<figure class=\"wp-block-image size-large\"><img loading=\"lazy\" decoding=\"async\" width=\"1366\" height=\"646\" src=\"https:\/\/cst.cat\/wp-content\/uploads\/2022\/07\/tactiva2-1366x646.jpeg\" alt=\"\" class=\"wp-image-12511\" srcset=\"https:\/\/cst.cat\/wp-content\/uploads\/2022\/07\/tactiva2-1366x646.jpeg 1366w, https:\/\/cst.cat\/wp-content\/uploads\/2022\/07\/tactiva2-600x284.jpeg 600w, https:\/\/cst.cat\/wp-content\/uploads\/2022\/07\/tactiva2-768x363.jpeg 768w, https:\/\/cst.cat\/wp-content\/uploads\/2022\/07\/tactiva2-1536x727.jpeg 1536w, https:\/\/cst.cat\/wp-content\/uploads\/2022\/07\/tactiva2.jpeg 1600w\" sizes=\"auto, (max-width: 1366px) 100vw, 1366px\" \/><\/figure>\n\n\n\n<p>En los \u00faltimos a\u00f1os la Soledad no querida se ha convertido en un problema de salud p\u00fablica, dado que no s\u00f3lo es un sentimiento desagradable y angustioso, sino que su cronificaci\u00f3n se considera un factor de riesgo de morbilidad y mortalidad. El proyecto T&#8217;activa parte de una idea y de la acci\u00f3n conjunta del Consorci Sanitari de Terrassa y el Ayuntamiento de Terrassa, para conseguir la participaci\u00f3n ciudadana para desarrollar una soluci\u00f3n tecnol\u00f3gica para el reto de la Soledad no deseada. Tras la celebraci\u00f3n de un concurso de ideas \u201cT&#8217;activa Liga Tecnol\u00f3gica 2.0\u201d en el que participaron 21 equipos, se seleccion\u00f3 finalmente un equipo ganador que present\u00f3 una propuesta tecnol\u00f3gica innovadora. <\/p>\n\n\n\n<p>Esta soluci\u00f3n tecnol\u00f3gica, desarrollada por <em>alterAid,<\/em> consiste en una aplicaci\u00f3n m\u00f3vil que se testear\u00e1 en una experiencia piloto con personas que se sienten solas, mayores de 50 a\u00f1os y residentes en los barrios del Distrito 2 de Terrassa: Ca n&#8217;Anglada, Torre Sana, Montserrat o Vilardell que est\u00e1n vinculados al Centro de Atenci\u00f3n Primaria Terrassa Est del Consorci Sanitari de Terrassa y se desarrollar\u00e1 en el contexto de la estrategia de la prescripci\u00f3n social. Esta estrategia pretende mejorar el bienestar emocional a trav\u00e9s de la prescripci\u00f3n de actividades sociales, culturales o relacionadas con la naturaleza desde los centros de atenci\u00f3n primaria. En este marco, T&#8217;ACTIVA se convierte en una experiencia pionera, sin precedentes, dado que utiliza una herramienta digital que la vincula con la prescripci\u00f3n social para hacer frente a la soledad no querida. <\/p>\n\n\n\n<p>La implementaci\u00f3n del T&#8217;ACTIVA pretende ofrecer ventajas a diferentes niveles. Por un lado, mejorar la salud y calidad de vida de los usuarios como consecuencia de aumentar su actividad social. En segundo lugar, ofrecer un canal de difusi\u00f3n para descubrir las actividades que se realizan en el municipio as\u00ed como una herramienta de facilitaci\u00f3n para conectar con personas con intereses similares. Por \u00faltimo, permite que los profesionales sanitarios hagan un seguimiento de la situaci\u00f3n personal de soledad de cada usuario y as\u00ed puedan observar su evoluci\u00f3n. <\/p>\n\n\n\n<p>El proyecto T&#8217;ACTIVA es el resultado de la coparticipaci\u00f3n y transversalidad de diferentes actores que tienen un objetivo com\u00fan que es el de mejorar el bienestar y la calidad de vida de las personas que se sienten solas.<\/p>\n<\/div>\n<\/div>\n","protected":false},"excerpt":{"rendered":"<p>En el CAP Terrassa Est se ha realizado el acto de presentaci\u00f3n del estudio piloto del proyecto T&#8217;ACTIVA que se llevar\u00e1 a cabo en la ciudad de Terrassa. \u200b\u200bEl proyecto T&#8217;ACTIVA-Terrassa Activa y Saludable es un proyecto de especializaci\u00f3n y competitividad territorial (PECT) liderado por el Consorci Sanitari de Terrassa (CST) y coordinado por el [&hellip;]<\/p>\n","protected":false},"author":5,"featured_media":12505,"comment_status":"open","ping_status":"open","sticky":false,"template":"","format":"standard","meta":{"_acf_changed":false,"footnotes":""},"categories":[300],"tags":[614],"class_list":["post-12507","post","type-post","status-publish","format-standard","has-post-thumbnail","hentry","category-idi","tag-soledadnoquerida"],"acf":[],"yoast_head":"<!-- This site is optimized with the Yoast SEO plugin v27.2 - https:\/\/yoast.com\/product\/yoast-seo-wordpress\/ -->\n<title>Acto de presentaci\u00f3n del Proyecto T&#039;ACTIVA - CST<\/title>\n<meta name=\"robots\" content=\"index, follow, max-snippet:-1, max-image-preview:large, max-video-preview:-1\" \/>\n<link rel=\"canonical\" href=\"https:\/\/cst.cat\/es\/acto-de-presentacion-del-proyecto-te-activa\/\" \/>\n<meta property=\"og:locale\" content=\"es_ES\" \/>\n<meta property=\"og:type\" content=\"article\" \/>\n<meta property=\"og:title\" content=\"Acto de presentaci\u00f3n del Proyecto T&#039;ACTIVA - CST\" \/>\n<meta property=\"og:description\" content=\"En el CAP Terrassa Est se ha realizado el acto de presentaci\u00f3n del estudio piloto del proyecto T&#8217;ACTIVA que se llevar\u00e1 a cabo en la ciudad de Terrassa. \u200b\u200bEl proyecto T&#8217;ACTIVA-Terrassa Activa y Saludable es un proyecto de especializaci\u00f3n y competitividad territorial (PECT) liderado por el Consorci Sanitari de Terrassa (CST) y coordinado por el [&hellip;]\" \/>\n<meta property=\"og:url\" content=\"https:\/\/cst.cat\/es\/acto-de-presentacion-del-proyecto-te-activa\/\" \/>\n<meta property=\"og:site_name\" content=\"CST\" \/>\n<meta property=\"article:published_time\" content=\"2022-07-11T11:25:01+00:00\" \/>\n<meta property=\"article:modified_time\" content=\"2022-07-12T07:47:20+00:00\" \/>\n<meta property=\"og:image\" content=\"https:\/\/cst.cat\/wp-content\/uploads\/2022\/07\/700X468-6.png\" \/>\n\t<meta property=\"og:image:width\" content=\"700\" \/>\n\t<meta property=\"og:image:height\" content=\"468\" \/>\n\t<meta property=\"og:image:type\" content=\"image\/png\" \/>\n<meta name=\"author\" content=\"xfranco\" \/>\n<meta name=\"twitter:card\" content=\"summary_large_image\" \/>\n<meta name=\"twitter:label1\" content=\"Escrito por\" \/>\n\t<meta name=\"twitter:data1\" content=\"xfranco\" \/>\n\t<meta name=\"twitter:label2\" content=\"Tiempo de lectura\" \/>\n\t<meta name=\"twitter:data2\" content=\"5 minutos\" \/>\n<script type=\"application\/ld+json\" class=\"yoast-schema-graph\">{\"@context\":\"https:\/\/schema.org\",\"@graph\":[{\"@type\":\"Article\",\"@id\":\"https:\/\/cst.cat\/es\/acto-de-presentacion-del-proyecto-te-activa\/#article\",\"isPartOf\":{\"@id\":\"https:\/\/cst.cat\/es\/acto-de-presentacion-del-proyecto-te-activa\/\"},\"author\":{\"name\":\"xfranco\",\"@id\":\"https:\/\/cst.cat\/es\/#\/schema\/person\/3b11da62a36ae3eb23449b9d67c922f9\"},\"headline\":\"Acto de presentaci\u00f3n del Proyecto T&#8217;ACTIVA\",\"datePublished\":\"2022-07-11T11:25:01+00:00\",\"dateModified\":\"2022-07-12T07:47:20+00:00\",\"mainEntityOfPage\":{\"@id\":\"https:\/\/cst.cat\/es\/acto-de-presentacion-del-proyecto-te-activa\/\"},\"wordCount\":727,\"commentCount\":0,\"publisher\":{\"@id\":\"https:\/\/cst.cat\/es\/#organization\"},\"image\":{\"@id\":\"https:\/\/cst.cat\/es\/acto-de-presentacion-del-proyecto-te-activa\/#primaryimage\"},\"thumbnailUrl\":\"https:\/\/cst.cat\/wp-content\/uploads\/2022\/07\/700X468-6.png\",\"keywords\":[\"SoledadNoQuerida\"],\"articleSection\":[\"I+D+i\"],\"inLanguage\":\"es\",\"potentialAction\":[{\"@type\":\"CommentAction\",\"name\":\"Comment\",\"target\":[\"https:\/\/cst.cat\/es\/acto-de-presentacion-del-proyecto-te-activa\/#respond\"]}]},{\"@type\":\"WebPage\",\"@id\":\"https:\/\/cst.cat\/es\/acto-de-presentacion-del-proyecto-te-activa\/\",\"url\":\"https:\/\/cst.cat\/es\/acto-de-presentacion-del-proyecto-te-activa\/\",\"name\":\"Acto de presentaci\u00f3n del Proyecto T'ACTIVA - CST\",\"isPartOf\":{\"@id\":\"https:\/\/cst.cat\/es\/#website\"},\"primaryImageOfPage\":{\"@id\":\"https:\/\/cst.cat\/es\/acto-de-presentacion-del-proyecto-te-activa\/#primaryimage\"},\"image\":{\"@id\":\"https:\/\/cst.cat\/es\/acto-de-presentacion-del-proyecto-te-activa\/#primaryimage\"},\"thumbnailUrl\":\"https:\/\/cst.cat\/wp-content\/uploads\/2022\/07\/700X468-6.png\",\"datePublished\":\"2022-07-11T11:25:01+00:00\",\"dateModified\":\"2022-07-12T07:47:20+00:00\",\"breadcrumb\":{\"@id\":\"https:\/\/cst.cat\/es\/acto-de-presentacion-del-proyecto-te-activa\/#breadcrumb\"},\"inLanguage\":\"es\",\"potentialAction\":[{\"@type\":\"ReadAction\",\"target\":[\"https:\/\/cst.cat\/es\/acto-de-presentacion-del-proyecto-te-activa\/\"]}]},{\"@type\":\"ImageObject\",\"inLanguage\":\"es\",\"@id\":\"https:\/\/cst.cat\/es\/acto-de-presentacion-del-proyecto-te-activa\/#primaryimage\",\"url\":\"https:\/\/cst.cat\/wp-content\/uploads\/2022\/07\/700X468-6.png\",\"contentUrl\":\"https:\/\/cst.cat\/wp-content\/uploads\/2022\/07\/700X468-6.png\",\"width\":700,\"height\":468},{\"@type\":\"BreadcrumbList\",\"@id\":\"https:\/\/cst.cat\/es\/acto-de-presentacion-del-proyecto-te-activa\/#breadcrumb\",\"itemListElement\":[{\"@type\":\"ListItem\",\"position\":1,\"name\":\"Inici\",\"item\":\"https:\/\/cst.cat\/es\/\"},{\"@type\":\"ListItem\",\"position\":2,\"name\":\"Acto de presentaci\u00f3n del Proyecto T&#8217;ACTIVA\"}]},{\"@type\":\"WebSite\",\"@id\":\"https:\/\/cst.cat\/es\/#website\",\"url\":\"https:\/\/cst.cat\/es\/\",\"name\":\"CST\",\"description\":\"\",\"publisher\":{\"@id\":\"https:\/\/cst.cat\/es\/#organization\"},\"potentialAction\":[{\"@type\":\"SearchAction\",\"target\":{\"@type\":\"EntryPoint\",\"urlTemplate\":\"https:\/\/cst.cat\/es\/?s={search_term_string}\"},\"query-input\":{\"@type\":\"PropertyValueSpecification\",\"valueRequired\":true,\"valueName\":\"search_term_string\"}}],\"inLanguage\":\"es\"},{\"@type\":\"Organization\",\"@id\":\"https:\/\/cst.cat\/es\/#organization\",\"name\":\"Consorci Sanitari de Terrassa\",\"url\":\"https:\/\/cst.cat\/es\/\",\"logo\":{\"@type\":\"ImageObject\",\"inLanguage\":\"es\",\"@id\":\"https:\/\/cst.cat\/es\/#\/schema\/logo\/image\/\",\"url\":\"https:\/\/cst.cat\/wp-content\/uploads\/2021\/09\/logo-header.svg\",\"contentUrl\":\"https:\/\/cst.cat\/wp-content\/uploads\/2021\/09\/logo-header.svg\",\"width\":90,\"height\":32,\"caption\":\"Consorci Sanitari de Terrassa\"},\"image\":{\"@id\":\"https:\/\/cst.cat\/es\/#\/schema\/logo\/image\/\"}},{\"@type\":\"Person\",\"@id\":\"https:\/\/cst.cat\/es\/#\/schema\/person\/3b11da62a36ae3eb23449b9d67c922f9\",\"name\":\"xfranco\",\"image\":{\"@type\":\"ImageObject\",\"inLanguage\":\"es\",\"@id\":\"https:\/\/secure.gravatar.com\/avatar\/2ebd62adc577a39e207bb342150bfb5ca00c0b0491c1af248227192c73e0e259?s=96&d=mm&r=g\",\"url\":\"https:\/\/secure.gravatar.com\/avatar\/2ebd62adc577a39e207bb342150bfb5ca00c0b0491c1af248227192c73e0e259?s=96&d=mm&r=g\",\"contentUrl\":\"https:\/\/secure.gravatar.com\/avatar\/2ebd62adc577a39e207bb342150bfb5ca00c0b0491c1af248227192c73e0e259?s=96&d=mm&r=g\",\"caption\":\"xfranco\"},\"url\":\"https:\/\/cst.cat\/es\/author\/xfranco\/\"}]}<\/script>\n<!-- \/ Yoast SEO plugin. -->","yoast_head_json":{"title":"Acto de presentaci\u00f3n del Proyecto T'ACTIVA - CST","robots":{"index":"index","follow":"follow","max-snippet":"max-snippet:-1","max-image-preview":"max-image-preview:large","max-video-preview":"max-video-preview:-1"},"canonical":"https:\/\/cst.cat\/es\/acto-de-presentacion-del-proyecto-te-activa\/","og_locale":"es_ES","og_type":"article","og_title":"Acto de presentaci\u00f3n del Proyecto T'ACTIVA - CST","og_description":"En el CAP Terrassa Est se ha realizado el acto de presentaci\u00f3n del estudio piloto del proyecto T&#8217;ACTIVA que se llevar\u00e1 a cabo en la ciudad de Terrassa. \u200b\u200bEl proyecto T&#8217;ACTIVA-Terrassa Activa y Saludable es un proyecto de especializaci\u00f3n y competitividad territorial (PECT) liderado por el Consorci Sanitari de Terrassa (CST) y coordinado por el [&hellip;]","og_url":"https:\/\/cst.cat\/es\/acto-de-presentacion-del-proyecto-te-activa\/","og_site_name":"CST","article_published_time":"2022-07-11T11:25:01+00:00","article_modified_time":"2022-07-12T07:47:20+00:00","og_image":[{"width":700,"height":468,"url":"https:\/\/cst.cat\/wp-content\/uploads\/2022\/07\/700X468-6.png","type":"image\/png"}],"author":"xfranco","twitter_card":"summary_large_image","twitter_misc":{"Escrito por":"xfranco","Tiempo de lectura":"5 minutos"},"schema":{"@context":"https:\/\/schema.org","@graph":[{"@type":"Article","@id":"https:\/\/cst.cat\/es\/acto-de-presentacion-del-proyecto-te-activa\/#article","isPartOf":{"@id":"https:\/\/cst.cat\/es\/acto-de-presentacion-del-proyecto-te-activa\/"},"author":{"name":"xfranco","@id":"https:\/\/cst.cat\/es\/#\/schema\/person\/3b11da62a36ae3eb23449b9d67c922f9"},"headline":"Acto de presentaci\u00f3n del Proyecto T&#8217;ACTIVA","datePublished":"2022-07-11T11:25:01+00:00","dateModified":"2022-07-12T07:47:20+00:00","mainEntityOfPage":{"@id":"https:\/\/cst.cat\/es\/acto-de-presentacion-del-proyecto-te-activa\/"},"wordCount":727,"commentCount":0,"publisher":{"@id":"https:\/\/cst.cat\/es\/#organization"},"image":{"@id":"https:\/\/cst.cat\/es\/acto-de-presentacion-del-proyecto-te-activa\/#primaryimage"},"thumbnailUrl":"https:\/\/cst.cat\/wp-content\/uploads\/2022\/07\/700X468-6.png","keywords":["SoledadNoQuerida"],"articleSection":["I+D+i"],"inLanguage":"es","potentialAction":[{"@type":"CommentAction","name":"Comment","target":["https:\/\/cst.cat\/es\/acto-de-presentacion-del-proyecto-te-activa\/#respond"]}]},{"@type":"WebPage","@id":"https:\/\/cst.cat\/es\/acto-de-presentacion-del-proyecto-te-activa\/","url":"https:\/\/cst.cat\/es\/acto-de-presentacion-del-proyecto-te-activa\/","name":"Acto de presentaci\u00f3n del Proyecto T'ACTIVA - CST","isPartOf":{"@id":"https:\/\/cst.cat\/es\/#website"},"primaryImageOfPage":{"@id":"https:\/\/cst.cat\/es\/acto-de-presentacion-del-proyecto-te-activa\/#primaryimage"},"image":{"@id":"https:\/\/cst.cat\/es\/acto-de-presentacion-del-proyecto-te-activa\/#primaryimage"},"thumbnailUrl":"https:\/\/cst.cat\/wp-content\/uploads\/2022\/07\/700X468-6.png","datePublished":"2022-07-11T11:25:01+00:00","dateModified":"2022-07-12T07:47:20+00:00","breadcrumb":{"@id":"https:\/\/cst.cat\/es\/acto-de-presentacion-del-proyecto-te-activa\/#breadcrumb"},"inLanguage":"es","potentialAction":[{"@type":"ReadAction","target":["https:\/\/cst.cat\/es\/acto-de-presentacion-del-proyecto-te-activa\/"]}]},{"@type":"ImageObject","inLanguage":"es","@id":"https:\/\/cst.cat\/es\/acto-de-presentacion-del-proyecto-te-activa\/#primaryimage","url":"https:\/\/cst.cat\/wp-content\/uploads\/2022\/07\/700X468-6.png","contentUrl":"https:\/\/cst.cat\/wp-content\/uploads\/2022\/07\/700X468-6.png","width":700,"height":468},{"@type":"BreadcrumbList","@id":"https:\/\/cst.cat\/es\/acto-de-presentacion-del-proyecto-te-activa\/#breadcrumb","itemListElement":[{"@type":"ListItem","position":1,"name":"Inici","item":"https:\/\/cst.cat\/es\/"},{"@type":"ListItem","position":2,"name":"Acto de presentaci\u00f3n del Proyecto T&#8217;ACTIVA"}]},{"@type":"WebSite","@id":"https:\/\/cst.cat\/es\/#website","url":"https:\/\/cst.cat\/es\/","name":"CST","description":"","publisher":{"@id":"https:\/\/cst.cat\/es\/#organization"},"potentialAction":[{"@type":"SearchAction","target":{"@type":"EntryPoint","urlTemplate":"https:\/\/cst.cat\/es\/?s={search_term_string}"},"query-input":{"@type":"PropertyValueSpecification","valueRequired":true,"valueName":"search_term_string"}}],"inLanguage":"es"},{"@type":"Organization","@id":"https:\/\/cst.cat\/es\/#organization","name":"Consorci Sanitari de Terrassa","url":"https:\/\/cst.cat\/es\/","logo":{"@type":"ImageObject","inLanguage":"es","@id":"https:\/\/cst.cat\/es\/#\/schema\/logo\/image\/","url":"https:\/\/cst.cat\/wp-content\/uploads\/2021\/09\/logo-header.svg","contentUrl":"https:\/\/cst.cat\/wp-content\/uploads\/2021\/09\/logo-header.svg","width":90,"height":32,"caption":"Consorci Sanitari de Terrassa"},"image":{"@id":"https:\/\/cst.cat\/es\/#\/schema\/logo\/image\/"}},{"@type":"Person","@id":"https:\/\/cst.cat\/es\/#\/schema\/person\/3b11da62a36ae3eb23449b9d67c922f9","name":"xfranco","image":{"@type":"ImageObject","inLanguage":"es","@id":"https:\/\/secure.gravatar.com\/avatar\/2ebd62adc577a39e207bb342150bfb5ca00c0b0491c1af248227192c73e0e259?s=96&d=mm&r=g","url":"https:\/\/secure.gravatar.com\/avatar\/2ebd62adc577a39e207bb342150bfb5ca00c0b0491c1af248227192c73e0e259?s=96&d=mm&r=g","contentUrl":"https:\/\/secure.gravatar.com\/avatar\/2ebd62adc577a39e207bb342150bfb5ca00c0b0491c1af248227192c73e0e259?s=96&d=mm&r=g","caption":"xfranco"},"url":"https:\/\/cst.cat\/es\/author\/xfranco\/"}]}},"_links":{"self":[{"href":"https:\/\/cst.cat\/es\/wp-json\/wp\/v2\/posts\/12507","targetHints":{"allow":["GET"]}}],"collection":[{"href":"https:\/\/cst.cat\/es\/wp-json\/wp\/v2\/posts"}],"about":[{"href":"https:\/\/cst.cat\/es\/wp-json\/wp\/v2\/types\/post"}],"author":[{"embeddable":true,"href":"https:\/\/cst.cat\/es\/wp-json\/wp\/v2\/users\/5"}],"replies":[{"embeddable":true,"href":"https:\/\/cst.cat\/es\/wp-json\/wp\/v2\/comments?post=12507"}],"version-history":[{"count":0,"href":"https:\/\/cst.cat\/es\/wp-json\/wp\/v2\/posts\/12507\/revisions"}],"wp:featuredmedia":[{"embeddable":true,"href":"https:\/\/cst.cat\/es\/wp-json\/wp\/v2\/media\/12505"}],"wp:attachment":[{"href":"https:\/\/cst.cat\/es\/wp-json\/wp\/v2\/media?parent=12507"}],"wp:term":[{"taxonomy":"category","embeddable":true,"href":"https:\/\/cst.cat\/es\/wp-json\/wp\/v2\/categories?post=12507"},{"taxonomy":"post_tag","embeddable":true,"href":"https:\/\/cst.cat\/es\/wp-json\/wp\/v2\/tags?post=12507"}],"curies":[{"name":"wp","href":"https:\/\/api.w.org\/{rel}","templated":true}]}}