{"id":13058,"date":"2022-08-29T15:41:27","date_gmt":"2022-08-29T13:41:27","guid":{"rendered":"https:\/\/cst.cat\/nuevo-sistema-de-irradiacion-para-tratar-con-radioterapia-el-cancer-de-mama\/"},"modified":"2023-08-10T12:16:48","modified_gmt":"2023-08-10T10:16:48","slug":"nuevo-sistema-de-irradiacion-para-tratar-con-radioterapia-el-cancer-de-mama","status":"publish","type":"post","link":"https:\/\/cst.cat\/es\/nuevo-sistema-de-irradiacion-para-tratar-con-radioterapia-el-cancer-de-mama\/","title":{"rendered":"Nuevo sistema de irradiaci\u00f3n para tratar con radioterapia el c\u00e1ncer de mama"},"content":{"rendered":"\n<div class=\"wp-block-columns is-layout-flex wp-container-core-columns-is-layout-9d6595d7 wp-block-columns-is-layout-flex\">\n<div class=\"wp-block-column acces-lft is-layout-flow wp-block-column-is-layout-flow\" style=\"flex-basis:30%\">\n<figure class=\"wp-block-image size-full\"><img loading=\"lazy\" decoding=\"async\" width=\"700\" height=\"468\" src=\"https:\/\/cst.cat\/wp-content\/uploads\/2022\/08\/700x468-8.png\" alt=\"\" class=\"wp-image-13053\" srcset=\"https:\/\/cst.cat\/wp-content\/uploads\/2022\/08\/700x468-8.png 700w, https:\/\/cst.cat\/wp-content\/uploads\/2022\/08\/700x468-8-600x401.png 600w\" sizes=\"auto, (max-width: 700px) 100vw, 700px\" \/><\/figure><\/div>\n\n\n\n<div class=\"wp-block-column acces-rgt is-layout-flow wp-block-column-is-layout-flow\" style=\"flex-basis:70%\">\n<h2 class=\"wp-block-heading\">El Servicio de Oncolog\u00eda Radioter\u00e1pica ha puesto en marcha un sistema de irradiaci\u00f3n con control respiratorio que consiste b\u00e1sicamente en irradiar c\u00e1ncer de mama en el momento en que las pacientes mantienen una inspiraci\u00f3n mantenida.<\/h2>\n\n\n\n<p>El <em>Active Breath Coordinator<\/em> (ABC) de Elektra est\u00e1 sincronizado con el acelerador lineal y permite tratar de forma autom\u00e1tica tumores en movimiento solos cuando est\u00e1n en la misma fase respiratoria que cuando se hizo el TC de planificaci\u00f3n, de normal en breath- hold en inspiraci\u00f3n mantenida.<\/p>\n\n\n\n<p><img loading=\"lazy\" decoding=\"async\" width=\"700\" height=\"467\" class=\"wp-image-13055\" style=\"width: 700px;\" src=\"https:\/\/cst.cat\/wp-content\/uploads\/2022\/08\/IMG_2020-scaled.jpg\" alt=\"\" srcset=\"https:\/\/cst.cat\/wp-content\/uploads\/2022\/08\/IMG_2020-scaled.jpg 2560w, https:\/\/cst.cat\/wp-content\/uploads\/2022\/08\/IMG_2020-600x400.jpg 600w, https:\/\/cst.cat\/wp-content\/uploads\/2022\/08\/IMG_2020-1366x911.jpg 1366w, https:\/\/cst.cat\/wp-content\/uploads\/2022\/08\/IMG_2020-768x512.jpg 768w, https:\/\/cst.cat\/wp-content\/uploads\/2022\/08\/IMG_2020-1536x1024.jpg 1536w, https:\/\/cst.cat\/wp-content\/uploads\/2022\/08\/IMG_2020-2048x1365.jpg 2048w\" sizes=\"auto, (max-width: 700px) 100vw, 700px\" \/><br\/>El gran beneficio de este sistema es conseguir reducir las dosis de radiaci\u00f3n que recibe el pulm\u00f3n situado a nivel subcostal as\u00ed como parte del coraz\u00f3n, minimizando mucho el riesgo de efectos secundarios a corto y largo plazo.<br\/>Est\u00e1 indicada su aplicaci\u00f3n en los siguientes casos:<br\/>&#8211; Tratamiento de mama con \u00e1reas ganglionares en las que se incluye la cadena mamaria interna<br\/>&#8211; Reirradiaciones de mama<br\/>&#8211; Pacientes que despu\u00e9s de la realizaci\u00f3n de una planificaci\u00f3n dosim\u00e9trica inicial, no cumplan los contrastes protocolizados para el tratamiento radioter\u00e1pico habitual.<br\/>&#8211; En casos de mama bilateral con \u00e1reas ganglionares.<br\/>Varios profesionales f\u00edsicos de Radiof\u00edsica Hospitalaria y m\u00e9dicos de Oncolog\u00eda Radioter\u00e1pica realizaron la formaci\u00f3n externa necesaria y han puesto en marcha esta t\u00e9cnica en el Consorcio Sanitario de Terrassa con la participaci\u00f3n de los T\u00e9cnicos y Dosimetristas del Servicio.<br\/>De esta forma, las pacientes del Vall\u00e8s Occidental as\u00ed como de la Catalu\u00f1a Central que hasta ahora se derivaban a otros centros para ser tratadas con esta t\u00e9cnica ahora pueden recibirla directamente en el CST evitando su desplazamiento.<\/p>\n<\/div>\n<\/div>\n","protected":false},"excerpt":{"rendered":"<p>El Servicio de Oncolog\u00eda Radioter\u00e1pica ha puesto en marcha un sistema de irradiaci\u00f3n con control respiratorio que consiste b\u00e1sicamente en irradiar c\u00e1ncer de mama en el momento en que las pacientes mantienen una inspiraci\u00f3n mantenida. El Active Breath Coordinator (ABC) de Elektra est\u00e1 sincronizado con el acelerador lineal y permite tratar de forma autom\u00e1tica tumores [&hellip;]<\/p>\n","protected":false},"author":5,"featured_media":13054,"comment_status":"open","ping_status":"open","sticky":false,"template":"","format":"standard","meta":{"_acf_changed":false,"footnotes":""},"categories":[681],"tags":[682,683],"class_list":["post-13058","post","type-post","status-publish","format-standard","has-post-thumbnail","hentry","category-radioterapia-es","tag-radioterapia-es","tag-cancermama-es"],"acf":[],"yoast_head":"<!-- This site is optimized with the Yoast SEO plugin v27.2 - https:\/\/yoast.com\/product\/yoast-seo-wordpress\/ -->\n<title>Nuevo sistema de irradiaci\u00f3n para tratar con radioterapia el c\u00e1ncer de mama - CST<\/title>\n<meta name=\"robots\" content=\"index, follow, max-snippet:-1, max-image-preview:large, max-video-preview:-1\" \/>\n<link rel=\"canonical\" href=\"https:\/\/cst.cat\/es\/nuevo-sistema-de-irradiacion-para-tratar-con-radioterapia-el-cancer-de-mama\/\" \/>\n<meta property=\"og:locale\" content=\"es_ES\" \/>\n<meta property=\"og:type\" content=\"article\" \/>\n<meta property=\"og:title\" content=\"Nuevo sistema de irradiaci\u00f3n para tratar con radioterapia el c\u00e1ncer de mama - CST\" \/>\n<meta property=\"og:description\" content=\"El Servicio de Oncolog\u00eda Radioter\u00e1pica ha puesto en marcha un sistema de irradiaci\u00f3n con control respiratorio que consiste b\u00e1sicamente en irradiar c\u00e1ncer de mama en el momento en que las pacientes mantienen una inspiraci\u00f3n mantenida. El Active Breath Coordinator (ABC) de Elektra est\u00e1 sincronizado con el acelerador lineal y permite tratar de forma autom\u00e1tica tumores [&hellip;]\" \/>\n<meta property=\"og:url\" content=\"https:\/\/cst.cat\/es\/nuevo-sistema-de-irradiacion-para-tratar-con-radioterapia-el-cancer-de-mama\/\" \/>\n<meta property=\"og:site_name\" content=\"CST\" \/>\n<meta property=\"article:published_time\" content=\"2022-08-29T13:41:27+00:00\" \/>\n<meta property=\"article:modified_time\" content=\"2023-08-10T10:16:48+00:00\" \/>\n<meta property=\"og:image\" content=\"https:\/\/cst.cat\/wp-content\/uploads\/2022\/08\/700x468-8.png\" \/>\n\t<meta property=\"og:image:width\" content=\"700\" \/>\n\t<meta property=\"og:image:height\" content=\"468\" \/>\n\t<meta property=\"og:image:type\" content=\"image\/png\" \/>\n<meta name=\"author\" content=\"xfranco\" \/>\n<meta name=\"twitter:card\" content=\"summary_large_image\" \/>\n<meta name=\"twitter:label1\" content=\"Escrito por\" \/>\n\t<meta name=\"twitter:data1\" content=\"xfranco\" \/>\n\t<meta name=\"twitter:label2\" content=\"Tiempo de lectura\" \/>\n\t<meta name=\"twitter:data2\" content=\"1 minuto\" \/>\n<script type=\"application\/ld+json\" class=\"yoast-schema-graph\">{\"@context\":\"https:\/\/schema.org\",\"@graph\":[{\"@type\":\"Article\",\"@id\":\"https:\/\/cst.cat\/es\/nuevo-sistema-de-irradiacion-para-tratar-con-radioterapia-el-cancer-de-mama\/#article\",\"isPartOf\":{\"@id\":\"https:\/\/cst.cat\/es\/nuevo-sistema-de-irradiacion-para-tratar-con-radioterapia-el-cancer-de-mama\/\"},\"author\":{\"name\":\"xfranco\",\"@id\":\"https:\/\/cst.cat\/es\/#\/schema\/person\/3b11da62a36ae3eb23449b9d67c922f9\"},\"headline\":\"Nuevo sistema de irradiaci\u00f3n para tratar con radioterapia el c\u00e1ncer de mama\",\"datePublished\":\"2022-08-29T13:41:27+00:00\",\"dateModified\":\"2023-08-10T10:16:48+00:00\",\"mainEntityOfPage\":{\"@id\":\"https:\/\/cst.cat\/es\/nuevo-sistema-de-irradiacion-para-tratar-con-radioterapia-el-cancer-de-mama\/\"},\"wordCount\":298,\"commentCount\":0,\"publisher\":{\"@id\":\"https:\/\/cst.cat\/es\/#organization\"},\"image\":{\"@id\":\"https:\/\/cst.cat\/es\/nuevo-sistema-de-irradiacion-para-tratar-con-radioterapia-el-cancer-de-mama\/#primaryimage\"},\"thumbnailUrl\":\"https:\/\/cst.cat\/wp-content\/uploads\/2022\/08\/700x468-8.png\",\"keywords\":[\"Radioterapia\",\"cancermama\"],\"articleSection\":[\"Radioterapia\"],\"inLanguage\":\"es\",\"potentialAction\":[{\"@type\":\"CommentAction\",\"name\":\"Comment\",\"target\":[\"https:\/\/cst.cat\/es\/nuevo-sistema-de-irradiacion-para-tratar-con-radioterapia-el-cancer-de-mama\/#respond\"]}]},{\"@type\":\"WebPage\",\"@id\":\"https:\/\/cst.cat\/es\/nuevo-sistema-de-irradiacion-para-tratar-con-radioterapia-el-cancer-de-mama\/\",\"url\":\"https:\/\/cst.cat\/es\/nuevo-sistema-de-irradiacion-para-tratar-con-radioterapia-el-cancer-de-mama\/\",\"name\":\"Nuevo sistema de irradiaci\u00f3n para tratar con radioterapia el c\u00e1ncer de mama - CST\",\"isPartOf\":{\"@id\":\"https:\/\/cst.cat\/es\/#website\"},\"primaryImageOfPage\":{\"@id\":\"https:\/\/cst.cat\/es\/nuevo-sistema-de-irradiacion-para-tratar-con-radioterapia-el-cancer-de-mama\/#primaryimage\"},\"image\":{\"@id\":\"https:\/\/cst.cat\/es\/nuevo-sistema-de-irradiacion-para-tratar-con-radioterapia-el-cancer-de-mama\/#primaryimage\"},\"thumbnailUrl\":\"https:\/\/cst.cat\/wp-content\/uploads\/2022\/08\/700x468-8.png\",\"datePublished\":\"2022-08-29T13:41:27+00:00\",\"dateModified\":\"2023-08-10T10:16:48+00:00\",\"breadcrumb\":{\"@id\":\"https:\/\/cst.cat\/es\/nuevo-sistema-de-irradiacion-para-tratar-con-radioterapia-el-cancer-de-mama\/#breadcrumb\"},\"inLanguage\":\"es\",\"potentialAction\":[{\"@type\":\"ReadAction\",\"target\":[\"https:\/\/cst.cat\/es\/nuevo-sistema-de-irradiacion-para-tratar-con-radioterapia-el-cancer-de-mama\/\"]}]},{\"@type\":\"ImageObject\",\"inLanguage\":\"es\",\"@id\":\"https:\/\/cst.cat\/es\/nuevo-sistema-de-irradiacion-para-tratar-con-radioterapia-el-cancer-de-mama\/#primaryimage\",\"url\":\"https:\/\/cst.cat\/wp-content\/uploads\/2022\/08\/700x468-8.png\",\"contentUrl\":\"https:\/\/cst.cat\/wp-content\/uploads\/2022\/08\/700x468-8.png\",\"width\":700,\"height\":468},{\"@type\":\"BreadcrumbList\",\"@id\":\"https:\/\/cst.cat\/es\/nuevo-sistema-de-irradiacion-para-tratar-con-radioterapia-el-cancer-de-mama\/#breadcrumb\",\"itemListElement\":[{\"@type\":\"ListItem\",\"position\":1,\"name\":\"Inici\",\"item\":\"https:\/\/cst.cat\/es\/\"},{\"@type\":\"ListItem\",\"position\":2,\"name\":\"Nuevo sistema de irradiaci\u00f3n para tratar con radioterapia el c\u00e1ncer de mama\"}]},{\"@type\":\"WebSite\",\"@id\":\"https:\/\/cst.cat\/es\/#website\",\"url\":\"https:\/\/cst.cat\/es\/\",\"name\":\"CST\",\"description\":\"\",\"publisher\":{\"@id\":\"https:\/\/cst.cat\/es\/#organization\"},\"potentialAction\":[{\"@type\":\"SearchAction\",\"target\":{\"@type\":\"EntryPoint\",\"urlTemplate\":\"https:\/\/cst.cat\/es\/?s={search_term_string}\"},\"query-input\":{\"@type\":\"PropertyValueSpecification\",\"valueRequired\":true,\"valueName\":\"search_term_string\"}}],\"inLanguage\":\"es\"},{\"@type\":\"Organization\",\"@id\":\"https:\/\/cst.cat\/es\/#organization\",\"name\":\"Consorci Sanitari de Terrassa\",\"url\":\"https:\/\/cst.cat\/es\/\",\"logo\":{\"@type\":\"ImageObject\",\"inLanguage\":\"es\",\"@id\":\"https:\/\/cst.cat\/es\/#\/schema\/logo\/image\/\",\"url\":\"https:\/\/cst.cat\/wp-content\/uploads\/2021\/09\/logo-header.svg\",\"contentUrl\":\"https:\/\/cst.cat\/wp-content\/uploads\/2021\/09\/logo-header.svg\",\"width\":90,\"height\":32,\"caption\":\"Consorci Sanitari de Terrassa\"},\"image\":{\"@id\":\"https:\/\/cst.cat\/es\/#\/schema\/logo\/image\/\"}},{\"@type\":\"Person\",\"@id\":\"https:\/\/cst.cat\/es\/#\/schema\/person\/3b11da62a36ae3eb23449b9d67c922f9\",\"name\":\"xfranco\",\"image\":{\"@type\":\"ImageObject\",\"inLanguage\":\"es\",\"@id\":\"https:\/\/secure.gravatar.com\/avatar\/2ebd62adc577a39e207bb342150bfb5ca00c0b0491c1af248227192c73e0e259?s=96&d=mm&r=g\",\"url\":\"https:\/\/secure.gravatar.com\/avatar\/2ebd62adc577a39e207bb342150bfb5ca00c0b0491c1af248227192c73e0e259?s=96&d=mm&r=g\",\"contentUrl\":\"https:\/\/secure.gravatar.com\/avatar\/2ebd62adc577a39e207bb342150bfb5ca00c0b0491c1af248227192c73e0e259?s=96&d=mm&r=g\",\"caption\":\"xfranco\"},\"url\":\"https:\/\/cst.cat\/es\/author\/xfranco\/\"}]}<\/script>\n<!-- \/ Yoast SEO plugin. -->","yoast_head_json":{"title":"Nuevo sistema de irradiaci\u00f3n para tratar con radioterapia el c\u00e1ncer de mama - CST","robots":{"index":"index","follow":"follow","max-snippet":"max-snippet:-1","max-image-preview":"max-image-preview:large","max-video-preview":"max-video-preview:-1"},"canonical":"https:\/\/cst.cat\/es\/nuevo-sistema-de-irradiacion-para-tratar-con-radioterapia-el-cancer-de-mama\/","og_locale":"es_ES","og_type":"article","og_title":"Nuevo sistema de irradiaci\u00f3n para tratar con radioterapia el c\u00e1ncer de mama - CST","og_description":"El Servicio de Oncolog\u00eda Radioter\u00e1pica ha puesto en marcha un sistema de irradiaci\u00f3n con control respiratorio que consiste b\u00e1sicamente en irradiar c\u00e1ncer de mama en el momento en que las pacientes mantienen una inspiraci\u00f3n mantenida. El Active Breath Coordinator (ABC) de Elektra est\u00e1 sincronizado con el acelerador lineal y permite tratar de forma autom\u00e1tica tumores [&hellip;]","og_url":"https:\/\/cst.cat\/es\/nuevo-sistema-de-irradiacion-para-tratar-con-radioterapia-el-cancer-de-mama\/","og_site_name":"CST","article_published_time":"2022-08-29T13:41:27+00:00","article_modified_time":"2023-08-10T10:16:48+00:00","og_image":[{"width":700,"height":468,"url":"https:\/\/cst.cat\/wp-content\/uploads\/2022\/08\/700x468-8.png","type":"image\/png"}],"author":"xfranco","twitter_card":"summary_large_image","twitter_misc":{"Escrito por":"xfranco","Tiempo de lectura":"1 minuto"},"schema":{"@context":"https:\/\/schema.org","@graph":[{"@type":"Article","@id":"https:\/\/cst.cat\/es\/nuevo-sistema-de-irradiacion-para-tratar-con-radioterapia-el-cancer-de-mama\/#article","isPartOf":{"@id":"https:\/\/cst.cat\/es\/nuevo-sistema-de-irradiacion-para-tratar-con-radioterapia-el-cancer-de-mama\/"},"author":{"name":"xfranco","@id":"https:\/\/cst.cat\/es\/#\/schema\/person\/3b11da62a36ae3eb23449b9d67c922f9"},"headline":"Nuevo sistema de irradiaci\u00f3n para tratar con radioterapia el c\u00e1ncer de mama","datePublished":"2022-08-29T13:41:27+00:00","dateModified":"2023-08-10T10:16:48+00:00","mainEntityOfPage":{"@id":"https:\/\/cst.cat\/es\/nuevo-sistema-de-irradiacion-para-tratar-con-radioterapia-el-cancer-de-mama\/"},"wordCount":298,"commentCount":0,"publisher":{"@id":"https:\/\/cst.cat\/es\/#organization"},"image":{"@id":"https:\/\/cst.cat\/es\/nuevo-sistema-de-irradiacion-para-tratar-con-radioterapia-el-cancer-de-mama\/#primaryimage"},"thumbnailUrl":"https:\/\/cst.cat\/wp-content\/uploads\/2022\/08\/700x468-8.png","keywords":["Radioterapia","cancermama"],"articleSection":["Radioterapia"],"inLanguage":"es","potentialAction":[{"@type":"CommentAction","name":"Comment","target":["https:\/\/cst.cat\/es\/nuevo-sistema-de-irradiacion-para-tratar-con-radioterapia-el-cancer-de-mama\/#respond"]}]},{"@type":"WebPage","@id":"https:\/\/cst.cat\/es\/nuevo-sistema-de-irradiacion-para-tratar-con-radioterapia-el-cancer-de-mama\/","url":"https:\/\/cst.cat\/es\/nuevo-sistema-de-irradiacion-para-tratar-con-radioterapia-el-cancer-de-mama\/","name":"Nuevo sistema de irradiaci\u00f3n para tratar con radioterapia el c\u00e1ncer de mama - CST","isPartOf":{"@id":"https:\/\/cst.cat\/es\/#website"},"primaryImageOfPage":{"@id":"https:\/\/cst.cat\/es\/nuevo-sistema-de-irradiacion-para-tratar-con-radioterapia-el-cancer-de-mama\/#primaryimage"},"image":{"@id":"https:\/\/cst.cat\/es\/nuevo-sistema-de-irradiacion-para-tratar-con-radioterapia-el-cancer-de-mama\/#primaryimage"},"thumbnailUrl":"https:\/\/cst.cat\/wp-content\/uploads\/2022\/08\/700x468-8.png","datePublished":"2022-08-29T13:41:27+00:00","dateModified":"2023-08-10T10:16:48+00:00","breadcrumb":{"@id":"https:\/\/cst.cat\/es\/nuevo-sistema-de-irradiacion-para-tratar-con-radioterapia-el-cancer-de-mama\/#breadcrumb"},"inLanguage":"es","potentialAction":[{"@type":"ReadAction","target":["https:\/\/cst.cat\/es\/nuevo-sistema-de-irradiacion-para-tratar-con-radioterapia-el-cancer-de-mama\/"]}]},{"@type":"ImageObject","inLanguage":"es","@id":"https:\/\/cst.cat\/es\/nuevo-sistema-de-irradiacion-para-tratar-con-radioterapia-el-cancer-de-mama\/#primaryimage","url":"https:\/\/cst.cat\/wp-content\/uploads\/2022\/08\/700x468-8.png","contentUrl":"https:\/\/cst.cat\/wp-content\/uploads\/2022\/08\/700x468-8.png","width":700,"height":468},{"@type":"BreadcrumbList","@id":"https:\/\/cst.cat\/es\/nuevo-sistema-de-irradiacion-para-tratar-con-radioterapia-el-cancer-de-mama\/#breadcrumb","itemListElement":[{"@type":"ListItem","position":1,"name":"Inici","item":"https:\/\/cst.cat\/es\/"},{"@type":"ListItem","position":2,"name":"Nuevo sistema de irradiaci\u00f3n para tratar con radioterapia el c\u00e1ncer de mama"}]},{"@type":"WebSite","@id":"https:\/\/cst.cat\/es\/#website","url":"https:\/\/cst.cat\/es\/","name":"CST","description":"","publisher":{"@id":"https:\/\/cst.cat\/es\/#organization"},"potentialAction":[{"@type":"SearchAction","target":{"@type":"EntryPoint","urlTemplate":"https:\/\/cst.cat\/es\/?s={search_term_string}"},"query-input":{"@type":"PropertyValueSpecification","valueRequired":true,"valueName":"search_term_string"}}],"inLanguage":"es"},{"@type":"Organization","@id":"https:\/\/cst.cat\/es\/#organization","name":"Consorci Sanitari de Terrassa","url":"https:\/\/cst.cat\/es\/","logo":{"@type":"ImageObject","inLanguage":"es","@id":"https:\/\/cst.cat\/es\/#\/schema\/logo\/image\/","url":"https:\/\/cst.cat\/wp-content\/uploads\/2021\/09\/logo-header.svg","contentUrl":"https:\/\/cst.cat\/wp-content\/uploads\/2021\/09\/logo-header.svg","width":90,"height":32,"caption":"Consorci Sanitari de Terrassa"},"image":{"@id":"https:\/\/cst.cat\/es\/#\/schema\/logo\/image\/"}},{"@type":"Person","@id":"https:\/\/cst.cat\/es\/#\/schema\/person\/3b11da62a36ae3eb23449b9d67c922f9","name":"xfranco","image":{"@type":"ImageObject","inLanguage":"es","@id":"https:\/\/secure.gravatar.com\/avatar\/2ebd62adc577a39e207bb342150bfb5ca00c0b0491c1af248227192c73e0e259?s=96&d=mm&r=g","url":"https:\/\/secure.gravatar.com\/avatar\/2ebd62adc577a39e207bb342150bfb5ca00c0b0491c1af248227192c73e0e259?s=96&d=mm&r=g","contentUrl":"https:\/\/secure.gravatar.com\/avatar\/2ebd62adc577a39e207bb342150bfb5ca00c0b0491c1af248227192c73e0e259?s=96&d=mm&r=g","caption":"xfranco"},"url":"https:\/\/cst.cat\/es\/author\/xfranco\/"}]}},"_links":{"self":[{"href":"https:\/\/cst.cat\/es\/wp-json\/wp\/v2\/posts\/13058","targetHints":{"allow":["GET"]}}],"collection":[{"href":"https:\/\/cst.cat\/es\/wp-json\/wp\/v2\/posts"}],"about":[{"href":"https:\/\/cst.cat\/es\/wp-json\/wp\/v2\/types\/post"}],"author":[{"embeddable":true,"href":"https:\/\/cst.cat\/es\/wp-json\/wp\/v2\/users\/5"}],"replies":[{"embeddable":true,"href":"https:\/\/cst.cat\/es\/wp-json\/wp\/v2\/comments?post=13058"}],"version-history":[{"count":0,"href":"https:\/\/cst.cat\/es\/wp-json\/wp\/v2\/posts\/13058\/revisions"}],"wp:featuredmedia":[{"embeddable":true,"href":"https:\/\/cst.cat\/es\/wp-json\/wp\/v2\/media\/13054"}],"wp:attachment":[{"href":"https:\/\/cst.cat\/es\/wp-json\/wp\/v2\/media?parent=13058"}],"wp:term":[{"taxonomy":"category","embeddable":true,"href":"https:\/\/cst.cat\/es\/wp-json\/wp\/v2\/categories?post=13058"},{"taxonomy":"post_tag","embeddable":true,"href":"https:\/\/cst.cat\/es\/wp-json\/wp\/v2\/tags?post=13058"}],"curies":[{"name":"wp","href":"https:\/\/api.w.org\/{rel}","templated":true}]}}