{"id":13709,"date":"2022-10-03T11:42:05","date_gmt":"2022-10-03T09:42:05","guid":{"rendered":"https:\/\/cst.cat\/el-cap-can-roca-abre-sus-puertas\/"},"modified":"2022-10-03T11:42:44","modified_gmt":"2022-10-03T09:42:44","slug":"el-cap-can-roca-abre-sus-puertas","status":"publish","type":"post","link":"https:\/\/cst.cat\/es\/el-cap-can-roca-abre-sus-puertas\/","title":{"rendered":"El CAP Can Roca abre sus puertas"},"content":{"rendered":"\n<div class=\"wp-block-columns is-layout-flex wp-container-core-columns-is-layout-9d6595d7 wp-block-columns-is-layout-flex\">\n<div class=\"wp-block-column acces-lft is-layout-flow wp-block-column-is-layout-flow\" style=\"flex-basis:30%\">\n<figure class=\"wp-block-image size-full\"><img loading=\"lazy\" decoding=\"async\" width=\"700\" height=\"468\" src=\"https:\/\/cst.cat\/wp-content\/uploads\/2022\/10\/700x468entrada.png\" alt=\"\" class=\"wp-image-13705\" srcset=\"https:\/\/cst.cat\/wp-content\/uploads\/2022\/10\/700x468entrada.png 700w, https:\/\/cst.cat\/wp-content\/uploads\/2022\/10\/700x468entrada-600x401.png 600w\" sizes=\"auto, (max-width: 700px) 100vw, 700px\" \/><\/figure><\/div>\n\n\n\n<div class=\"wp-block-column acces-rgt is-layout-flow wp-block-column-is-layout-flow\" style=\"flex-basis:70%\">\n<h2 class=\"wp-block-heading\"><strong>El equipamiento atender\u00e1 a casi 24 mil personas procedentes del CAP Rambla y del CAP Terrassa Nord<\/strong><\/h2>\n\n\n\n<p>El 3 de octubre a las 8 h se puso en marcha el nuevo CAP Can Roca, ubicado en la parte noroeste de la ciudad, en la esquina de la calle F\u00e1tima con el Parque de Naciones Unidas. Durante el fin de semana se pudieron realizar el traspaso de todos los datos al nuevo centro sin obst\u00e1culos.<\/p>\n\n\n\n<p>Los d\u00edas 29 y 30 de septiembre tuvieron lugar las jornadas de puertas abiertas del nuevo CAP, que congregaron a un millar de vecinos de la zona que quer\u00edan conocer las instalaciones del nuevo centro de atenci\u00f3n primaria.<\/p>\n\n\n\n<figure class=\"wp-block-image size-full\"><img loading=\"lazy\" decoding=\"async\" width=\"700\" height=\"468\" src=\"https:\/\/cst.cat\/wp-content\/uploads\/2022\/09\/700x468-17.png\" alt=\"\" class=\"wp-image-13666\" srcset=\"https:\/\/cst.cat\/wp-content\/uploads\/2022\/09\/700x468-17.png 700w, https:\/\/cst.cat\/wp-content\/uploads\/2022\/09\/700x468-17-600x401.png 600w\" sizes=\"auto, (max-width: 700px) 100vw, 700px\" \/><\/figure>\n\n\n<p>El CAP Can Roca abre de lunes a viernes, de 8 a 20 horas y presta atenci\u00f3n sanitaria a demanda, programada y urgente; tanto en la poblaci\u00f3n adulta como en la poblaci\u00f3n pedi\u00e1trica. Tambi\u00e9n presta atenci\u00f3n a domicilio, seguimiento del paciente cr\u00f3nico complejo, atenci\u00f3n a la mujer, atenci\u00f3n social, odontolog\u00eda, actividades preventivas y de promoci\u00f3n de la salud, t\u00e9cnicas diagn\u00f3sticas\u2026 Y contar\u00e1 con los nuevos roles profesionales derivados del Plan de fortalecimiento y transformaci\u00f3n de la atenci\u00f3n primaria: psic\u00f3logo comunitario y nutricionista.<\/p>\n\n\n\n<p>En total, el CAP dispone de una plantilla de casi 70 personas que incluye m\u00e9dicos de familia, pediatras, ginec\u00f3logos, comadronas, enfermeras, t\u00e9cnicos en cuidados auxiliares de enfermer\u00eda, odont\u00f3logos, referentes de bienestar emocional, dietistas-nutricionistas, trabajadores sociales y personal de atenci\u00f3n al ciudadano, entre otros.<\/p>\n\n\n\n<p>El nuevo CAP dispone de 32 consultas (10 de medicina de familia, 6 de pediatr\u00eda, 10 de enfermer\u00eda, 3 polivalentes, 1 de odontolog\u00eda, 1 de la atenci\u00f3n a la salud sexual y reproductiva y 1 de trabajo social). Adem\u00e1s, cuenta con un aula de educaci\u00f3n sanitaria, un \u00e1rea de atenci\u00f3n continuada (consulta, sala de tratamiento y 3 boxes), un \u00e1rea administrativa y un \u00e1rea para personal.<\/p>\n\n\n\n<p>Los usuarios que requieran atenci\u00f3n especializada (traumatolog\u00eda, dermatolog\u00eda, cardiolog\u00eda, etc.) ser\u00e1n derivados en el Hospital Universitario M\u00fatua Terrassa.<\/p>\n\n\n\n<p>El nuevo CAP atender\u00e1 a casi 24 mil personas procedentes del CAP Rambla (17.700) y del CAP Terrassa Nord (6.100). La redistribuci\u00f3n de pacientes se ha realizado seg\u00fan criterios de proximidad geogr\u00e1fica.<\/p>\n\n\n\n<figure class=\"wp-block-embed is-type-video is-provider-youtube wp-block-embed-youtube wp-embed-aspect-16-9 wp-has-aspect-ratio\"><div class=\"wp-block-embed__wrapper\">\n<iframe loading=\"lazy\" title=\"Portes obertes CAP Can Roca\" width=\"422\" height=\"750\" src=\"https:\/\/www.youtube.com\/embed\/yJZRySG5o9g?feature=oembed\" frameborder=\"0\" allow=\"accelerometer; autoplay; clipboard-write; encrypted-media; gyroscope; picture-in-picture; web-share\" referrerpolicy=\"strict-origin-when-cross-origin\" allowfullscreen><\/iframe>\n<\/div><\/figure>\n<\/div>\n<\/div>\n","protected":false},"excerpt":{"rendered":"<p>El equipamiento atender\u00e1 a casi 24 mil personas procedentes del CAP Rambla y del CAP Terrassa Nord El 3 de octubre a las 8 h se puso en marcha el nuevo CAP Can Roca, ubicado en la parte noroeste de la ciudad, en la esquina de la calle F\u00e1tima con el Parque de Naciones Unidas. [&hellip;]<\/p>\n","protected":false},"author":5,"featured_media":13707,"comment_status":"open","ping_status":"open","sticky":false,"template":"","format":"standard","meta":{"_acf_changed":false,"footnotes":""},"categories":[748],"tags":[771],"class_list":["post-13709","post","type-post","status-publish","format-standard","has-post-thumbnail","hentry","category-cap-can-roca-es","tag-apertura-cap-can-roca"],"acf":[],"yoast_head":"<!-- This site is optimized with the Yoast SEO plugin v27.2 - https:\/\/yoast.com\/product\/yoast-seo-wordpress\/ -->\n<title>El CAP Can Roca abre sus puertas - CST<\/title>\n<meta name=\"robots\" content=\"index, follow, max-snippet:-1, max-image-preview:large, max-video-preview:-1\" \/>\n<link rel=\"canonical\" href=\"https:\/\/cst.cat\/es\/el-cap-can-roca-abre-sus-puertas\/\" \/>\n<meta property=\"og:locale\" content=\"es_ES\" \/>\n<meta property=\"og:type\" content=\"article\" \/>\n<meta property=\"og:title\" content=\"El CAP Can Roca abre sus puertas - CST\" \/>\n<meta property=\"og:description\" content=\"El equipamiento atender\u00e1 a casi 24 mil personas procedentes del CAP Rambla y del CAP Terrassa Nord El 3 de octubre a las 8 h se puso en marcha el nuevo CAP Can Roca, ubicado en la parte noroeste de la ciudad, en la esquina de la calle F\u00e1tima con el Parque de Naciones Unidas. [&hellip;]\" \/>\n<meta property=\"og:url\" content=\"https:\/\/cst.cat\/es\/el-cap-can-roca-abre-sus-puertas\/\" \/>\n<meta property=\"og:site_name\" content=\"CST\" \/>\n<meta property=\"article:published_time\" content=\"2022-10-03T09:42:05+00:00\" \/>\n<meta property=\"article:modified_time\" content=\"2022-10-03T09:42:44+00:00\" \/>\n<meta property=\"og:image\" content=\"https:\/\/cst.cat\/wp-content\/uploads\/2022\/10\/700x468entrada-1.png\" \/>\n\t<meta property=\"og:image:width\" content=\"700\" \/>\n\t<meta property=\"og:image:height\" content=\"468\" \/>\n\t<meta property=\"og:image:type\" content=\"image\/png\" \/>\n<meta name=\"author\" content=\"xfranco\" \/>\n<meta name=\"twitter:card\" content=\"summary_large_image\" \/>\n<meta name=\"twitter:label1\" content=\"Escrito por\" \/>\n\t<meta name=\"twitter:data1\" content=\"xfranco\" \/>\n\t<meta name=\"twitter:label2\" content=\"Tiempo de lectura\" \/>\n\t<meta name=\"twitter:data2\" content=\"2 minutos\" \/>\n<script type=\"application\/ld+json\" class=\"yoast-schema-graph\">{\"@context\":\"https:\/\/schema.org\",\"@graph\":[{\"@type\":\"Article\",\"@id\":\"https:\/\/cst.cat\/es\/el-cap-can-roca-abre-sus-puertas\/#article\",\"isPartOf\":{\"@id\":\"https:\/\/cst.cat\/es\/el-cap-can-roca-abre-sus-puertas\/\"},\"author\":{\"name\":\"xfranco\",\"@id\":\"https:\/\/cst.cat\/es\/#\/schema\/person\/3b11da62a36ae3eb23449b9d67c922f9\"},\"headline\":\"El CAP Can Roca abre sus puertas\",\"datePublished\":\"2022-10-03T09:42:05+00:00\",\"dateModified\":\"2022-10-03T09:42:44+00:00\",\"mainEntityOfPage\":{\"@id\":\"https:\/\/cst.cat\/es\/el-cap-can-roca-abre-sus-puertas\/\"},\"wordCount\":391,\"commentCount\":0,\"publisher\":{\"@id\":\"https:\/\/cst.cat\/es\/#organization\"},\"image\":{\"@id\":\"https:\/\/cst.cat\/es\/el-cap-can-roca-abre-sus-puertas\/#primaryimage\"},\"thumbnailUrl\":\"https:\/\/cst.cat\/wp-content\/uploads\/2022\/10\/700x468entrada-1.png\",\"keywords\":[\"apertura CAP Can Roca\"],\"articleSection\":[\"CAP Can Roca\"],\"inLanguage\":\"es\",\"potentialAction\":[{\"@type\":\"CommentAction\",\"name\":\"Comment\",\"target\":[\"https:\/\/cst.cat\/es\/el-cap-can-roca-abre-sus-puertas\/#respond\"]}]},{\"@type\":\"WebPage\",\"@id\":\"https:\/\/cst.cat\/es\/el-cap-can-roca-abre-sus-puertas\/\",\"url\":\"https:\/\/cst.cat\/es\/el-cap-can-roca-abre-sus-puertas\/\",\"name\":\"El CAP Can Roca abre sus puertas - CST\",\"isPartOf\":{\"@id\":\"https:\/\/cst.cat\/es\/#website\"},\"primaryImageOfPage\":{\"@id\":\"https:\/\/cst.cat\/es\/el-cap-can-roca-abre-sus-puertas\/#primaryimage\"},\"image\":{\"@id\":\"https:\/\/cst.cat\/es\/el-cap-can-roca-abre-sus-puertas\/#primaryimage\"},\"thumbnailUrl\":\"https:\/\/cst.cat\/wp-content\/uploads\/2022\/10\/700x468entrada-1.png\",\"datePublished\":\"2022-10-03T09:42:05+00:00\",\"dateModified\":\"2022-10-03T09:42:44+00:00\",\"breadcrumb\":{\"@id\":\"https:\/\/cst.cat\/es\/el-cap-can-roca-abre-sus-puertas\/#breadcrumb\"},\"inLanguage\":\"es\",\"potentialAction\":[{\"@type\":\"ReadAction\",\"target\":[\"https:\/\/cst.cat\/es\/el-cap-can-roca-abre-sus-puertas\/\"]}]},{\"@type\":\"ImageObject\",\"inLanguage\":\"es\",\"@id\":\"https:\/\/cst.cat\/es\/el-cap-can-roca-abre-sus-puertas\/#primaryimage\",\"url\":\"https:\/\/cst.cat\/wp-content\/uploads\/2022\/10\/700x468entrada-1.png\",\"contentUrl\":\"https:\/\/cst.cat\/wp-content\/uploads\/2022\/10\/700x468entrada-1.png\",\"width\":700,\"height\":468},{\"@type\":\"BreadcrumbList\",\"@id\":\"https:\/\/cst.cat\/es\/el-cap-can-roca-abre-sus-puertas\/#breadcrumb\",\"itemListElement\":[{\"@type\":\"ListItem\",\"position\":1,\"name\":\"Inici\",\"item\":\"https:\/\/cst.cat\/es\/\"},{\"@type\":\"ListItem\",\"position\":2,\"name\":\"El CAP Can Roca abre sus puertas\"}]},{\"@type\":\"WebSite\",\"@id\":\"https:\/\/cst.cat\/es\/#website\",\"url\":\"https:\/\/cst.cat\/es\/\",\"name\":\"CST\",\"description\":\"\",\"publisher\":{\"@id\":\"https:\/\/cst.cat\/es\/#organization\"},\"potentialAction\":[{\"@type\":\"SearchAction\",\"target\":{\"@type\":\"EntryPoint\",\"urlTemplate\":\"https:\/\/cst.cat\/es\/?s={search_term_string}\"},\"query-input\":{\"@type\":\"PropertyValueSpecification\",\"valueRequired\":true,\"valueName\":\"search_term_string\"}}],\"inLanguage\":\"es\"},{\"@type\":\"Organization\",\"@id\":\"https:\/\/cst.cat\/es\/#organization\",\"name\":\"Consorci Sanitari de Terrassa\",\"url\":\"https:\/\/cst.cat\/es\/\",\"logo\":{\"@type\":\"ImageObject\",\"inLanguage\":\"es\",\"@id\":\"https:\/\/cst.cat\/es\/#\/schema\/logo\/image\/\",\"url\":\"https:\/\/cst.cat\/wp-content\/uploads\/2021\/09\/logo-header.svg\",\"contentUrl\":\"https:\/\/cst.cat\/wp-content\/uploads\/2021\/09\/logo-header.svg\",\"width\":90,\"height\":32,\"caption\":\"Consorci Sanitari de Terrassa\"},\"image\":{\"@id\":\"https:\/\/cst.cat\/es\/#\/schema\/logo\/image\/\"}},{\"@type\":\"Person\",\"@id\":\"https:\/\/cst.cat\/es\/#\/schema\/person\/3b11da62a36ae3eb23449b9d67c922f9\",\"name\":\"xfranco\",\"image\":{\"@type\":\"ImageObject\",\"inLanguage\":\"es\",\"@id\":\"https:\/\/secure.gravatar.com\/avatar\/2ebd62adc577a39e207bb342150bfb5ca00c0b0491c1af248227192c73e0e259?s=96&d=mm&r=g\",\"url\":\"https:\/\/secure.gravatar.com\/avatar\/2ebd62adc577a39e207bb342150bfb5ca00c0b0491c1af248227192c73e0e259?s=96&d=mm&r=g\",\"contentUrl\":\"https:\/\/secure.gravatar.com\/avatar\/2ebd62adc577a39e207bb342150bfb5ca00c0b0491c1af248227192c73e0e259?s=96&d=mm&r=g\",\"caption\":\"xfranco\"},\"url\":\"https:\/\/cst.cat\/es\/author\/xfranco\/\"}]}<\/script>\n<!-- \/ Yoast SEO plugin. -->","yoast_head_json":{"title":"El CAP Can Roca abre sus puertas - CST","robots":{"index":"index","follow":"follow","max-snippet":"max-snippet:-1","max-image-preview":"max-image-preview:large","max-video-preview":"max-video-preview:-1"},"canonical":"https:\/\/cst.cat\/es\/el-cap-can-roca-abre-sus-puertas\/","og_locale":"es_ES","og_type":"article","og_title":"El CAP Can Roca abre sus puertas - CST","og_description":"El equipamiento atender\u00e1 a casi 24 mil personas procedentes del CAP Rambla y del CAP Terrassa Nord El 3 de octubre a las 8 h se puso en marcha el nuevo CAP Can Roca, ubicado en la parte noroeste de la ciudad, en la esquina de la calle F\u00e1tima con el Parque de Naciones Unidas. [&hellip;]","og_url":"https:\/\/cst.cat\/es\/el-cap-can-roca-abre-sus-puertas\/","og_site_name":"CST","article_published_time":"2022-10-03T09:42:05+00:00","article_modified_time":"2022-10-03T09:42:44+00:00","og_image":[{"width":700,"height":468,"url":"https:\/\/cst.cat\/wp-content\/uploads\/2022\/10\/700x468entrada-1.png","type":"image\/png"}],"author":"xfranco","twitter_card":"summary_large_image","twitter_misc":{"Escrito por":"xfranco","Tiempo de lectura":"2 minutos"},"schema":{"@context":"https:\/\/schema.org","@graph":[{"@type":"Article","@id":"https:\/\/cst.cat\/es\/el-cap-can-roca-abre-sus-puertas\/#article","isPartOf":{"@id":"https:\/\/cst.cat\/es\/el-cap-can-roca-abre-sus-puertas\/"},"author":{"name":"xfranco","@id":"https:\/\/cst.cat\/es\/#\/schema\/person\/3b11da62a36ae3eb23449b9d67c922f9"},"headline":"El CAP Can Roca abre sus puertas","datePublished":"2022-10-03T09:42:05+00:00","dateModified":"2022-10-03T09:42:44+00:00","mainEntityOfPage":{"@id":"https:\/\/cst.cat\/es\/el-cap-can-roca-abre-sus-puertas\/"},"wordCount":391,"commentCount":0,"publisher":{"@id":"https:\/\/cst.cat\/es\/#organization"},"image":{"@id":"https:\/\/cst.cat\/es\/el-cap-can-roca-abre-sus-puertas\/#primaryimage"},"thumbnailUrl":"https:\/\/cst.cat\/wp-content\/uploads\/2022\/10\/700x468entrada-1.png","keywords":["apertura CAP Can Roca"],"articleSection":["CAP Can Roca"],"inLanguage":"es","potentialAction":[{"@type":"CommentAction","name":"Comment","target":["https:\/\/cst.cat\/es\/el-cap-can-roca-abre-sus-puertas\/#respond"]}]},{"@type":"WebPage","@id":"https:\/\/cst.cat\/es\/el-cap-can-roca-abre-sus-puertas\/","url":"https:\/\/cst.cat\/es\/el-cap-can-roca-abre-sus-puertas\/","name":"El CAP Can Roca abre sus puertas - CST","isPartOf":{"@id":"https:\/\/cst.cat\/es\/#website"},"primaryImageOfPage":{"@id":"https:\/\/cst.cat\/es\/el-cap-can-roca-abre-sus-puertas\/#primaryimage"},"image":{"@id":"https:\/\/cst.cat\/es\/el-cap-can-roca-abre-sus-puertas\/#primaryimage"},"thumbnailUrl":"https:\/\/cst.cat\/wp-content\/uploads\/2022\/10\/700x468entrada-1.png","datePublished":"2022-10-03T09:42:05+00:00","dateModified":"2022-10-03T09:42:44+00:00","breadcrumb":{"@id":"https:\/\/cst.cat\/es\/el-cap-can-roca-abre-sus-puertas\/#breadcrumb"},"inLanguage":"es","potentialAction":[{"@type":"ReadAction","target":["https:\/\/cst.cat\/es\/el-cap-can-roca-abre-sus-puertas\/"]}]},{"@type":"ImageObject","inLanguage":"es","@id":"https:\/\/cst.cat\/es\/el-cap-can-roca-abre-sus-puertas\/#primaryimage","url":"https:\/\/cst.cat\/wp-content\/uploads\/2022\/10\/700x468entrada-1.png","contentUrl":"https:\/\/cst.cat\/wp-content\/uploads\/2022\/10\/700x468entrada-1.png","width":700,"height":468},{"@type":"BreadcrumbList","@id":"https:\/\/cst.cat\/es\/el-cap-can-roca-abre-sus-puertas\/#breadcrumb","itemListElement":[{"@type":"ListItem","position":1,"name":"Inici","item":"https:\/\/cst.cat\/es\/"},{"@type":"ListItem","position":2,"name":"El CAP Can Roca abre sus puertas"}]},{"@type":"WebSite","@id":"https:\/\/cst.cat\/es\/#website","url":"https:\/\/cst.cat\/es\/","name":"CST","description":"","publisher":{"@id":"https:\/\/cst.cat\/es\/#organization"},"potentialAction":[{"@type":"SearchAction","target":{"@type":"EntryPoint","urlTemplate":"https:\/\/cst.cat\/es\/?s={search_term_string}"},"query-input":{"@type":"PropertyValueSpecification","valueRequired":true,"valueName":"search_term_string"}}],"inLanguage":"es"},{"@type":"Organization","@id":"https:\/\/cst.cat\/es\/#organization","name":"Consorci Sanitari de Terrassa","url":"https:\/\/cst.cat\/es\/","logo":{"@type":"ImageObject","inLanguage":"es","@id":"https:\/\/cst.cat\/es\/#\/schema\/logo\/image\/","url":"https:\/\/cst.cat\/wp-content\/uploads\/2021\/09\/logo-header.svg","contentUrl":"https:\/\/cst.cat\/wp-content\/uploads\/2021\/09\/logo-header.svg","width":90,"height":32,"caption":"Consorci Sanitari de Terrassa"},"image":{"@id":"https:\/\/cst.cat\/es\/#\/schema\/logo\/image\/"}},{"@type":"Person","@id":"https:\/\/cst.cat\/es\/#\/schema\/person\/3b11da62a36ae3eb23449b9d67c922f9","name":"xfranco","image":{"@type":"ImageObject","inLanguage":"es","@id":"https:\/\/secure.gravatar.com\/avatar\/2ebd62adc577a39e207bb342150bfb5ca00c0b0491c1af248227192c73e0e259?s=96&d=mm&r=g","url":"https:\/\/secure.gravatar.com\/avatar\/2ebd62adc577a39e207bb342150bfb5ca00c0b0491c1af248227192c73e0e259?s=96&d=mm&r=g","contentUrl":"https:\/\/secure.gravatar.com\/avatar\/2ebd62adc577a39e207bb342150bfb5ca00c0b0491c1af248227192c73e0e259?s=96&d=mm&r=g","caption":"xfranco"},"url":"https:\/\/cst.cat\/es\/author\/xfranco\/"}]}},"_links":{"self":[{"href":"https:\/\/cst.cat\/es\/wp-json\/wp\/v2\/posts\/13709","targetHints":{"allow":["GET"]}}],"collection":[{"href":"https:\/\/cst.cat\/es\/wp-json\/wp\/v2\/posts"}],"about":[{"href":"https:\/\/cst.cat\/es\/wp-json\/wp\/v2\/types\/post"}],"author":[{"embeddable":true,"href":"https:\/\/cst.cat\/es\/wp-json\/wp\/v2\/users\/5"}],"replies":[{"embeddable":true,"href":"https:\/\/cst.cat\/es\/wp-json\/wp\/v2\/comments?post=13709"}],"version-history":[{"count":0,"href":"https:\/\/cst.cat\/es\/wp-json\/wp\/v2\/posts\/13709\/revisions"}],"wp:featuredmedia":[{"embeddable":true,"href":"https:\/\/cst.cat\/es\/wp-json\/wp\/v2\/media\/13707"}],"wp:attachment":[{"href":"https:\/\/cst.cat\/es\/wp-json\/wp\/v2\/media?parent=13709"}],"wp:term":[{"taxonomy":"category","embeddable":true,"href":"https:\/\/cst.cat\/es\/wp-json\/wp\/v2\/categories?post=13709"},{"taxonomy":"post_tag","embeddable":true,"href":"https:\/\/cst.cat\/es\/wp-json\/wp\/v2\/tags?post=13709"}],"curies":[{"name":"wp","href":"https:\/\/api.w.org\/{rel}","templated":true}]}}