{"id":14373,"date":"2022-10-31T11:29:34","date_gmt":"2022-10-31T10:29:34","guid":{"rendered":"https:\/\/cst.cat\/adriana-izquierdo-premio-a-la-mejor-tesis-doctoral-de-la-seorl-ccc\/"},"modified":"2022-10-31T14:40:56","modified_gmt":"2022-10-31T13:40:56","slug":"adriana-izquierdo-premio-a-la-mejor-tesis-doctoral-de-la-seorl-ccc","status":"publish","type":"post","link":"https:\/\/cst.cat\/es\/adriana-izquierdo-premio-a-la-mejor-tesis-doctoral-de-la-seorl-ccc\/","title":{"rendered":"Adriana Izquierdo, premio a la mejor tesis doctoral de la SEORL-CCC"},"content":{"rendered":"\n<div class=\"wp-block-columns is-layout-flex wp-container-core-columns-is-layout-9d6595d7 wp-block-columns-is-layout-flex\">\n<div class=\"wp-block-column acces-lft is-layout-flow wp-block-column-is-layout-flow\" style=\"flex-basis:30%\">\n<figure class=\"wp-block-image size-full\"><img loading=\"lazy\" decoding=\"async\" width=\"700\" height=\"468\" src=\"https:\/\/cst.cat\/wp-content\/uploads\/2022\/10\/700x468-21.png\" alt=\"\" class=\"wp-image-14369\" srcset=\"https:\/\/cst.cat\/wp-content\/uploads\/2022\/10\/700x468-21.png 700w, https:\/\/cst.cat\/wp-content\/uploads\/2022\/10\/700x468-21-600x401.png 600w\" sizes=\"auto, (max-width: 700px) 100vw, 700px\" \/><\/figure><\/div>\n\n\n\n<div class=\"wp-block-column acces-rgt is-layout-flow wp-block-column-is-layout-flow\" style=\"flex-basis:70%\">\n<p>La Dra. Adriana Izquierdo, alerg\u00f3loga y coordinadora de la Unidad de Olfato del CST, obtuvo el premio a la mejor tesis doctoral le\u00edda durante el a\u00f1o 2021 y titulada \u201cAlteraci\u00f3n del olfato y\/o gusto durante la pandemia Covid-19: el impacto del SARS-CoV-2 sobre el sentido del olfato\u201d.<\/p>\n\n\n\n<p> El galard\u00f3n, otorgado por la Sociedad Espa\u00f1ola de Otorrinolaringolog\u00eda y Cirgug\u00eda de Cabeza y Cuello (SEORL-CCC), fue entregado en el 73 Congreso Nacional celebrado en las Palmas de Gran Canaria entre los d\u00edas 13 y 15 de octubre.<\/p>\n<\/div>\n<\/div>\n","protected":false},"excerpt":{"rendered":"<p>La Dra. Adriana Izquierdo, alerg\u00f3loga y coordinadora de la Unidad de Olfato del CST, obtuvo el premio a la mejor tesis doctoral le\u00edda durante el a\u00f1o 2021 y titulada \u201cAlteraci\u00f3n del olfato y\/o gusto durante la pandemia Covid-19: el impacto del SARS-CoV-2 sobre el sentido del olfato\u201d. El galard\u00f3n, otorgado por la Sociedad Espa\u00f1ola de [&hellip;]<\/p>\n","protected":false},"author":5,"featured_media":14370,"comment_status":"open","ping_status":"open","sticky":false,"template":"","format":"standard","meta":{"_acf_changed":false,"footnotes":""},"categories":[550],"tags":[620,862],"class_list":["post-14373","post","type-post","status-publish","format-standard","has-post-thumbnail","hentry","category-tesis-doctoral","tag-covid-19-es","tag-ofacto"],"acf":[],"yoast_head":"<!-- This site is optimized with the Yoast SEO plugin v27.2 - https:\/\/yoast.com\/product\/yoast-seo-wordpress\/ -->\n<title>Adriana Izquierdo, premio a la mejor tesis doctoral de la SEORL-CCC - CST<\/title>\n<meta name=\"robots\" content=\"index, follow, max-snippet:-1, max-image-preview:large, max-video-preview:-1\" \/>\n<link rel=\"canonical\" href=\"https:\/\/cst.cat\/es\/adriana-izquierdo-premio-a-la-mejor-tesis-doctoral-de-la-seorl-ccc\/\" \/>\n<meta property=\"og:locale\" content=\"es_ES\" \/>\n<meta property=\"og:type\" content=\"article\" \/>\n<meta property=\"og:title\" content=\"Adriana Izquierdo, premio a la mejor tesis doctoral de la SEORL-CCC - CST\" \/>\n<meta property=\"og:description\" content=\"La Dra. Adriana Izquierdo, alerg\u00f3loga y coordinadora de la Unidad de Olfato del CST, obtuvo el premio a la mejor tesis doctoral le\u00edda durante el a\u00f1o 2021 y titulada \u201cAlteraci\u00f3n del olfato y\/o gusto durante la pandemia Covid-19: el impacto del SARS-CoV-2 sobre el sentido del olfato\u201d. El galard\u00f3n, otorgado por la Sociedad Espa\u00f1ola de [&hellip;]\" \/>\n<meta property=\"og:url\" content=\"https:\/\/cst.cat\/es\/adriana-izquierdo-premio-a-la-mejor-tesis-doctoral-de-la-seorl-ccc\/\" \/>\n<meta property=\"og:site_name\" content=\"CST\" \/>\n<meta property=\"article:published_time\" content=\"2022-10-31T10:29:34+00:00\" \/>\n<meta property=\"article:modified_time\" content=\"2022-10-31T13:40:56+00:00\" \/>\n<meta property=\"og:image\" content=\"https:\/\/cst.cat\/wp-content\/uploads\/2022\/10\/700x468-21.png\" \/>\n\t<meta property=\"og:image:width\" content=\"700\" \/>\n\t<meta property=\"og:image:height\" content=\"468\" \/>\n\t<meta property=\"og:image:type\" content=\"image\/png\" \/>\n<meta name=\"author\" content=\"xfranco\" \/>\n<meta name=\"twitter:card\" content=\"summary_large_image\" \/>\n<meta name=\"twitter:label1\" content=\"Escrito por\" \/>\n\t<meta name=\"twitter:data1\" content=\"xfranco\" \/>\n<script type=\"application\/ld+json\" class=\"yoast-schema-graph\">{\"@context\":\"https:\/\/schema.org\",\"@graph\":[{\"@type\":\"Article\",\"@id\":\"https:\/\/cst.cat\/es\/adriana-izquierdo-premio-a-la-mejor-tesis-doctoral-de-la-seorl-ccc\/#article\",\"isPartOf\":{\"@id\":\"https:\/\/cst.cat\/es\/adriana-izquierdo-premio-a-la-mejor-tesis-doctoral-de-la-seorl-ccc\/\"},\"author\":{\"name\":\"xfranco\",\"@id\":\"https:\/\/cst.cat\/es\/#\/schema\/person\/3b11da62a36ae3eb23449b9d67c922f9\"},\"headline\":\"Adriana Izquierdo, premio a la mejor tesis doctoral de la SEORL-CCC\",\"datePublished\":\"2022-10-31T10:29:34+00:00\",\"dateModified\":\"2022-10-31T13:40:56+00:00\",\"mainEntityOfPage\":{\"@id\":\"https:\/\/cst.cat\/es\/adriana-izquierdo-premio-a-la-mejor-tesis-doctoral-de-la-seorl-ccc\/\"},\"wordCount\":102,\"commentCount\":0,\"publisher\":{\"@id\":\"https:\/\/cst.cat\/es\/#organization\"},\"image\":{\"@id\":\"https:\/\/cst.cat\/es\/adriana-izquierdo-premio-a-la-mejor-tesis-doctoral-de-la-seorl-ccc\/#primaryimage\"},\"thumbnailUrl\":\"https:\/\/cst.cat\/wp-content\/uploads\/2022\/10\/700x468-21.png\",\"keywords\":[\"COVID-19\",\"ofacto\"],\"articleSection\":[\"Tesis Doctoral\"],\"inLanguage\":\"es\",\"potentialAction\":[{\"@type\":\"CommentAction\",\"name\":\"Comment\",\"target\":[\"https:\/\/cst.cat\/es\/adriana-izquierdo-premio-a-la-mejor-tesis-doctoral-de-la-seorl-ccc\/#respond\"]}]},{\"@type\":\"WebPage\",\"@id\":\"https:\/\/cst.cat\/es\/adriana-izquierdo-premio-a-la-mejor-tesis-doctoral-de-la-seorl-ccc\/\",\"url\":\"https:\/\/cst.cat\/es\/adriana-izquierdo-premio-a-la-mejor-tesis-doctoral-de-la-seorl-ccc\/\",\"name\":\"Adriana Izquierdo, premio a la mejor tesis doctoral de la SEORL-CCC - CST\",\"isPartOf\":{\"@id\":\"https:\/\/cst.cat\/es\/#website\"},\"primaryImageOfPage\":{\"@id\":\"https:\/\/cst.cat\/es\/adriana-izquierdo-premio-a-la-mejor-tesis-doctoral-de-la-seorl-ccc\/#primaryimage\"},\"image\":{\"@id\":\"https:\/\/cst.cat\/es\/adriana-izquierdo-premio-a-la-mejor-tesis-doctoral-de-la-seorl-ccc\/#primaryimage\"},\"thumbnailUrl\":\"https:\/\/cst.cat\/wp-content\/uploads\/2022\/10\/700x468-21.png\",\"datePublished\":\"2022-10-31T10:29:34+00:00\",\"dateModified\":\"2022-10-31T13:40:56+00:00\",\"breadcrumb\":{\"@id\":\"https:\/\/cst.cat\/es\/adriana-izquierdo-premio-a-la-mejor-tesis-doctoral-de-la-seorl-ccc\/#breadcrumb\"},\"inLanguage\":\"es\",\"potentialAction\":[{\"@type\":\"ReadAction\",\"target\":[\"https:\/\/cst.cat\/es\/adriana-izquierdo-premio-a-la-mejor-tesis-doctoral-de-la-seorl-ccc\/\"]}]},{\"@type\":\"ImageObject\",\"inLanguage\":\"es\",\"@id\":\"https:\/\/cst.cat\/es\/adriana-izquierdo-premio-a-la-mejor-tesis-doctoral-de-la-seorl-ccc\/#primaryimage\",\"url\":\"https:\/\/cst.cat\/wp-content\/uploads\/2022\/10\/700x468-21.png\",\"contentUrl\":\"https:\/\/cst.cat\/wp-content\/uploads\/2022\/10\/700x468-21.png\",\"width\":700,\"height\":468},{\"@type\":\"BreadcrumbList\",\"@id\":\"https:\/\/cst.cat\/es\/adriana-izquierdo-premio-a-la-mejor-tesis-doctoral-de-la-seorl-ccc\/#breadcrumb\",\"itemListElement\":[{\"@type\":\"ListItem\",\"position\":1,\"name\":\"Inici\",\"item\":\"https:\/\/cst.cat\/es\/\"},{\"@type\":\"ListItem\",\"position\":2,\"name\":\"Adriana Izquierdo, premio a la mejor tesis doctoral de la SEORL-CCC\"}]},{\"@type\":\"WebSite\",\"@id\":\"https:\/\/cst.cat\/es\/#website\",\"url\":\"https:\/\/cst.cat\/es\/\",\"name\":\"CST\",\"description\":\"\",\"publisher\":{\"@id\":\"https:\/\/cst.cat\/es\/#organization\"},\"potentialAction\":[{\"@type\":\"SearchAction\",\"target\":{\"@type\":\"EntryPoint\",\"urlTemplate\":\"https:\/\/cst.cat\/es\/?s={search_term_string}\"},\"query-input\":{\"@type\":\"PropertyValueSpecification\",\"valueRequired\":true,\"valueName\":\"search_term_string\"}}],\"inLanguage\":\"es\"},{\"@type\":\"Organization\",\"@id\":\"https:\/\/cst.cat\/es\/#organization\",\"name\":\"Consorci Sanitari de Terrassa\",\"url\":\"https:\/\/cst.cat\/es\/\",\"logo\":{\"@type\":\"ImageObject\",\"inLanguage\":\"es\",\"@id\":\"https:\/\/cst.cat\/es\/#\/schema\/logo\/image\/\",\"url\":\"https:\/\/cst.cat\/wp-content\/uploads\/2021\/09\/logo-header.svg\",\"contentUrl\":\"https:\/\/cst.cat\/wp-content\/uploads\/2021\/09\/logo-header.svg\",\"width\":90,\"height\":32,\"caption\":\"Consorci Sanitari de Terrassa\"},\"image\":{\"@id\":\"https:\/\/cst.cat\/es\/#\/schema\/logo\/image\/\"}},{\"@type\":\"Person\",\"@id\":\"https:\/\/cst.cat\/es\/#\/schema\/person\/3b11da62a36ae3eb23449b9d67c922f9\",\"name\":\"xfranco\",\"image\":{\"@type\":\"ImageObject\",\"inLanguage\":\"es\",\"@id\":\"https:\/\/secure.gravatar.com\/avatar\/2ebd62adc577a39e207bb342150bfb5ca00c0b0491c1af248227192c73e0e259?s=96&d=mm&r=g\",\"url\":\"https:\/\/secure.gravatar.com\/avatar\/2ebd62adc577a39e207bb342150bfb5ca00c0b0491c1af248227192c73e0e259?s=96&d=mm&r=g\",\"contentUrl\":\"https:\/\/secure.gravatar.com\/avatar\/2ebd62adc577a39e207bb342150bfb5ca00c0b0491c1af248227192c73e0e259?s=96&d=mm&r=g\",\"caption\":\"xfranco\"},\"url\":\"https:\/\/cst.cat\/es\/author\/xfranco\/\"}]}<\/script>\n<!-- \/ Yoast SEO plugin. -->","yoast_head_json":{"title":"Adriana Izquierdo, premio a la mejor tesis doctoral de la SEORL-CCC - CST","robots":{"index":"index","follow":"follow","max-snippet":"max-snippet:-1","max-image-preview":"max-image-preview:large","max-video-preview":"max-video-preview:-1"},"canonical":"https:\/\/cst.cat\/es\/adriana-izquierdo-premio-a-la-mejor-tesis-doctoral-de-la-seorl-ccc\/","og_locale":"es_ES","og_type":"article","og_title":"Adriana Izquierdo, premio a la mejor tesis doctoral de la SEORL-CCC - CST","og_description":"La Dra. Adriana Izquierdo, alerg\u00f3loga y coordinadora de la Unidad de Olfato del CST, obtuvo el premio a la mejor tesis doctoral le\u00edda durante el a\u00f1o 2021 y titulada \u201cAlteraci\u00f3n del olfato y\/o gusto durante la pandemia Covid-19: el impacto del SARS-CoV-2 sobre el sentido del olfato\u201d. El galard\u00f3n, otorgado por la Sociedad Espa\u00f1ola de [&hellip;]","og_url":"https:\/\/cst.cat\/es\/adriana-izquierdo-premio-a-la-mejor-tesis-doctoral-de-la-seorl-ccc\/","og_site_name":"CST","article_published_time":"2022-10-31T10:29:34+00:00","article_modified_time":"2022-10-31T13:40:56+00:00","og_image":[{"width":700,"height":468,"url":"https:\/\/cst.cat\/wp-content\/uploads\/2022\/10\/700x468-21.png","type":"image\/png"}],"author":"xfranco","twitter_card":"summary_large_image","twitter_misc":{"Escrito por":"xfranco"},"schema":{"@context":"https:\/\/schema.org","@graph":[{"@type":"Article","@id":"https:\/\/cst.cat\/es\/adriana-izquierdo-premio-a-la-mejor-tesis-doctoral-de-la-seorl-ccc\/#article","isPartOf":{"@id":"https:\/\/cst.cat\/es\/adriana-izquierdo-premio-a-la-mejor-tesis-doctoral-de-la-seorl-ccc\/"},"author":{"name":"xfranco","@id":"https:\/\/cst.cat\/es\/#\/schema\/person\/3b11da62a36ae3eb23449b9d67c922f9"},"headline":"Adriana Izquierdo, premio a la mejor tesis doctoral de la SEORL-CCC","datePublished":"2022-10-31T10:29:34+00:00","dateModified":"2022-10-31T13:40:56+00:00","mainEntityOfPage":{"@id":"https:\/\/cst.cat\/es\/adriana-izquierdo-premio-a-la-mejor-tesis-doctoral-de-la-seorl-ccc\/"},"wordCount":102,"commentCount":0,"publisher":{"@id":"https:\/\/cst.cat\/es\/#organization"},"image":{"@id":"https:\/\/cst.cat\/es\/adriana-izquierdo-premio-a-la-mejor-tesis-doctoral-de-la-seorl-ccc\/#primaryimage"},"thumbnailUrl":"https:\/\/cst.cat\/wp-content\/uploads\/2022\/10\/700x468-21.png","keywords":["COVID-19","ofacto"],"articleSection":["Tesis Doctoral"],"inLanguage":"es","potentialAction":[{"@type":"CommentAction","name":"Comment","target":["https:\/\/cst.cat\/es\/adriana-izquierdo-premio-a-la-mejor-tesis-doctoral-de-la-seorl-ccc\/#respond"]}]},{"@type":"WebPage","@id":"https:\/\/cst.cat\/es\/adriana-izquierdo-premio-a-la-mejor-tesis-doctoral-de-la-seorl-ccc\/","url":"https:\/\/cst.cat\/es\/adriana-izquierdo-premio-a-la-mejor-tesis-doctoral-de-la-seorl-ccc\/","name":"Adriana Izquierdo, premio a la mejor tesis doctoral de la SEORL-CCC - CST","isPartOf":{"@id":"https:\/\/cst.cat\/es\/#website"},"primaryImageOfPage":{"@id":"https:\/\/cst.cat\/es\/adriana-izquierdo-premio-a-la-mejor-tesis-doctoral-de-la-seorl-ccc\/#primaryimage"},"image":{"@id":"https:\/\/cst.cat\/es\/adriana-izquierdo-premio-a-la-mejor-tesis-doctoral-de-la-seorl-ccc\/#primaryimage"},"thumbnailUrl":"https:\/\/cst.cat\/wp-content\/uploads\/2022\/10\/700x468-21.png","datePublished":"2022-10-31T10:29:34+00:00","dateModified":"2022-10-31T13:40:56+00:00","breadcrumb":{"@id":"https:\/\/cst.cat\/es\/adriana-izquierdo-premio-a-la-mejor-tesis-doctoral-de-la-seorl-ccc\/#breadcrumb"},"inLanguage":"es","potentialAction":[{"@type":"ReadAction","target":["https:\/\/cst.cat\/es\/adriana-izquierdo-premio-a-la-mejor-tesis-doctoral-de-la-seorl-ccc\/"]}]},{"@type":"ImageObject","inLanguage":"es","@id":"https:\/\/cst.cat\/es\/adriana-izquierdo-premio-a-la-mejor-tesis-doctoral-de-la-seorl-ccc\/#primaryimage","url":"https:\/\/cst.cat\/wp-content\/uploads\/2022\/10\/700x468-21.png","contentUrl":"https:\/\/cst.cat\/wp-content\/uploads\/2022\/10\/700x468-21.png","width":700,"height":468},{"@type":"BreadcrumbList","@id":"https:\/\/cst.cat\/es\/adriana-izquierdo-premio-a-la-mejor-tesis-doctoral-de-la-seorl-ccc\/#breadcrumb","itemListElement":[{"@type":"ListItem","position":1,"name":"Inici","item":"https:\/\/cst.cat\/es\/"},{"@type":"ListItem","position":2,"name":"Adriana Izquierdo, premio a la mejor tesis doctoral de la SEORL-CCC"}]},{"@type":"WebSite","@id":"https:\/\/cst.cat\/es\/#website","url":"https:\/\/cst.cat\/es\/","name":"CST","description":"","publisher":{"@id":"https:\/\/cst.cat\/es\/#organization"},"potentialAction":[{"@type":"SearchAction","target":{"@type":"EntryPoint","urlTemplate":"https:\/\/cst.cat\/es\/?s={search_term_string}"},"query-input":{"@type":"PropertyValueSpecification","valueRequired":true,"valueName":"search_term_string"}}],"inLanguage":"es"},{"@type":"Organization","@id":"https:\/\/cst.cat\/es\/#organization","name":"Consorci Sanitari de Terrassa","url":"https:\/\/cst.cat\/es\/","logo":{"@type":"ImageObject","inLanguage":"es","@id":"https:\/\/cst.cat\/es\/#\/schema\/logo\/image\/","url":"https:\/\/cst.cat\/wp-content\/uploads\/2021\/09\/logo-header.svg","contentUrl":"https:\/\/cst.cat\/wp-content\/uploads\/2021\/09\/logo-header.svg","width":90,"height":32,"caption":"Consorci Sanitari de Terrassa"},"image":{"@id":"https:\/\/cst.cat\/es\/#\/schema\/logo\/image\/"}},{"@type":"Person","@id":"https:\/\/cst.cat\/es\/#\/schema\/person\/3b11da62a36ae3eb23449b9d67c922f9","name":"xfranco","image":{"@type":"ImageObject","inLanguage":"es","@id":"https:\/\/secure.gravatar.com\/avatar\/2ebd62adc577a39e207bb342150bfb5ca00c0b0491c1af248227192c73e0e259?s=96&d=mm&r=g","url":"https:\/\/secure.gravatar.com\/avatar\/2ebd62adc577a39e207bb342150bfb5ca00c0b0491c1af248227192c73e0e259?s=96&d=mm&r=g","contentUrl":"https:\/\/secure.gravatar.com\/avatar\/2ebd62adc577a39e207bb342150bfb5ca00c0b0491c1af248227192c73e0e259?s=96&d=mm&r=g","caption":"xfranco"},"url":"https:\/\/cst.cat\/es\/author\/xfranco\/"}]}},"_links":{"self":[{"href":"https:\/\/cst.cat\/es\/wp-json\/wp\/v2\/posts\/14373","targetHints":{"allow":["GET"]}}],"collection":[{"href":"https:\/\/cst.cat\/es\/wp-json\/wp\/v2\/posts"}],"about":[{"href":"https:\/\/cst.cat\/es\/wp-json\/wp\/v2\/types\/post"}],"author":[{"embeddable":true,"href":"https:\/\/cst.cat\/es\/wp-json\/wp\/v2\/users\/5"}],"replies":[{"embeddable":true,"href":"https:\/\/cst.cat\/es\/wp-json\/wp\/v2\/comments?post=14373"}],"version-history":[{"count":0,"href":"https:\/\/cst.cat\/es\/wp-json\/wp\/v2\/posts\/14373\/revisions"}],"wp:featuredmedia":[{"embeddable":true,"href":"https:\/\/cst.cat\/es\/wp-json\/wp\/v2\/media\/14370"}],"wp:attachment":[{"href":"https:\/\/cst.cat\/es\/wp-json\/wp\/v2\/media?parent=14373"}],"wp:term":[{"taxonomy":"category","embeddable":true,"href":"https:\/\/cst.cat\/es\/wp-json\/wp\/v2\/categories?post=14373"},{"taxonomy":"post_tag","embeddable":true,"href":"https:\/\/cst.cat\/es\/wp-json\/wp\/v2\/tags?post=14373"}],"curies":[{"name":"wp","href":"https:\/\/api.w.org\/{rel}","templated":true}]}}