{"id":14736,"date":"2022-11-25T14:22:44","date_gmt":"2022-11-25T13:22:44","guid":{"rendered":"https:\/\/cst.cat\/una-veintena-de-proyectos-de-humanizacion-del-cst-protagonistas-del-documental-humanizacion-en-el-consorci-sanitari-de-terrassa\/"},"modified":"2022-11-25T15:01:42","modified_gmt":"2022-11-25T14:01:42","slug":"una-veintena-de-proyectos-de-humanizacion-del-cst-protagonistas-del-documental-humanizacion-en-el-consorci-sanitari-de-terrassa","status":"publish","type":"post","link":"https:\/\/cst.cat\/es\/una-veintena-de-proyectos-de-humanizacion-del-cst-protagonistas-del-documental-humanizacion-en-el-consorci-sanitari-de-terrassa\/","title":{"rendered":"Estreno del documental \u00abHumanizaci\u00f3n en el Consorcio Sanitario de Terrassa\u00bb"},"content":{"rendered":"\n<div class=\"wp-block-columns is-layout-flex wp-container-core-columns-is-layout-9d6595d7 wp-block-columns-is-layout-flex\">\n<div class=\"wp-block-column acces-lft is-layout-flow wp-block-column-is-layout-flow\" style=\"flex-basis:30%\">\n<figure class=\"wp-block-image size-full\"><img loading=\"lazy\" decoding=\"async\" width=\"700\" height=\"468\" src=\"https:\/\/cst.cat\/wp-content\/uploads\/2022\/11\/700X468-18.png\" alt=\"\" class=\"wp-image-14729\" srcset=\"https:\/\/cst.cat\/wp-content\/uploads\/2022\/11\/700X468-18.png 700w, https:\/\/cst.cat\/wp-content\/uploads\/2022\/11\/700X468-18-600x401.png 600w\" sizes=\"auto, (max-width: 700px) 100vw, 700px\" \/><\/figure><\/div>\n\n\n\n<div class=\"wp-block-column acces-rgt is-layout-flow wp-block-column-is-layout-flow\" style=\"flex-basis:70%\">\n<h2 class=\"wp-block-heading\">Esta ma\u00f1ana ha tenido lugar en el sal\u00f3n de actos Joan Costa Roma del Hospital de Terrassa el estreno del documental <em>Humanizaci\u00f3n<\/em> <em>en el Consorcio Sanitario de Terrassa<\/em>, que recoge diferentes iniciativas de humanizaci\u00f3n desarrolladas en los centros del Consorcio Sanitario de Terrassa para mejorar la estancia de los pacientes atendidos a trav\u00e9s de un trato m\u00e1s amable y cercano, a la vez que tambi\u00e9n m\u00e1s ajustado a sus necesidades como personas .<\/h2>\n\n\n\n<p>El documental <em><a href=\"https:\/\/www.youtube.com\/watch?v=VvwRQm3M5wM\" target=\"_blank\" rel=\"noreferrer noopener\">Humanizaci\u00f3n en el Consorcio Sanitario de Terrassa<\/a><\/em> , forma parte de la serie <a href=\"https:\/\/www.roche.es\/es_es\/hospitales-humanos.html\">Hospitales Humanos<\/a> , de Roche Farma Espa\u00f1a, en la que han participado hasta ahora numerosos centros sanitarios y \u00e1reas de salud de catorce comunidades aut\u00f3nomas, que han compartido hasta el momento 266 iniciativas en favor de la humanizaci\u00f3n.<\/p>\n\n\n\n<p>La presentaci\u00f3n del acto ha corrido a cargo de August S\u00e0enz, presidente del CST; Cristina Roure, directora adjunta asistencial del Consorcio Sanitario de Terrassa y Rita Casas, directora de Roche Farma en Catalu\u00f1a.<\/p>\n\n\n\n<p>S\u00e0enz ha querido destacar en su intervenci\u00f3n que \u00aben el CST nos preocupamos de dar una atenci\u00f3n m\u00e1s humana d\u00eda a d\u00eda, ya que somos una organizaci\u00f3n humana\u00bb mientras que Cristina Roure ha hecho hincapi\u00e9 en que \u00e9sta es una iniciativa maravillosa, destacando que \u00abHospitales Humanos nos ofrece la oportunidad de dar a conocer qui\u00e9nes somos y c\u00f3mo hacemos las cosas, adem\u00e1s de reconocer a los profesionales de la organizaci\u00f3n.\u00bb Y ha terminado su intervenci\u00f3n citando a Orwell: En la vida lo importante no es estar vivo, sino permanecer humano.<\/p>\n\n\n\n<p>Despu\u00e9s fue el turno de Rita Casas, directora de Roche Farma en Catalu\u00f1a, que felicit\u00f3 tambi\u00e9n a los responsables de los proyectos por sus iniciativas, as\u00ed como a los responsables del Consorcio por haber hecho posible, entre otros, la puesta en marcha de diferentes iniciativas de humanizaci\u00f3n encaminadas a la mejora asistencial. \u00abLo que buscamos con Hospitales Humanos es seguir avanzando para que los hospitales y centros de salud sean percibidos como lugares m\u00e1s acogedores donde, adem\u00e1s de recibir una asistencia de la mejor calidad, el paciente se sienta tratado como persona. Desde Roche Farma nos enorgullecemos de poder contribuir a fomentar la humanizaci\u00f3n y estaremos encantados de seguir colaborando para seguir mejorando d\u00eda a d\u00eda la asistencia a los pacientes.\u00bb<\/p>\n\n\n\n<p>Despu\u00e9s fue el turno de Ant\u00f2nia Villalba, presidenta de la Comisi\u00f3n de Humanizaci\u00f3n y directora de Enfermer\u00eda y del \u00c1mbito Materno-Infantil del CST, que present\u00f3 el documental. Villalba ha enfatizado en que \u00aben la humanizaci\u00f3n hay mucho sentimiento\u00bb a la vez que \u00aben el CST siempre nos hemos vanagloriado de un sentimiento diferencial, como es el sentimiento de pertenencia, que se transforma en una forma concreta de cuidar a la gente .\u00bb<\/p>\n\n\n\n<p>Villalba ha explicado que cuando se realiz\u00f3 el Plan Estrat\u00e9gico 2021-2024 se vio que el primer punto a tratar era el de la humanizaci\u00f3n transversal. Y que esta humanizaci\u00f3n se basaba en cuatro grandes puntos: la atenci\u00f3n centrada en la persona, profesionales humanizadores, hacer unos entornos m\u00e1s amables y preguntar a los pacientes c\u00f3mo se sienten. \u00abY la creaci\u00f3n de la Comisi\u00f3n de Humanizaci\u00f3n es el motor de estos cuatro grandes objetivos\u00bb, ha remachado.<\/p>\n\n\n\n<p>La pieza audiovisual recoge, a trav\u00e9s del testimonio de sus impulsores, un total de veintid\u00f3s proyectos de humanizaci\u00f3n en el CST, como son la hospitalizaci\u00f3n pedi\u00e1trica (coches teledirigidos, gafas de realidad virtual o actuaciones de payasos), pacientes de edad avanzada, voluntariado, salud mental (canto coral y ejercicio f\u00edsico), autonom\u00eda del paciente, y acceso a los medicamentos o humanizaci\u00f3n de espacios f\u00edsicos de los centros, entre otros.<\/p>\n\n\n\n<p>Tras la proyecci\u00f3n del documental ha tenido lugar un coloquio entre Vicent Esteve, m\u00e9dico adjunto del Servicio de Nefrolog\u00eda; Merc\u00e8 Ramoneda, educadora social del Hogar Residencial San L\u00e1zaro; Maite Sanz, docente de la Escuela Universitaria de Enfermer\u00eda y Terapia Ocupacional de Terrassa (EUIT), Sandra Arcusa, enfermera de ostom\u00edas y Fernando Montero. Ha moderado a Elisabet Gonz\u00e1lez, directora de Calidad y Seguridad de Pacientes y secretaria de la Comisi\u00f3n de Humanizaci\u00f3n.<\/p>\n\n\n\n<p>Finalmente Rita Casas entreg\u00f3 la insignia de reconocimiento al CST como &#8216;Hospital Humano&#8217;.<\/p>\n\n\n\n<figure class=\"wp-block-image size-large\"><img loading=\"lazy\" decoding=\"async\" width=\"1115\" height=\"1366\" src=\"https:\/\/cst.cat\/wp-content\/uploads\/2022\/11\/PREMI-1-1115x1366.jpg\" alt=\"\" class=\"wp-image-14733\" srcset=\"https:\/\/cst.cat\/wp-content\/uploads\/2022\/11\/PREMI-1-1115x1366.jpg 1115w, https:\/\/cst.cat\/wp-content\/uploads\/2022\/11\/PREMI-1-490x600.jpg 490w, https:\/\/cst.cat\/wp-content\/uploads\/2022\/11\/PREMI-1-768x941.jpg 768w, https:\/\/cst.cat\/wp-content\/uploads\/2022\/11\/PREMI-1-1253x1536.jpg 1253w, https:\/\/cst.cat\/wp-content\/uploads\/2022\/11\/PREMI-1-1671x2048.jpg 1671w\" sizes=\"auto, (max-width: 1115px) 100vw, 1115px\" \/><\/figure>\n\n\n<p><\/p>\n\n\n\n<p>Se puede ver el documental completo en la <a href=\"https:\/\/www.youtube.com\/watch?v=VvwRQm3M5wM\">web del CST<\/a> .<\/p>\n\n\n\n<p>El acto ha sido organizado por la Comisi\u00f3n de Humanizaci\u00f3n del Consorcio Sanitario de Terrassa y patrocinado por Roche y su proyecto &#8216;Hospitales Humanos&#8217;, que tiene el objetivo de dar visibilidad a los planes de humanizaci\u00f3n en la atenci\u00f3n sanitaria dentro del Sistema Nacional de Salud.<\/p>\n\n\n\n<p><\/p>\n<\/div>\n<\/div>\n","protected":false},"excerpt":{"rendered":"<p>Esta ma\u00f1ana ha tenido lugar en el sal\u00f3n de actos Joan Costa Roma del Hospital de Terrassa el estreno del documental Humanizaci\u00f3n en el Consorcio Sanitario de Terrassa, que recoge diferentes iniciativas de humanizaci\u00f3n desarrolladas en los centros del Consorcio Sanitario de Terrassa para mejorar la estancia de los pacientes atendidos a trav\u00e9s de un [&hellip;]<\/p>\n","protected":false},"author":5,"featured_media":14741,"comment_status":"open","ping_status":"open","sticky":false,"template":"","format":"standard","meta":{"_acf_changed":false,"footnotes":""},"categories":[929],"tags":[409,452,463,891,930,931],"class_list":["post-14736","post","type-post","status-publish","format-standard","has-post-thumbnail","hentry","category-humanizacion","tag-cst-es","tag-hospital-de-terrassa-es","tag-humanizacion","tag-roche-es","tag-humanizacioncst","tag-hospitales-humanos-es"],"acf":[],"yoast_head":"<!-- This site is optimized with the Yoast SEO plugin v27.2 - https:\/\/yoast.com\/product\/yoast-seo-wordpress\/ -->\n<title>Estreno del documental &quot;Humanizaci\u00f3n en el Consorcio Sanitario de Terrassa&quot; - CST<\/title>\n<meta name=\"robots\" content=\"index, follow, max-snippet:-1, max-image-preview:large, max-video-preview:-1\" \/>\n<link rel=\"canonical\" href=\"https:\/\/cst.cat\/es\/una-veintena-de-proyectos-de-humanizacion-del-cst-protagonistas-del-documental-humanizacion-en-el-consorci-sanitari-de-terrassa\/\" \/>\n<meta property=\"og:locale\" content=\"es_ES\" \/>\n<meta property=\"og:type\" content=\"article\" \/>\n<meta property=\"og:title\" content=\"Estreno del documental &quot;Humanizaci\u00f3n en el Consorcio Sanitario de Terrassa&quot; - CST\" \/>\n<meta property=\"og:description\" content=\"Esta ma\u00f1ana ha tenido lugar en el sal\u00f3n de actos Joan Costa Roma del Hospital de Terrassa el estreno del documental Humanizaci\u00f3n en el Consorcio Sanitario de Terrassa, que recoge diferentes iniciativas de humanizaci\u00f3n desarrolladas en los centros del Consorcio Sanitario de Terrassa para mejorar la estancia de los pacientes atendidos a trav\u00e9s de un [&hellip;]\" \/>\n<meta property=\"og:url\" content=\"https:\/\/cst.cat\/es\/una-veintena-de-proyectos-de-humanizacion-del-cst-protagonistas-del-documental-humanizacion-en-el-consorci-sanitari-de-terrassa\/\" \/>\n<meta property=\"og:site_name\" content=\"CST\" \/>\n<meta property=\"article:published_time\" content=\"2022-11-25T13:22:44+00:00\" \/>\n<meta property=\"article:modified_time\" content=\"2022-11-25T14:01:42+00:00\" \/>\n<meta property=\"og:image\" content=\"https:\/\/cst.cat\/wp-content\/uploads\/2022\/11\/700X468-19.png\" \/>\n\t<meta property=\"og:image:width\" content=\"700\" \/>\n\t<meta property=\"og:image:height\" content=\"468\" \/>\n\t<meta property=\"og:image:type\" content=\"image\/png\" \/>\n<meta name=\"author\" content=\"xfranco\" \/>\n<meta name=\"twitter:card\" content=\"summary_large_image\" \/>\n<meta name=\"twitter:label1\" content=\"Escrito por\" \/>\n\t<meta name=\"twitter:data1\" content=\"xfranco\" \/>\n\t<meta name=\"twitter:label2\" content=\"Tiempo de lectura\" \/>\n\t<meta name=\"twitter:data2\" content=\"4 minutos\" \/>\n<script type=\"application\/ld+json\" class=\"yoast-schema-graph\">{\"@context\":\"https:\/\/schema.org\",\"@graph\":[{\"@type\":\"Article\",\"@id\":\"https:\/\/cst.cat\/es\/una-veintena-de-proyectos-de-humanizacion-del-cst-protagonistas-del-documental-humanizacion-en-el-consorci-sanitari-de-terrassa\/#article\",\"isPartOf\":{\"@id\":\"https:\/\/cst.cat\/es\/una-veintena-de-proyectos-de-humanizacion-del-cst-protagonistas-del-documental-humanizacion-en-el-consorci-sanitari-de-terrassa\/\"},\"author\":{\"name\":\"xfranco\",\"@id\":\"https:\/\/cst.cat\/es\/#\/schema\/person\/3b11da62a36ae3eb23449b9d67c922f9\"},\"headline\":\"Estreno del documental \u00abHumanizaci\u00f3n en el Consorcio Sanitario de Terrassa\u00bb\",\"datePublished\":\"2022-11-25T13:22:44+00:00\",\"dateModified\":\"2022-11-25T14:01:42+00:00\",\"mainEntityOfPage\":{\"@id\":\"https:\/\/cst.cat\/es\/una-veintena-de-proyectos-de-humanizacion-del-cst-protagonistas-del-documental-humanizacion-en-el-consorci-sanitari-de-terrassa\/\"},\"wordCount\":801,\"commentCount\":0,\"publisher\":{\"@id\":\"https:\/\/cst.cat\/es\/#organization\"},\"image\":{\"@id\":\"https:\/\/cst.cat\/es\/una-veintena-de-proyectos-de-humanizacion-del-cst-protagonistas-del-documental-humanizacion-en-el-consorci-sanitari-de-terrassa\/#primaryimage\"},\"thumbnailUrl\":\"https:\/\/cst.cat\/wp-content\/uploads\/2022\/11\/700X468-19.png\",\"keywords\":[\"CST\",\"Hospital de Terrassa\",\"humanizaci\u00f3n\",\"roche\",\"humanizaci\u00f3nCST\",\"hospitales humanos\"],\"articleSection\":[\"Humanizaci\u00f3n\"],\"inLanguage\":\"es\",\"potentialAction\":[{\"@type\":\"CommentAction\",\"name\":\"Comment\",\"target\":[\"https:\/\/cst.cat\/es\/una-veintena-de-proyectos-de-humanizacion-del-cst-protagonistas-del-documental-humanizacion-en-el-consorci-sanitari-de-terrassa\/#respond\"]}]},{\"@type\":\"WebPage\",\"@id\":\"https:\/\/cst.cat\/es\/una-veintena-de-proyectos-de-humanizacion-del-cst-protagonistas-del-documental-humanizacion-en-el-consorci-sanitari-de-terrassa\/\",\"url\":\"https:\/\/cst.cat\/es\/una-veintena-de-proyectos-de-humanizacion-del-cst-protagonistas-del-documental-humanizacion-en-el-consorci-sanitari-de-terrassa\/\",\"name\":\"Estreno del documental \\\"Humanizaci\u00f3n en el Consorcio Sanitario de Terrassa\\\" - CST\",\"isPartOf\":{\"@id\":\"https:\/\/cst.cat\/es\/#website\"},\"primaryImageOfPage\":{\"@id\":\"https:\/\/cst.cat\/es\/una-veintena-de-proyectos-de-humanizacion-del-cst-protagonistas-del-documental-humanizacion-en-el-consorci-sanitari-de-terrassa\/#primaryimage\"},\"image\":{\"@id\":\"https:\/\/cst.cat\/es\/una-veintena-de-proyectos-de-humanizacion-del-cst-protagonistas-del-documental-humanizacion-en-el-consorci-sanitari-de-terrassa\/#primaryimage\"},\"thumbnailUrl\":\"https:\/\/cst.cat\/wp-content\/uploads\/2022\/11\/700X468-19.png\",\"datePublished\":\"2022-11-25T13:22:44+00:00\",\"dateModified\":\"2022-11-25T14:01:42+00:00\",\"breadcrumb\":{\"@id\":\"https:\/\/cst.cat\/es\/una-veintena-de-proyectos-de-humanizacion-del-cst-protagonistas-del-documental-humanizacion-en-el-consorci-sanitari-de-terrassa\/#breadcrumb\"},\"inLanguage\":\"es\",\"potentialAction\":[{\"@type\":\"ReadAction\",\"target\":[\"https:\/\/cst.cat\/es\/una-veintena-de-proyectos-de-humanizacion-del-cst-protagonistas-del-documental-humanizacion-en-el-consorci-sanitari-de-terrassa\/\"]}]},{\"@type\":\"ImageObject\",\"inLanguage\":\"es\",\"@id\":\"https:\/\/cst.cat\/es\/una-veintena-de-proyectos-de-humanizacion-del-cst-protagonistas-del-documental-humanizacion-en-el-consorci-sanitari-de-terrassa\/#primaryimage\",\"url\":\"https:\/\/cst.cat\/wp-content\/uploads\/2022\/11\/700X468-19.png\",\"contentUrl\":\"https:\/\/cst.cat\/wp-content\/uploads\/2022\/11\/700X468-19.png\",\"width\":700,\"height\":468},{\"@type\":\"BreadcrumbList\",\"@id\":\"https:\/\/cst.cat\/es\/una-veintena-de-proyectos-de-humanizacion-del-cst-protagonistas-del-documental-humanizacion-en-el-consorci-sanitari-de-terrassa\/#breadcrumb\",\"itemListElement\":[{\"@type\":\"ListItem\",\"position\":1,\"name\":\"Inici\",\"item\":\"https:\/\/cst.cat\/es\/\"},{\"@type\":\"ListItem\",\"position\":2,\"name\":\"Estreno del documental \u00abHumanizaci\u00f3n en el Consorcio Sanitario de Terrassa\u00bb\"}]},{\"@type\":\"WebSite\",\"@id\":\"https:\/\/cst.cat\/es\/#website\",\"url\":\"https:\/\/cst.cat\/es\/\",\"name\":\"CST\",\"description\":\"\",\"publisher\":{\"@id\":\"https:\/\/cst.cat\/es\/#organization\"},\"potentialAction\":[{\"@type\":\"SearchAction\",\"target\":{\"@type\":\"EntryPoint\",\"urlTemplate\":\"https:\/\/cst.cat\/es\/?s={search_term_string}\"},\"query-input\":{\"@type\":\"PropertyValueSpecification\",\"valueRequired\":true,\"valueName\":\"search_term_string\"}}],\"inLanguage\":\"es\"},{\"@type\":\"Organization\",\"@id\":\"https:\/\/cst.cat\/es\/#organization\",\"name\":\"Consorci Sanitari de Terrassa\",\"url\":\"https:\/\/cst.cat\/es\/\",\"logo\":{\"@type\":\"ImageObject\",\"inLanguage\":\"es\",\"@id\":\"https:\/\/cst.cat\/es\/#\/schema\/logo\/image\/\",\"url\":\"https:\/\/cst.cat\/wp-content\/uploads\/2021\/09\/logo-header.svg\",\"contentUrl\":\"https:\/\/cst.cat\/wp-content\/uploads\/2021\/09\/logo-header.svg\",\"width\":90,\"height\":32,\"caption\":\"Consorci Sanitari de Terrassa\"},\"image\":{\"@id\":\"https:\/\/cst.cat\/es\/#\/schema\/logo\/image\/\"}},{\"@type\":\"Person\",\"@id\":\"https:\/\/cst.cat\/es\/#\/schema\/person\/3b11da62a36ae3eb23449b9d67c922f9\",\"name\":\"xfranco\",\"image\":{\"@type\":\"ImageObject\",\"inLanguage\":\"es\",\"@id\":\"https:\/\/secure.gravatar.com\/avatar\/2ebd62adc577a39e207bb342150bfb5ca00c0b0491c1af248227192c73e0e259?s=96&d=mm&r=g\",\"url\":\"https:\/\/secure.gravatar.com\/avatar\/2ebd62adc577a39e207bb342150bfb5ca00c0b0491c1af248227192c73e0e259?s=96&d=mm&r=g\",\"contentUrl\":\"https:\/\/secure.gravatar.com\/avatar\/2ebd62adc577a39e207bb342150bfb5ca00c0b0491c1af248227192c73e0e259?s=96&d=mm&r=g\",\"caption\":\"xfranco\"},\"url\":\"https:\/\/cst.cat\/es\/author\/xfranco\/\"}]}<\/script>\n<!-- \/ Yoast SEO plugin. -->","yoast_head_json":{"title":"Estreno del documental \"Humanizaci\u00f3n en el Consorcio Sanitario de Terrassa\" - CST","robots":{"index":"index","follow":"follow","max-snippet":"max-snippet:-1","max-image-preview":"max-image-preview:large","max-video-preview":"max-video-preview:-1"},"canonical":"https:\/\/cst.cat\/es\/una-veintena-de-proyectos-de-humanizacion-del-cst-protagonistas-del-documental-humanizacion-en-el-consorci-sanitari-de-terrassa\/","og_locale":"es_ES","og_type":"article","og_title":"Estreno del documental \"Humanizaci\u00f3n en el Consorcio Sanitario de Terrassa\" - CST","og_description":"Esta ma\u00f1ana ha tenido lugar en el sal\u00f3n de actos Joan Costa Roma del Hospital de Terrassa el estreno del documental Humanizaci\u00f3n en el Consorcio Sanitario de Terrassa, que recoge diferentes iniciativas de humanizaci\u00f3n desarrolladas en los centros del Consorcio Sanitario de Terrassa para mejorar la estancia de los pacientes atendidos a trav\u00e9s de un [&hellip;]","og_url":"https:\/\/cst.cat\/es\/una-veintena-de-proyectos-de-humanizacion-del-cst-protagonistas-del-documental-humanizacion-en-el-consorci-sanitari-de-terrassa\/","og_site_name":"CST","article_published_time":"2022-11-25T13:22:44+00:00","article_modified_time":"2022-11-25T14:01:42+00:00","og_image":[{"width":700,"height":468,"url":"https:\/\/cst.cat\/wp-content\/uploads\/2022\/11\/700X468-19.png","type":"image\/png"}],"author":"xfranco","twitter_card":"summary_large_image","twitter_misc":{"Escrito por":"xfranco","Tiempo de lectura":"4 minutos"},"schema":{"@context":"https:\/\/schema.org","@graph":[{"@type":"Article","@id":"https:\/\/cst.cat\/es\/una-veintena-de-proyectos-de-humanizacion-del-cst-protagonistas-del-documental-humanizacion-en-el-consorci-sanitari-de-terrassa\/#article","isPartOf":{"@id":"https:\/\/cst.cat\/es\/una-veintena-de-proyectos-de-humanizacion-del-cst-protagonistas-del-documental-humanizacion-en-el-consorci-sanitari-de-terrassa\/"},"author":{"name":"xfranco","@id":"https:\/\/cst.cat\/es\/#\/schema\/person\/3b11da62a36ae3eb23449b9d67c922f9"},"headline":"Estreno del documental \u00abHumanizaci\u00f3n en el Consorcio Sanitario de Terrassa\u00bb","datePublished":"2022-11-25T13:22:44+00:00","dateModified":"2022-11-25T14:01:42+00:00","mainEntityOfPage":{"@id":"https:\/\/cst.cat\/es\/una-veintena-de-proyectos-de-humanizacion-del-cst-protagonistas-del-documental-humanizacion-en-el-consorci-sanitari-de-terrassa\/"},"wordCount":801,"commentCount":0,"publisher":{"@id":"https:\/\/cst.cat\/es\/#organization"},"image":{"@id":"https:\/\/cst.cat\/es\/una-veintena-de-proyectos-de-humanizacion-del-cst-protagonistas-del-documental-humanizacion-en-el-consorci-sanitari-de-terrassa\/#primaryimage"},"thumbnailUrl":"https:\/\/cst.cat\/wp-content\/uploads\/2022\/11\/700X468-19.png","keywords":["CST","Hospital de Terrassa","humanizaci\u00f3n","roche","humanizaci\u00f3nCST","hospitales humanos"],"articleSection":["Humanizaci\u00f3n"],"inLanguage":"es","potentialAction":[{"@type":"CommentAction","name":"Comment","target":["https:\/\/cst.cat\/es\/una-veintena-de-proyectos-de-humanizacion-del-cst-protagonistas-del-documental-humanizacion-en-el-consorci-sanitari-de-terrassa\/#respond"]}]},{"@type":"WebPage","@id":"https:\/\/cst.cat\/es\/una-veintena-de-proyectos-de-humanizacion-del-cst-protagonistas-del-documental-humanizacion-en-el-consorci-sanitari-de-terrassa\/","url":"https:\/\/cst.cat\/es\/una-veintena-de-proyectos-de-humanizacion-del-cst-protagonistas-del-documental-humanizacion-en-el-consorci-sanitari-de-terrassa\/","name":"Estreno del documental \"Humanizaci\u00f3n en el Consorcio Sanitario de Terrassa\" - CST","isPartOf":{"@id":"https:\/\/cst.cat\/es\/#website"},"primaryImageOfPage":{"@id":"https:\/\/cst.cat\/es\/una-veintena-de-proyectos-de-humanizacion-del-cst-protagonistas-del-documental-humanizacion-en-el-consorci-sanitari-de-terrassa\/#primaryimage"},"image":{"@id":"https:\/\/cst.cat\/es\/una-veintena-de-proyectos-de-humanizacion-del-cst-protagonistas-del-documental-humanizacion-en-el-consorci-sanitari-de-terrassa\/#primaryimage"},"thumbnailUrl":"https:\/\/cst.cat\/wp-content\/uploads\/2022\/11\/700X468-19.png","datePublished":"2022-11-25T13:22:44+00:00","dateModified":"2022-11-25T14:01:42+00:00","breadcrumb":{"@id":"https:\/\/cst.cat\/es\/una-veintena-de-proyectos-de-humanizacion-del-cst-protagonistas-del-documental-humanizacion-en-el-consorci-sanitari-de-terrassa\/#breadcrumb"},"inLanguage":"es","potentialAction":[{"@type":"ReadAction","target":["https:\/\/cst.cat\/es\/una-veintena-de-proyectos-de-humanizacion-del-cst-protagonistas-del-documental-humanizacion-en-el-consorci-sanitari-de-terrassa\/"]}]},{"@type":"ImageObject","inLanguage":"es","@id":"https:\/\/cst.cat\/es\/una-veintena-de-proyectos-de-humanizacion-del-cst-protagonistas-del-documental-humanizacion-en-el-consorci-sanitari-de-terrassa\/#primaryimage","url":"https:\/\/cst.cat\/wp-content\/uploads\/2022\/11\/700X468-19.png","contentUrl":"https:\/\/cst.cat\/wp-content\/uploads\/2022\/11\/700X468-19.png","width":700,"height":468},{"@type":"BreadcrumbList","@id":"https:\/\/cst.cat\/es\/una-veintena-de-proyectos-de-humanizacion-del-cst-protagonistas-del-documental-humanizacion-en-el-consorci-sanitari-de-terrassa\/#breadcrumb","itemListElement":[{"@type":"ListItem","position":1,"name":"Inici","item":"https:\/\/cst.cat\/es\/"},{"@type":"ListItem","position":2,"name":"Estreno del documental \u00abHumanizaci\u00f3n en el Consorcio Sanitario de Terrassa\u00bb"}]},{"@type":"WebSite","@id":"https:\/\/cst.cat\/es\/#website","url":"https:\/\/cst.cat\/es\/","name":"CST","description":"","publisher":{"@id":"https:\/\/cst.cat\/es\/#organization"},"potentialAction":[{"@type":"SearchAction","target":{"@type":"EntryPoint","urlTemplate":"https:\/\/cst.cat\/es\/?s={search_term_string}"},"query-input":{"@type":"PropertyValueSpecification","valueRequired":true,"valueName":"search_term_string"}}],"inLanguage":"es"},{"@type":"Organization","@id":"https:\/\/cst.cat\/es\/#organization","name":"Consorci Sanitari de Terrassa","url":"https:\/\/cst.cat\/es\/","logo":{"@type":"ImageObject","inLanguage":"es","@id":"https:\/\/cst.cat\/es\/#\/schema\/logo\/image\/","url":"https:\/\/cst.cat\/wp-content\/uploads\/2021\/09\/logo-header.svg","contentUrl":"https:\/\/cst.cat\/wp-content\/uploads\/2021\/09\/logo-header.svg","width":90,"height":32,"caption":"Consorci Sanitari de Terrassa"},"image":{"@id":"https:\/\/cst.cat\/es\/#\/schema\/logo\/image\/"}},{"@type":"Person","@id":"https:\/\/cst.cat\/es\/#\/schema\/person\/3b11da62a36ae3eb23449b9d67c922f9","name":"xfranco","image":{"@type":"ImageObject","inLanguage":"es","@id":"https:\/\/secure.gravatar.com\/avatar\/2ebd62adc577a39e207bb342150bfb5ca00c0b0491c1af248227192c73e0e259?s=96&d=mm&r=g","url":"https:\/\/secure.gravatar.com\/avatar\/2ebd62adc577a39e207bb342150bfb5ca00c0b0491c1af248227192c73e0e259?s=96&d=mm&r=g","contentUrl":"https:\/\/secure.gravatar.com\/avatar\/2ebd62adc577a39e207bb342150bfb5ca00c0b0491c1af248227192c73e0e259?s=96&d=mm&r=g","caption":"xfranco"},"url":"https:\/\/cst.cat\/es\/author\/xfranco\/"}]}},"_links":{"self":[{"href":"https:\/\/cst.cat\/es\/wp-json\/wp\/v2\/posts\/14736","targetHints":{"allow":["GET"]}}],"collection":[{"href":"https:\/\/cst.cat\/es\/wp-json\/wp\/v2\/posts"}],"about":[{"href":"https:\/\/cst.cat\/es\/wp-json\/wp\/v2\/types\/post"}],"author":[{"embeddable":true,"href":"https:\/\/cst.cat\/es\/wp-json\/wp\/v2\/users\/5"}],"replies":[{"embeddable":true,"href":"https:\/\/cst.cat\/es\/wp-json\/wp\/v2\/comments?post=14736"}],"version-history":[{"count":0,"href":"https:\/\/cst.cat\/es\/wp-json\/wp\/v2\/posts\/14736\/revisions"}],"wp:featuredmedia":[{"embeddable":true,"href":"https:\/\/cst.cat\/es\/wp-json\/wp\/v2\/media\/14741"}],"wp:attachment":[{"href":"https:\/\/cst.cat\/es\/wp-json\/wp\/v2\/media?parent=14736"}],"wp:term":[{"taxonomy":"category","embeddable":true,"href":"https:\/\/cst.cat\/es\/wp-json\/wp\/v2\/categories?post=14736"},{"taxonomy":"post_tag","embeddable":true,"href":"https:\/\/cst.cat\/es\/wp-json\/wp\/v2\/tags?post=14736"}],"curies":[{"name":"wp","href":"https:\/\/api.w.org\/{rel}","templated":true}]}}