{"id":15564,"date":"2023-01-13T15:52:33","date_gmt":"2023-01-13T14:52:33","guid":{"rendered":"https:\/\/cst.cat\/estrella-acosta-del-consorcio-sanitario-de-terrassa-participa-en-la-guia-actualizada-de-cancer-de-cabeza-y-cuello\/"},"modified":"2023-01-13T15:52:33","modified_gmt":"2023-01-13T14:52:33","slug":"estrella-acosta-del-consorcio-sanitario-de-terrassa-participa-en-la-guia-actualizada-de-cancer-de-cabeza-y-cuello","status":"publish","type":"post","link":"https:\/\/cst.cat\/es\/estrella-acosta-del-consorcio-sanitario-de-terrassa-participa-en-la-guia-actualizada-de-cancer-de-cabeza-y-cuello\/","title":{"rendered":"Estrella Acosta, del Consorcio Sanitario de Terrassa, participa en la gu\u00eda actualizada de c\u00e1ncer de cabeza y cuello"},"content":{"rendered":"\n<div class=\"wp-block-columns is-layout-flex wp-container-core-columns-is-layout-9d6595d7 wp-block-columns-is-layout-flex\">\n<div class=\"wp-block-column acces-lft is-layout-flow wp-block-column-is-layout-flow\" style=\"flex-basis:30%\">\n<figure class=\"wp-block-image size-full\"><img loading=\"lazy\" decoding=\"async\" width=\"700\" height=\"468\" src=\"https:\/\/cst.cat\/wp-content\/uploads\/2023\/01\/mida-web-1.png\" alt=\"\" class=\"wp-image-15561\" srcset=\"https:\/\/cst.cat\/wp-content\/uploads\/2023\/01\/mida-web-1.png 700w, https:\/\/cst.cat\/wp-content\/uploads\/2023\/01\/mida-web-1-600x401.png 600w\" sizes=\"auto, (max-width: 700px) 100vw, 700px\" \/><\/figure><\/div>\n\n\n\n<div class=\"wp-block-column acces-rgt is-layout-flow wp-block-column-is-layout-flow\" style=\"flex-basis:70%\">\n<h2 class=\"wp-block-heading\"><strong>La gu\u00eda ha sido elaborada por el Instituto Catal\u00e1n de Oncolog\u00eda (ICO), el Instituto Catal\u00e1n de la Salud (ICS) y del Instituto del Diagn\u00f3stico por la Imagen (IDI)<\/strong><\/h2>\n\n\n\n<p>Este mes de enero se ha presentado la actualizaci\u00f3n de la <em>\u201cGu\u00eda del ICO-ICS Praxis de tratamiento m\u00e9dico y con irradiaci\u00f3n del c\u00e1ncer de orofaringe, cavidad oral, hipofaringe, laringe, nasofaringe y carcinoma escamoso cervical de origen desconocido\u201d,<\/em> como resultado de la colaboraci\u00f3n conjunta de profesionales involucrados en el tratamiento farmacol\u00f3gico, con radioterapia y diagn\u00f3stico por la imagen del Instituto Catal\u00e1n de Oncolog\u00eda (ICO), del Instituto Catal\u00e1n de la Salud (ICS) y del Instituto del Diagn\u00f3stico por la Imagen (IDI).<\/p>\n\n\n\n<p>El ICO, como centro de excelencia y referencia en la prevenci\u00f3n, el tratamiento, la investigaci\u00f3n y la formaci\u00f3n en c\u00e1ncer, elabora diferentes documentos, gu\u00edas y protocolos de pr\u00e1ctica cl\u00ednica. Las ICO-ICS Praxis son unas gu\u00edas terap\u00e9uticas, que buscan el consenso entre los profesionales siempre avalado con el m\u00e1ximo grado de evidencia disponible, y para conseguir un liderazgo cl\u00ednico potente mediante un modelo basado en el consenso profesional y la capacidad de colaboraci\u00f3n entre el ICO y el ICS.<\/p>\n\n\n\n<p>En esta edici\u00f3n han participado profesionales de diferentes especialidades como Oncolog\u00eda M\u00e9dica, Oncolog\u00eda Radioter\u00e1pica, Paliativos, Farmacia y Enfermer\u00eda de los centros ICO y del ICS, como el Hospital U. Vall d&#8217;Hebron, Hospital U. Arnau de Vilanova de Lleida y Hospital Virgen de la Cinta de Tortosa) y Consorcio Sanitario de Terrassa, Hospital Parc Taul\u00ed Sabadell, Hospital Sant Pau y Santa Tecla de Tarragona y el Hospital del Mar de Barcelona. Entre ellos, Estrella Acosta, especialista en Oncolog\u00eda Radioter\u00e1pica de la Unidad de tumores ORL y ginecol\u00f3gicos del Consorci Sanitari de Terrassa.<\/p>\n\n\n\n<p>Se trata de una actualizaci\u00f3n de la gu\u00eda publicada anteriormente, en la que se recogen los principales avances en diagn\u00f3stico y terap\u00e9utica y se aporta una visi\u00f3n integral del manejo interdisciplinario del c\u00e1ncer de cabeza y cuello en todas las etapas de la enfermedad, incluyendo el consejo gen\u00e9tico y la oncogeriatr\u00eda.<\/p>\n\n\n\n<p>Sin embargo en estos momentos existen varios grupos que est\u00e1n trabajando en otras patolog\u00edas como son el c\u00e1ncer de pulm\u00f3n no microc\u00edtico precoz, c\u00e1ncer de ovario, mieloma m\u00faltiple y pr\u00f3ximamente se iniciar\u00e1n los grupos de trabajo para nuevas gu\u00edas ICO-ICSPraxi como la p\u00farpura trombocitop\u00e9nica inmune.<\/p>\n<\/div>\n<\/div>\n","protected":false},"excerpt":{"rendered":"<p>La gu\u00eda ha sido elaborada por el Instituto Catal\u00e1n de Oncolog\u00eda (ICO), el Instituto Catal\u00e1n de la Salud (ICS) y del Instituto del Diagn\u00f3stico por la Imagen (IDI) Este mes de enero se ha presentado la actualizaci\u00f3n de la \u201cGu\u00eda del ICO-ICS Praxis de tratamiento m\u00e9dico y con irradiaci\u00f3n del c\u00e1ncer de orofaringe, cavidad oral, [&hellip;]<\/p>\n","protected":false},"author":4,"featured_media":15560,"comment_status":"open","ping_status":"open","sticky":false,"template":"","format":"standard","meta":{"_acf_changed":false,"footnotes":""},"categories":[681],"tags":[452,682],"class_list":["post-15564","post","type-post","status-publish","format-standard","has-post-thumbnail","hentry","category-radioterapia-es","tag-hospital-de-terrassa-es","tag-radioterapia-es"],"acf":[],"yoast_head":"<!-- This site is optimized with the Yoast SEO plugin v27.2 - https:\/\/yoast.com\/product\/yoast-seo-wordpress\/ -->\n<title>Estrella Acosta, del Consorcio Sanitario de Terrassa, participa en la gu\u00eda actualizada de c\u00e1ncer de cabeza y cuello - CST<\/title>\n<meta name=\"robots\" content=\"index, follow, max-snippet:-1, max-image-preview:large, max-video-preview:-1\" \/>\n<link rel=\"canonical\" href=\"https:\/\/cst.cat\/es\/estrella-acosta-del-consorcio-sanitario-de-terrassa-participa-en-la-guia-actualizada-de-cancer-de-cabeza-y-cuello\/\" \/>\n<meta property=\"og:locale\" content=\"es_ES\" \/>\n<meta property=\"og:type\" content=\"article\" \/>\n<meta property=\"og:title\" content=\"Estrella Acosta, del Consorcio Sanitario de Terrassa, participa en la gu\u00eda actualizada de c\u00e1ncer de cabeza y cuello - CST\" \/>\n<meta property=\"og:description\" content=\"La gu\u00eda ha sido elaborada por el Instituto Catal\u00e1n de Oncolog\u00eda (ICO), el Instituto Catal\u00e1n de la Salud (ICS) y del Instituto del Diagn\u00f3stico por la Imagen (IDI) Este mes de enero se ha presentado la actualizaci\u00f3n de la \u201cGu\u00eda del ICO-ICS Praxis de tratamiento m\u00e9dico y con irradiaci\u00f3n del c\u00e1ncer de orofaringe, cavidad oral, [&hellip;]\" \/>\n<meta property=\"og:url\" content=\"https:\/\/cst.cat\/es\/estrella-acosta-del-consorcio-sanitario-de-terrassa-participa-en-la-guia-actualizada-de-cancer-de-cabeza-y-cuello\/\" \/>\n<meta property=\"og:site_name\" content=\"CST\" \/>\n<meta property=\"article:published_time\" content=\"2023-01-13T14:52:33+00:00\" \/>\n<meta property=\"og:image\" content=\"https:\/\/cst.cat\/wp-content\/uploads\/2023\/01\/mida-web.png\" \/>\n\t<meta property=\"og:image:width\" content=\"700\" \/>\n\t<meta property=\"og:image:height\" content=\"468\" \/>\n\t<meta property=\"og:image:type\" content=\"image\/png\" \/>\n<meta name=\"author\" content=\"aromero\" \/>\n<meta name=\"twitter:card\" content=\"summary_large_image\" \/>\n<meta name=\"twitter:label1\" content=\"Escrito por\" \/>\n\t<meta name=\"twitter:data1\" content=\"aromero\" \/>\n\t<meta name=\"twitter:label2\" content=\"Tiempo de lectura\" \/>\n\t<meta name=\"twitter:data2\" content=\"2 minutos\" \/>\n<script type=\"application\/ld+json\" class=\"yoast-schema-graph\">{\"@context\":\"https:\/\/schema.org\",\"@graph\":[{\"@type\":\"Article\",\"@id\":\"https:\/\/cst.cat\/es\/estrella-acosta-del-consorcio-sanitario-de-terrassa-participa-en-la-guia-actualizada-de-cancer-de-cabeza-y-cuello\/#article\",\"isPartOf\":{\"@id\":\"https:\/\/cst.cat\/es\/estrella-acosta-del-consorcio-sanitario-de-terrassa-participa-en-la-guia-actualizada-de-cancer-de-cabeza-y-cuello\/\"},\"author\":{\"name\":\"aromero\",\"@id\":\"https:\/\/cst.cat\/es\/#\/schema\/person\/1c6c9ac24850fe70cc7617ce9e2c869b\"},\"headline\":\"Estrella Acosta, del Consorcio Sanitario de Terrassa, participa en la gu\u00eda actualizada de c\u00e1ncer de cabeza y cuello\",\"datePublished\":\"2023-01-13T14:52:33+00:00\",\"mainEntityOfPage\":{\"@id\":\"https:\/\/cst.cat\/es\/estrella-acosta-del-consorcio-sanitario-de-terrassa-participa-en-la-guia-actualizada-de-cancer-de-cabeza-y-cuello\/\"},\"wordCount\":451,\"commentCount\":0,\"publisher\":{\"@id\":\"https:\/\/cst.cat\/es\/#organization\"},\"image\":{\"@id\":\"https:\/\/cst.cat\/es\/estrella-acosta-del-consorcio-sanitario-de-terrassa-participa-en-la-guia-actualizada-de-cancer-de-cabeza-y-cuello\/#primaryimage\"},\"thumbnailUrl\":\"https:\/\/cst.cat\/wp-content\/uploads\/2023\/01\/mida-web.png\",\"keywords\":[\"Hospital de Terrassa\",\"Radioterapia\"],\"articleSection\":[\"Radioterapia\"],\"inLanguage\":\"es\",\"potentialAction\":[{\"@type\":\"CommentAction\",\"name\":\"Comment\",\"target\":[\"https:\/\/cst.cat\/es\/estrella-acosta-del-consorcio-sanitario-de-terrassa-participa-en-la-guia-actualizada-de-cancer-de-cabeza-y-cuello\/#respond\"]}]},{\"@type\":\"WebPage\",\"@id\":\"https:\/\/cst.cat\/es\/estrella-acosta-del-consorcio-sanitario-de-terrassa-participa-en-la-guia-actualizada-de-cancer-de-cabeza-y-cuello\/\",\"url\":\"https:\/\/cst.cat\/es\/estrella-acosta-del-consorcio-sanitario-de-terrassa-participa-en-la-guia-actualizada-de-cancer-de-cabeza-y-cuello\/\",\"name\":\"Estrella Acosta, del Consorcio Sanitario de Terrassa, participa en la gu\u00eda actualizada de c\u00e1ncer de cabeza y cuello - CST\",\"isPartOf\":{\"@id\":\"https:\/\/cst.cat\/es\/#website\"},\"primaryImageOfPage\":{\"@id\":\"https:\/\/cst.cat\/es\/estrella-acosta-del-consorcio-sanitario-de-terrassa-participa-en-la-guia-actualizada-de-cancer-de-cabeza-y-cuello\/#primaryimage\"},\"image\":{\"@id\":\"https:\/\/cst.cat\/es\/estrella-acosta-del-consorcio-sanitario-de-terrassa-participa-en-la-guia-actualizada-de-cancer-de-cabeza-y-cuello\/#primaryimage\"},\"thumbnailUrl\":\"https:\/\/cst.cat\/wp-content\/uploads\/2023\/01\/mida-web.png\",\"datePublished\":\"2023-01-13T14:52:33+00:00\",\"breadcrumb\":{\"@id\":\"https:\/\/cst.cat\/es\/estrella-acosta-del-consorcio-sanitario-de-terrassa-participa-en-la-guia-actualizada-de-cancer-de-cabeza-y-cuello\/#breadcrumb\"},\"inLanguage\":\"es\",\"potentialAction\":[{\"@type\":\"ReadAction\",\"target\":[\"https:\/\/cst.cat\/es\/estrella-acosta-del-consorcio-sanitario-de-terrassa-participa-en-la-guia-actualizada-de-cancer-de-cabeza-y-cuello\/\"]}]},{\"@type\":\"ImageObject\",\"inLanguage\":\"es\",\"@id\":\"https:\/\/cst.cat\/es\/estrella-acosta-del-consorcio-sanitario-de-terrassa-participa-en-la-guia-actualizada-de-cancer-de-cabeza-y-cuello\/#primaryimage\",\"url\":\"https:\/\/cst.cat\/wp-content\/uploads\/2023\/01\/mida-web.png\",\"contentUrl\":\"https:\/\/cst.cat\/wp-content\/uploads\/2023\/01\/mida-web.png\",\"width\":700,\"height\":468},{\"@type\":\"BreadcrumbList\",\"@id\":\"https:\/\/cst.cat\/es\/estrella-acosta-del-consorcio-sanitario-de-terrassa-participa-en-la-guia-actualizada-de-cancer-de-cabeza-y-cuello\/#breadcrumb\",\"itemListElement\":[{\"@type\":\"ListItem\",\"position\":1,\"name\":\"Inici\",\"item\":\"https:\/\/cst.cat\/es\/\"},{\"@type\":\"ListItem\",\"position\":2,\"name\":\"Estrella Acosta, del Consorcio Sanitario de Terrassa, participa en la gu\u00eda actualizada de c\u00e1ncer de cabeza y cuello\"}]},{\"@type\":\"WebSite\",\"@id\":\"https:\/\/cst.cat\/es\/#website\",\"url\":\"https:\/\/cst.cat\/es\/\",\"name\":\"CST\",\"description\":\"\",\"publisher\":{\"@id\":\"https:\/\/cst.cat\/es\/#organization\"},\"potentialAction\":[{\"@type\":\"SearchAction\",\"target\":{\"@type\":\"EntryPoint\",\"urlTemplate\":\"https:\/\/cst.cat\/es\/?s={search_term_string}\"},\"query-input\":{\"@type\":\"PropertyValueSpecification\",\"valueRequired\":true,\"valueName\":\"search_term_string\"}}],\"inLanguage\":\"es\"},{\"@type\":\"Organization\",\"@id\":\"https:\/\/cst.cat\/es\/#organization\",\"name\":\"Consorci Sanitari de Terrassa\",\"url\":\"https:\/\/cst.cat\/es\/\",\"logo\":{\"@type\":\"ImageObject\",\"inLanguage\":\"es\",\"@id\":\"https:\/\/cst.cat\/es\/#\/schema\/logo\/image\/\",\"url\":\"https:\/\/cst.cat\/wp-content\/uploads\/2021\/09\/logo-header.svg\",\"contentUrl\":\"https:\/\/cst.cat\/wp-content\/uploads\/2021\/09\/logo-header.svg\",\"width\":90,\"height\":32,\"caption\":\"Consorci Sanitari de Terrassa\"},\"image\":{\"@id\":\"https:\/\/cst.cat\/es\/#\/schema\/logo\/image\/\"}},{\"@type\":\"Person\",\"@id\":\"https:\/\/cst.cat\/es\/#\/schema\/person\/1c6c9ac24850fe70cc7617ce9e2c869b\",\"name\":\"aromero\",\"image\":{\"@type\":\"ImageObject\",\"inLanguage\":\"es\",\"@id\":\"https:\/\/secure.gravatar.com\/avatar\/c40b84030f91249a9d94c6b1a2d85c1d905122266b37992d135461e810bfc09b?s=96&d=mm&r=g\",\"url\":\"https:\/\/secure.gravatar.com\/avatar\/c40b84030f91249a9d94c6b1a2d85c1d905122266b37992d135461e810bfc09b?s=96&d=mm&r=g\",\"contentUrl\":\"https:\/\/secure.gravatar.com\/avatar\/c40b84030f91249a9d94c6b1a2d85c1d905122266b37992d135461e810bfc09b?s=96&d=mm&r=g\",\"caption\":\"aromero\"},\"url\":\"https:\/\/cst.cat\/es\/author\/aromero\/\"}]}<\/script>\n<!-- \/ Yoast SEO plugin. -->","yoast_head_json":{"title":"Estrella Acosta, del Consorcio Sanitario de Terrassa, participa en la gu\u00eda actualizada de c\u00e1ncer de cabeza y cuello - CST","robots":{"index":"index","follow":"follow","max-snippet":"max-snippet:-1","max-image-preview":"max-image-preview:large","max-video-preview":"max-video-preview:-1"},"canonical":"https:\/\/cst.cat\/es\/estrella-acosta-del-consorcio-sanitario-de-terrassa-participa-en-la-guia-actualizada-de-cancer-de-cabeza-y-cuello\/","og_locale":"es_ES","og_type":"article","og_title":"Estrella Acosta, del Consorcio Sanitario de Terrassa, participa en la gu\u00eda actualizada de c\u00e1ncer de cabeza y cuello - CST","og_description":"La gu\u00eda ha sido elaborada por el Instituto Catal\u00e1n de Oncolog\u00eda (ICO), el Instituto Catal\u00e1n de la Salud (ICS) y del Instituto del Diagn\u00f3stico por la Imagen (IDI) Este mes de enero se ha presentado la actualizaci\u00f3n de la \u201cGu\u00eda del ICO-ICS Praxis de tratamiento m\u00e9dico y con irradiaci\u00f3n del c\u00e1ncer de orofaringe, cavidad oral, [&hellip;]","og_url":"https:\/\/cst.cat\/es\/estrella-acosta-del-consorcio-sanitario-de-terrassa-participa-en-la-guia-actualizada-de-cancer-de-cabeza-y-cuello\/","og_site_name":"CST","article_published_time":"2023-01-13T14:52:33+00:00","og_image":[{"width":700,"height":468,"url":"https:\/\/cst.cat\/wp-content\/uploads\/2023\/01\/mida-web.png","type":"image\/png"}],"author":"aromero","twitter_card":"summary_large_image","twitter_misc":{"Escrito por":"aromero","Tiempo de lectura":"2 minutos"},"schema":{"@context":"https:\/\/schema.org","@graph":[{"@type":"Article","@id":"https:\/\/cst.cat\/es\/estrella-acosta-del-consorcio-sanitario-de-terrassa-participa-en-la-guia-actualizada-de-cancer-de-cabeza-y-cuello\/#article","isPartOf":{"@id":"https:\/\/cst.cat\/es\/estrella-acosta-del-consorcio-sanitario-de-terrassa-participa-en-la-guia-actualizada-de-cancer-de-cabeza-y-cuello\/"},"author":{"name":"aromero","@id":"https:\/\/cst.cat\/es\/#\/schema\/person\/1c6c9ac24850fe70cc7617ce9e2c869b"},"headline":"Estrella Acosta, del Consorcio Sanitario de Terrassa, participa en la gu\u00eda actualizada de c\u00e1ncer de cabeza y cuello","datePublished":"2023-01-13T14:52:33+00:00","mainEntityOfPage":{"@id":"https:\/\/cst.cat\/es\/estrella-acosta-del-consorcio-sanitario-de-terrassa-participa-en-la-guia-actualizada-de-cancer-de-cabeza-y-cuello\/"},"wordCount":451,"commentCount":0,"publisher":{"@id":"https:\/\/cst.cat\/es\/#organization"},"image":{"@id":"https:\/\/cst.cat\/es\/estrella-acosta-del-consorcio-sanitario-de-terrassa-participa-en-la-guia-actualizada-de-cancer-de-cabeza-y-cuello\/#primaryimage"},"thumbnailUrl":"https:\/\/cst.cat\/wp-content\/uploads\/2023\/01\/mida-web.png","keywords":["Hospital de Terrassa","Radioterapia"],"articleSection":["Radioterapia"],"inLanguage":"es","potentialAction":[{"@type":"CommentAction","name":"Comment","target":["https:\/\/cst.cat\/es\/estrella-acosta-del-consorcio-sanitario-de-terrassa-participa-en-la-guia-actualizada-de-cancer-de-cabeza-y-cuello\/#respond"]}]},{"@type":"WebPage","@id":"https:\/\/cst.cat\/es\/estrella-acosta-del-consorcio-sanitario-de-terrassa-participa-en-la-guia-actualizada-de-cancer-de-cabeza-y-cuello\/","url":"https:\/\/cst.cat\/es\/estrella-acosta-del-consorcio-sanitario-de-terrassa-participa-en-la-guia-actualizada-de-cancer-de-cabeza-y-cuello\/","name":"Estrella Acosta, del Consorcio Sanitario de Terrassa, participa en la gu\u00eda actualizada de c\u00e1ncer de cabeza y cuello - CST","isPartOf":{"@id":"https:\/\/cst.cat\/es\/#website"},"primaryImageOfPage":{"@id":"https:\/\/cst.cat\/es\/estrella-acosta-del-consorcio-sanitario-de-terrassa-participa-en-la-guia-actualizada-de-cancer-de-cabeza-y-cuello\/#primaryimage"},"image":{"@id":"https:\/\/cst.cat\/es\/estrella-acosta-del-consorcio-sanitario-de-terrassa-participa-en-la-guia-actualizada-de-cancer-de-cabeza-y-cuello\/#primaryimage"},"thumbnailUrl":"https:\/\/cst.cat\/wp-content\/uploads\/2023\/01\/mida-web.png","datePublished":"2023-01-13T14:52:33+00:00","breadcrumb":{"@id":"https:\/\/cst.cat\/es\/estrella-acosta-del-consorcio-sanitario-de-terrassa-participa-en-la-guia-actualizada-de-cancer-de-cabeza-y-cuello\/#breadcrumb"},"inLanguage":"es","potentialAction":[{"@type":"ReadAction","target":["https:\/\/cst.cat\/es\/estrella-acosta-del-consorcio-sanitario-de-terrassa-participa-en-la-guia-actualizada-de-cancer-de-cabeza-y-cuello\/"]}]},{"@type":"ImageObject","inLanguage":"es","@id":"https:\/\/cst.cat\/es\/estrella-acosta-del-consorcio-sanitario-de-terrassa-participa-en-la-guia-actualizada-de-cancer-de-cabeza-y-cuello\/#primaryimage","url":"https:\/\/cst.cat\/wp-content\/uploads\/2023\/01\/mida-web.png","contentUrl":"https:\/\/cst.cat\/wp-content\/uploads\/2023\/01\/mida-web.png","width":700,"height":468},{"@type":"BreadcrumbList","@id":"https:\/\/cst.cat\/es\/estrella-acosta-del-consorcio-sanitario-de-terrassa-participa-en-la-guia-actualizada-de-cancer-de-cabeza-y-cuello\/#breadcrumb","itemListElement":[{"@type":"ListItem","position":1,"name":"Inici","item":"https:\/\/cst.cat\/es\/"},{"@type":"ListItem","position":2,"name":"Estrella Acosta, del Consorcio Sanitario de Terrassa, participa en la gu\u00eda actualizada de c\u00e1ncer de cabeza y cuello"}]},{"@type":"WebSite","@id":"https:\/\/cst.cat\/es\/#website","url":"https:\/\/cst.cat\/es\/","name":"CST","description":"","publisher":{"@id":"https:\/\/cst.cat\/es\/#organization"},"potentialAction":[{"@type":"SearchAction","target":{"@type":"EntryPoint","urlTemplate":"https:\/\/cst.cat\/es\/?s={search_term_string}"},"query-input":{"@type":"PropertyValueSpecification","valueRequired":true,"valueName":"search_term_string"}}],"inLanguage":"es"},{"@type":"Organization","@id":"https:\/\/cst.cat\/es\/#organization","name":"Consorci Sanitari de Terrassa","url":"https:\/\/cst.cat\/es\/","logo":{"@type":"ImageObject","inLanguage":"es","@id":"https:\/\/cst.cat\/es\/#\/schema\/logo\/image\/","url":"https:\/\/cst.cat\/wp-content\/uploads\/2021\/09\/logo-header.svg","contentUrl":"https:\/\/cst.cat\/wp-content\/uploads\/2021\/09\/logo-header.svg","width":90,"height":32,"caption":"Consorci Sanitari de Terrassa"},"image":{"@id":"https:\/\/cst.cat\/es\/#\/schema\/logo\/image\/"}},{"@type":"Person","@id":"https:\/\/cst.cat\/es\/#\/schema\/person\/1c6c9ac24850fe70cc7617ce9e2c869b","name":"aromero","image":{"@type":"ImageObject","inLanguage":"es","@id":"https:\/\/secure.gravatar.com\/avatar\/c40b84030f91249a9d94c6b1a2d85c1d905122266b37992d135461e810bfc09b?s=96&d=mm&r=g","url":"https:\/\/secure.gravatar.com\/avatar\/c40b84030f91249a9d94c6b1a2d85c1d905122266b37992d135461e810bfc09b?s=96&d=mm&r=g","contentUrl":"https:\/\/secure.gravatar.com\/avatar\/c40b84030f91249a9d94c6b1a2d85c1d905122266b37992d135461e810bfc09b?s=96&d=mm&r=g","caption":"aromero"},"url":"https:\/\/cst.cat\/es\/author\/aromero\/"}]}},"_links":{"self":[{"href":"https:\/\/cst.cat\/es\/wp-json\/wp\/v2\/posts\/15564","targetHints":{"allow":["GET"]}}],"collection":[{"href":"https:\/\/cst.cat\/es\/wp-json\/wp\/v2\/posts"}],"about":[{"href":"https:\/\/cst.cat\/es\/wp-json\/wp\/v2\/types\/post"}],"author":[{"embeddable":true,"href":"https:\/\/cst.cat\/es\/wp-json\/wp\/v2\/users\/4"}],"replies":[{"embeddable":true,"href":"https:\/\/cst.cat\/es\/wp-json\/wp\/v2\/comments?post=15564"}],"version-history":[{"count":0,"href":"https:\/\/cst.cat\/es\/wp-json\/wp\/v2\/posts\/15564\/revisions"}],"wp:featuredmedia":[{"embeddable":true,"href":"https:\/\/cst.cat\/es\/wp-json\/wp\/v2\/media\/15560"}],"wp:attachment":[{"href":"https:\/\/cst.cat\/es\/wp-json\/wp\/v2\/media?parent=15564"}],"wp:term":[{"taxonomy":"category","embeddable":true,"href":"https:\/\/cst.cat\/es\/wp-json\/wp\/v2\/categories?post=15564"},{"taxonomy":"post_tag","embeddable":true,"href":"https:\/\/cst.cat\/es\/wp-json\/wp\/v2\/tags?post=15564"}],"curies":[{"name":"wp","href":"https:\/\/api.w.org\/{rel}","templated":true}]}}