{"id":16110,"date":"2023-01-26T15:21:12","date_gmt":"2023-01-26T14:21:12","guid":{"rendered":"https:\/\/cst.cat\/los-alumnos-del-master-en-direccion-de-instituciones-sanitarias-visitan-el-cst\/"},"modified":"2023-01-26T15:21:13","modified_gmt":"2023-01-26T14:21:13","slug":"los-alumnos-del-master-en-direccion-de-instituciones-sanitarias-visitan-el-cst","status":"publish","type":"post","link":"https:\/\/cst.cat\/es\/los-alumnos-del-master-en-direccion-de-instituciones-sanitarias-visitan-el-cst\/","title":{"rendered":"Los alumnos del M\u00e1ster en Direcci\u00f3n de Instituciones Sanitarias visitan el CST"},"content":{"rendered":"\n<div class=\"wp-block-columns is-layout-flex wp-container-core-columns-is-layout-9d6595d7 wp-block-columns-is-layout-flex\">\n<div class=\"wp-block-column acces-lft is-layout-flow wp-block-column-is-layout-flow\" style=\"flex-basis:30%\">\n<figure class=\"wp-block-image size-full\"><img loading=\"lazy\" decoding=\"async\" width=\"700\" height=\"468\" src=\"https:\/\/cst.cat\/wp-content\/uploads\/2023\/01\/700x468-22.png\" alt=\"\" class=\"wp-image-16105\" srcset=\"https:\/\/cst.cat\/wp-content\/uploads\/2023\/01\/700x468-22.png 700w, https:\/\/cst.cat\/wp-content\/uploads\/2023\/01\/700x468-22-600x401.png 600w\" sizes=\"auto, (max-width: 700px) 100vw, 700px\" \/><\/figure><\/div>\n\n\n\n<div class=\"wp-block-column acces-rgt is-layout-flow wp-block-column-is-layout-flow\" style=\"flex-basis:70%\">\n<h2 class=\"wp-block-heading\">Un a\u00f1o m\u00e1s el Hospital de Terrassa recibi\u00f3 la visita t\u00e9cnica de treinta y cinco alumnos en la XXII edici\u00f3n del M\u00e1ster en Direcci\u00f3n de Instituciones Sanitarias organizado por la Universidad Aut\u00f3noma de Barcelona (UAB)<\/h2>\n\n\n\n<p>La jornada se inici\u00f3 con la presentaci\u00f3n \u00abEl Consorcio Sanitario de Terrassa una Organizaci\u00f3n Sanitaria Integrada\u00bb, a cargo del Dr. Jaume Boadas, director ejecutivo asistencial del CST.<\/p>\n\n\n\n<p>A continuaci\u00f3n fue el turno de las c\u00e1psulas de gesti\u00f3n cl\u00ednica bajo el nombre \u00abVentana \u00danica\u00bb, \u00abUnidad de Pr\u00e1ctica Integrada de Acceso Vascular\u00bb, \u00abPIMAC: modelo de competencias de Enfermer\u00eda\u00bb y \u00abModelo territorial de atenci\u00f3n al lergol\u00f3gica del Vall\u00e8s Occidental\u201d, desarrolladas por especialistas de cada \u00e1mbito del Consorcio Sanitario de Terrassa.<\/p>\n\n\n\n<p>A continuaci\u00f3n se realiz\u00f3 un recorrido por las instalaciones de Fisioterapia y Rehabilitaci\u00f3n, Pabell\u00f3n Penitenciario y Servicio de Radioterapia.<\/p>\n\n\n\n<p>La visita cerr\u00f3 con el visionado y posterior debate del v\u00eddeo \u00bb <a href=\"https:\/\/cst.cat\/es\/una-veintena-de-proyectos-de-humanizacion-del-cst-protagonistas-del-documental-humanizacion-en-el-consorci-sanitari-de-terrassa\/\">Humanizaci\u00f3n en el Consorcio Sanitario de Terrassa\u00bb<\/a> .<\/p>\n\n\n\n<p>Un a\u00f1o m\u00e1s, la jornada ha sido muy bien valorada por parte de todos los asistentes.<\/p>\n<\/div>\n<\/div>\n","protected":false},"excerpt":{"rendered":"<p>Un a\u00f1o m\u00e1s el Hospital de Terrassa recibi\u00f3 la visita t\u00e9cnica de treinta y cinco alumnos en la XXII edici\u00f3n del M\u00e1ster en Direcci\u00f3n de Instituciones Sanitarias organizado por la Universidad Aut\u00f3noma de Barcelona (UAB) La jornada se inici\u00f3 con la presentaci\u00f3n \u00abEl Consorcio Sanitario de Terrassa una Organizaci\u00f3n Sanitaria Integrada\u00bb, a cargo del Dr. [&hellip;]<\/p>\n","protected":false},"author":5,"featured_media":16108,"comment_status":"open","ping_status":"open","sticky":false,"template":"","format":"standard","meta":{"_acf_changed":false,"footnotes":""},"categories":[181],"tags":[1007],"class_list":["post-16110","post","type-post","status-publish","format-standard","has-post-thumbnail","hentry","category-cst-es","tag-uab-es"],"acf":[],"yoast_head":"<!-- This site is optimized with the Yoast SEO plugin v27.2 - https:\/\/yoast.com\/product\/yoast-seo-wordpress\/ -->\n<title>Los alumnos del M\u00e1ster en Direcci\u00f3n de Instituciones Sanitarias visitan el CST - CST<\/title>\n<meta name=\"robots\" content=\"index, follow, max-snippet:-1, max-image-preview:large, max-video-preview:-1\" \/>\n<link rel=\"canonical\" href=\"https:\/\/cst.cat\/es\/los-alumnos-del-master-en-direccion-de-instituciones-sanitarias-visitan-el-cst\/\" \/>\n<meta property=\"og:locale\" content=\"es_ES\" \/>\n<meta property=\"og:type\" content=\"article\" \/>\n<meta property=\"og:title\" content=\"Los alumnos del M\u00e1ster en Direcci\u00f3n de Instituciones Sanitarias visitan el CST - CST\" \/>\n<meta property=\"og:description\" content=\"Un a\u00f1o m\u00e1s el Hospital de Terrassa recibi\u00f3 la visita t\u00e9cnica de treinta y cinco alumnos en la XXII edici\u00f3n del M\u00e1ster en Direcci\u00f3n de Instituciones Sanitarias organizado por la Universidad Aut\u00f3noma de Barcelona (UAB) La jornada se inici\u00f3 con la presentaci\u00f3n \u00abEl Consorcio Sanitario de Terrassa una Organizaci\u00f3n Sanitaria Integrada\u00bb, a cargo del Dr. [&hellip;]\" \/>\n<meta property=\"og:url\" content=\"https:\/\/cst.cat\/es\/los-alumnos-del-master-en-direccion-de-instituciones-sanitarias-visitan-el-cst\/\" \/>\n<meta property=\"og:site_name\" content=\"CST\" \/>\n<meta property=\"article:published_time\" content=\"2023-01-26T14:21:12+00:00\" \/>\n<meta property=\"article:modified_time\" content=\"2023-01-26T14:21:13+00:00\" \/>\n<meta property=\"og:image\" content=\"https:\/\/cst.cat\/wp-content\/uploads\/2023\/01\/700x468-23.png\" \/>\n\t<meta property=\"og:image:width\" content=\"700\" \/>\n\t<meta property=\"og:image:height\" content=\"468\" \/>\n\t<meta property=\"og:image:type\" content=\"image\/png\" \/>\n<meta name=\"author\" content=\"xfranco\" \/>\n<meta name=\"twitter:card\" content=\"summary_large_image\" \/>\n<meta name=\"twitter:label1\" content=\"Escrito por\" \/>\n\t<meta name=\"twitter:data1\" content=\"xfranco\" \/>\n\t<meta name=\"twitter:label2\" content=\"Tiempo de lectura\" \/>\n\t<meta name=\"twitter:data2\" content=\"1 minuto\" \/>\n<script type=\"application\/ld+json\" class=\"yoast-schema-graph\">{\"@context\":\"https:\/\/schema.org\",\"@graph\":[{\"@type\":\"Article\",\"@id\":\"https:\/\/cst.cat\/es\/los-alumnos-del-master-en-direccion-de-instituciones-sanitarias-visitan-el-cst\/#article\",\"isPartOf\":{\"@id\":\"https:\/\/cst.cat\/es\/los-alumnos-del-master-en-direccion-de-instituciones-sanitarias-visitan-el-cst\/\"},\"author\":{\"name\":\"xfranco\",\"@id\":\"https:\/\/cst.cat\/es\/#\/schema\/person\/3b11da62a36ae3eb23449b9d67c922f9\"},\"headline\":\"Los alumnos del M\u00e1ster en Direcci\u00f3n de Instituciones Sanitarias visitan el CST\",\"datePublished\":\"2023-01-26T14:21:12+00:00\",\"dateModified\":\"2023-01-26T14:21:13+00:00\",\"mainEntityOfPage\":{\"@id\":\"https:\/\/cst.cat\/es\/los-alumnos-del-master-en-direccion-de-instituciones-sanitarias-visitan-el-cst\/\"},\"wordCount\":204,\"commentCount\":0,\"publisher\":{\"@id\":\"https:\/\/cst.cat\/es\/#organization\"},\"image\":{\"@id\":\"https:\/\/cst.cat\/es\/los-alumnos-del-master-en-direccion-de-instituciones-sanitarias-visitan-el-cst\/#primaryimage\"},\"thumbnailUrl\":\"https:\/\/cst.cat\/wp-content\/uploads\/2023\/01\/700x468-23.png\",\"keywords\":[\"uab\"],\"articleSection\":[\"CST\"],\"inLanguage\":\"es\",\"potentialAction\":[{\"@type\":\"CommentAction\",\"name\":\"Comment\",\"target\":[\"https:\/\/cst.cat\/es\/los-alumnos-del-master-en-direccion-de-instituciones-sanitarias-visitan-el-cst\/#respond\"]}]},{\"@type\":\"WebPage\",\"@id\":\"https:\/\/cst.cat\/es\/los-alumnos-del-master-en-direccion-de-instituciones-sanitarias-visitan-el-cst\/\",\"url\":\"https:\/\/cst.cat\/es\/los-alumnos-del-master-en-direccion-de-instituciones-sanitarias-visitan-el-cst\/\",\"name\":\"Los alumnos del M\u00e1ster en Direcci\u00f3n de Instituciones Sanitarias visitan el CST - CST\",\"isPartOf\":{\"@id\":\"https:\/\/cst.cat\/es\/#website\"},\"primaryImageOfPage\":{\"@id\":\"https:\/\/cst.cat\/es\/los-alumnos-del-master-en-direccion-de-instituciones-sanitarias-visitan-el-cst\/#primaryimage\"},\"image\":{\"@id\":\"https:\/\/cst.cat\/es\/los-alumnos-del-master-en-direccion-de-instituciones-sanitarias-visitan-el-cst\/#primaryimage\"},\"thumbnailUrl\":\"https:\/\/cst.cat\/wp-content\/uploads\/2023\/01\/700x468-23.png\",\"datePublished\":\"2023-01-26T14:21:12+00:00\",\"dateModified\":\"2023-01-26T14:21:13+00:00\",\"breadcrumb\":{\"@id\":\"https:\/\/cst.cat\/es\/los-alumnos-del-master-en-direccion-de-instituciones-sanitarias-visitan-el-cst\/#breadcrumb\"},\"inLanguage\":\"es\",\"potentialAction\":[{\"@type\":\"ReadAction\",\"target\":[\"https:\/\/cst.cat\/es\/los-alumnos-del-master-en-direccion-de-instituciones-sanitarias-visitan-el-cst\/\"]}]},{\"@type\":\"ImageObject\",\"inLanguage\":\"es\",\"@id\":\"https:\/\/cst.cat\/es\/los-alumnos-del-master-en-direccion-de-instituciones-sanitarias-visitan-el-cst\/#primaryimage\",\"url\":\"https:\/\/cst.cat\/wp-content\/uploads\/2023\/01\/700x468-23.png\",\"contentUrl\":\"https:\/\/cst.cat\/wp-content\/uploads\/2023\/01\/700x468-23.png\",\"width\":700,\"height\":468},{\"@type\":\"BreadcrumbList\",\"@id\":\"https:\/\/cst.cat\/es\/los-alumnos-del-master-en-direccion-de-instituciones-sanitarias-visitan-el-cst\/#breadcrumb\",\"itemListElement\":[{\"@type\":\"ListItem\",\"position\":1,\"name\":\"Inici\",\"item\":\"https:\/\/cst.cat\/es\/\"},{\"@type\":\"ListItem\",\"position\":2,\"name\":\"Los alumnos del M\u00e1ster en Direcci\u00f3n de Instituciones Sanitarias visitan el CST\"}]},{\"@type\":\"WebSite\",\"@id\":\"https:\/\/cst.cat\/es\/#website\",\"url\":\"https:\/\/cst.cat\/es\/\",\"name\":\"CST\",\"description\":\"\",\"publisher\":{\"@id\":\"https:\/\/cst.cat\/es\/#organization\"},\"potentialAction\":[{\"@type\":\"SearchAction\",\"target\":{\"@type\":\"EntryPoint\",\"urlTemplate\":\"https:\/\/cst.cat\/es\/?s={search_term_string}\"},\"query-input\":{\"@type\":\"PropertyValueSpecification\",\"valueRequired\":true,\"valueName\":\"search_term_string\"}}],\"inLanguage\":\"es\"},{\"@type\":\"Organization\",\"@id\":\"https:\/\/cst.cat\/es\/#organization\",\"name\":\"Consorci Sanitari de Terrassa\",\"url\":\"https:\/\/cst.cat\/es\/\",\"logo\":{\"@type\":\"ImageObject\",\"inLanguage\":\"es\",\"@id\":\"https:\/\/cst.cat\/es\/#\/schema\/logo\/image\/\",\"url\":\"https:\/\/cst.cat\/wp-content\/uploads\/2021\/09\/logo-header.svg\",\"contentUrl\":\"https:\/\/cst.cat\/wp-content\/uploads\/2021\/09\/logo-header.svg\",\"width\":90,\"height\":32,\"caption\":\"Consorci Sanitari de Terrassa\"},\"image\":{\"@id\":\"https:\/\/cst.cat\/es\/#\/schema\/logo\/image\/\"}},{\"@type\":\"Person\",\"@id\":\"https:\/\/cst.cat\/es\/#\/schema\/person\/3b11da62a36ae3eb23449b9d67c922f9\",\"name\":\"xfranco\",\"image\":{\"@type\":\"ImageObject\",\"inLanguage\":\"es\",\"@id\":\"https:\/\/secure.gravatar.com\/avatar\/2ebd62adc577a39e207bb342150bfb5ca00c0b0491c1af248227192c73e0e259?s=96&d=mm&r=g\",\"url\":\"https:\/\/secure.gravatar.com\/avatar\/2ebd62adc577a39e207bb342150bfb5ca00c0b0491c1af248227192c73e0e259?s=96&d=mm&r=g\",\"contentUrl\":\"https:\/\/secure.gravatar.com\/avatar\/2ebd62adc577a39e207bb342150bfb5ca00c0b0491c1af248227192c73e0e259?s=96&d=mm&r=g\",\"caption\":\"xfranco\"},\"url\":\"https:\/\/cst.cat\/es\/author\/xfranco\/\"}]}<\/script>\n<!-- \/ Yoast SEO plugin. -->","yoast_head_json":{"title":"Los alumnos del M\u00e1ster en Direcci\u00f3n de Instituciones Sanitarias visitan el CST - CST","robots":{"index":"index","follow":"follow","max-snippet":"max-snippet:-1","max-image-preview":"max-image-preview:large","max-video-preview":"max-video-preview:-1"},"canonical":"https:\/\/cst.cat\/es\/los-alumnos-del-master-en-direccion-de-instituciones-sanitarias-visitan-el-cst\/","og_locale":"es_ES","og_type":"article","og_title":"Los alumnos del M\u00e1ster en Direcci\u00f3n de Instituciones Sanitarias visitan el CST - CST","og_description":"Un a\u00f1o m\u00e1s el Hospital de Terrassa recibi\u00f3 la visita t\u00e9cnica de treinta y cinco alumnos en la XXII edici\u00f3n del M\u00e1ster en Direcci\u00f3n de Instituciones Sanitarias organizado por la Universidad Aut\u00f3noma de Barcelona (UAB) La jornada se inici\u00f3 con la presentaci\u00f3n \u00abEl Consorcio Sanitario de Terrassa una Organizaci\u00f3n Sanitaria Integrada\u00bb, a cargo del Dr. [&hellip;]","og_url":"https:\/\/cst.cat\/es\/los-alumnos-del-master-en-direccion-de-instituciones-sanitarias-visitan-el-cst\/","og_site_name":"CST","article_published_time":"2023-01-26T14:21:12+00:00","article_modified_time":"2023-01-26T14:21:13+00:00","og_image":[{"width":700,"height":468,"url":"https:\/\/cst.cat\/wp-content\/uploads\/2023\/01\/700x468-23.png","type":"image\/png"}],"author":"xfranco","twitter_card":"summary_large_image","twitter_misc":{"Escrito por":"xfranco","Tiempo de lectura":"1 minuto"},"schema":{"@context":"https:\/\/schema.org","@graph":[{"@type":"Article","@id":"https:\/\/cst.cat\/es\/los-alumnos-del-master-en-direccion-de-instituciones-sanitarias-visitan-el-cst\/#article","isPartOf":{"@id":"https:\/\/cst.cat\/es\/los-alumnos-del-master-en-direccion-de-instituciones-sanitarias-visitan-el-cst\/"},"author":{"name":"xfranco","@id":"https:\/\/cst.cat\/es\/#\/schema\/person\/3b11da62a36ae3eb23449b9d67c922f9"},"headline":"Los alumnos del M\u00e1ster en Direcci\u00f3n de Instituciones Sanitarias visitan el CST","datePublished":"2023-01-26T14:21:12+00:00","dateModified":"2023-01-26T14:21:13+00:00","mainEntityOfPage":{"@id":"https:\/\/cst.cat\/es\/los-alumnos-del-master-en-direccion-de-instituciones-sanitarias-visitan-el-cst\/"},"wordCount":204,"commentCount":0,"publisher":{"@id":"https:\/\/cst.cat\/es\/#organization"},"image":{"@id":"https:\/\/cst.cat\/es\/los-alumnos-del-master-en-direccion-de-instituciones-sanitarias-visitan-el-cst\/#primaryimage"},"thumbnailUrl":"https:\/\/cst.cat\/wp-content\/uploads\/2023\/01\/700x468-23.png","keywords":["uab"],"articleSection":["CST"],"inLanguage":"es","potentialAction":[{"@type":"CommentAction","name":"Comment","target":["https:\/\/cst.cat\/es\/los-alumnos-del-master-en-direccion-de-instituciones-sanitarias-visitan-el-cst\/#respond"]}]},{"@type":"WebPage","@id":"https:\/\/cst.cat\/es\/los-alumnos-del-master-en-direccion-de-instituciones-sanitarias-visitan-el-cst\/","url":"https:\/\/cst.cat\/es\/los-alumnos-del-master-en-direccion-de-instituciones-sanitarias-visitan-el-cst\/","name":"Los alumnos del M\u00e1ster en Direcci\u00f3n de Instituciones Sanitarias visitan el CST - CST","isPartOf":{"@id":"https:\/\/cst.cat\/es\/#website"},"primaryImageOfPage":{"@id":"https:\/\/cst.cat\/es\/los-alumnos-del-master-en-direccion-de-instituciones-sanitarias-visitan-el-cst\/#primaryimage"},"image":{"@id":"https:\/\/cst.cat\/es\/los-alumnos-del-master-en-direccion-de-instituciones-sanitarias-visitan-el-cst\/#primaryimage"},"thumbnailUrl":"https:\/\/cst.cat\/wp-content\/uploads\/2023\/01\/700x468-23.png","datePublished":"2023-01-26T14:21:12+00:00","dateModified":"2023-01-26T14:21:13+00:00","breadcrumb":{"@id":"https:\/\/cst.cat\/es\/los-alumnos-del-master-en-direccion-de-instituciones-sanitarias-visitan-el-cst\/#breadcrumb"},"inLanguage":"es","potentialAction":[{"@type":"ReadAction","target":["https:\/\/cst.cat\/es\/los-alumnos-del-master-en-direccion-de-instituciones-sanitarias-visitan-el-cst\/"]}]},{"@type":"ImageObject","inLanguage":"es","@id":"https:\/\/cst.cat\/es\/los-alumnos-del-master-en-direccion-de-instituciones-sanitarias-visitan-el-cst\/#primaryimage","url":"https:\/\/cst.cat\/wp-content\/uploads\/2023\/01\/700x468-23.png","contentUrl":"https:\/\/cst.cat\/wp-content\/uploads\/2023\/01\/700x468-23.png","width":700,"height":468},{"@type":"BreadcrumbList","@id":"https:\/\/cst.cat\/es\/los-alumnos-del-master-en-direccion-de-instituciones-sanitarias-visitan-el-cst\/#breadcrumb","itemListElement":[{"@type":"ListItem","position":1,"name":"Inici","item":"https:\/\/cst.cat\/es\/"},{"@type":"ListItem","position":2,"name":"Los alumnos del M\u00e1ster en Direcci\u00f3n de Instituciones Sanitarias visitan el CST"}]},{"@type":"WebSite","@id":"https:\/\/cst.cat\/es\/#website","url":"https:\/\/cst.cat\/es\/","name":"CST","description":"","publisher":{"@id":"https:\/\/cst.cat\/es\/#organization"},"potentialAction":[{"@type":"SearchAction","target":{"@type":"EntryPoint","urlTemplate":"https:\/\/cst.cat\/es\/?s={search_term_string}"},"query-input":{"@type":"PropertyValueSpecification","valueRequired":true,"valueName":"search_term_string"}}],"inLanguage":"es"},{"@type":"Organization","@id":"https:\/\/cst.cat\/es\/#organization","name":"Consorci Sanitari de Terrassa","url":"https:\/\/cst.cat\/es\/","logo":{"@type":"ImageObject","inLanguage":"es","@id":"https:\/\/cst.cat\/es\/#\/schema\/logo\/image\/","url":"https:\/\/cst.cat\/wp-content\/uploads\/2021\/09\/logo-header.svg","contentUrl":"https:\/\/cst.cat\/wp-content\/uploads\/2021\/09\/logo-header.svg","width":90,"height":32,"caption":"Consorci Sanitari de Terrassa"},"image":{"@id":"https:\/\/cst.cat\/es\/#\/schema\/logo\/image\/"}},{"@type":"Person","@id":"https:\/\/cst.cat\/es\/#\/schema\/person\/3b11da62a36ae3eb23449b9d67c922f9","name":"xfranco","image":{"@type":"ImageObject","inLanguage":"es","@id":"https:\/\/secure.gravatar.com\/avatar\/2ebd62adc577a39e207bb342150bfb5ca00c0b0491c1af248227192c73e0e259?s=96&d=mm&r=g","url":"https:\/\/secure.gravatar.com\/avatar\/2ebd62adc577a39e207bb342150bfb5ca00c0b0491c1af248227192c73e0e259?s=96&d=mm&r=g","contentUrl":"https:\/\/secure.gravatar.com\/avatar\/2ebd62adc577a39e207bb342150bfb5ca00c0b0491c1af248227192c73e0e259?s=96&d=mm&r=g","caption":"xfranco"},"url":"https:\/\/cst.cat\/es\/author\/xfranco\/"}]}},"_links":{"self":[{"href":"https:\/\/cst.cat\/es\/wp-json\/wp\/v2\/posts\/16110","targetHints":{"allow":["GET"]}}],"collection":[{"href":"https:\/\/cst.cat\/es\/wp-json\/wp\/v2\/posts"}],"about":[{"href":"https:\/\/cst.cat\/es\/wp-json\/wp\/v2\/types\/post"}],"author":[{"embeddable":true,"href":"https:\/\/cst.cat\/es\/wp-json\/wp\/v2\/users\/5"}],"replies":[{"embeddable":true,"href":"https:\/\/cst.cat\/es\/wp-json\/wp\/v2\/comments?post=16110"}],"version-history":[{"count":0,"href":"https:\/\/cst.cat\/es\/wp-json\/wp\/v2\/posts\/16110\/revisions"}],"wp:featuredmedia":[{"embeddable":true,"href":"https:\/\/cst.cat\/es\/wp-json\/wp\/v2\/media\/16108"}],"wp:attachment":[{"href":"https:\/\/cst.cat\/es\/wp-json\/wp\/v2\/media?parent=16110"}],"wp:term":[{"taxonomy":"category","embeddable":true,"href":"https:\/\/cst.cat\/es\/wp-json\/wp\/v2\/categories?post=16110"},{"taxonomy":"post_tag","embeddable":true,"href":"https:\/\/cst.cat\/es\/wp-json\/wp\/v2\/tags?post=16110"}],"curies":[{"name":"wp","href":"https:\/\/api.w.org\/{rel}","templated":true}]}}