{"id":16394,"date":"2023-02-04T09:00:56","date_gmt":"2023-02-04T08:00:56","guid":{"rendered":"https:\/\/cst.cat\/hoy-es-el-dia-mundial-contra-el-cancer-que-es-la-segunda-causa-de-muerte-en-el-mundo\/"},"modified":"2023-02-06T09:58:49","modified_gmt":"2023-02-06T08:58:49","slug":"hoy-es-el-dia-mundial-contra-el-cancer-que-es-la-segunda-causa-de-muerte-en-el-mundo","status":"publish","type":"post","link":"https:\/\/cst.cat\/es\/hoy-es-el-dia-mundial-contra-el-cancer-que-es-la-segunda-causa-de-muerte-en-el-mundo\/","title":{"rendered":"Hoy es el D\u00eda Mundial contra el c\u00e1ncer, que es la segunda causa de muerte en el mundo."},"content":{"rendered":"\n<div class=\"wp-block-columns is-layout-flex wp-container-core-columns-is-layout-9d6595d7 wp-block-columns-is-layout-flex\">\n<div class=\"wp-block-column acces-lft is-layout-flow wp-block-column-is-layout-flow\" style=\"flex-basis:30%\">\n<figure class=\"wp-block-image size-full\"><img loading=\"lazy\" decoding=\"async\" width=\"700\" height=\"468\" src=\"https:\/\/cst.cat\/wp-content\/uploads\/2023\/02\/Remei-Web-1.png\" alt=\"\" class=\"wp-image-16276\" srcset=\"https:\/\/cst.cat\/wp-content\/uploads\/2023\/02\/Remei-Web-1.png 700w, https:\/\/cst.cat\/wp-content\/uploads\/2023\/02\/Remei-Web-1-600x401.png 600w\" sizes=\"auto, (max-width: 700px) 100vw, 700px\" \/><\/figure><\/div>\n\n\n\n<div class=\"wp-block-column acces-rgt is-layout-flow wp-block-column-is-layout-flow\" style=\"flex-basis:70%\">\n<h2 class=\"wp-block-heading\">Hemos hablado de esta enfermedad con la Dra. Remei Blanco, Jefe del Servicio de Oncolog\u00eda M\u00e9dica del Consorcio Sanitario de Terrassa<\/h2>\n\n\n\n<p>El objetivo de esta celebraci\u00f3n, promovida por la Uni\u00f3n Internacional Contra el C\u00e1ncer (UICC) con el apoyo de la Organizaci\u00f3n Mundial de la Salud (OMS), es sensibilizar a la poblaci\u00f3n mundial sobre el c\u00e1ncer, con especial incidencia en el \u00e1mbito de la prevenci\u00f3n.<\/p>\n\n\n\n<p>Este a\u00f1o, con el lema \u00abPor unos cuidados m\u00e1s justos\u00bb, la campa\u00f1a pretende concienciar de la falta de equidad en el acceso a la atenci\u00f3n oncol\u00f3gica en todo el mundo. Aunque en los \u00faltimos a\u00f1os se han producido muchos avances en los \u00e1mbitos de la prevenci\u00f3n, diagn\u00f3stico y tratamiento del c\u00e1ncer, muchas de las personas afectadas tienen dificultades para recibir una atenci\u00f3n adecuada, en funci\u00f3n de factores como el lugar de residencia y la renta.<\/p>\n\n\n\n<p>Es necesario, por tanto, luchar contra estas desigualdades y conseguir que todas las personas puedan hacer frente a la enfermedad en las mismas condiciones.<\/p>\n\n\n\n<p>\n          <strong>. Cada a\u00f1o mueren unos 10 millones de personas a causa del c\u00e1ncer. Es la segunda causa de muerte en el mundo. \u00bfCu\u00e1les son las causas de tanta incidencia?<\/strong>\n        <\/p>\n\n\n\n<p>Las causas son diversas. En primer lugar, el c\u00e1ncer es una enfermedad m\u00e1s prevalente en las personas mayores, y cada vez hay m\u00e1s mayores en nuestra sociedad. Justamente el 2 de febrero se celebra en nuestro centro una Jornada para debatir c\u00f3mo debe desarrollarse la Oncogeriatr\u00eda en nuestra pr\u00e1ctica diaria.<\/p>\n\n\n\n<p>Por otro lado est\u00e1n los programas de cribado, que hacen que se detecten m\u00e1s tumores en fases iniciales. Esto aumenta la probabilidad de supervivencia pero, obviamente, tambi\u00e9n aumenta el volumen de las consultas. No sabemos si algunos de estos casos detectados en fase precoz nunca habr\u00edan llegado a dar s\u00edntomas antes de la muerte de la persona por otras causas. \u00c9ste es uno de los <em>handicaps<\/em> de los programas de cribado.<\/p>\n\n\n\n<p>En tercer lugar, los avances en el tratamiento del c\u00e1ncer est\u00e1n haciendo que las personas afectadas vivan m\u00e1s tiempo, m\u00e1s a\u00f1os. Esto hace que exista un aumento en la prevalencia de la enfermedad.<\/p>\n\n\n\n<p>Y, por \u00faltimo, no cabe duda de que la forma de vida actual, el sedentarismo, determinados entornos laborales, el tabaquismo y los malos h\u00e1bitos alimenticios tienen una responsabilidad clara en el aumento de la incidencia de c\u00e1ncer que estamos observando.<\/p>\n\n\n\n<p>\n          <strong>. \u00bfQu\u00e9 c\u00e1nceres son los m\u00e1s frecuentes en Espa\u00f1a? \u00bfExisten diferencias entre hombres y mujeres?<\/strong>\n        <\/p>\n\n\n\n<p>Hay diferencias, s\u00ed. En los hombres, los c\u00e1nceres m\u00e1s frecuentes son el de pr\u00f3stata, el de pulm\u00f3n y el de colon. Y en las mujeres lo m\u00e1s frecuente es el c\u00e1ncer de mama, seguido del c\u00e1ncer de colon y el c\u00e1ncer de pulm\u00f3n.<\/p>\n\n\n\n<p>Pero hay que tener en cuenta que m\u00e1s incidencia no significa mayor mortalidad. Por ejemplo, en los hombres el c\u00e1ncer de pr\u00f3stata es el m\u00e1s frecuente, pero la mayor mortalidad a\u00fan viene del c\u00e1ncer de pulm\u00f3n. En cambio, en las mujeres, la mayor mortalidad viene por el c\u00e1ncer de mama, aunque estamos viendo que la mortalidad por c\u00e1ncer de pulm\u00f3n va aumentando peligrosamente y se le acerca. En Estados Unidos ya mueren m\u00e1s mujeres por c\u00e1ncer de pulm\u00f3n que por c\u00e1ncer de mama.<\/p>\n\n\n\n<p>\n          <strong>. \u00bfPodemos dar algunos consejos para minimizar la probabilidad de sufrir un c\u00e1ncer? Seg\u00fan hemos le\u00eddo un tercio de los c\u00e1nceres comunes puede evitarse.<\/strong>\n        <\/p>\n\n\n\n<p>S\u00ed, podr\u00edan evitarse mejorando los estilos de vida, evitando el tabaquismo, haciendo m\u00e1s ejercicio y cuidando la alimentaci\u00f3n: evitar los precocinados, incrementar la ingesta de fibra vegetal, etc.<\/p>\n\n\n\n<p>Por los c\u00e1nceres m\u00e1s frecuentes seguir los programas de cribado indicados por la atenci\u00f3n primaria (de c\u00e1ncer de mama y de c\u00e1ncer de colon) y eliminar el tabaco de nuestra sociedad ser\u00edan unos factores con un gran impacto al disminuir la mortalidad por c\u00e1ncer. <\/p>\n\n\n\n<p>Y no olvidemos el impacto que han demostrado algunos programas de vacunaci\u00f3n, como la vacuna contra el virus del papiloma en la prevenci\u00f3n del c\u00e1ncer de c\u00e9rvix uterino, del c\u00e1ncer de cavidad oral y del c\u00e1ncer de canal anal.<\/p>\n\n\n\n<p>\n          <strong>. \u00bfExisten s\u00edntomas que puedan avisarnos de un posible c\u00e1ncer? Hablamos de bultos extra\u00f1os, hemorragias, p\u00e9rdida de peso&#8230;<\/strong>\n        <\/p>\n\n\n\n<p>Tradicionalmente se ha dicho que cualquier s\u00edntoma extra\u00f1o que persista en el tiempo, uno o dos meses, deber\u00eda ser motivo de consulta para descartar una causa org\u00e1nica. Creo que ese consejo es correcto. Evidentemente, si adem\u00e1s existe un deterioro del estado general o una p\u00e9rdida de peso llamativa, las probabilidades de tener un diagn\u00f3stico de enfermedad neopl\u00e1sica aumentan.<\/p>\n\n\n\n<p>Pero es necesario utilizar el sentido com\u00fan. No hace falta caer en la hipocondr\u00eda ni en el pasotismo. Cuando a alguien le duele la espalda, lo m\u00e1s frecuente sigue siendo que tenga artrosis. Cuando alguien pierde peso de forma injustificada, puede ser por diabetes o hipertiroidismo u otras enfermedades no oncol\u00f3gicas. \u00a1Pero tambi\u00e9n hay que diagnosticarlas!<\/p>\n\n\n\n<p>Lo preocupante es que hay personas que se pasan meses encontr\u00e1ndose mal, pensando que tienen algo grave, pero no consultan por miedo a lo que se puedan encontrar.<\/p>\n\n\n\n<p>Creo que es muy importante la educaci\u00f3n sanitaria ya en las escuelas. Hay que ense\u00f1ar buenos h\u00e1bitos de vida a nuestros ni\u00f1os y adolescentes, informar de forma realista sobre las consecuencias del tabaquismo y otras adicciones, y ense\u00f1arles c\u00f3mo y cu\u00e1ndo hay que consultar a los profesionales sanitarios.<\/p>\n\n\n\n<p>\n          <strong>. Este a\u00f1o el lema de la campa\u00f1a es &#8216;Por unos cuidados m\u00e1s justos&#8217;, que pretende concienciar de la falta de equidad en el acceso a la atenci\u00f3n oncol\u00f3gica en todo el mundo. Aunque en los \u00faltimos a\u00f1os se han producido muchos avances en los \u00e1mbitos de la prevenci\u00f3n, diagn\u00f3stico y tratamiento del c\u00e1ncer, muchas de las personas afectadas tienen dificultades para recibir una atenci\u00f3n adecuada. \u00bfC\u00f3mo podr\u00eda revertirse esta situaci\u00f3n?<\/strong>\n        <\/p>\n\n\n\n<p>\u00c9sta es una pregunta muy compleja. Si hablamos a nivel global, partimos ya de unas diferencias socioecon\u00f3micas brutales entre los pa\u00edses llamados \u00abdesarrollados\u00bb y el tercer mundo. Esto se traduce, obviamente, en grandes diferencias en el acceso a la sanidad. Pero creo que tu pregunta se refiere m\u00e1s a las diferencias que existen en nuestro entorno. Y es cierto que existen. No me refiero a las diferencias en el tratamiento que reciben las personas que pueden acceder a la sanidad privada y las que se tratan en la sanidad p\u00fablica. Es cierto que los tiempos de espera pueden ser algo m\u00e1s largos en la sanidad p\u00fablica, pero me atrevo a decir que el acceso a los f\u00e1rmacos y el manejo global de las enfermedades oncol\u00f3gicas han sido las \u00faltimas d\u00e9cadas mejores en la sanidad p\u00fablica que en la privada. Y todav\u00eda nos mantenemos en esta situaci\u00f3n, a pesar del deterioro que est\u00e1 sufriendo la sanidad p\u00fablica y de la carencia de recursos que sufrimos de forma cr\u00f3nica. Sin embargo, creo que sigue existiendo una conciencia de prioridad para las enfermedades oncol\u00f3gicas, que hace que los tiempos se mantengan dentro de l\u00edmites razonables.<\/p>\n\n\n\n<p>En mi opini\u00f3n lo m\u00e1s preocupante en nuestro entorno es el retraso para poder administrar los tratamientos m\u00e1s nuevos y eficaces a nuestros pacientes. Podemos llegar a tener un retraso de uno o dos a\u00f1os respecto al resto de Europa. Habr\u00eda una pol\u00edtica sanitaria mucho m\u00e1s resolutiva en este sentido. Adem\u00e1s, existe una gran disparidad en cuanto al acceso a f\u00e1rmacos entre diferentes comunidades aut\u00f3nomas. Sin duda, aqu\u00ed s\u00ed que hay grandes agravios comparativos, y creo que es muy importante que la sociedad est\u00e9 informada de que esto est\u00e1 ocurriendo.<strong><\/strong><\/p>\n<\/div>\n<\/div>\n","protected":false},"excerpt":{"rendered":"<p>Hemos hablado de esta enfermedad con la Dra. Remei Blanco, Jefe del Servicio de Oncolog\u00eda M\u00e9dica del Consorcio Sanitario de Terrassa El objetivo de esta celebraci\u00f3n, promovida por la Uni\u00f3n Internacional Contra el C\u00e1ncer (UICC) con el apoyo de la Organizaci\u00f3n Mundial de la Salud (OMS), es sensibilizar a la poblaci\u00f3n mundial sobre el c\u00e1ncer, [&hellip;]<\/p>\n","protected":false},"author":4,"featured_media":16275,"comment_status":"open","ping_status":"open","sticky":false,"template":"","format":"standard","meta":{"_acf_changed":false,"footnotes":""},"categories":[533],"tags":[671,1021,340],"class_list":["post-16394","post","type-post","status-publish","format-standard","has-post-thumbnail","hentry","category-dia-mundial-es","tag-oncologia-es","tag-cancer-es","tag-dia-mundial-es"],"acf":[],"yoast_head":"<!-- This site is optimized with the Yoast SEO plugin v27.2 - https:\/\/yoast.com\/product\/yoast-seo-wordpress\/ -->\n<title>Hoy es el D\u00eda Mundial contra el c\u00e1ncer, que es la segunda causa de muerte en el mundo. - CST<\/title>\n<meta name=\"robots\" content=\"index, follow, max-snippet:-1, max-image-preview:large, max-video-preview:-1\" \/>\n<link rel=\"canonical\" href=\"https:\/\/cst.cat\/es\/hoy-es-el-dia-mundial-contra-el-cancer-que-es-la-segunda-causa-de-muerte-en-el-mundo\/\" \/>\n<meta property=\"og:locale\" content=\"es_ES\" \/>\n<meta property=\"og:type\" content=\"article\" \/>\n<meta property=\"og:title\" content=\"Hoy es el D\u00eda Mundial contra el c\u00e1ncer, que es la segunda causa de muerte en el mundo. - CST\" \/>\n<meta property=\"og:description\" content=\"Hemos hablado de esta enfermedad con la Dra. Remei Blanco, Jefe del Servicio de Oncolog\u00eda M\u00e9dica del Consorcio Sanitario de Terrassa El objetivo de esta celebraci\u00f3n, promovida por la Uni\u00f3n Internacional Contra el C\u00e1ncer (UICC) con el apoyo de la Organizaci\u00f3n Mundial de la Salud (OMS), es sensibilizar a la poblaci\u00f3n mundial sobre el c\u00e1ncer, [&hellip;]\" \/>\n<meta property=\"og:url\" content=\"https:\/\/cst.cat\/es\/hoy-es-el-dia-mundial-contra-el-cancer-que-es-la-segunda-causa-de-muerte-en-el-mundo\/\" \/>\n<meta property=\"og:site_name\" content=\"CST\" \/>\n<meta property=\"article:published_time\" content=\"2023-02-04T08:00:56+00:00\" \/>\n<meta property=\"article:modified_time\" content=\"2023-02-06T08:58:49+00:00\" \/>\n<meta property=\"og:image\" content=\"https:\/\/cst.cat\/wp-content\/uploads\/2023\/02\/Remei-Web.png\" \/>\n\t<meta property=\"og:image:width\" content=\"700\" \/>\n\t<meta property=\"og:image:height\" content=\"468\" \/>\n\t<meta property=\"og:image:type\" content=\"image\/png\" \/>\n<meta name=\"author\" content=\"aromero\" \/>\n<meta name=\"twitter:card\" content=\"summary_large_image\" \/>\n<meta name=\"twitter:label1\" content=\"Escrito por\" \/>\n\t<meta name=\"twitter:data1\" content=\"aromero\" \/>\n\t<meta name=\"twitter:label2\" content=\"Tiempo de lectura\" \/>\n\t<meta name=\"twitter:data2\" content=\"7 minutos\" \/>\n<script type=\"application\/ld+json\" class=\"yoast-schema-graph\">{\"@context\":\"https:\/\/schema.org\",\"@graph\":[{\"@type\":\"Article\",\"@id\":\"https:\/\/cst.cat\/es\/hoy-es-el-dia-mundial-contra-el-cancer-que-es-la-segunda-causa-de-muerte-en-el-mundo\/#article\",\"isPartOf\":{\"@id\":\"https:\/\/cst.cat\/es\/hoy-es-el-dia-mundial-contra-el-cancer-que-es-la-segunda-causa-de-muerte-en-el-mundo\/\"},\"author\":{\"name\":\"aromero\",\"@id\":\"https:\/\/cst.cat\/es\/#\/schema\/person\/1c6c9ac24850fe70cc7617ce9e2c869b\"},\"headline\":\"Hoy es el D\u00eda Mundial contra el c\u00e1ncer, que es la segunda causa de muerte en el mundo.\",\"datePublished\":\"2023-02-04T08:00:56+00:00\",\"dateModified\":\"2023-02-06T08:58:49+00:00\",\"mainEntityOfPage\":{\"@id\":\"https:\/\/cst.cat\/es\/hoy-es-el-dia-mundial-contra-el-cancer-que-es-la-segunda-causa-de-muerte-en-el-mundo\/\"},\"wordCount\":1387,\"commentCount\":0,\"publisher\":{\"@id\":\"https:\/\/cst.cat\/es\/#organization\"},\"image\":{\"@id\":\"https:\/\/cst.cat\/es\/hoy-es-el-dia-mundial-contra-el-cancer-que-es-la-segunda-causa-de-muerte-en-el-mundo\/#primaryimage\"},\"thumbnailUrl\":\"https:\/\/cst.cat\/wp-content\/uploads\/2023\/02\/Remei-Web.png\",\"keywords\":[\"oncolog\u00eda\",\"C\u00e1ncer\",\"D\u00eda Mundial\"],\"articleSection\":[\"D\u00eda Mundial\"],\"inLanguage\":\"es\",\"potentialAction\":[{\"@type\":\"CommentAction\",\"name\":\"Comment\",\"target\":[\"https:\/\/cst.cat\/es\/hoy-es-el-dia-mundial-contra-el-cancer-que-es-la-segunda-causa-de-muerte-en-el-mundo\/#respond\"]}]},{\"@type\":\"WebPage\",\"@id\":\"https:\/\/cst.cat\/es\/hoy-es-el-dia-mundial-contra-el-cancer-que-es-la-segunda-causa-de-muerte-en-el-mundo\/\",\"url\":\"https:\/\/cst.cat\/es\/hoy-es-el-dia-mundial-contra-el-cancer-que-es-la-segunda-causa-de-muerte-en-el-mundo\/\",\"name\":\"Hoy es el D\u00eda Mundial contra el c\u00e1ncer, que es la segunda causa de muerte en el mundo. - CST\",\"isPartOf\":{\"@id\":\"https:\/\/cst.cat\/es\/#website\"},\"primaryImageOfPage\":{\"@id\":\"https:\/\/cst.cat\/es\/hoy-es-el-dia-mundial-contra-el-cancer-que-es-la-segunda-causa-de-muerte-en-el-mundo\/#primaryimage\"},\"image\":{\"@id\":\"https:\/\/cst.cat\/es\/hoy-es-el-dia-mundial-contra-el-cancer-que-es-la-segunda-causa-de-muerte-en-el-mundo\/#primaryimage\"},\"thumbnailUrl\":\"https:\/\/cst.cat\/wp-content\/uploads\/2023\/02\/Remei-Web.png\",\"datePublished\":\"2023-02-04T08:00:56+00:00\",\"dateModified\":\"2023-02-06T08:58:49+00:00\",\"breadcrumb\":{\"@id\":\"https:\/\/cst.cat\/es\/hoy-es-el-dia-mundial-contra-el-cancer-que-es-la-segunda-causa-de-muerte-en-el-mundo\/#breadcrumb\"},\"inLanguage\":\"es\",\"potentialAction\":[{\"@type\":\"ReadAction\",\"target\":[\"https:\/\/cst.cat\/es\/hoy-es-el-dia-mundial-contra-el-cancer-que-es-la-segunda-causa-de-muerte-en-el-mundo\/\"]}]},{\"@type\":\"ImageObject\",\"inLanguage\":\"es\",\"@id\":\"https:\/\/cst.cat\/es\/hoy-es-el-dia-mundial-contra-el-cancer-que-es-la-segunda-causa-de-muerte-en-el-mundo\/#primaryimage\",\"url\":\"https:\/\/cst.cat\/wp-content\/uploads\/2023\/02\/Remei-Web.png\",\"contentUrl\":\"https:\/\/cst.cat\/wp-content\/uploads\/2023\/02\/Remei-Web.png\",\"width\":700,\"height\":468},{\"@type\":\"BreadcrumbList\",\"@id\":\"https:\/\/cst.cat\/es\/hoy-es-el-dia-mundial-contra-el-cancer-que-es-la-segunda-causa-de-muerte-en-el-mundo\/#breadcrumb\",\"itemListElement\":[{\"@type\":\"ListItem\",\"position\":1,\"name\":\"Inici\",\"item\":\"https:\/\/cst.cat\/es\/\"},{\"@type\":\"ListItem\",\"position\":2,\"name\":\"Hoy es el D\u00eda Mundial contra el c\u00e1ncer, que es la segunda causa de muerte en el mundo.\"}]},{\"@type\":\"WebSite\",\"@id\":\"https:\/\/cst.cat\/es\/#website\",\"url\":\"https:\/\/cst.cat\/es\/\",\"name\":\"CST\",\"description\":\"\",\"publisher\":{\"@id\":\"https:\/\/cst.cat\/es\/#organization\"},\"potentialAction\":[{\"@type\":\"SearchAction\",\"target\":{\"@type\":\"EntryPoint\",\"urlTemplate\":\"https:\/\/cst.cat\/es\/?s={search_term_string}\"},\"query-input\":{\"@type\":\"PropertyValueSpecification\",\"valueRequired\":true,\"valueName\":\"search_term_string\"}}],\"inLanguage\":\"es\"},{\"@type\":\"Organization\",\"@id\":\"https:\/\/cst.cat\/es\/#organization\",\"name\":\"Consorci Sanitari de Terrassa\",\"url\":\"https:\/\/cst.cat\/es\/\",\"logo\":{\"@type\":\"ImageObject\",\"inLanguage\":\"es\",\"@id\":\"https:\/\/cst.cat\/es\/#\/schema\/logo\/image\/\",\"url\":\"https:\/\/cst.cat\/wp-content\/uploads\/2021\/09\/logo-header.svg\",\"contentUrl\":\"https:\/\/cst.cat\/wp-content\/uploads\/2021\/09\/logo-header.svg\",\"width\":90,\"height\":32,\"caption\":\"Consorci Sanitari de Terrassa\"},\"image\":{\"@id\":\"https:\/\/cst.cat\/es\/#\/schema\/logo\/image\/\"}},{\"@type\":\"Person\",\"@id\":\"https:\/\/cst.cat\/es\/#\/schema\/person\/1c6c9ac24850fe70cc7617ce9e2c869b\",\"name\":\"aromero\",\"image\":{\"@type\":\"ImageObject\",\"inLanguage\":\"es\",\"@id\":\"https:\/\/secure.gravatar.com\/avatar\/c40b84030f91249a9d94c6b1a2d85c1d905122266b37992d135461e810bfc09b?s=96&d=mm&r=g\",\"url\":\"https:\/\/secure.gravatar.com\/avatar\/c40b84030f91249a9d94c6b1a2d85c1d905122266b37992d135461e810bfc09b?s=96&d=mm&r=g\",\"contentUrl\":\"https:\/\/secure.gravatar.com\/avatar\/c40b84030f91249a9d94c6b1a2d85c1d905122266b37992d135461e810bfc09b?s=96&d=mm&r=g\",\"caption\":\"aromero\"},\"url\":\"https:\/\/cst.cat\/es\/author\/aromero\/\"}]}<\/script>\n<!-- \/ Yoast SEO plugin. -->","yoast_head_json":{"title":"Hoy es el D\u00eda Mundial contra el c\u00e1ncer, que es la segunda causa de muerte en el mundo. - CST","robots":{"index":"index","follow":"follow","max-snippet":"max-snippet:-1","max-image-preview":"max-image-preview:large","max-video-preview":"max-video-preview:-1"},"canonical":"https:\/\/cst.cat\/es\/hoy-es-el-dia-mundial-contra-el-cancer-que-es-la-segunda-causa-de-muerte-en-el-mundo\/","og_locale":"es_ES","og_type":"article","og_title":"Hoy es el D\u00eda Mundial contra el c\u00e1ncer, que es la segunda causa de muerte en el mundo. - CST","og_description":"Hemos hablado de esta enfermedad con la Dra. Remei Blanco, Jefe del Servicio de Oncolog\u00eda M\u00e9dica del Consorcio Sanitario de Terrassa El objetivo de esta celebraci\u00f3n, promovida por la Uni\u00f3n Internacional Contra el C\u00e1ncer (UICC) con el apoyo de la Organizaci\u00f3n Mundial de la Salud (OMS), es sensibilizar a la poblaci\u00f3n mundial sobre el c\u00e1ncer, [&hellip;]","og_url":"https:\/\/cst.cat\/es\/hoy-es-el-dia-mundial-contra-el-cancer-que-es-la-segunda-causa-de-muerte-en-el-mundo\/","og_site_name":"CST","article_published_time":"2023-02-04T08:00:56+00:00","article_modified_time":"2023-02-06T08:58:49+00:00","og_image":[{"width":700,"height":468,"url":"https:\/\/cst.cat\/wp-content\/uploads\/2023\/02\/Remei-Web.png","type":"image\/png"}],"author":"aromero","twitter_card":"summary_large_image","twitter_misc":{"Escrito por":"aromero","Tiempo de lectura":"7 minutos"},"schema":{"@context":"https:\/\/schema.org","@graph":[{"@type":"Article","@id":"https:\/\/cst.cat\/es\/hoy-es-el-dia-mundial-contra-el-cancer-que-es-la-segunda-causa-de-muerte-en-el-mundo\/#article","isPartOf":{"@id":"https:\/\/cst.cat\/es\/hoy-es-el-dia-mundial-contra-el-cancer-que-es-la-segunda-causa-de-muerte-en-el-mundo\/"},"author":{"name":"aromero","@id":"https:\/\/cst.cat\/es\/#\/schema\/person\/1c6c9ac24850fe70cc7617ce9e2c869b"},"headline":"Hoy es el D\u00eda Mundial contra el c\u00e1ncer, que es la segunda causa de muerte en el mundo.","datePublished":"2023-02-04T08:00:56+00:00","dateModified":"2023-02-06T08:58:49+00:00","mainEntityOfPage":{"@id":"https:\/\/cst.cat\/es\/hoy-es-el-dia-mundial-contra-el-cancer-que-es-la-segunda-causa-de-muerte-en-el-mundo\/"},"wordCount":1387,"commentCount":0,"publisher":{"@id":"https:\/\/cst.cat\/es\/#organization"},"image":{"@id":"https:\/\/cst.cat\/es\/hoy-es-el-dia-mundial-contra-el-cancer-que-es-la-segunda-causa-de-muerte-en-el-mundo\/#primaryimage"},"thumbnailUrl":"https:\/\/cst.cat\/wp-content\/uploads\/2023\/02\/Remei-Web.png","keywords":["oncolog\u00eda","C\u00e1ncer","D\u00eda Mundial"],"articleSection":["D\u00eda Mundial"],"inLanguage":"es","potentialAction":[{"@type":"CommentAction","name":"Comment","target":["https:\/\/cst.cat\/es\/hoy-es-el-dia-mundial-contra-el-cancer-que-es-la-segunda-causa-de-muerte-en-el-mundo\/#respond"]}]},{"@type":"WebPage","@id":"https:\/\/cst.cat\/es\/hoy-es-el-dia-mundial-contra-el-cancer-que-es-la-segunda-causa-de-muerte-en-el-mundo\/","url":"https:\/\/cst.cat\/es\/hoy-es-el-dia-mundial-contra-el-cancer-que-es-la-segunda-causa-de-muerte-en-el-mundo\/","name":"Hoy es el D\u00eda Mundial contra el c\u00e1ncer, que es la segunda causa de muerte en el mundo. - CST","isPartOf":{"@id":"https:\/\/cst.cat\/es\/#website"},"primaryImageOfPage":{"@id":"https:\/\/cst.cat\/es\/hoy-es-el-dia-mundial-contra-el-cancer-que-es-la-segunda-causa-de-muerte-en-el-mundo\/#primaryimage"},"image":{"@id":"https:\/\/cst.cat\/es\/hoy-es-el-dia-mundial-contra-el-cancer-que-es-la-segunda-causa-de-muerte-en-el-mundo\/#primaryimage"},"thumbnailUrl":"https:\/\/cst.cat\/wp-content\/uploads\/2023\/02\/Remei-Web.png","datePublished":"2023-02-04T08:00:56+00:00","dateModified":"2023-02-06T08:58:49+00:00","breadcrumb":{"@id":"https:\/\/cst.cat\/es\/hoy-es-el-dia-mundial-contra-el-cancer-que-es-la-segunda-causa-de-muerte-en-el-mundo\/#breadcrumb"},"inLanguage":"es","potentialAction":[{"@type":"ReadAction","target":["https:\/\/cst.cat\/es\/hoy-es-el-dia-mundial-contra-el-cancer-que-es-la-segunda-causa-de-muerte-en-el-mundo\/"]}]},{"@type":"ImageObject","inLanguage":"es","@id":"https:\/\/cst.cat\/es\/hoy-es-el-dia-mundial-contra-el-cancer-que-es-la-segunda-causa-de-muerte-en-el-mundo\/#primaryimage","url":"https:\/\/cst.cat\/wp-content\/uploads\/2023\/02\/Remei-Web.png","contentUrl":"https:\/\/cst.cat\/wp-content\/uploads\/2023\/02\/Remei-Web.png","width":700,"height":468},{"@type":"BreadcrumbList","@id":"https:\/\/cst.cat\/es\/hoy-es-el-dia-mundial-contra-el-cancer-que-es-la-segunda-causa-de-muerte-en-el-mundo\/#breadcrumb","itemListElement":[{"@type":"ListItem","position":1,"name":"Inici","item":"https:\/\/cst.cat\/es\/"},{"@type":"ListItem","position":2,"name":"Hoy es el D\u00eda Mundial contra el c\u00e1ncer, que es la segunda causa de muerte en el mundo."}]},{"@type":"WebSite","@id":"https:\/\/cst.cat\/es\/#website","url":"https:\/\/cst.cat\/es\/","name":"CST","description":"","publisher":{"@id":"https:\/\/cst.cat\/es\/#organization"},"potentialAction":[{"@type":"SearchAction","target":{"@type":"EntryPoint","urlTemplate":"https:\/\/cst.cat\/es\/?s={search_term_string}"},"query-input":{"@type":"PropertyValueSpecification","valueRequired":true,"valueName":"search_term_string"}}],"inLanguage":"es"},{"@type":"Organization","@id":"https:\/\/cst.cat\/es\/#organization","name":"Consorci Sanitari de Terrassa","url":"https:\/\/cst.cat\/es\/","logo":{"@type":"ImageObject","inLanguage":"es","@id":"https:\/\/cst.cat\/es\/#\/schema\/logo\/image\/","url":"https:\/\/cst.cat\/wp-content\/uploads\/2021\/09\/logo-header.svg","contentUrl":"https:\/\/cst.cat\/wp-content\/uploads\/2021\/09\/logo-header.svg","width":90,"height":32,"caption":"Consorci Sanitari de Terrassa"},"image":{"@id":"https:\/\/cst.cat\/es\/#\/schema\/logo\/image\/"}},{"@type":"Person","@id":"https:\/\/cst.cat\/es\/#\/schema\/person\/1c6c9ac24850fe70cc7617ce9e2c869b","name":"aromero","image":{"@type":"ImageObject","inLanguage":"es","@id":"https:\/\/secure.gravatar.com\/avatar\/c40b84030f91249a9d94c6b1a2d85c1d905122266b37992d135461e810bfc09b?s=96&d=mm&r=g","url":"https:\/\/secure.gravatar.com\/avatar\/c40b84030f91249a9d94c6b1a2d85c1d905122266b37992d135461e810bfc09b?s=96&d=mm&r=g","contentUrl":"https:\/\/secure.gravatar.com\/avatar\/c40b84030f91249a9d94c6b1a2d85c1d905122266b37992d135461e810bfc09b?s=96&d=mm&r=g","caption":"aromero"},"url":"https:\/\/cst.cat\/es\/author\/aromero\/"}]}},"_links":{"self":[{"href":"https:\/\/cst.cat\/es\/wp-json\/wp\/v2\/posts\/16394","targetHints":{"allow":["GET"]}}],"collection":[{"href":"https:\/\/cst.cat\/es\/wp-json\/wp\/v2\/posts"}],"about":[{"href":"https:\/\/cst.cat\/es\/wp-json\/wp\/v2\/types\/post"}],"author":[{"embeddable":true,"href":"https:\/\/cst.cat\/es\/wp-json\/wp\/v2\/users\/4"}],"replies":[{"embeddable":true,"href":"https:\/\/cst.cat\/es\/wp-json\/wp\/v2\/comments?post=16394"}],"version-history":[{"count":0,"href":"https:\/\/cst.cat\/es\/wp-json\/wp\/v2\/posts\/16394\/revisions"}],"wp:featuredmedia":[{"embeddable":true,"href":"https:\/\/cst.cat\/es\/wp-json\/wp\/v2\/media\/16275"}],"wp:attachment":[{"href":"https:\/\/cst.cat\/es\/wp-json\/wp\/v2\/media?parent=16394"}],"wp:term":[{"taxonomy":"category","embeddable":true,"href":"https:\/\/cst.cat\/es\/wp-json\/wp\/v2\/categories?post=16394"},{"taxonomy":"post_tag","embeddable":true,"href":"https:\/\/cst.cat\/es\/wp-json\/wp\/v2\/tags?post=16394"}],"curies":[{"name":"wp","href":"https:\/\/api.w.org\/{rel}","templated":true}]}}