{"id":16762,"date":"2023-02-24T14:16:59","date_gmt":"2023-02-24T13:16:59","guid":{"rendered":"https:\/\/cst.cat\/vi-jornada-de-alergia-territorial-del-valles-occidental-en-el-consorci-sanitari-de-terrassa\/"},"modified":"2023-02-24T14:16:59","modified_gmt":"2023-02-24T13:16:59","slug":"vi-jornada-de-alergia-territorial-del-valles-occidental-en-el-consorci-sanitari-de-terrassa","status":"publish","type":"post","link":"https:\/\/cst.cat\/es\/vi-jornada-de-alergia-territorial-del-valles-occidental-en-el-consorci-sanitari-de-terrassa\/","title":{"rendered":"VI Jornada de Alergia Territorial del Vall\u00e8s Occidental en el Consorci Sanitari de Terrassa"},"content":{"rendered":"\n<div class=\"wp-block-columns is-layout-flex wp-container-core-columns-is-layout-9d6595d7 wp-block-columns-is-layout-flex\">\n<div class=\"wp-block-column acces-lft is-layout-flow wp-block-column-is-layout-flow\" style=\"flex-basis:30%\">\n<figure class=\"wp-block-image size-full\"><img loading=\"lazy\" decoding=\"async\" width=\"700\" height=\"468\" src=\"https:\/\/cst.cat\/wp-content\/uploads\/2023\/02\/700x468p-1.png\" alt=\"\" class=\"wp-image-16757\" srcset=\"https:\/\/cst.cat\/wp-content\/uploads\/2023\/02\/700x468p-1.png 700w, https:\/\/cst.cat\/wp-content\/uploads\/2023\/02\/700x468p-1-600x401.png 600w\" sizes=\"auto, (max-width: 700px) 100vw, 700px\" \/><\/figure><\/div>\n\n\n\n<div class=\"wp-block-column acces-rgt is-layout-flow wp-block-column-is-layout-flow\" style=\"flex-basis:70%\">\n<h2 class=\"wp-block-heading\">La Sala de Actos Joan Costa Roma del Hospital de Terrassa ha sido un a\u00f1o m\u00e1s la sede de la <em>VI Jornada de Alergia Territorial del Vall\u00e8s Occidental,<\/em> este a\u00f1o dedicada a <em>la actualizaci\u00f3n en alergia a himen\u00f3pteros, alergia al l\u00e1tex y f\u00e1rmacos m\u00e1s prevalentes.<\/em><\/h2>\n\n\n\n<p>La jornada ten\u00eda como objetivos mejorar la competencia, tanto en el diagn\u00f3stico como en el tratamiento, de los profesionales sanitarios del CST y del resto de Centros de Atenci\u00f3n Primaria del Vall\u00e9s Occidental que trabajan con pacientes que pueden tener alergias a himen\u00f3pteros, l\u00e1tex y medicamentos y establecer cu\u00e1les son los criterios de derivaci\u00f3n actuales en una Unidad de Alergia. <\/p>\n\n\n\n<p>La inauguraci\u00f3n ha corrido a cargo de Jaume Boadas, director asistencial del CST y Marta Vi\u00f1as, jefe del servicio de Alergia del CST.<\/p>\n\n\n\n<p>En su intervenci\u00f3n, Boadas ha explicado que \u00abel CST es un consorcio p\u00fablico, con un \u00e1rea de influencia de unos 230.000 habitantes, pero el Servicio de Alergia es territorial y da atenci\u00f3n a toda la comarca del Vall\u00e8s Occidental. Es un servicio con una poblaci\u00f3n de referencia cuatro veces mayor que el resto de especialidades.\u00bb Boadas ha expuesto que \u00abel Servicio de Alergia tiene una formaci\u00f3n especializada, que garantiza el relevo en una especialidad en la que faltan profesionales\u00bb.<\/p>\n\n\n\n<p>Marta Vi\u00f1as, ha justificado el motivo de la Jornada: \u00abHemos elegido el tema de los himen\u00f3pteros, que son los grandes desconocidos, porque nos interesa tener claros los criterios de derivaci\u00f3n y de importancia que tiene una persona al\u00e9rgica a un veneno de himen\u00f3ptero. En 2022, adem\u00e1s, hemos actualizado el protocolo del CST de l\u00e1tex en combinaci\u00f3n con el \u00e1mbito quir\u00fargico, por lo que tambi\u00e9n lo tratamos en esta jornada\u00bb, ha asegurado.<\/p>\n\n\n\n<p>Seguidamente ha sido el turno por las dos Mesas Redondas:<\/p>\n\n\n\n<p>La primera, moderada por Adriana Izquierdo y Montse Mart\u00ed, ha sido <em>Etimolog\u00eda y cl\u00ednica<\/em> , con Esperanza P\u00e9rez, m\u00e9dica adjunta del Servicio de Alergia del CST. Despu\u00e9s ha tenido lugar <em>Diagn\u00f3stico y criterios de Derivaci\u00f3n<\/em> , con Marta Vi\u00f1as, jefe del servicio de Alergia del CST; <em>Tratamiento y t\u00e9cnicas espec\u00edficas: repicada<\/em> , con Laia Ferr\u00e9 Ybarz, jefe del Servicio Alergolog\u00eda de Althaia, Red Asistencial Universitaria de Manresa.<\/p>\n\n\n\n<p>La segunda mesa redonda, moderada por Marta Vi\u00f1as y M.Jos\u00e9 Castillo, ha sido <em>Alergia en el l\u00e1tex y f\u00e1rmacos m\u00e1s prevalentes<\/em> . Del servicio de Alergia del CST han intervenido Nora Hern\u00e1ndez, con <em>Alergia al l\u00e1tex<\/em> ; Maria Jos\u00e9 Pe\u00f1alver con <em>Alergia a betalact\u00e1micos<\/em> ; Davinia V\u00e1zquez con <em>Reacciones adversas a medicamentos en pediatr\u00eda<\/em> y Adriana Izquierdo con <em>\u00bfQu\u00e9 abarca el mundo de la alergolog\u00eda?<\/em> Tambi\u00e9n ha intervenido Davinia V\u00e1zquez, m\u00e9dica adjunta del servicio de Pediatr\u00eda del CST con <em>Reacciones adversas a medicamentos en pediatr\u00eda<\/em> .<\/p>\n\n\n\n<p>La clausura ha corrido a cargo de Marta Vi\u00f1as.<\/p>\n\n\n\n<figure class=\"wp-block-image size-full\"><img loading=\"lazy\" decoding=\"async\" width=\"700\" height=\"468\" src=\"https:\/\/cst.cat\/wp-content\/uploads\/2023\/02\/700x468i.png\" alt=\"\" class=\"wp-image-16759\" srcset=\"https:\/\/cst.cat\/wp-content\/uploads\/2023\/02\/700x468i.png 700w, https:\/\/cst.cat\/wp-content\/uploads\/2023\/02\/700x468i-600x401.png 600w\" sizes=\"auto, (max-width: 700px) 100vw, 700px\" \/><\/figure><\/div>\n<\/div>\n","protected":false},"excerpt":{"rendered":"<p>La Sala de Actos Joan Costa Roma del Hospital de Terrassa ha sido un a\u00f1o m\u00e1s la sede de la VI Jornada de Alergia Territorial del Vall\u00e8s Occidental, este a\u00f1o dedicada a la actualizaci\u00f3n en alergia a himen\u00f3pteros, alergia al l\u00e1tex y f\u00e1rmacos m\u00e1s prevalentes. La jornada ten\u00eda como objetivos mejorar la competencia, tanto en [&hellip;]<\/p>\n","protected":false},"author":5,"featured_media":16758,"comment_status":"open","ping_status":"open","sticky":false,"template":"","format":"standard","meta":{"_acf_changed":false,"footnotes":""},"categories":[156],"tags":[900,901,1061,1062,1063],"class_list":["post-16762","post","type-post","status-publish","format-standard","has-post-thumbnail","hentry","category-jornadas-y-congresos","tag-valles-occidental-es","tag-alergia","tag-latex-es","tag-himenopteros","tag-farmacos-prevalentes"],"acf":[],"yoast_head":"<!-- This site is optimized with the Yoast SEO plugin v27.2 - https:\/\/yoast.com\/product\/yoast-seo-wordpress\/ -->\n<title>VI Jornada de Alergia Territorial del Vall\u00e8s Occidental en el Consorci Sanitari de Terrassa - CST<\/title>\n<meta name=\"robots\" content=\"index, follow, max-snippet:-1, max-image-preview:large, max-video-preview:-1\" \/>\n<link rel=\"canonical\" href=\"https:\/\/cst.cat\/es\/vi-jornada-de-alergia-territorial-del-valles-occidental-en-el-consorci-sanitari-de-terrassa\/\" \/>\n<meta property=\"og:locale\" content=\"es_ES\" \/>\n<meta property=\"og:type\" content=\"article\" \/>\n<meta property=\"og:title\" content=\"VI Jornada de Alergia Territorial del Vall\u00e8s Occidental en el Consorci Sanitari de Terrassa - CST\" \/>\n<meta property=\"og:description\" content=\"La Sala de Actos Joan Costa Roma del Hospital de Terrassa ha sido un a\u00f1o m\u00e1s la sede de la VI Jornada de Alergia Territorial del Vall\u00e8s Occidental, este a\u00f1o dedicada a la actualizaci\u00f3n en alergia a himen\u00f3pteros, alergia al l\u00e1tex y f\u00e1rmacos m\u00e1s prevalentes. La jornada ten\u00eda como objetivos mejorar la competencia, tanto en [&hellip;]\" \/>\n<meta property=\"og:url\" content=\"https:\/\/cst.cat\/es\/vi-jornada-de-alergia-territorial-del-valles-occidental-en-el-consorci-sanitari-de-terrassa\/\" \/>\n<meta property=\"og:site_name\" content=\"CST\" \/>\n<meta property=\"article:published_time\" content=\"2023-02-24T13:16:59+00:00\" \/>\n<meta property=\"og:image\" content=\"https:\/\/cst.cat\/wp-content\/uploads\/2023\/02\/700x468p-1.png\" \/>\n\t<meta property=\"og:image:width\" content=\"700\" \/>\n\t<meta property=\"og:image:height\" content=\"468\" \/>\n\t<meta property=\"og:image:type\" content=\"image\/png\" \/>\n<meta name=\"author\" content=\"xfranco\" \/>\n<meta name=\"twitter:card\" content=\"summary_large_image\" \/>\n<meta name=\"twitter:label1\" content=\"Escrito por\" \/>\n\t<meta name=\"twitter:data1\" content=\"xfranco\" \/>\n\t<meta name=\"twitter:label2\" content=\"Tiempo de lectura\" \/>\n\t<meta name=\"twitter:data2\" content=\"3 minutos\" \/>\n<script type=\"application\/ld+json\" class=\"yoast-schema-graph\">{\"@context\":\"https:\/\/schema.org\",\"@graph\":[{\"@type\":\"Article\",\"@id\":\"https:\/\/cst.cat\/es\/vi-jornada-de-alergia-territorial-del-valles-occidental-en-el-consorci-sanitari-de-terrassa\/#article\",\"isPartOf\":{\"@id\":\"https:\/\/cst.cat\/es\/vi-jornada-de-alergia-territorial-del-valles-occidental-en-el-consorci-sanitari-de-terrassa\/\"},\"author\":{\"name\":\"xfranco\",\"@id\":\"https:\/\/cst.cat\/es\/#\/schema\/person\/3b11da62a36ae3eb23449b9d67c922f9\"},\"headline\":\"VI Jornada de Alergia Territorial del Vall\u00e8s Occidental en el Consorci Sanitari de Terrassa\",\"datePublished\":\"2023-02-24T13:16:59+00:00\",\"mainEntityOfPage\":{\"@id\":\"https:\/\/cst.cat\/es\/vi-jornada-de-alergia-territorial-del-valles-occidental-en-el-consorci-sanitari-de-terrassa\/\"},\"wordCount\":520,\"commentCount\":0,\"publisher\":{\"@id\":\"https:\/\/cst.cat\/es\/#organization\"},\"image\":{\"@id\":\"https:\/\/cst.cat\/es\/vi-jornada-de-alergia-territorial-del-valles-occidental-en-el-consorci-sanitari-de-terrassa\/#primaryimage\"},\"thumbnailUrl\":\"https:\/\/cst.cat\/wp-content\/uploads\/2023\/02\/700x468p-1.png\",\"keywords\":[\"Vall\u00e8s Occidental\",\"Alergia\",\"l\u00e1tex\",\"himen\u00f3pteros\",\"f\u00e1rmacos prevalentes\"],\"articleSection\":[\"Jornadas y congresos\"],\"inLanguage\":\"es\",\"potentialAction\":[{\"@type\":\"CommentAction\",\"name\":\"Comment\",\"target\":[\"https:\/\/cst.cat\/es\/vi-jornada-de-alergia-territorial-del-valles-occidental-en-el-consorci-sanitari-de-terrassa\/#respond\"]}]},{\"@type\":\"WebPage\",\"@id\":\"https:\/\/cst.cat\/es\/vi-jornada-de-alergia-territorial-del-valles-occidental-en-el-consorci-sanitari-de-terrassa\/\",\"url\":\"https:\/\/cst.cat\/es\/vi-jornada-de-alergia-territorial-del-valles-occidental-en-el-consorci-sanitari-de-terrassa\/\",\"name\":\"VI Jornada de Alergia Territorial del Vall\u00e8s Occidental en el Consorci Sanitari de Terrassa - CST\",\"isPartOf\":{\"@id\":\"https:\/\/cst.cat\/es\/#website\"},\"primaryImageOfPage\":{\"@id\":\"https:\/\/cst.cat\/es\/vi-jornada-de-alergia-territorial-del-valles-occidental-en-el-consorci-sanitari-de-terrassa\/#primaryimage\"},\"image\":{\"@id\":\"https:\/\/cst.cat\/es\/vi-jornada-de-alergia-territorial-del-valles-occidental-en-el-consorci-sanitari-de-terrassa\/#primaryimage\"},\"thumbnailUrl\":\"https:\/\/cst.cat\/wp-content\/uploads\/2023\/02\/700x468p-1.png\",\"datePublished\":\"2023-02-24T13:16:59+00:00\",\"breadcrumb\":{\"@id\":\"https:\/\/cst.cat\/es\/vi-jornada-de-alergia-territorial-del-valles-occidental-en-el-consorci-sanitari-de-terrassa\/#breadcrumb\"},\"inLanguage\":\"es\",\"potentialAction\":[{\"@type\":\"ReadAction\",\"target\":[\"https:\/\/cst.cat\/es\/vi-jornada-de-alergia-territorial-del-valles-occidental-en-el-consorci-sanitari-de-terrassa\/\"]}]},{\"@type\":\"ImageObject\",\"inLanguage\":\"es\",\"@id\":\"https:\/\/cst.cat\/es\/vi-jornada-de-alergia-territorial-del-valles-occidental-en-el-consorci-sanitari-de-terrassa\/#primaryimage\",\"url\":\"https:\/\/cst.cat\/wp-content\/uploads\/2023\/02\/700x468p-1.png\",\"contentUrl\":\"https:\/\/cst.cat\/wp-content\/uploads\/2023\/02\/700x468p-1.png\",\"width\":700,\"height\":468},{\"@type\":\"BreadcrumbList\",\"@id\":\"https:\/\/cst.cat\/es\/vi-jornada-de-alergia-territorial-del-valles-occidental-en-el-consorci-sanitari-de-terrassa\/#breadcrumb\",\"itemListElement\":[{\"@type\":\"ListItem\",\"position\":1,\"name\":\"Inici\",\"item\":\"https:\/\/cst.cat\/es\/\"},{\"@type\":\"ListItem\",\"position\":2,\"name\":\"VI Jornada de Alergia Territorial del Vall\u00e8s Occidental en el Consorci Sanitari de Terrassa\"}]},{\"@type\":\"WebSite\",\"@id\":\"https:\/\/cst.cat\/es\/#website\",\"url\":\"https:\/\/cst.cat\/es\/\",\"name\":\"CST\",\"description\":\"\",\"publisher\":{\"@id\":\"https:\/\/cst.cat\/es\/#organization\"},\"potentialAction\":[{\"@type\":\"SearchAction\",\"target\":{\"@type\":\"EntryPoint\",\"urlTemplate\":\"https:\/\/cst.cat\/es\/?s={search_term_string}\"},\"query-input\":{\"@type\":\"PropertyValueSpecification\",\"valueRequired\":true,\"valueName\":\"search_term_string\"}}],\"inLanguage\":\"es\"},{\"@type\":\"Organization\",\"@id\":\"https:\/\/cst.cat\/es\/#organization\",\"name\":\"Consorci Sanitari de Terrassa\",\"url\":\"https:\/\/cst.cat\/es\/\",\"logo\":{\"@type\":\"ImageObject\",\"inLanguage\":\"es\",\"@id\":\"https:\/\/cst.cat\/es\/#\/schema\/logo\/image\/\",\"url\":\"https:\/\/cst.cat\/wp-content\/uploads\/2021\/09\/logo-header.svg\",\"contentUrl\":\"https:\/\/cst.cat\/wp-content\/uploads\/2021\/09\/logo-header.svg\",\"width\":90,\"height\":32,\"caption\":\"Consorci Sanitari de Terrassa\"},\"image\":{\"@id\":\"https:\/\/cst.cat\/es\/#\/schema\/logo\/image\/\"}},{\"@type\":\"Person\",\"@id\":\"https:\/\/cst.cat\/es\/#\/schema\/person\/3b11da62a36ae3eb23449b9d67c922f9\",\"name\":\"xfranco\",\"image\":{\"@type\":\"ImageObject\",\"inLanguage\":\"es\",\"@id\":\"https:\/\/secure.gravatar.com\/avatar\/2ebd62adc577a39e207bb342150bfb5ca00c0b0491c1af248227192c73e0e259?s=96&d=mm&r=g\",\"url\":\"https:\/\/secure.gravatar.com\/avatar\/2ebd62adc577a39e207bb342150bfb5ca00c0b0491c1af248227192c73e0e259?s=96&d=mm&r=g\",\"contentUrl\":\"https:\/\/secure.gravatar.com\/avatar\/2ebd62adc577a39e207bb342150bfb5ca00c0b0491c1af248227192c73e0e259?s=96&d=mm&r=g\",\"caption\":\"xfranco\"},\"url\":\"https:\/\/cst.cat\/es\/author\/xfranco\/\"}]}<\/script>\n<!-- \/ Yoast SEO plugin. -->","yoast_head_json":{"title":"VI Jornada de Alergia Territorial del Vall\u00e8s Occidental en el Consorci Sanitari de Terrassa - CST","robots":{"index":"index","follow":"follow","max-snippet":"max-snippet:-1","max-image-preview":"max-image-preview:large","max-video-preview":"max-video-preview:-1"},"canonical":"https:\/\/cst.cat\/es\/vi-jornada-de-alergia-territorial-del-valles-occidental-en-el-consorci-sanitari-de-terrassa\/","og_locale":"es_ES","og_type":"article","og_title":"VI Jornada de Alergia Territorial del Vall\u00e8s Occidental en el Consorci Sanitari de Terrassa - CST","og_description":"La Sala de Actos Joan Costa Roma del Hospital de Terrassa ha sido un a\u00f1o m\u00e1s la sede de la VI Jornada de Alergia Territorial del Vall\u00e8s Occidental, este a\u00f1o dedicada a la actualizaci\u00f3n en alergia a himen\u00f3pteros, alergia al l\u00e1tex y f\u00e1rmacos m\u00e1s prevalentes. La jornada ten\u00eda como objetivos mejorar la competencia, tanto en [&hellip;]","og_url":"https:\/\/cst.cat\/es\/vi-jornada-de-alergia-territorial-del-valles-occidental-en-el-consorci-sanitari-de-terrassa\/","og_site_name":"CST","article_published_time":"2023-02-24T13:16:59+00:00","og_image":[{"width":700,"height":468,"url":"https:\/\/cst.cat\/wp-content\/uploads\/2023\/02\/700x468p-1.png","type":"image\/png"}],"author":"xfranco","twitter_card":"summary_large_image","twitter_misc":{"Escrito por":"xfranco","Tiempo de lectura":"3 minutos"},"schema":{"@context":"https:\/\/schema.org","@graph":[{"@type":"Article","@id":"https:\/\/cst.cat\/es\/vi-jornada-de-alergia-territorial-del-valles-occidental-en-el-consorci-sanitari-de-terrassa\/#article","isPartOf":{"@id":"https:\/\/cst.cat\/es\/vi-jornada-de-alergia-territorial-del-valles-occidental-en-el-consorci-sanitari-de-terrassa\/"},"author":{"name":"xfranco","@id":"https:\/\/cst.cat\/es\/#\/schema\/person\/3b11da62a36ae3eb23449b9d67c922f9"},"headline":"VI Jornada de Alergia Territorial del Vall\u00e8s Occidental en el Consorci Sanitari de Terrassa","datePublished":"2023-02-24T13:16:59+00:00","mainEntityOfPage":{"@id":"https:\/\/cst.cat\/es\/vi-jornada-de-alergia-territorial-del-valles-occidental-en-el-consorci-sanitari-de-terrassa\/"},"wordCount":520,"commentCount":0,"publisher":{"@id":"https:\/\/cst.cat\/es\/#organization"},"image":{"@id":"https:\/\/cst.cat\/es\/vi-jornada-de-alergia-territorial-del-valles-occidental-en-el-consorci-sanitari-de-terrassa\/#primaryimage"},"thumbnailUrl":"https:\/\/cst.cat\/wp-content\/uploads\/2023\/02\/700x468p-1.png","keywords":["Vall\u00e8s Occidental","Alergia","l\u00e1tex","himen\u00f3pteros","f\u00e1rmacos prevalentes"],"articleSection":["Jornadas y congresos"],"inLanguage":"es","potentialAction":[{"@type":"CommentAction","name":"Comment","target":["https:\/\/cst.cat\/es\/vi-jornada-de-alergia-territorial-del-valles-occidental-en-el-consorci-sanitari-de-terrassa\/#respond"]}]},{"@type":"WebPage","@id":"https:\/\/cst.cat\/es\/vi-jornada-de-alergia-territorial-del-valles-occidental-en-el-consorci-sanitari-de-terrassa\/","url":"https:\/\/cst.cat\/es\/vi-jornada-de-alergia-territorial-del-valles-occidental-en-el-consorci-sanitari-de-terrassa\/","name":"VI Jornada de Alergia Territorial del Vall\u00e8s Occidental en el Consorci Sanitari de Terrassa - CST","isPartOf":{"@id":"https:\/\/cst.cat\/es\/#website"},"primaryImageOfPage":{"@id":"https:\/\/cst.cat\/es\/vi-jornada-de-alergia-territorial-del-valles-occidental-en-el-consorci-sanitari-de-terrassa\/#primaryimage"},"image":{"@id":"https:\/\/cst.cat\/es\/vi-jornada-de-alergia-territorial-del-valles-occidental-en-el-consorci-sanitari-de-terrassa\/#primaryimage"},"thumbnailUrl":"https:\/\/cst.cat\/wp-content\/uploads\/2023\/02\/700x468p-1.png","datePublished":"2023-02-24T13:16:59+00:00","breadcrumb":{"@id":"https:\/\/cst.cat\/es\/vi-jornada-de-alergia-territorial-del-valles-occidental-en-el-consorci-sanitari-de-terrassa\/#breadcrumb"},"inLanguage":"es","potentialAction":[{"@type":"ReadAction","target":["https:\/\/cst.cat\/es\/vi-jornada-de-alergia-territorial-del-valles-occidental-en-el-consorci-sanitari-de-terrassa\/"]}]},{"@type":"ImageObject","inLanguage":"es","@id":"https:\/\/cst.cat\/es\/vi-jornada-de-alergia-territorial-del-valles-occidental-en-el-consorci-sanitari-de-terrassa\/#primaryimage","url":"https:\/\/cst.cat\/wp-content\/uploads\/2023\/02\/700x468p-1.png","contentUrl":"https:\/\/cst.cat\/wp-content\/uploads\/2023\/02\/700x468p-1.png","width":700,"height":468},{"@type":"BreadcrumbList","@id":"https:\/\/cst.cat\/es\/vi-jornada-de-alergia-territorial-del-valles-occidental-en-el-consorci-sanitari-de-terrassa\/#breadcrumb","itemListElement":[{"@type":"ListItem","position":1,"name":"Inici","item":"https:\/\/cst.cat\/es\/"},{"@type":"ListItem","position":2,"name":"VI Jornada de Alergia Territorial del Vall\u00e8s Occidental en el Consorci Sanitari de Terrassa"}]},{"@type":"WebSite","@id":"https:\/\/cst.cat\/es\/#website","url":"https:\/\/cst.cat\/es\/","name":"CST","description":"","publisher":{"@id":"https:\/\/cst.cat\/es\/#organization"},"potentialAction":[{"@type":"SearchAction","target":{"@type":"EntryPoint","urlTemplate":"https:\/\/cst.cat\/es\/?s={search_term_string}"},"query-input":{"@type":"PropertyValueSpecification","valueRequired":true,"valueName":"search_term_string"}}],"inLanguage":"es"},{"@type":"Organization","@id":"https:\/\/cst.cat\/es\/#organization","name":"Consorci Sanitari de Terrassa","url":"https:\/\/cst.cat\/es\/","logo":{"@type":"ImageObject","inLanguage":"es","@id":"https:\/\/cst.cat\/es\/#\/schema\/logo\/image\/","url":"https:\/\/cst.cat\/wp-content\/uploads\/2021\/09\/logo-header.svg","contentUrl":"https:\/\/cst.cat\/wp-content\/uploads\/2021\/09\/logo-header.svg","width":90,"height":32,"caption":"Consorci Sanitari de Terrassa"},"image":{"@id":"https:\/\/cst.cat\/es\/#\/schema\/logo\/image\/"}},{"@type":"Person","@id":"https:\/\/cst.cat\/es\/#\/schema\/person\/3b11da62a36ae3eb23449b9d67c922f9","name":"xfranco","image":{"@type":"ImageObject","inLanguage":"es","@id":"https:\/\/secure.gravatar.com\/avatar\/2ebd62adc577a39e207bb342150bfb5ca00c0b0491c1af248227192c73e0e259?s=96&d=mm&r=g","url":"https:\/\/secure.gravatar.com\/avatar\/2ebd62adc577a39e207bb342150bfb5ca00c0b0491c1af248227192c73e0e259?s=96&d=mm&r=g","contentUrl":"https:\/\/secure.gravatar.com\/avatar\/2ebd62adc577a39e207bb342150bfb5ca00c0b0491c1af248227192c73e0e259?s=96&d=mm&r=g","caption":"xfranco"},"url":"https:\/\/cst.cat\/es\/author\/xfranco\/"}]}},"_links":{"self":[{"href":"https:\/\/cst.cat\/es\/wp-json\/wp\/v2\/posts\/16762","targetHints":{"allow":["GET"]}}],"collection":[{"href":"https:\/\/cst.cat\/es\/wp-json\/wp\/v2\/posts"}],"about":[{"href":"https:\/\/cst.cat\/es\/wp-json\/wp\/v2\/types\/post"}],"author":[{"embeddable":true,"href":"https:\/\/cst.cat\/es\/wp-json\/wp\/v2\/users\/5"}],"replies":[{"embeddable":true,"href":"https:\/\/cst.cat\/es\/wp-json\/wp\/v2\/comments?post=16762"}],"version-history":[{"count":0,"href":"https:\/\/cst.cat\/es\/wp-json\/wp\/v2\/posts\/16762\/revisions"}],"wp:featuredmedia":[{"embeddable":true,"href":"https:\/\/cst.cat\/es\/wp-json\/wp\/v2\/media\/16758"}],"wp:attachment":[{"href":"https:\/\/cst.cat\/es\/wp-json\/wp\/v2\/media?parent=16762"}],"wp:term":[{"taxonomy":"category","embeddable":true,"href":"https:\/\/cst.cat\/es\/wp-json\/wp\/v2\/categories?post=16762"},{"taxonomy":"post_tag","embeddable":true,"href":"https:\/\/cst.cat\/es\/wp-json\/wp\/v2\/tags?post=16762"}],"curies":[{"name":"wp","href":"https:\/\/api.w.org\/{rel}","templated":true}]}}