{"id":17444,"date":"2023-03-14T10:55:00","date_gmt":"2023-03-14T09:55:00","guid":{"rendered":"https:\/\/cst.cat\/dia-mundial-de-la-endometriosis-2\/"},"modified":"2023-03-14T11:04:20","modified_gmt":"2023-03-14T10:04:20","slug":"dia-mundial-de-la-endometriosis-2","status":"publish","type":"post","link":"https:\/\/cst.cat\/es\/dia-mundial-de-la-endometriosis-2\/","title":{"rendered":"D\u00eda Mundial de la Endometriosis"},"content":{"rendered":"\n<div class=\"wp-block-columns is-layout-flex wp-container-core-columns-is-layout-9d6595d7 wp-block-columns-is-layout-flex\">\n<div class=\"wp-block-column acces-lft is-layout-flow wp-block-column-is-layout-flow\" style=\"flex-basis:30%\">\n<figure class=\"wp-block-image size-full\"><img loading=\"lazy\" decoding=\"async\" width=\"700\" height=\"468\" src=\"https:\/\/cst.cat\/wp-content\/uploads\/2023\/03\/mida-web-2.png\" alt=\"\" class=\"wp-image-17439\" srcset=\"https:\/\/cst.cat\/wp-content\/uploads\/2023\/03\/mida-web-2.png 700w, https:\/\/cst.cat\/wp-content\/uploads\/2023\/03\/mida-web-2-600x401.png 600w\" sizes=\"auto, (max-width: 700px) 100vw, 700px\" \/><\/figure><\/div>\n\n\n\n<div class=\"wp-block-column acces-rgt is-layout-flow wp-block-column-is-layout-flow\" style=\"flex-basis:70%\">\n<h2 class=\"wp-block-heading\">Hoy, 14 de marzo se celebra el D\u00eda Mundial de la Endometriosis, una enfermedad que afecta a alrededor de 180 millones de mujeres en todo el mundo, y que todav\u00eda es una enfermedad infra-diagnosticada.<\/h2>\n\n\n\n<p>La endometriosis es una enfermedad sist\u00e9mica, inflamatoria y hormodependiente, que afecta al 10% de las mujeres, siendo el principal motivo de dolor p\u00e9lvico cr\u00f3nico e infertilidad.<\/p>\n\n\n\n<p>Hoy en d\u00eda sabemos que existe una predisposici\u00f3n gen\u00e9tica a sufrirla y que la vida intrauterina y la primera infancia pueden ser determinantes para su posterior desarrollo.<\/p>\n\n\n\n<p>La pubertad representa la ventana principal de oportunidad para el debut de la enfermedad. Este riesgo ir\u00e1 disminuyendo con la edad, siendo m\u00ednimo a partir de 30 a\u00f1os.<\/p>\n\n\n\n<p>Con la llegada de la menopausia la mayor\u00eda de mujeres experimentan una remisi\u00f3n de los principales s\u00edntomas, aunque algunas siguen sufriendo los efectos de la endometriosis a consecuencia de los distintos cofactores que influyen en la progresi\u00f3n de la enfermedad.<\/p>\n\n\n\n<p>De ah\u00ed la gran importancia y evidencia cient\u00edfica del abordaje multidisciplinar e integrativo para tratar los diferentes mecanismos subyacentes a la endometriosis y mejorar la sintomatolog\u00eda, progresi\u00f3n y calidad de vida de las mujeres afectadas, m\u00e1s all\u00e1 del seguimiento ginecol\u00f3gico.<\/p>\n\n\n\n<p>Estas intervenciones se pueden resumir en:<\/p>\n\n\n\n<ul class=\"is-style-punts-blaus wp-block-list\">\n<li><strong>La modificaci\u00f3n de los estilos de vida<\/strong> a trav\u00e9s de una revisi\u00f3n y posible modificaci\u00f3n en la alimentaci\u00f3n, la actividad f\u00edsica, los ritmos circadianos, la gesti\u00f3n del estr\u00e9s y la exposici\u00f3n a t\u00f3xicos ambientales.<\/li>\n\n\n\n<li>A los tratamientos m\u00e9dicos habituales se les puede a\u00f1adir el soporte de ciertos complementos para corregir carencias nutricionales, reforzar el metabolismo de los t\u00f3xicos y hormonas, o disminuir la inflamaci\u00f3n y el estr\u00e9s oxidativo.<\/li>\n\n\n\n<li>Existe mucha evidencia sobre los beneficios de la <strong>fisioterapia del suelo p\u00e9lvico<\/strong> para la mejora de los s\u00edntomas como las algias p\u00e9lvicas, la dispareunia (dolor con la penetraci\u00f3n) y los resultados de las t\u00e9cnicas de reproducci\u00f3n asistida.<\/li>\n\n\n\n<li>La endometriosis tiene un gran impacto en la esfera psico-afectiva y social, con lo que la <strong>terapia psicol\u00f3gica y disponer de una buena red social<\/strong> a trav\u00e9s de las asociaciones de afectadas tambi\u00e9n deber\u00eda ser un pilar muy importante del suyo tratamiento.<\/li>\n\n\n\n<li>Las terapias complementarias como la acupuntura o la osteopat\u00eda han demostrado tener un beneficio en el control de s\u00edntomas como el dolor y la percepci\u00f3n del estr\u00e9s.<\/li>\n\n\n\n<li>A esto se le a\u00f1ade la necesidad del abordaje de otros trastornos asociados a trav\u00e9s de <strong>diferentes especialidades m\u00e9dicas,<\/strong> como el dolor neurop\u00e1tico, los trastornos digestivos y las alteraciones de la microbiota intestinal, los trastornos autoinmunes y muchos m\u00e1s.<\/li>\n\n\n\n<li>Es muy importante que el tratamiento quir\u00fargico lo realice <strong>personal experto y en unidades de referencia.<\/strong><\/li>\n<\/ul>\n\n\n\n<p>El paradigma del diagn\u00f3stico y abordaje de la endometriosis cambia d\u00eda a d\u00eda a medida que se avanza en su conocimiento.<\/p>\n\n\n\n<p>Establecer un diagn\u00f3stico precoz y favorecer un abordaje integrativo son factores clave en la progresi\u00f3n y calidad de vida futura de estas mujeres.<\/p>\n<\/div>\n<\/div>\n","protected":false},"excerpt":{"rendered":"<p>Hoy, 14 de marzo se celebra el D\u00eda Mundial de la Endometriosis, una enfermedad que afecta a alrededor de 180 millones de mujeres en todo el mundo, y que todav\u00eda es una enfermedad infra-diagnosticada. La endometriosis es una enfermedad sist\u00e9mica, inflamatoria y hormodependiente, que afecta al 10% de las mujeres, siendo el principal motivo de [&hellip;]<\/p>\n","protected":false},"author":4,"featured_media":17439,"comment_status":"open","ping_status":"open","sticky":false,"template":"","format":"standard","meta":{"_acf_changed":false,"footnotes":""},"categories":[153,533],"tags":[595,1131,1132,1133,1134],"class_list":["post-17444","post","type-post","status-publish","format-standard","has-post-thumbnail","hentry","category-espacio-mujer","category-dia-mundial-es","tag-espai-dona-es","tag-dia-mundial-2","tag-endometriosi","tag-ginecologia-2","tag-obstetricia-3"],"acf":[],"yoast_head":"<!-- This site is optimized with the Yoast SEO plugin v27.2 - https:\/\/yoast.com\/product\/yoast-seo-wordpress\/ -->\n<title>D\u00eda Mundial de la Endometriosis - CST<\/title>\n<meta name=\"robots\" content=\"index, follow, max-snippet:-1, max-image-preview:large, max-video-preview:-1\" \/>\n<link rel=\"canonical\" href=\"https:\/\/cst.cat\/es\/dia-mundial-de-la-endometriosis-2\/\" \/>\n<meta property=\"og:locale\" content=\"es_ES\" \/>\n<meta property=\"og:type\" content=\"article\" \/>\n<meta property=\"og:title\" content=\"D\u00eda Mundial de la Endometriosis - CST\" \/>\n<meta property=\"og:description\" content=\"Hoy, 14 de marzo se celebra el D\u00eda Mundial de la Endometriosis, una enfermedad que afecta a alrededor de 180 millones de mujeres en todo el mundo, y que todav\u00eda es una enfermedad infra-diagnosticada. La endometriosis es una enfermedad sist\u00e9mica, inflamatoria y hormodependiente, que afecta al 10% de las mujeres, siendo el principal motivo de [&hellip;]\" \/>\n<meta property=\"og:url\" content=\"https:\/\/cst.cat\/es\/dia-mundial-de-la-endometriosis-2\/\" \/>\n<meta property=\"og:site_name\" content=\"CST\" \/>\n<meta property=\"article:published_time\" content=\"2023-03-14T09:55:00+00:00\" \/>\n<meta property=\"article:modified_time\" content=\"2023-03-14T10:04:20+00:00\" \/>\n<meta property=\"og:image\" content=\"https:\/\/cst.cat\/wp-content\/uploads\/2023\/03\/mida-web-2.png\" \/>\n\t<meta property=\"og:image:width\" content=\"700\" \/>\n\t<meta property=\"og:image:height\" content=\"468\" \/>\n\t<meta property=\"og:image:type\" content=\"image\/png\" \/>\n<meta name=\"author\" content=\"aromero\" \/>\n<meta name=\"twitter:card\" content=\"summary_large_image\" \/>\n<meta name=\"twitter:label1\" content=\"Escrito por\" \/>\n\t<meta name=\"twitter:data1\" content=\"aromero\" \/>\n\t<meta name=\"twitter:label2\" content=\"Tiempo de lectura\" \/>\n\t<meta name=\"twitter:data2\" content=\"3 minutos\" \/>\n<script type=\"application\/ld+json\" class=\"yoast-schema-graph\">{\"@context\":\"https:\/\/schema.org\",\"@graph\":[{\"@type\":\"Article\",\"@id\":\"https:\/\/cst.cat\/es\/dia-mundial-de-la-endometriosis-2\/#article\",\"isPartOf\":{\"@id\":\"https:\/\/cst.cat\/es\/dia-mundial-de-la-endometriosis-2\/\"},\"author\":{\"name\":\"aromero\",\"@id\":\"https:\/\/cst.cat\/es\/#\/schema\/person\/1c6c9ac24850fe70cc7617ce9e2c869b\"},\"headline\":\"D\u00eda Mundial de la Endometriosis\",\"datePublished\":\"2023-03-14T09:55:00+00:00\",\"dateModified\":\"2023-03-14T10:04:20+00:00\",\"mainEntityOfPage\":{\"@id\":\"https:\/\/cst.cat\/es\/dia-mundial-de-la-endometriosis-2\/\"},\"wordCount\":535,\"commentCount\":0,\"publisher\":{\"@id\":\"https:\/\/cst.cat\/es\/#organization\"},\"image\":{\"@id\":\"https:\/\/cst.cat\/es\/dia-mundial-de-la-endometriosis-2\/#primaryimage\"},\"thumbnailUrl\":\"https:\/\/cst.cat\/wp-content\/uploads\/2023\/03\/mida-web-2.png\",\"keywords\":[\"espai dona\",\"dia mundial\",\"endometriosi\",\"ginecologia\",\"obstetr\u00edcia\"],\"articleSection\":[\"Espacio mujer\",\"D\u00eda Mundial\"],\"inLanguage\":\"es\",\"potentialAction\":[{\"@type\":\"CommentAction\",\"name\":\"Comment\",\"target\":[\"https:\/\/cst.cat\/es\/dia-mundial-de-la-endometriosis-2\/#respond\"]}]},{\"@type\":\"WebPage\",\"@id\":\"https:\/\/cst.cat\/es\/dia-mundial-de-la-endometriosis-2\/\",\"url\":\"https:\/\/cst.cat\/es\/dia-mundial-de-la-endometriosis-2\/\",\"name\":\"D\u00eda Mundial de la Endometriosis - CST\",\"isPartOf\":{\"@id\":\"https:\/\/cst.cat\/es\/#website\"},\"primaryImageOfPage\":{\"@id\":\"https:\/\/cst.cat\/es\/dia-mundial-de-la-endometriosis-2\/#primaryimage\"},\"image\":{\"@id\":\"https:\/\/cst.cat\/es\/dia-mundial-de-la-endometriosis-2\/#primaryimage\"},\"thumbnailUrl\":\"https:\/\/cst.cat\/wp-content\/uploads\/2023\/03\/mida-web-2.png\",\"datePublished\":\"2023-03-14T09:55:00+00:00\",\"dateModified\":\"2023-03-14T10:04:20+00:00\",\"breadcrumb\":{\"@id\":\"https:\/\/cst.cat\/es\/dia-mundial-de-la-endometriosis-2\/#breadcrumb\"},\"inLanguage\":\"es\",\"potentialAction\":[{\"@type\":\"ReadAction\",\"target\":[\"https:\/\/cst.cat\/es\/dia-mundial-de-la-endometriosis-2\/\"]}]},{\"@type\":\"ImageObject\",\"inLanguage\":\"es\",\"@id\":\"https:\/\/cst.cat\/es\/dia-mundial-de-la-endometriosis-2\/#primaryimage\",\"url\":\"https:\/\/cst.cat\/wp-content\/uploads\/2023\/03\/mida-web-2.png\",\"contentUrl\":\"https:\/\/cst.cat\/wp-content\/uploads\/2023\/03\/mida-web-2.png\",\"width\":700,\"height\":468},{\"@type\":\"BreadcrumbList\",\"@id\":\"https:\/\/cst.cat\/es\/dia-mundial-de-la-endometriosis-2\/#breadcrumb\",\"itemListElement\":[{\"@type\":\"ListItem\",\"position\":1,\"name\":\"Inici\",\"item\":\"https:\/\/cst.cat\/es\/\"},{\"@type\":\"ListItem\",\"position\":2,\"name\":\"D\u00eda Mundial de la Endometriosis\"}]},{\"@type\":\"WebSite\",\"@id\":\"https:\/\/cst.cat\/es\/#website\",\"url\":\"https:\/\/cst.cat\/es\/\",\"name\":\"CST\",\"description\":\"\",\"publisher\":{\"@id\":\"https:\/\/cst.cat\/es\/#organization\"},\"potentialAction\":[{\"@type\":\"SearchAction\",\"target\":{\"@type\":\"EntryPoint\",\"urlTemplate\":\"https:\/\/cst.cat\/es\/?s={search_term_string}\"},\"query-input\":{\"@type\":\"PropertyValueSpecification\",\"valueRequired\":true,\"valueName\":\"search_term_string\"}}],\"inLanguage\":\"es\"},{\"@type\":\"Organization\",\"@id\":\"https:\/\/cst.cat\/es\/#organization\",\"name\":\"Consorci Sanitari de Terrassa\",\"url\":\"https:\/\/cst.cat\/es\/\",\"logo\":{\"@type\":\"ImageObject\",\"inLanguage\":\"es\",\"@id\":\"https:\/\/cst.cat\/es\/#\/schema\/logo\/image\/\",\"url\":\"https:\/\/cst.cat\/wp-content\/uploads\/2021\/09\/logo-header.svg\",\"contentUrl\":\"https:\/\/cst.cat\/wp-content\/uploads\/2021\/09\/logo-header.svg\",\"width\":90,\"height\":32,\"caption\":\"Consorci Sanitari de Terrassa\"},\"image\":{\"@id\":\"https:\/\/cst.cat\/es\/#\/schema\/logo\/image\/\"}},{\"@type\":\"Person\",\"@id\":\"https:\/\/cst.cat\/es\/#\/schema\/person\/1c6c9ac24850fe70cc7617ce9e2c869b\",\"name\":\"aromero\",\"image\":{\"@type\":\"ImageObject\",\"inLanguage\":\"es\",\"@id\":\"https:\/\/secure.gravatar.com\/avatar\/c40b84030f91249a9d94c6b1a2d85c1d905122266b37992d135461e810bfc09b?s=96&d=mm&r=g\",\"url\":\"https:\/\/secure.gravatar.com\/avatar\/c40b84030f91249a9d94c6b1a2d85c1d905122266b37992d135461e810bfc09b?s=96&d=mm&r=g\",\"contentUrl\":\"https:\/\/secure.gravatar.com\/avatar\/c40b84030f91249a9d94c6b1a2d85c1d905122266b37992d135461e810bfc09b?s=96&d=mm&r=g\",\"caption\":\"aromero\"},\"url\":\"https:\/\/cst.cat\/es\/author\/aromero\/\"}]}<\/script>\n<!-- \/ Yoast SEO plugin. -->","yoast_head_json":{"title":"D\u00eda Mundial de la Endometriosis - CST","robots":{"index":"index","follow":"follow","max-snippet":"max-snippet:-1","max-image-preview":"max-image-preview:large","max-video-preview":"max-video-preview:-1"},"canonical":"https:\/\/cst.cat\/es\/dia-mundial-de-la-endometriosis-2\/","og_locale":"es_ES","og_type":"article","og_title":"D\u00eda Mundial de la Endometriosis - CST","og_description":"Hoy, 14 de marzo se celebra el D\u00eda Mundial de la Endometriosis, una enfermedad que afecta a alrededor de 180 millones de mujeres en todo el mundo, y que todav\u00eda es una enfermedad infra-diagnosticada. La endometriosis es una enfermedad sist\u00e9mica, inflamatoria y hormodependiente, que afecta al 10% de las mujeres, siendo el principal motivo de [&hellip;]","og_url":"https:\/\/cst.cat\/es\/dia-mundial-de-la-endometriosis-2\/","og_site_name":"CST","article_published_time":"2023-03-14T09:55:00+00:00","article_modified_time":"2023-03-14T10:04:20+00:00","og_image":[{"width":700,"height":468,"url":"https:\/\/cst.cat\/wp-content\/uploads\/2023\/03\/mida-web-2.png","type":"image\/png"}],"author":"aromero","twitter_card":"summary_large_image","twitter_misc":{"Escrito por":"aromero","Tiempo de lectura":"3 minutos"},"schema":{"@context":"https:\/\/schema.org","@graph":[{"@type":"Article","@id":"https:\/\/cst.cat\/es\/dia-mundial-de-la-endometriosis-2\/#article","isPartOf":{"@id":"https:\/\/cst.cat\/es\/dia-mundial-de-la-endometriosis-2\/"},"author":{"name":"aromero","@id":"https:\/\/cst.cat\/es\/#\/schema\/person\/1c6c9ac24850fe70cc7617ce9e2c869b"},"headline":"D\u00eda Mundial de la Endometriosis","datePublished":"2023-03-14T09:55:00+00:00","dateModified":"2023-03-14T10:04:20+00:00","mainEntityOfPage":{"@id":"https:\/\/cst.cat\/es\/dia-mundial-de-la-endometriosis-2\/"},"wordCount":535,"commentCount":0,"publisher":{"@id":"https:\/\/cst.cat\/es\/#organization"},"image":{"@id":"https:\/\/cst.cat\/es\/dia-mundial-de-la-endometriosis-2\/#primaryimage"},"thumbnailUrl":"https:\/\/cst.cat\/wp-content\/uploads\/2023\/03\/mida-web-2.png","keywords":["espai dona","dia mundial","endometriosi","ginecologia","obstetr\u00edcia"],"articleSection":["Espacio mujer","D\u00eda Mundial"],"inLanguage":"es","potentialAction":[{"@type":"CommentAction","name":"Comment","target":["https:\/\/cst.cat\/es\/dia-mundial-de-la-endometriosis-2\/#respond"]}]},{"@type":"WebPage","@id":"https:\/\/cst.cat\/es\/dia-mundial-de-la-endometriosis-2\/","url":"https:\/\/cst.cat\/es\/dia-mundial-de-la-endometriosis-2\/","name":"D\u00eda Mundial de la Endometriosis - CST","isPartOf":{"@id":"https:\/\/cst.cat\/es\/#website"},"primaryImageOfPage":{"@id":"https:\/\/cst.cat\/es\/dia-mundial-de-la-endometriosis-2\/#primaryimage"},"image":{"@id":"https:\/\/cst.cat\/es\/dia-mundial-de-la-endometriosis-2\/#primaryimage"},"thumbnailUrl":"https:\/\/cst.cat\/wp-content\/uploads\/2023\/03\/mida-web-2.png","datePublished":"2023-03-14T09:55:00+00:00","dateModified":"2023-03-14T10:04:20+00:00","breadcrumb":{"@id":"https:\/\/cst.cat\/es\/dia-mundial-de-la-endometriosis-2\/#breadcrumb"},"inLanguage":"es","potentialAction":[{"@type":"ReadAction","target":["https:\/\/cst.cat\/es\/dia-mundial-de-la-endometriosis-2\/"]}]},{"@type":"ImageObject","inLanguage":"es","@id":"https:\/\/cst.cat\/es\/dia-mundial-de-la-endometriosis-2\/#primaryimage","url":"https:\/\/cst.cat\/wp-content\/uploads\/2023\/03\/mida-web-2.png","contentUrl":"https:\/\/cst.cat\/wp-content\/uploads\/2023\/03\/mida-web-2.png","width":700,"height":468},{"@type":"BreadcrumbList","@id":"https:\/\/cst.cat\/es\/dia-mundial-de-la-endometriosis-2\/#breadcrumb","itemListElement":[{"@type":"ListItem","position":1,"name":"Inici","item":"https:\/\/cst.cat\/es\/"},{"@type":"ListItem","position":2,"name":"D\u00eda Mundial de la Endometriosis"}]},{"@type":"WebSite","@id":"https:\/\/cst.cat\/es\/#website","url":"https:\/\/cst.cat\/es\/","name":"CST","description":"","publisher":{"@id":"https:\/\/cst.cat\/es\/#organization"},"potentialAction":[{"@type":"SearchAction","target":{"@type":"EntryPoint","urlTemplate":"https:\/\/cst.cat\/es\/?s={search_term_string}"},"query-input":{"@type":"PropertyValueSpecification","valueRequired":true,"valueName":"search_term_string"}}],"inLanguage":"es"},{"@type":"Organization","@id":"https:\/\/cst.cat\/es\/#organization","name":"Consorci Sanitari de Terrassa","url":"https:\/\/cst.cat\/es\/","logo":{"@type":"ImageObject","inLanguage":"es","@id":"https:\/\/cst.cat\/es\/#\/schema\/logo\/image\/","url":"https:\/\/cst.cat\/wp-content\/uploads\/2021\/09\/logo-header.svg","contentUrl":"https:\/\/cst.cat\/wp-content\/uploads\/2021\/09\/logo-header.svg","width":90,"height":32,"caption":"Consorci Sanitari de Terrassa"},"image":{"@id":"https:\/\/cst.cat\/es\/#\/schema\/logo\/image\/"}},{"@type":"Person","@id":"https:\/\/cst.cat\/es\/#\/schema\/person\/1c6c9ac24850fe70cc7617ce9e2c869b","name":"aromero","image":{"@type":"ImageObject","inLanguage":"es","@id":"https:\/\/secure.gravatar.com\/avatar\/c40b84030f91249a9d94c6b1a2d85c1d905122266b37992d135461e810bfc09b?s=96&d=mm&r=g","url":"https:\/\/secure.gravatar.com\/avatar\/c40b84030f91249a9d94c6b1a2d85c1d905122266b37992d135461e810bfc09b?s=96&d=mm&r=g","contentUrl":"https:\/\/secure.gravatar.com\/avatar\/c40b84030f91249a9d94c6b1a2d85c1d905122266b37992d135461e810bfc09b?s=96&d=mm&r=g","caption":"aromero"},"url":"https:\/\/cst.cat\/es\/author\/aromero\/"}]}},"_links":{"self":[{"href":"https:\/\/cst.cat\/es\/wp-json\/wp\/v2\/posts\/17444","targetHints":{"allow":["GET"]}}],"collection":[{"href":"https:\/\/cst.cat\/es\/wp-json\/wp\/v2\/posts"}],"about":[{"href":"https:\/\/cst.cat\/es\/wp-json\/wp\/v2\/types\/post"}],"author":[{"embeddable":true,"href":"https:\/\/cst.cat\/es\/wp-json\/wp\/v2\/users\/4"}],"replies":[{"embeddable":true,"href":"https:\/\/cst.cat\/es\/wp-json\/wp\/v2\/comments?post=17444"}],"version-history":[{"count":0,"href":"https:\/\/cst.cat\/es\/wp-json\/wp\/v2\/posts\/17444\/revisions"}],"wp:featuredmedia":[{"embeddable":true,"href":"https:\/\/cst.cat\/es\/wp-json\/wp\/v2\/media\/17439"}],"wp:attachment":[{"href":"https:\/\/cst.cat\/es\/wp-json\/wp\/v2\/media?parent=17444"}],"wp:term":[{"taxonomy":"category","embeddable":true,"href":"https:\/\/cst.cat\/es\/wp-json\/wp\/v2\/categories?post=17444"},{"taxonomy":"post_tag","embeddable":true,"href":"https:\/\/cst.cat\/es\/wp-json\/wp\/v2\/tags?post=17444"}],"curies":[{"name":"wp","href":"https:\/\/api.w.org\/{rel}","templated":true}]}}