{"id":17808,"date":"2023-03-31T12:19:13","date_gmt":"2023-03-31T10:19:13","guid":{"rendered":"https:\/\/cst.cat\/reconocimiento-a-los-tres-mejores-trabajos-del-segundo-itinerario-formativo-para-mandos-cst\/"},"modified":"2023-03-31T12:19:13","modified_gmt":"2023-03-31T10:19:13","slug":"reconocimiento-a-los-tres-mejores-trabajos-del-segundo-itinerario-formativo-para-mandos-cst","status":"publish","type":"post","link":"https:\/\/cst.cat\/es\/reconocimiento-a-los-tres-mejores-trabajos-del-segundo-itinerario-formativo-para-mandos-cst\/","title":{"rendered":"Reconocimiento a los tres mejores trabajos del segundo Itinerario Formativo para mandos CST"},"content":{"rendered":"\n<div class=\"wp-block-columns is-layout-flex wp-container-core-columns-is-layout-9d6595d7 wp-block-columns-is-layout-flex\">\n<div class=\"wp-block-column acces-lft is-layout-flow wp-block-column-is-layout-flow\" style=\"flex-basis:30%\">\n<figure class=\"wp-block-image size-full\"><img loading=\"lazy\" decoding=\"async\" width=\"700\" height=\"468\" src=\"https:\/\/cst.cat\/wp-content\/uploads\/2023\/03\/700x468i-4.png\" alt=\"\" class=\"wp-image-17803\" srcset=\"https:\/\/cst.cat\/wp-content\/uploads\/2023\/03\/700x468i-4.png 700w, https:\/\/cst.cat\/wp-content\/uploads\/2023\/03\/700x468i-4-600x401.png 600w\" sizes=\"auto, (max-width: 700px) 100vw, 700px\" \/><\/figure><\/div>\n\n\n\n<div class=\"wp-block-column acces-rgt is-layout-flow wp-block-column-is-layout-flow\" style=\"flex-basis:70%\">\n<p>En relaci\u00f3n con la presentaci\u00f3n de los trabajos finales por parte de los alumnos participantes en <strong>el Itinerario Formativo para mandos CST<\/strong> , el tribunal y los miembros de la Direcci\u00f3n Asistencial, resolvieron que los tres trabajos con mejor puntuaci\u00f3n fueron:<\/p>\n\n\n\n<p><strong>1. Plan de aplicaci\u00f3n de la sensaci\u00f3n de <em>bornout<\/em> en la atenci\u00f3n a personas con trastorno mental grave<\/strong> . Presentado por <strong>Gemma Garrido<\/strong> , coordinadora del Servicio de Rehabilitaci\u00f3n Comunitaria de Salud Mental de Terrassa<\/p>\n\n\n\n<p><strong>2. Estandarizaci\u00f3n de la adquisici\u00f3n y mantenimiento de las competencias de los t\u00e9cnicos superiores de farmacia que trabajan en el \u00e1rea de farmacotecnia<\/strong> . Presentado por <strong>Eva Fuentes<\/strong> , coordinadora de t\u00e9cnicos de Farmacia<\/p>\n\n\n\n<p><strong>3. Cuidarse para cuidar el entorno laboral de los profesionales de noche<\/strong> . Presentado por <strong>Elena Martorell<\/strong> , coordinadora general de enfermer\u00eda de noche y <strong>David de Amos<\/strong> , enfermero y ex coordinador general de enfermer\u00eda de noche<\/p>\n\n\n\n<p>El Itinerario Formativo de Mandos se ha dise\u00f1ado para desarrollar competencias de liderazgo y habilidades directivas, teniendo en cuenta el rol de motor de cambio que los mandos que han seguido el itinerario tendr\u00e1n que asumir en los pr\u00f3ximos a\u00f1os para operativizar el Plan Estrat\u00e9gico del CST.<\/p>\n\n\n\n<p><\/p>\n<\/div>\n<\/div>\n","protected":false},"excerpt":{"rendered":"<p>En relaci\u00f3n con la presentaci\u00f3n de los trabajos finales por parte de los alumnos participantes en el Itinerario Formativo para mandos CST , el tribunal y los miembros de la Direcci\u00f3n Asistencial, resolvieron que los tres trabajos con mejor puntuaci\u00f3n fueron: 1. Plan de aplicaci\u00f3n de la sensaci\u00f3n de bornout en la atenci\u00f3n a personas [&hellip;]<\/p>\n","protected":false},"author":5,"featured_media":17806,"comment_status":"open","ping_status":"open","sticky":false,"template":"","format":"standard","meta":{"_acf_changed":false,"footnotes":""},"categories":[181],"tags":[],"class_list":["post-17808","post","type-post","status-publish","format-standard","has-post-thumbnail","hentry","category-cst-es"],"acf":[],"yoast_head":"<!-- This site is optimized with the Yoast SEO plugin v27.2 - https:\/\/yoast.com\/product\/yoast-seo-wordpress\/ -->\n<title>Reconocimiento a los tres mejores trabajos del segundo Itinerario Formativo para mandos CST - CST<\/title>\n<meta name=\"robots\" content=\"index, follow, max-snippet:-1, max-image-preview:large, max-video-preview:-1\" \/>\n<link rel=\"canonical\" href=\"https:\/\/cst.cat\/es\/reconocimiento-a-los-tres-mejores-trabajos-del-segundo-itinerario-formativo-para-mandos-cst\/\" \/>\n<meta property=\"og:locale\" content=\"es_ES\" \/>\n<meta property=\"og:type\" content=\"article\" \/>\n<meta property=\"og:title\" content=\"Reconocimiento a los tres mejores trabajos del segundo Itinerario Formativo para mandos CST - CST\" \/>\n<meta property=\"og:description\" content=\"En relaci\u00f3n con la presentaci\u00f3n de los trabajos finales por parte de los alumnos participantes en el Itinerario Formativo para mandos CST , el tribunal y los miembros de la Direcci\u00f3n Asistencial, resolvieron que los tres trabajos con mejor puntuaci\u00f3n fueron: 1. Plan de aplicaci\u00f3n de la sensaci\u00f3n de bornout en la atenci\u00f3n a personas [&hellip;]\" \/>\n<meta property=\"og:url\" content=\"https:\/\/cst.cat\/es\/reconocimiento-a-los-tres-mejores-trabajos-del-segundo-itinerario-formativo-para-mandos-cst\/\" \/>\n<meta property=\"og:site_name\" content=\"CST\" \/>\n<meta property=\"article:published_time\" content=\"2023-03-31T10:19:13+00:00\" \/>\n<meta property=\"og:image\" content=\"https:\/\/cst.cat\/wp-content\/uploads\/2023\/03\/700x468i-5.png\" \/>\n\t<meta property=\"og:image:width\" content=\"700\" \/>\n\t<meta property=\"og:image:height\" content=\"468\" \/>\n\t<meta property=\"og:image:type\" content=\"image\/png\" \/>\n<meta name=\"author\" content=\"xfranco\" \/>\n<meta name=\"twitter:card\" content=\"summary_large_image\" \/>\n<meta name=\"twitter:label1\" content=\"Escrito por\" \/>\n\t<meta name=\"twitter:data1\" content=\"xfranco\" \/>\n\t<meta name=\"twitter:label2\" content=\"Tiempo de lectura\" \/>\n\t<meta name=\"twitter:data2\" content=\"1 minuto\" \/>\n<script type=\"application\/ld+json\" class=\"yoast-schema-graph\">{\"@context\":\"https:\/\/schema.org\",\"@graph\":[{\"@type\":\"Article\",\"@id\":\"https:\/\/cst.cat\/es\/reconocimiento-a-los-tres-mejores-trabajos-del-segundo-itinerario-formativo-para-mandos-cst\/#article\",\"isPartOf\":{\"@id\":\"https:\/\/cst.cat\/es\/reconocimiento-a-los-tres-mejores-trabajos-del-segundo-itinerario-formativo-para-mandos-cst\/\"},\"author\":{\"name\":\"xfranco\",\"@id\":\"https:\/\/cst.cat\/es\/#\/schema\/person\/3b11da62a36ae3eb23449b9d67c922f9\"},\"headline\":\"Reconocimiento a los tres mejores trabajos del segundo Itinerario Formativo para mandos CST\",\"datePublished\":\"2023-03-31T10:19:13+00:00\",\"mainEntityOfPage\":{\"@id\":\"https:\/\/cst.cat\/es\/reconocimiento-a-los-tres-mejores-trabajos-del-segundo-itinerario-formativo-para-mandos-cst\/\"},\"wordCount\":216,\"commentCount\":0,\"publisher\":{\"@id\":\"https:\/\/cst.cat\/es\/#organization\"},\"image\":{\"@id\":\"https:\/\/cst.cat\/es\/reconocimiento-a-los-tres-mejores-trabajos-del-segundo-itinerario-formativo-para-mandos-cst\/#primaryimage\"},\"thumbnailUrl\":\"https:\/\/cst.cat\/wp-content\/uploads\/2023\/03\/700x468i-5.png\",\"articleSection\":[\"CST\"],\"inLanguage\":\"es\",\"potentialAction\":[{\"@type\":\"CommentAction\",\"name\":\"Comment\",\"target\":[\"https:\/\/cst.cat\/es\/reconocimiento-a-los-tres-mejores-trabajos-del-segundo-itinerario-formativo-para-mandos-cst\/#respond\"]}]},{\"@type\":\"WebPage\",\"@id\":\"https:\/\/cst.cat\/es\/reconocimiento-a-los-tres-mejores-trabajos-del-segundo-itinerario-formativo-para-mandos-cst\/\",\"url\":\"https:\/\/cst.cat\/es\/reconocimiento-a-los-tres-mejores-trabajos-del-segundo-itinerario-formativo-para-mandos-cst\/\",\"name\":\"Reconocimiento a los tres mejores trabajos del segundo Itinerario Formativo para mandos CST - CST\",\"isPartOf\":{\"@id\":\"https:\/\/cst.cat\/es\/#website\"},\"primaryImageOfPage\":{\"@id\":\"https:\/\/cst.cat\/es\/reconocimiento-a-los-tres-mejores-trabajos-del-segundo-itinerario-formativo-para-mandos-cst\/#primaryimage\"},\"image\":{\"@id\":\"https:\/\/cst.cat\/es\/reconocimiento-a-los-tres-mejores-trabajos-del-segundo-itinerario-formativo-para-mandos-cst\/#primaryimage\"},\"thumbnailUrl\":\"https:\/\/cst.cat\/wp-content\/uploads\/2023\/03\/700x468i-5.png\",\"datePublished\":\"2023-03-31T10:19:13+00:00\",\"breadcrumb\":{\"@id\":\"https:\/\/cst.cat\/es\/reconocimiento-a-los-tres-mejores-trabajos-del-segundo-itinerario-formativo-para-mandos-cst\/#breadcrumb\"},\"inLanguage\":\"es\",\"potentialAction\":[{\"@type\":\"ReadAction\",\"target\":[\"https:\/\/cst.cat\/es\/reconocimiento-a-los-tres-mejores-trabajos-del-segundo-itinerario-formativo-para-mandos-cst\/\"]}]},{\"@type\":\"ImageObject\",\"inLanguage\":\"es\",\"@id\":\"https:\/\/cst.cat\/es\/reconocimiento-a-los-tres-mejores-trabajos-del-segundo-itinerario-formativo-para-mandos-cst\/#primaryimage\",\"url\":\"https:\/\/cst.cat\/wp-content\/uploads\/2023\/03\/700x468i-5.png\",\"contentUrl\":\"https:\/\/cst.cat\/wp-content\/uploads\/2023\/03\/700x468i-5.png\",\"width\":700,\"height\":468},{\"@type\":\"BreadcrumbList\",\"@id\":\"https:\/\/cst.cat\/es\/reconocimiento-a-los-tres-mejores-trabajos-del-segundo-itinerario-formativo-para-mandos-cst\/#breadcrumb\",\"itemListElement\":[{\"@type\":\"ListItem\",\"position\":1,\"name\":\"Inici\",\"item\":\"https:\/\/cst.cat\/es\/\"},{\"@type\":\"ListItem\",\"position\":2,\"name\":\"Reconocimiento a los tres mejores trabajos del segundo Itinerario Formativo para mandos CST\"}]},{\"@type\":\"WebSite\",\"@id\":\"https:\/\/cst.cat\/es\/#website\",\"url\":\"https:\/\/cst.cat\/es\/\",\"name\":\"CST\",\"description\":\"\",\"publisher\":{\"@id\":\"https:\/\/cst.cat\/es\/#organization\"},\"potentialAction\":[{\"@type\":\"SearchAction\",\"target\":{\"@type\":\"EntryPoint\",\"urlTemplate\":\"https:\/\/cst.cat\/es\/?s={search_term_string}\"},\"query-input\":{\"@type\":\"PropertyValueSpecification\",\"valueRequired\":true,\"valueName\":\"search_term_string\"}}],\"inLanguage\":\"es\"},{\"@type\":\"Organization\",\"@id\":\"https:\/\/cst.cat\/es\/#organization\",\"name\":\"Consorci Sanitari de Terrassa\",\"url\":\"https:\/\/cst.cat\/es\/\",\"logo\":{\"@type\":\"ImageObject\",\"inLanguage\":\"es\",\"@id\":\"https:\/\/cst.cat\/es\/#\/schema\/logo\/image\/\",\"url\":\"https:\/\/cst.cat\/wp-content\/uploads\/2021\/09\/logo-header.svg\",\"contentUrl\":\"https:\/\/cst.cat\/wp-content\/uploads\/2021\/09\/logo-header.svg\",\"width\":90,\"height\":32,\"caption\":\"Consorci Sanitari de Terrassa\"},\"image\":{\"@id\":\"https:\/\/cst.cat\/es\/#\/schema\/logo\/image\/\"}},{\"@type\":\"Person\",\"@id\":\"https:\/\/cst.cat\/es\/#\/schema\/person\/3b11da62a36ae3eb23449b9d67c922f9\",\"name\":\"xfranco\",\"image\":{\"@type\":\"ImageObject\",\"inLanguage\":\"es\",\"@id\":\"https:\/\/secure.gravatar.com\/avatar\/2ebd62adc577a39e207bb342150bfb5ca00c0b0491c1af248227192c73e0e259?s=96&d=mm&r=g\",\"url\":\"https:\/\/secure.gravatar.com\/avatar\/2ebd62adc577a39e207bb342150bfb5ca00c0b0491c1af248227192c73e0e259?s=96&d=mm&r=g\",\"contentUrl\":\"https:\/\/secure.gravatar.com\/avatar\/2ebd62adc577a39e207bb342150bfb5ca00c0b0491c1af248227192c73e0e259?s=96&d=mm&r=g\",\"caption\":\"xfranco\"},\"url\":\"https:\/\/cst.cat\/es\/author\/xfranco\/\"}]}<\/script>\n<!-- \/ Yoast SEO plugin. -->","yoast_head_json":{"title":"Reconocimiento a los tres mejores trabajos del segundo Itinerario Formativo para mandos CST - CST","robots":{"index":"index","follow":"follow","max-snippet":"max-snippet:-1","max-image-preview":"max-image-preview:large","max-video-preview":"max-video-preview:-1"},"canonical":"https:\/\/cst.cat\/es\/reconocimiento-a-los-tres-mejores-trabajos-del-segundo-itinerario-formativo-para-mandos-cst\/","og_locale":"es_ES","og_type":"article","og_title":"Reconocimiento a los tres mejores trabajos del segundo Itinerario Formativo para mandos CST - CST","og_description":"En relaci\u00f3n con la presentaci\u00f3n de los trabajos finales por parte de los alumnos participantes en el Itinerario Formativo para mandos CST , el tribunal y los miembros de la Direcci\u00f3n Asistencial, resolvieron que los tres trabajos con mejor puntuaci\u00f3n fueron: 1. Plan de aplicaci\u00f3n de la sensaci\u00f3n de bornout en la atenci\u00f3n a personas [&hellip;]","og_url":"https:\/\/cst.cat\/es\/reconocimiento-a-los-tres-mejores-trabajos-del-segundo-itinerario-formativo-para-mandos-cst\/","og_site_name":"CST","article_published_time":"2023-03-31T10:19:13+00:00","og_image":[{"width":700,"height":468,"url":"https:\/\/cst.cat\/wp-content\/uploads\/2023\/03\/700x468i-5.png","type":"image\/png"}],"author":"xfranco","twitter_card":"summary_large_image","twitter_misc":{"Escrito por":"xfranco","Tiempo de lectura":"1 minuto"},"schema":{"@context":"https:\/\/schema.org","@graph":[{"@type":"Article","@id":"https:\/\/cst.cat\/es\/reconocimiento-a-los-tres-mejores-trabajos-del-segundo-itinerario-formativo-para-mandos-cst\/#article","isPartOf":{"@id":"https:\/\/cst.cat\/es\/reconocimiento-a-los-tres-mejores-trabajos-del-segundo-itinerario-formativo-para-mandos-cst\/"},"author":{"name":"xfranco","@id":"https:\/\/cst.cat\/es\/#\/schema\/person\/3b11da62a36ae3eb23449b9d67c922f9"},"headline":"Reconocimiento a los tres mejores trabajos del segundo Itinerario Formativo para mandos CST","datePublished":"2023-03-31T10:19:13+00:00","mainEntityOfPage":{"@id":"https:\/\/cst.cat\/es\/reconocimiento-a-los-tres-mejores-trabajos-del-segundo-itinerario-formativo-para-mandos-cst\/"},"wordCount":216,"commentCount":0,"publisher":{"@id":"https:\/\/cst.cat\/es\/#organization"},"image":{"@id":"https:\/\/cst.cat\/es\/reconocimiento-a-los-tres-mejores-trabajos-del-segundo-itinerario-formativo-para-mandos-cst\/#primaryimage"},"thumbnailUrl":"https:\/\/cst.cat\/wp-content\/uploads\/2023\/03\/700x468i-5.png","articleSection":["CST"],"inLanguage":"es","potentialAction":[{"@type":"CommentAction","name":"Comment","target":["https:\/\/cst.cat\/es\/reconocimiento-a-los-tres-mejores-trabajos-del-segundo-itinerario-formativo-para-mandos-cst\/#respond"]}]},{"@type":"WebPage","@id":"https:\/\/cst.cat\/es\/reconocimiento-a-los-tres-mejores-trabajos-del-segundo-itinerario-formativo-para-mandos-cst\/","url":"https:\/\/cst.cat\/es\/reconocimiento-a-los-tres-mejores-trabajos-del-segundo-itinerario-formativo-para-mandos-cst\/","name":"Reconocimiento a los tres mejores trabajos del segundo Itinerario Formativo para mandos CST - CST","isPartOf":{"@id":"https:\/\/cst.cat\/es\/#website"},"primaryImageOfPage":{"@id":"https:\/\/cst.cat\/es\/reconocimiento-a-los-tres-mejores-trabajos-del-segundo-itinerario-formativo-para-mandos-cst\/#primaryimage"},"image":{"@id":"https:\/\/cst.cat\/es\/reconocimiento-a-los-tres-mejores-trabajos-del-segundo-itinerario-formativo-para-mandos-cst\/#primaryimage"},"thumbnailUrl":"https:\/\/cst.cat\/wp-content\/uploads\/2023\/03\/700x468i-5.png","datePublished":"2023-03-31T10:19:13+00:00","breadcrumb":{"@id":"https:\/\/cst.cat\/es\/reconocimiento-a-los-tres-mejores-trabajos-del-segundo-itinerario-formativo-para-mandos-cst\/#breadcrumb"},"inLanguage":"es","potentialAction":[{"@type":"ReadAction","target":["https:\/\/cst.cat\/es\/reconocimiento-a-los-tres-mejores-trabajos-del-segundo-itinerario-formativo-para-mandos-cst\/"]}]},{"@type":"ImageObject","inLanguage":"es","@id":"https:\/\/cst.cat\/es\/reconocimiento-a-los-tres-mejores-trabajos-del-segundo-itinerario-formativo-para-mandos-cst\/#primaryimage","url":"https:\/\/cst.cat\/wp-content\/uploads\/2023\/03\/700x468i-5.png","contentUrl":"https:\/\/cst.cat\/wp-content\/uploads\/2023\/03\/700x468i-5.png","width":700,"height":468},{"@type":"BreadcrumbList","@id":"https:\/\/cst.cat\/es\/reconocimiento-a-los-tres-mejores-trabajos-del-segundo-itinerario-formativo-para-mandos-cst\/#breadcrumb","itemListElement":[{"@type":"ListItem","position":1,"name":"Inici","item":"https:\/\/cst.cat\/es\/"},{"@type":"ListItem","position":2,"name":"Reconocimiento a los tres mejores trabajos del segundo Itinerario Formativo para mandos CST"}]},{"@type":"WebSite","@id":"https:\/\/cst.cat\/es\/#website","url":"https:\/\/cst.cat\/es\/","name":"CST","description":"","publisher":{"@id":"https:\/\/cst.cat\/es\/#organization"},"potentialAction":[{"@type":"SearchAction","target":{"@type":"EntryPoint","urlTemplate":"https:\/\/cst.cat\/es\/?s={search_term_string}"},"query-input":{"@type":"PropertyValueSpecification","valueRequired":true,"valueName":"search_term_string"}}],"inLanguage":"es"},{"@type":"Organization","@id":"https:\/\/cst.cat\/es\/#organization","name":"Consorci Sanitari de Terrassa","url":"https:\/\/cst.cat\/es\/","logo":{"@type":"ImageObject","inLanguage":"es","@id":"https:\/\/cst.cat\/es\/#\/schema\/logo\/image\/","url":"https:\/\/cst.cat\/wp-content\/uploads\/2021\/09\/logo-header.svg","contentUrl":"https:\/\/cst.cat\/wp-content\/uploads\/2021\/09\/logo-header.svg","width":90,"height":32,"caption":"Consorci Sanitari de Terrassa"},"image":{"@id":"https:\/\/cst.cat\/es\/#\/schema\/logo\/image\/"}},{"@type":"Person","@id":"https:\/\/cst.cat\/es\/#\/schema\/person\/3b11da62a36ae3eb23449b9d67c922f9","name":"xfranco","image":{"@type":"ImageObject","inLanguage":"es","@id":"https:\/\/secure.gravatar.com\/avatar\/2ebd62adc577a39e207bb342150bfb5ca00c0b0491c1af248227192c73e0e259?s=96&d=mm&r=g","url":"https:\/\/secure.gravatar.com\/avatar\/2ebd62adc577a39e207bb342150bfb5ca00c0b0491c1af248227192c73e0e259?s=96&d=mm&r=g","contentUrl":"https:\/\/secure.gravatar.com\/avatar\/2ebd62adc577a39e207bb342150bfb5ca00c0b0491c1af248227192c73e0e259?s=96&d=mm&r=g","caption":"xfranco"},"url":"https:\/\/cst.cat\/es\/author\/xfranco\/"}]}},"_links":{"self":[{"href":"https:\/\/cst.cat\/es\/wp-json\/wp\/v2\/posts\/17808","targetHints":{"allow":["GET"]}}],"collection":[{"href":"https:\/\/cst.cat\/es\/wp-json\/wp\/v2\/posts"}],"about":[{"href":"https:\/\/cst.cat\/es\/wp-json\/wp\/v2\/types\/post"}],"author":[{"embeddable":true,"href":"https:\/\/cst.cat\/es\/wp-json\/wp\/v2\/users\/5"}],"replies":[{"embeddable":true,"href":"https:\/\/cst.cat\/es\/wp-json\/wp\/v2\/comments?post=17808"}],"version-history":[{"count":0,"href":"https:\/\/cst.cat\/es\/wp-json\/wp\/v2\/posts\/17808\/revisions"}],"wp:featuredmedia":[{"embeddable":true,"href":"https:\/\/cst.cat\/es\/wp-json\/wp\/v2\/media\/17806"}],"wp:attachment":[{"href":"https:\/\/cst.cat\/es\/wp-json\/wp\/v2\/media?parent=17808"}],"wp:term":[{"taxonomy":"category","embeddable":true,"href":"https:\/\/cst.cat\/es\/wp-json\/wp\/v2\/categories?post=17808"},{"taxonomy":"post_tag","embeddable":true,"href":"https:\/\/cst.cat\/es\/wp-json\/wp\/v2\/tags?post=17808"}],"curies":[{"name":"wp","href":"https:\/\/api.w.org\/{rel}","templated":true}]}}