{"id":17884,"date":"2023-04-12T11:54:22","date_gmt":"2023-04-12T09:54:22","guid":{"rendered":"https:\/\/cst.cat\/parto-y-movimiento\/"},"modified":"2023-04-12T11:54:23","modified_gmt":"2023-04-12T09:54:23","slug":"parto-y-movimiento","status":"publish","type":"post","link":"https:\/\/cst.cat\/es\/parto-y-movimiento\/","title":{"rendered":"Parto y movimiento"},"content":{"rendered":"\n<div class=\"wp-block-columns is-layout-flex wp-container-core-columns-is-layout-9d6595d7 wp-block-columns-is-layout-flex\">\n<div class=\"wp-block-column acces-lft is-layout-flow wp-block-column-is-layout-flow\" style=\"flex-basis:30%\">\n<figure class=\"wp-block-image size-full\"><img loading=\"lazy\" decoding=\"async\" width=\"700\" height=\"468\" src=\"https:\/\/cst.cat\/wp-content\/uploads\/2023\/04\/mida-web.png\" alt=\"\" class=\"wp-image-17881\" srcset=\"https:\/\/cst.cat\/wp-content\/uploads\/2023\/04\/mida-web.png 700w, https:\/\/cst.cat\/wp-content\/uploads\/2023\/04\/mida-web-600x401.png 600w\" sizes=\"auto, (max-width: 700px) 100vw, 700px\" \/><\/figure><\/div>\n\n\n\n<div class=\"wp-block-column acces-rgt is-layout-flow wp-block-column-is-layout-flow\" style=\"flex-basis:70%\">\n<h2 class=\"wp-block-heading\"><\/h2>\n\n\n\n<p>Hoy en d\u00eda se busca autonom\u00eda y libertad en la toma de decisiones por parte de la mujer y\/o pareja, as\u00ed se consigue mayor conciencia y participaci\u00f3n durante todo el proceso de maternidad. En el trabajo de parto, poder elegir la posici\u00f3n y dar libertad de movimientos es un elemento m\u00e1s para la autonom\u00eda, el confort, respetar y potenciar la fisiolog\u00eda del parto.<\/p>\n\n\n\n<p>Las posiciones verticales y la libertad de movimientos de la pelvis durante el trabajo de parto, favorecen la fase de dilataci\u00f3n, facilitan el descenso del feto en la pelvis materna y mejoran la eficacia de las contracciones uterinas. Tambi\u00e9n pueden actuar como m\u00e9todo de alivio del dolor durante el proceso de parto, aumentando el bienestar de la mujer y la sensaci\u00f3n de control.<\/p>\n\n\n\n<p>En el Hospital de Terrassa los profesionales que le acompa\u00f1ar\u00e1n en el proceso de parto pueden ofrecerle almohadas, pelotas o elementos diversos para favorecer la movilizaci\u00f3n de la pelvis. Adem\u00e1s, hemos incorporado el uso de monitorizaci\u00f3n inal\u00e1mbrica para dar libertad de movimientos y seguridad cuando se precise la auscultaci\u00f3n fetal continua.<\/p>\n\n\n\n<p>Prep\u00e1rate para tu parto y conoce los recursos que tienes preguntando a la matrona y\/u obstetra de tu ASSIR de referencia.<\/p>\n<\/div>\n<\/div>\n","protected":false},"excerpt":{"rendered":"<p>Hoy en d\u00eda se busca autonom\u00eda y libertad en la toma de decisiones por parte de la mujer y\/o pareja, as\u00ed se consigue mayor conciencia y participaci\u00f3n durante todo el proceso de maternidad. En el trabajo de parto, poder elegir la posici\u00f3n y dar libertad de movimientos es un elemento m\u00e1s para la autonom\u00eda, el [&hellip;]<\/p>\n","protected":false},"author":4,"featured_media":17882,"comment_status":"open","ping_status":"open","sticky":false,"template":"","format":"standard","meta":{"_acf_changed":false,"footnotes":""},"categories":[153],"tags":[395,481,1222,1223,328,329],"class_list":["post-17884","post","type-post","status-publish","format-standard","has-post-thumbnail","hentry","category-espacio-mujer","tag-comadronas","tag-obstetricia-es-2","tag-parte","tag-pelvis-es","tag-espacio-mujer","tag-ginecologia-es"],"acf":[],"yoast_head":"<!-- This site is optimized with the Yoast SEO plugin v27.2 - https:\/\/yoast.com\/product\/yoast-seo-wordpress\/ -->\n<title>Parto y movimiento - CST<\/title>\n<meta name=\"robots\" content=\"index, follow, max-snippet:-1, max-image-preview:large, max-video-preview:-1\" \/>\n<link rel=\"canonical\" href=\"https:\/\/cst.cat\/es\/parto-y-movimiento\/\" \/>\n<meta property=\"og:locale\" content=\"es_ES\" \/>\n<meta property=\"og:type\" content=\"article\" \/>\n<meta property=\"og:title\" content=\"Parto y movimiento - CST\" \/>\n<meta property=\"og:description\" content=\"Hoy en d\u00eda se busca autonom\u00eda y libertad en la toma de decisiones por parte de la mujer y\/o pareja, as\u00ed se consigue mayor conciencia y participaci\u00f3n durante todo el proceso de maternidad. En el trabajo de parto, poder elegir la posici\u00f3n y dar libertad de movimientos es un elemento m\u00e1s para la autonom\u00eda, el [&hellip;]\" \/>\n<meta property=\"og:url\" content=\"https:\/\/cst.cat\/es\/parto-y-movimiento\/\" \/>\n<meta property=\"og:site_name\" content=\"CST\" \/>\n<meta property=\"article:published_time\" content=\"2023-04-12T09:54:22+00:00\" \/>\n<meta property=\"article:modified_time\" content=\"2023-04-12T09:54:23+00:00\" \/>\n<meta property=\"og:image\" content=\"https:\/\/cst.cat\/wp-content\/uploads\/2023\/04\/mida-web.png\" \/>\n\t<meta property=\"og:image:width\" content=\"700\" \/>\n\t<meta property=\"og:image:height\" content=\"468\" \/>\n\t<meta property=\"og:image:type\" content=\"image\/png\" \/>\n<meta name=\"author\" content=\"aromero\" \/>\n<meta name=\"twitter:card\" content=\"summary_large_image\" \/>\n<meta name=\"twitter:label1\" content=\"Escrito por\" \/>\n\t<meta name=\"twitter:data1\" content=\"aromero\" \/>\n\t<meta name=\"twitter:label2\" content=\"Tiempo de lectura\" \/>\n\t<meta name=\"twitter:data2\" content=\"1 minuto\" \/>\n<script type=\"application\/ld+json\" class=\"yoast-schema-graph\">{\"@context\":\"https:\/\/schema.org\",\"@graph\":[{\"@type\":\"Article\",\"@id\":\"https:\/\/cst.cat\/es\/parto-y-movimiento\/#article\",\"isPartOf\":{\"@id\":\"https:\/\/cst.cat\/es\/parto-y-movimiento\/\"},\"author\":{\"name\":\"aromero\",\"@id\":\"https:\/\/cst.cat\/es\/#\/schema\/person\/1c6c9ac24850fe70cc7617ce9e2c869b\"},\"headline\":\"Parto y movimiento\",\"datePublished\":\"2023-04-12T09:54:22+00:00\",\"dateModified\":\"2023-04-12T09:54:23+00:00\",\"mainEntityOfPage\":{\"@id\":\"https:\/\/cst.cat\/es\/parto-y-movimiento\/\"},\"wordCount\":222,\"commentCount\":0,\"publisher\":{\"@id\":\"https:\/\/cst.cat\/es\/#organization\"},\"image\":{\"@id\":\"https:\/\/cst.cat\/es\/parto-y-movimiento\/#primaryimage\"},\"thumbnailUrl\":\"https:\/\/cst.cat\/wp-content\/uploads\/2023\/04\/mida-web.png\",\"keywords\":[\"comadronas\",\"obstetricia\",\"parte\",\"pelvis\",\"espacio mujer\",\"ginecolog\u00eda\"],\"articleSection\":[\"Espacio mujer\"],\"inLanguage\":\"es\",\"potentialAction\":[{\"@type\":\"CommentAction\",\"name\":\"Comment\",\"target\":[\"https:\/\/cst.cat\/es\/parto-y-movimiento\/#respond\"]}]},{\"@type\":\"WebPage\",\"@id\":\"https:\/\/cst.cat\/es\/parto-y-movimiento\/\",\"url\":\"https:\/\/cst.cat\/es\/parto-y-movimiento\/\",\"name\":\"Parto y movimiento - CST\",\"isPartOf\":{\"@id\":\"https:\/\/cst.cat\/es\/#website\"},\"primaryImageOfPage\":{\"@id\":\"https:\/\/cst.cat\/es\/parto-y-movimiento\/#primaryimage\"},\"image\":{\"@id\":\"https:\/\/cst.cat\/es\/parto-y-movimiento\/#primaryimage\"},\"thumbnailUrl\":\"https:\/\/cst.cat\/wp-content\/uploads\/2023\/04\/mida-web.png\",\"datePublished\":\"2023-04-12T09:54:22+00:00\",\"dateModified\":\"2023-04-12T09:54:23+00:00\",\"breadcrumb\":{\"@id\":\"https:\/\/cst.cat\/es\/parto-y-movimiento\/#breadcrumb\"},\"inLanguage\":\"es\",\"potentialAction\":[{\"@type\":\"ReadAction\",\"target\":[\"https:\/\/cst.cat\/es\/parto-y-movimiento\/\"]}]},{\"@type\":\"ImageObject\",\"inLanguage\":\"es\",\"@id\":\"https:\/\/cst.cat\/es\/parto-y-movimiento\/#primaryimage\",\"url\":\"https:\/\/cst.cat\/wp-content\/uploads\/2023\/04\/mida-web.png\",\"contentUrl\":\"https:\/\/cst.cat\/wp-content\/uploads\/2023\/04\/mida-web.png\",\"width\":700,\"height\":468},{\"@type\":\"BreadcrumbList\",\"@id\":\"https:\/\/cst.cat\/es\/parto-y-movimiento\/#breadcrumb\",\"itemListElement\":[{\"@type\":\"ListItem\",\"position\":1,\"name\":\"Inici\",\"item\":\"https:\/\/cst.cat\/es\/\"},{\"@type\":\"ListItem\",\"position\":2,\"name\":\"Parto y movimiento\"}]},{\"@type\":\"WebSite\",\"@id\":\"https:\/\/cst.cat\/es\/#website\",\"url\":\"https:\/\/cst.cat\/es\/\",\"name\":\"CST\",\"description\":\"\",\"publisher\":{\"@id\":\"https:\/\/cst.cat\/es\/#organization\"},\"potentialAction\":[{\"@type\":\"SearchAction\",\"target\":{\"@type\":\"EntryPoint\",\"urlTemplate\":\"https:\/\/cst.cat\/es\/?s={search_term_string}\"},\"query-input\":{\"@type\":\"PropertyValueSpecification\",\"valueRequired\":true,\"valueName\":\"search_term_string\"}}],\"inLanguage\":\"es\"},{\"@type\":\"Organization\",\"@id\":\"https:\/\/cst.cat\/es\/#organization\",\"name\":\"Consorci Sanitari de Terrassa\",\"url\":\"https:\/\/cst.cat\/es\/\",\"logo\":{\"@type\":\"ImageObject\",\"inLanguage\":\"es\",\"@id\":\"https:\/\/cst.cat\/es\/#\/schema\/logo\/image\/\",\"url\":\"https:\/\/cst.cat\/wp-content\/uploads\/2021\/09\/logo-header.svg\",\"contentUrl\":\"https:\/\/cst.cat\/wp-content\/uploads\/2021\/09\/logo-header.svg\",\"width\":90,\"height\":32,\"caption\":\"Consorci Sanitari de Terrassa\"},\"image\":{\"@id\":\"https:\/\/cst.cat\/es\/#\/schema\/logo\/image\/\"}},{\"@type\":\"Person\",\"@id\":\"https:\/\/cst.cat\/es\/#\/schema\/person\/1c6c9ac24850fe70cc7617ce9e2c869b\",\"name\":\"aromero\",\"image\":{\"@type\":\"ImageObject\",\"inLanguage\":\"es\",\"@id\":\"https:\/\/secure.gravatar.com\/avatar\/c40b84030f91249a9d94c6b1a2d85c1d905122266b37992d135461e810bfc09b?s=96&d=mm&r=g\",\"url\":\"https:\/\/secure.gravatar.com\/avatar\/c40b84030f91249a9d94c6b1a2d85c1d905122266b37992d135461e810bfc09b?s=96&d=mm&r=g\",\"contentUrl\":\"https:\/\/secure.gravatar.com\/avatar\/c40b84030f91249a9d94c6b1a2d85c1d905122266b37992d135461e810bfc09b?s=96&d=mm&r=g\",\"caption\":\"aromero\"},\"url\":\"https:\/\/cst.cat\/es\/author\/aromero\/\"}]}<\/script>\n<!-- \/ Yoast SEO plugin. -->","yoast_head_json":{"title":"Parto y movimiento - CST","robots":{"index":"index","follow":"follow","max-snippet":"max-snippet:-1","max-image-preview":"max-image-preview:large","max-video-preview":"max-video-preview:-1"},"canonical":"https:\/\/cst.cat\/es\/parto-y-movimiento\/","og_locale":"es_ES","og_type":"article","og_title":"Parto y movimiento - CST","og_description":"Hoy en d\u00eda se busca autonom\u00eda y libertad en la toma de decisiones por parte de la mujer y\/o pareja, as\u00ed se consigue mayor conciencia y participaci\u00f3n durante todo el proceso de maternidad. En el trabajo de parto, poder elegir la posici\u00f3n y dar libertad de movimientos es un elemento m\u00e1s para la autonom\u00eda, el [&hellip;]","og_url":"https:\/\/cst.cat\/es\/parto-y-movimiento\/","og_site_name":"CST","article_published_time":"2023-04-12T09:54:22+00:00","article_modified_time":"2023-04-12T09:54:23+00:00","og_image":[{"width":700,"height":468,"url":"https:\/\/cst.cat\/wp-content\/uploads\/2023\/04\/mida-web.png","type":"image\/png"}],"author":"aromero","twitter_card":"summary_large_image","twitter_misc":{"Escrito por":"aromero","Tiempo de lectura":"1 minuto"},"schema":{"@context":"https:\/\/schema.org","@graph":[{"@type":"Article","@id":"https:\/\/cst.cat\/es\/parto-y-movimiento\/#article","isPartOf":{"@id":"https:\/\/cst.cat\/es\/parto-y-movimiento\/"},"author":{"name":"aromero","@id":"https:\/\/cst.cat\/es\/#\/schema\/person\/1c6c9ac24850fe70cc7617ce9e2c869b"},"headline":"Parto y movimiento","datePublished":"2023-04-12T09:54:22+00:00","dateModified":"2023-04-12T09:54:23+00:00","mainEntityOfPage":{"@id":"https:\/\/cst.cat\/es\/parto-y-movimiento\/"},"wordCount":222,"commentCount":0,"publisher":{"@id":"https:\/\/cst.cat\/es\/#organization"},"image":{"@id":"https:\/\/cst.cat\/es\/parto-y-movimiento\/#primaryimage"},"thumbnailUrl":"https:\/\/cst.cat\/wp-content\/uploads\/2023\/04\/mida-web.png","keywords":["comadronas","obstetricia","parte","pelvis","espacio mujer","ginecolog\u00eda"],"articleSection":["Espacio mujer"],"inLanguage":"es","potentialAction":[{"@type":"CommentAction","name":"Comment","target":["https:\/\/cst.cat\/es\/parto-y-movimiento\/#respond"]}]},{"@type":"WebPage","@id":"https:\/\/cst.cat\/es\/parto-y-movimiento\/","url":"https:\/\/cst.cat\/es\/parto-y-movimiento\/","name":"Parto y movimiento - CST","isPartOf":{"@id":"https:\/\/cst.cat\/es\/#website"},"primaryImageOfPage":{"@id":"https:\/\/cst.cat\/es\/parto-y-movimiento\/#primaryimage"},"image":{"@id":"https:\/\/cst.cat\/es\/parto-y-movimiento\/#primaryimage"},"thumbnailUrl":"https:\/\/cst.cat\/wp-content\/uploads\/2023\/04\/mida-web.png","datePublished":"2023-04-12T09:54:22+00:00","dateModified":"2023-04-12T09:54:23+00:00","breadcrumb":{"@id":"https:\/\/cst.cat\/es\/parto-y-movimiento\/#breadcrumb"},"inLanguage":"es","potentialAction":[{"@type":"ReadAction","target":["https:\/\/cst.cat\/es\/parto-y-movimiento\/"]}]},{"@type":"ImageObject","inLanguage":"es","@id":"https:\/\/cst.cat\/es\/parto-y-movimiento\/#primaryimage","url":"https:\/\/cst.cat\/wp-content\/uploads\/2023\/04\/mida-web.png","contentUrl":"https:\/\/cst.cat\/wp-content\/uploads\/2023\/04\/mida-web.png","width":700,"height":468},{"@type":"BreadcrumbList","@id":"https:\/\/cst.cat\/es\/parto-y-movimiento\/#breadcrumb","itemListElement":[{"@type":"ListItem","position":1,"name":"Inici","item":"https:\/\/cst.cat\/es\/"},{"@type":"ListItem","position":2,"name":"Parto y movimiento"}]},{"@type":"WebSite","@id":"https:\/\/cst.cat\/es\/#website","url":"https:\/\/cst.cat\/es\/","name":"CST","description":"","publisher":{"@id":"https:\/\/cst.cat\/es\/#organization"},"potentialAction":[{"@type":"SearchAction","target":{"@type":"EntryPoint","urlTemplate":"https:\/\/cst.cat\/es\/?s={search_term_string}"},"query-input":{"@type":"PropertyValueSpecification","valueRequired":true,"valueName":"search_term_string"}}],"inLanguage":"es"},{"@type":"Organization","@id":"https:\/\/cst.cat\/es\/#organization","name":"Consorci Sanitari de Terrassa","url":"https:\/\/cst.cat\/es\/","logo":{"@type":"ImageObject","inLanguage":"es","@id":"https:\/\/cst.cat\/es\/#\/schema\/logo\/image\/","url":"https:\/\/cst.cat\/wp-content\/uploads\/2021\/09\/logo-header.svg","contentUrl":"https:\/\/cst.cat\/wp-content\/uploads\/2021\/09\/logo-header.svg","width":90,"height":32,"caption":"Consorci Sanitari de Terrassa"},"image":{"@id":"https:\/\/cst.cat\/es\/#\/schema\/logo\/image\/"}},{"@type":"Person","@id":"https:\/\/cst.cat\/es\/#\/schema\/person\/1c6c9ac24850fe70cc7617ce9e2c869b","name":"aromero","image":{"@type":"ImageObject","inLanguage":"es","@id":"https:\/\/secure.gravatar.com\/avatar\/c40b84030f91249a9d94c6b1a2d85c1d905122266b37992d135461e810bfc09b?s=96&d=mm&r=g","url":"https:\/\/secure.gravatar.com\/avatar\/c40b84030f91249a9d94c6b1a2d85c1d905122266b37992d135461e810bfc09b?s=96&d=mm&r=g","contentUrl":"https:\/\/secure.gravatar.com\/avatar\/c40b84030f91249a9d94c6b1a2d85c1d905122266b37992d135461e810bfc09b?s=96&d=mm&r=g","caption":"aromero"},"url":"https:\/\/cst.cat\/es\/author\/aromero\/"}]}},"_links":{"self":[{"href":"https:\/\/cst.cat\/es\/wp-json\/wp\/v2\/posts\/17884","targetHints":{"allow":["GET"]}}],"collection":[{"href":"https:\/\/cst.cat\/es\/wp-json\/wp\/v2\/posts"}],"about":[{"href":"https:\/\/cst.cat\/es\/wp-json\/wp\/v2\/types\/post"}],"author":[{"embeddable":true,"href":"https:\/\/cst.cat\/es\/wp-json\/wp\/v2\/users\/4"}],"replies":[{"embeddable":true,"href":"https:\/\/cst.cat\/es\/wp-json\/wp\/v2\/comments?post=17884"}],"version-history":[{"count":0,"href":"https:\/\/cst.cat\/es\/wp-json\/wp\/v2\/posts\/17884\/revisions"}],"wp:featuredmedia":[{"embeddable":true,"href":"https:\/\/cst.cat\/es\/wp-json\/wp\/v2\/media\/17882"}],"wp:attachment":[{"href":"https:\/\/cst.cat\/es\/wp-json\/wp\/v2\/media?parent=17884"}],"wp:term":[{"taxonomy":"category","embeddable":true,"href":"https:\/\/cst.cat\/es\/wp-json\/wp\/v2\/categories?post=17884"},{"taxonomy":"post_tag","embeddable":true,"href":"https:\/\/cst.cat\/es\/wp-json\/wp\/v2\/tags?post=17884"}],"curies":[{"name":"wp","href":"https:\/\/api.w.org\/{rel}","templated":true}]}}