{"id":18610,"date":"2023-05-28T09:00:48","date_gmt":"2023-05-28T07:00:48","guid":{"rendered":"https:\/\/cst.cat\/dia-internacional-de-la-higiene-menstrual-hablamos-de-pobreza-menstrual\/"},"modified":"2023-05-28T09:00:49","modified_gmt":"2023-05-28T07:00:49","slug":"dia-internacional-de-la-higiene-menstrual-hablamos-de-pobreza-menstrual","status":"publish","type":"post","link":"https:\/\/cst.cat\/es\/dia-internacional-de-la-higiene-menstrual-hablamos-de-pobreza-menstrual\/","title":{"rendered":"D\u00eda Internacional de la higiene menstrual: hablamos de pobreza menstrual"},"content":{"rendered":"\n<div class=\"wp-block-columns is-layout-flex wp-container-core-columns-is-layout-9d6595d7 wp-block-columns-is-layout-flex\">\n<div class=\"wp-block-column acces-lft is-layout-flow wp-block-column-is-layout-flow\" style=\"flex-basis:30%\">\n<figure class=\"wp-block-image size-full\"><img loading=\"lazy\" decoding=\"async\" width=\"700\" height=\"468\" src=\"https:\/\/cst.cat\/wp-content\/uploads\/2023\/05\/mida-web-3.png\" alt=\"\" class=\"wp-image-18602\" srcset=\"https:\/\/cst.cat\/wp-content\/uploads\/2023\/05\/mida-web-3.png 700w, https:\/\/cst.cat\/wp-content\/uploads\/2023\/05\/mida-web-3-600x401.png 600w\" sizes=\"auto, (max-width: 700px) 100vw, 700px\" \/><\/figure>\n<\/div>\n\n\n\n<div class=\"wp-block-column acces-rgt is-layout-flow wp-block-column-is-layout-flow\" style=\"flex-basis:70%\">\n<h2 class=\"wp-block-heading\"><\/h2>\n\n\n\n<p>El 28 de maig \u00e9s el dia escollit per la OMS per visibilitzar la salut menstrual. S\u2019ha triat el 28 al ser la durada mitja&nbsp; d\u2019un cicle menstrual. Maig pel fet de ser el cinqu\u00e8 m\u00e9s de l\u2019any i 5 dies la durada mitj\u00e0 del sagnat menstrual.<\/p>\n\n\n\n<p>La fita d\u2019aquest dia \u00e9s reivindicar la menstruaci\u00f3 com el proc\u00e9s biol\u00f2gic que \u00e9s i conscienciar sobre una realitat que afecta a moltes persones menstruants arreu del mon: <strong>la pobresa menstrual.<\/strong><\/p>\n\n\n\n<p>Sabies que a <strong>Espanya dues de cada deu dones <\/strong>tenen dificultats econ\u00f2miques per a comprar productes per a la gesti\u00f3 del seu sagnat menstrual?<\/p>\n\n\n\n<p>A l\u2019estudi que ha dut a terme per un equip de l&#8217;Institut Universitari de Recerca en Atenci\u00f3 Primaria Jordi Gol i Gurina (IDIAPJGol) sobre&nbsp; <strong>&#8216;Equitat i Salut Menstrual&#8217;, <\/strong>on han participat quasi 2.000 dones espanyoles entre 18 i 55 anys, cridava l\u2019atenci\u00f3 el % de participants que utilitzaven <strong>productes no dissenyats<\/strong> per a&nbsp; la gesti\u00f3 menstrual com paper higi\u00e8nic i bolquers. El 71% considerava que eren massa cars, el 19% reconeixia haver patit en algun moment algun tipus de dificultat econ\u00f2mica per a comprar-los i el 37% s\u2019havia vist for\u00e7ada a utilitzar productes \u201cm\u00e9s econ\u00f2mics\u201d per aquest motiu.<\/p>\n\n\n\n<p>Aquesta falta d&#8217;accessibilitat global als <strong>productes menstruals \u00e9s una conseq\u00fc\u00e8ncia m\u00e9s de la pobresa menstrual.<\/strong><\/p>\n\n\n\n<p><strong>La pobresa menstrual \u00e9s una crisis global <\/strong>que afecta a milions de persones que menstruen&nbsp; a tot el m\u00f3n, i no nom\u00e9s fa refer\u00e8ncia a aquesta manca d\u2019acc\u00e9s global als productes de gesti\u00f3 menstrual, sin\u00f3 tamb\u00e9 a la manca d\u2019acc\u00e9s a instal\u00b7lacions adequades per a la gesti\u00f3 menstrual, a la manca d\u2019atenci\u00f3 m\u00e8dica adequada i a l\u2019abs\u00e8ncia d\u2019educaci\u00f3 menstrual de qualitat. Una crisi universal que es veu potenciada, de nou,<strong>&nbsp; per la desigualtat de g\u00e8nere.<\/strong><\/p>\n\n\n\n<p>S\u00f3n necess\u00e0ries diferents mesures i un llarg cam\u00ed per gaudir d\u2019una bona salut menstrual. Per\u00f2 el primer pas fonamental<strong> \u00e9s la promoci\u00f3 d\u2019una educaci\u00f3 menstrual de qualitat, que entengui el cicle menstrual com el que \u00e9s, un signe vital que normalitzem la ciclicitat de la salut de les dones, i l\u2019impacte que t\u00e9 aquesta ciclicitat en la seva biologia a tots els nivells. I, per descomptat, una educaci\u00f3 menstrual lliure de tab\u00fas i estigmes associats al fet de menstruar.<\/strong><\/p>\n\n\n\n<p>I amb aquest prop\u00f2sit algunes infermeres pedi\u00e0triques i llevadores del Consorci Sanitari de Terrassa participen en programes d\u2019educaci\u00f3 menstrual a alumnes de 3r ESO, oferint xerrades organitzades pel Departament de salut sota el nom \u201c <strong>Equitat menstrual<\/strong>\u201d, on a m\u00e9s se\u2019ls hi fa entrega d\u2019un pack d\u2019inici cap a una menstruaci\u00f3 m\u00e9s sostenible, que inclou una copa menstrual, unes calces menstruals i una compresa de cot\u00f3.<\/p>\n\n\n\n<p>Fer el canvi<strong> cap a una menstruaci\u00f3 m\u00e9s sostenible <\/strong>pel planeta i respectuosa amb la nostra salut ginecol\u00f2gica \u00e9s un altre objectiu fonamental per aconseguir una veritable salut menstrual.<\/p>\n<\/div>\n<\/div>\n","protected":false},"excerpt":{"rendered":"<p>El 28 de maig \u00e9s el dia escollit per la OMS per visibilitzar la salut menstrual. S\u2019ha triat el 28 al ser la durada mitja&nbsp; d\u2019un cicle menstrual. Maig pel fet de ser el cinqu\u00e8 m\u00e9s de l\u2019any i 5 dies la durada mitj\u00e0 del sagnat menstrual. La fita d\u2019aquest dia \u00e9s reivindicar la menstruaci\u00f3 [&hellip;]<\/p>\n","protected":false},"author":4,"featured_media":18603,"comment_status":"open","ping_status":"open","sticky":false,"template":"","format":"standard","meta":{"_acf_changed":false,"footnotes":""},"categories":[153],"tags":[328,329,1311],"class_list":["post-18610","post","type-post","status-publish","format-standard","has-post-thumbnail","hentry","category-espacio-mujer","tag-espacio-mujer","tag-ginecologia-es","tag-higiene-menstrual-es"],"acf":[],"yoast_head":"<!-- This site is optimized with the Yoast SEO plugin v27.2 - https:\/\/yoast.com\/product\/yoast-seo-wordpress\/ -->\n<title>D\u00eda Internacional de la higiene menstrual: hablamos de pobreza menstrual - CST<\/title>\n<meta name=\"robots\" content=\"index, follow, max-snippet:-1, max-image-preview:large, max-video-preview:-1\" \/>\n<link rel=\"canonical\" href=\"https:\/\/cst.cat\/es\/dia-internacional-de-la-higiene-menstrual-hablamos-de-pobreza-menstrual\/\" \/>\n<meta property=\"og:locale\" content=\"es_ES\" \/>\n<meta property=\"og:type\" content=\"article\" \/>\n<meta property=\"og:title\" content=\"D\u00eda Internacional de la higiene menstrual: hablamos de pobreza menstrual - CST\" \/>\n<meta property=\"og:description\" content=\"El 28 de maig \u00e9s el dia escollit per la OMS per visibilitzar la salut menstrual. S\u2019ha triat el 28 al ser la durada mitja&nbsp; d\u2019un cicle menstrual. Maig pel fet de ser el cinqu\u00e8 m\u00e9s de l\u2019any i 5 dies la durada mitj\u00e0 del sagnat menstrual. La fita d\u2019aquest dia \u00e9s reivindicar la menstruaci\u00f3 [&hellip;]\" \/>\n<meta property=\"og:url\" content=\"https:\/\/cst.cat\/es\/dia-internacional-de-la-higiene-menstrual-hablamos-de-pobreza-menstrual\/\" \/>\n<meta property=\"og:site_name\" content=\"CST\" \/>\n<meta property=\"article:published_time\" content=\"2023-05-28T07:00:48+00:00\" \/>\n<meta property=\"article:modified_time\" content=\"2023-05-28T07:00:49+00:00\" \/>\n<meta property=\"og:image\" content=\"https:\/\/cst.cat\/wp-content\/uploads\/2023\/05\/mida-web-3.png\" \/>\n\t<meta property=\"og:image:width\" content=\"700\" \/>\n\t<meta property=\"og:image:height\" content=\"468\" \/>\n\t<meta property=\"og:image:type\" content=\"image\/png\" \/>\n<meta name=\"author\" content=\"aromero\" \/>\n<meta name=\"twitter:card\" content=\"summary_large_image\" \/>\n<meta name=\"twitter:label1\" content=\"Escrito por\" \/>\n\t<meta name=\"twitter:data1\" content=\"aromero\" \/>\n\t<meta name=\"twitter:label2\" content=\"Tiempo de lectura\" \/>\n\t<meta name=\"twitter:data2\" content=\"3 minutos\" \/>\n<script type=\"application\/ld+json\" class=\"yoast-schema-graph\">{\"@context\":\"https:\/\/schema.org\",\"@graph\":[{\"@type\":\"Article\",\"@id\":\"https:\/\/cst.cat\/es\/dia-internacional-de-la-higiene-menstrual-hablamos-de-pobreza-menstrual\/#article\",\"isPartOf\":{\"@id\":\"https:\/\/cst.cat\/es\/dia-internacional-de-la-higiene-menstrual-hablamos-de-pobreza-menstrual\/\"},\"author\":{\"name\":\"aromero\",\"@id\":\"https:\/\/cst.cat\/es\/#\/schema\/person\/1c6c9ac24850fe70cc7617ce9e2c869b\"},\"headline\":\"D\u00eda Internacional de la higiene menstrual: hablamos de pobreza menstrual\",\"datePublished\":\"2023-05-28T07:00:48+00:00\",\"dateModified\":\"2023-05-28T07:00:49+00:00\",\"mainEntityOfPage\":{\"@id\":\"https:\/\/cst.cat\/es\/dia-internacional-de-la-higiene-menstrual-hablamos-de-pobreza-menstrual\/\"},\"wordCount\":519,\"commentCount\":0,\"publisher\":{\"@id\":\"https:\/\/cst.cat\/es\/#organization\"},\"image\":{\"@id\":\"https:\/\/cst.cat\/es\/dia-internacional-de-la-higiene-menstrual-hablamos-de-pobreza-menstrual\/#primaryimage\"},\"thumbnailUrl\":\"https:\/\/cst.cat\/wp-content\/uploads\/2023\/05\/mida-web-3.png\",\"keywords\":[\"espacio mujer\",\"ginecolog\u00eda\",\"higiene menstrual\"],\"articleSection\":[\"Espacio mujer\"],\"inLanguage\":\"es\",\"potentialAction\":[{\"@type\":\"CommentAction\",\"name\":\"Comment\",\"target\":[\"https:\/\/cst.cat\/es\/dia-internacional-de-la-higiene-menstrual-hablamos-de-pobreza-menstrual\/#respond\"]}]},{\"@type\":\"WebPage\",\"@id\":\"https:\/\/cst.cat\/es\/dia-internacional-de-la-higiene-menstrual-hablamos-de-pobreza-menstrual\/\",\"url\":\"https:\/\/cst.cat\/es\/dia-internacional-de-la-higiene-menstrual-hablamos-de-pobreza-menstrual\/\",\"name\":\"D\u00eda Internacional de la higiene menstrual: hablamos de pobreza menstrual - CST\",\"isPartOf\":{\"@id\":\"https:\/\/cst.cat\/es\/#website\"},\"primaryImageOfPage\":{\"@id\":\"https:\/\/cst.cat\/es\/dia-internacional-de-la-higiene-menstrual-hablamos-de-pobreza-menstrual\/#primaryimage\"},\"image\":{\"@id\":\"https:\/\/cst.cat\/es\/dia-internacional-de-la-higiene-menstrual-hablamos-de-pobreza-menstrual\/#primaryimage\"},\"thumbnailUrl\":\"https:\/\/cst.cat\/wp-content\/uploads\/2023\/05\/mida-web-3.png\",\"datePublished\":\"2023-05-28T07:00:48+00:00\",\"dateModified\":\"2023-05-28T07:00:49+00:00\",\"breadcrumb\":{\"@id\":\"https:\/\/cst.cat\/es\/dia-internacional-de-la-higiene-menstrual-hablamos-de-pobreza-menstrual\/#breadcrumb\"},\"inLanguage\":\"es\",\"potentialAction\":[{\"@type\":\"ReadAction\",\"target\":[\"https:\/\/cst.cat\/es\/dia-internacional-de-la-higiene-menstrual-hablamos-de-pobreza-menstrual\/\"]}]},{\"@type\":\"ImageObject\",\"inLanguage\":\"es\",\"@id\":\"https:\/\/cst.cat\/es\/dia-internacional-de-la-higiene-menstrual-hablamos-de-pobreza-menstrual\/#primaryimage\",\"url\":\"https:\/\/cst.cat\/wp-content\/uploads\/2023\/05\/mida-web-3.png\",\"contentUrl\":\"https:\/\/cst.cat\/wp-content\/uploads\/2023\/05\/mida-web-3.png\",\"width\":700,\"height\":468},{\"@type\":\"BreadcrumbList\",\"@id\":\"https:\/\/cst.cat\/es\/dia-internacional-de-la-higiene-menstrual-hablamos-de-pobreza-menstrual\/#breadcrumb\",\"itemListElement\":[{\"@type\":\"ListItem\",\"position\":1,\"name\":\"Inici\",\"item\":\"https:\/\/cst.cat\/es\/\"},{\"@type\":\"ListItem\",\"position\":2,\"name\":\"D\u00eda Internacional de la higiene menstrual: hablamos de pobreza menstrual\"}]},{\"@type\":\"WebSite\",\"@id\":\"https:\/\/cst.cat\/es\/#website\",\"url\":\"https:\/\/cst.cat\/es\/\",\"name\":\"CST\",\"description\":\"\",\"publisher\":{\"@id\":\"https:\/\/cst.cat\/es\/#organization\"},\"potentialAction\":[{\"@type\":\"SearchAction\",\"target\":{\"@type\":\"EntryPoint\",\"urlTemplate\":\"https:\/\/cst.cat\/es\/?s={search_term_string}\"},\"query-input\":{\"@type\":\"PropertyValueSpecification\",\"valueRequired\":true,\"valueName\":\"search_term_string\"}}],\"inLanguage\":\"es\"},{\"@type\":\"Organization\",\"@id\":\"https:\/\/cst.cat\/es\/#organization\",\"name\":\"Consorci Sanitari de Terrassa\",\"url\":\"https:\/\/cst.cat\/es\/\",\"logo\":{\"@type\":\"ImageObject\",\"inLanguage\":\"es\",\"@id\":\"https:\/\/cst.cat\/es\/#\/schema\/logo\/image\/\",\"url\":\"https:\/\/cst.cat\/wp-content\/uploads\/2021\/09\/logo-header.svg\",\"contentUrl\":\"https:\/\/cst.cat\/wp-content\/uploads\/2021\/09\/logo-header.svg\",\"width\":90,\"height\":32,\"caption\":\"Consorci Sanitari de Terrassa\"},\"image\":{\"@id\":\"https:\/\/cst.cat\/es\/#\/schema\/logo\/image\/\"}},{\"@type\":\"Person\",\"@id\":\"https:\/\/cst.cat\/es\/#\/schema\/person\/1c6c9ac24850fe70cc7617ce9e2c869b\",\"name\":\"aromero\",\"image\":{\"@type\":\"ImageObject\",\"inLanguage\":\"es\",\"@id\":\"https:\/\/secure.gravatar.com\/avatar\/c40b84030f91249a9d94c6b1a2d85c1d905122266b37992d135461e810bfc09b?s=96&d=mm&r=g\",\"url\":\"https:\/\/secure.gravatar.com\/avatar\/c40b84030f91249a9d94c6b1a2d85c1d905122266b37992d135461e810bfc09b?s=96&d=mm&r=g\",\"contentUrl\":\"https:\/\/secure.gravatar.com\/avatar\/c40b84030f91249a9d94c6b1a2d85c1d905122266b37992d135461e810bfc09b?s=96&d=mm&r=g\",\"caption\":\"aromero\"},\"url\":\"https:\/\/cst.cat\/es\/author\/aromero\/\"}]}<\/script>\n<!-- \/ Yoast SEO plugin. -->","yoast_head_json":{"title":"D\u00eda Internacional de la higiene menstrual: hablamos de pobreza menstrual - CST","robots":{"index":"index","follow":"follow","max-snippet":"max-snippet:-1","max-image-preview":"max-image-preview:large","max-video-preview":"max-video-preview:-1"},"canonical":"https:\/\/cst.cat\/es\/dia-internacional-de-la-higiene-menstrual-hablamos-de-pobreza-menstrual\/","og_locale":"es_ES","og_type":"article","og_title":"D\u00eda Internacional de la higiene menstrual: hablamos de pobreza menstrual - CST","og_description":"El 28 de maig \u00e9s el dia escollit per la OMS per visibilitzar la salut menstrual. S\u2019ha triat el 28 al ser la durada mitja&nbsp; d\u2019un cicle menstrual. Maig pel fet de ser el cinqu\u00e8 m\u00e9s de l\u2019any i 5 dies la durada mitj\u00e0 del sagnat menstrual. La fita d\u2019aquest dia \u00e9s reivindicar la menstruaci\u00f3 [&hellip;]","og_url":"https:\/\/cst.cat\/es\/dia-internacional-de-la-higiene-menstrual-hablamos-de-pobreza-menstrual\/","og_site_name":"CST","article_published_time":"2023-05-28T07:00:48+00:00","article_modified_time":"2023-05-28T07:00:49+00:00","og_image":[{"width":700,"height":468,"url":"https:\/\/cst.cat\/wp-content\/uploads\/2023\/05\/mida-web-3.png","type":"image\/png"}],"author":"aromero","twitter_card":"summary_large_image","twitter_misc":{"Escrito por":"aromero","Tiempo de lectura":"3 minutos"},"schema":{"@context":"https:\/\/schema.org","@graph":[{"@type":"Article","@id":"https:\/\/cst.cat\/es\/dia-internacional-de-la-higiene-menstrual-hablamos-de-pobreza-menstrual\/#article","isPartOf":{"@id":"https:\/\/cst.cat\/es\/dia-internacional-de-la-higiene-menstrual-hablamos-de-pobreza-menstrual\/"},"author":{"name":"aromero","@id":"https:\/\/cst.cat\/es\/#\/schema\/person\/1c6c9ac24850fe70cc7617ce9e2c869b"},"headline":"D\u00eda Internacional de la higiene menstrual: hablamos de pobreza menstrual","datePublished":"2023-05-28T07:00:48+00:00","dateModified":"2023-05-28T07:00:49+00:00","mainEntityOfPage":{"@id":"https:\/\/cst.cat\/es\/dia-internacional-de-la-higiene-menstrual-hablamos-de-pobreza-menstrual\/"},"wordCount":519,"commentCount":0,"publisher":{"@id":"https:\/\/cst.cat\/es\/#organization"},"image":{"@id":"https:\/\/cst.cat\/es\/dia-internacional-de-la-higiene-menstrual-hablamos-de-pobreza-menstrual\/#primaryimage"},"thumbnailUrl":"https:\/\/cst.cat\/wp-content\/uploads\/2023\/05\/mida-web-3.png","keywords":["espacio mujer","ginecolog\u00eda","higiene menstrual"],"articleSection":["Espacio mujer"],"inLanguage":"es","potentialAction":[{"@type":"CommentAction","name":"Comment","target":["https:\/\/cst.cat\/es\/dia-internacional-de-la-higiene-menstrual-hablamos-de-pobreza-menstrual\/#respond"]}]},{"@type":"WebPage","@id":"https:\/\/cst.cat\/es\/dia-internacional-de-la-higiene-menstrual-hablamos-de-pobreza-menstrual\/","url":"https:\/\/cst.cat\/es\/dia-internacional-de-la-higiene-menstrual-hablamos-de-pobreza-menstrual\/","name":"D\u00eda Internacional de la higiene menstrual: hablamos de pobreza menstrual - CST","isPartOf":{"@id":"https:\/\/cst.cat\/es\/#website"},"primaryImageOfPage":{"@id":"https:\/\/cst.cat\/es\/dia-internacional-de-la-higiene-menstrual-hablamos-de-pobreza-menstrual\/#primaryimage"},"image":{"@id":"https:\/\/cst.cat\/es\/dia-internacional-de-la-higiene-menstrual-hablamos-de-pobreza-menstrual\/#primaryimage"},"thumbnailUrl":"https:\/\/cst.cat\/wp-content\/uploads\/2023\/05\/mida-web-3.png","datePublished":"2023-05-28T07:00:48+00:00","dateModified":"2023-05-28T07:00:49+00:00","breadcrumb":{"@id":"https:\/\/cst.cat\/es\/dia-internacional-de-la-higiene-menstrual-hablamos-de-pobreza-menstrual\/#breadcrumb"},"inLanguage":"es","potentialAction":[{"@type":"ReadAction","target":["https:\/\/cst.cat\/es\/dia-internacional-de-la-higiene-menstrual-hablamos-de-pobreza-menstrual\/"]}]},{"@type":"ImageObject","inLanguage":"es","@id":"https:\/\/cst.cat\/es\/dia-internacional-de-la-higiene-menstrual-hablamos-de-pobreza-menstrual\/#primaryimage","url":"https:\/\/cst.cat\/wp-content\/uploads\/2023\/05\/mida-web-3.png","contentUrl":"https:\/\/cst.cat\/wp-content\/uploads\/2023\/05\/mida-web-3.png","width":700,"height":468},{"@type":"BreadcrumbList","@id":"https:\/\/cst.cat\/es\/dia-internacional-de-la-higiene-menstrual-hablamos-de-pobreza-menstrual\/#breadcrumb","itemListElement":[{"@type":"ListItem","position":1,"name":"Inici","item":"https:\/\/cst.cat\/es\/"},{"@type":"ListItem","position":2,"name":"D\u00eda Internacional de la higiene menstrual: hablamos de pobreza menstrual"}]},{"@type":"WebSite","@id":"https:\/\/cst.cat\/es\/#website","url":"https:\/\/cst.cat\/es\/","name":"CST","description":"","publisher":{"@id":"https:\/\/cst.cat\/es\/#organization"},"potentialAction":[{"@type":"SearchAction","target":{"@type":"EntryPoint","urlTemplate":"https:\/\/cst.cat\/es\/?s={search_term_string}"},"query-input":{"@type":"PropertyValueSpecification","valueRequired":true,"valueName":"search_term_string"}}],"inLanguage":"es"},{"@type":"Organization","@id":"https:\/\/cst.cat\/es\/#organization","name":"Consorci Sanitari de Terrassa","url":"https:\/\/cst.cat\/es\/","logo":{"@type":"ImageObject","inLanguage":"es","@id":"https:\/\/cst.cat\/es\/#\/schema\/logo\/image\/","url":"https:\/\/cst.cat\/wp-content\/uploads\/2021\/09\/logo-header.svg","contentUrl":"https:\/\/cst.cat\/wp-content\/uploads\/2021\/09\/logo-header.svg","width":90,"height":32,"caption":"Consorci Sanitari de Terrassa"},"image":{"@id":"https:\/\/cst.cat\/es\/#\/schema\/logo\/image\/"}},{"@type":"Person","@id":"https:\/\/cst.cat\/es\/#\/schema\/person\/1c6c9ac24850fe70cc7617ce9e2c869b","name":"aromero","image":{"@type":"ImageObject","inLanguage":"es","@id":"https:\/\/secure.gravatar.com\/avatar\/c40b84030f91249a9d94c6b1a2d85c1d905122266b37992d135461e810bfc09b?s=96&d=mm&r=g","url":"https:\/\/secure.gravatar.com\/avatar\/c40b84030f91249a9d94c6b1a2d85c1d905122266b37992d135461e810bfc09b?s=96&d=mm&r=g","contentUrl":"https:\/\/secure.gravatar.com\/avatar\/c40b84030f91249a9d94c6b1a2d85c1d905122266b37992d135461e810bfc09b?s=96&d=mm&r=g","caption":"aromero"},"url":"https:\/\/cst.cat\/es\/author\/aromero\/"}]}},"_links":{"self":[{"href":"https:\/\/cst.cat\/es\/wp-json\/wp\/v2\/posts\/18610","targetHints":{"allow":["GET"]}}],"collection":[{"href":"https:\/\/cst.cat\/es\/wp-json\/wp\/v2\/posts"}],"about":[{"href":"https:\/\/cst.cat\/es\/wp-json\/wp\/v2\/types\/post"}],"author":[{"embeddable":true,"href":"https:\/\/cst.cat\/es\/wp-json\/wp\/v2\/users\/4"}],"replies":[{"embeddable":true,"href":"https:\/\/cst.cat\/es\/wp-json\/wp\/v2\/comments?post=18610"}],"version-history":[{"count":0,"href":"https:\/\/cst.cat\/es\/wp-json\/wp\/v2\/posts\/18610\/revisions"}],"wp:featuredmedia":[{"embeddable":true,"href":"https:\/\/cst.cat\/es\/wp-json\/wp\/v2\/media\/18603"}],"wp:attachment":[{"href":"https:\/\/cst.cat\/es\/wp-json\/wp\/v2\/media?parent=18610"}],"wp:term":[{"taxonomy":"category","embeddable":true,"href":"https:\/\/cst.cat\/es\/wp-json\/wp\/v2\/categories?post=18610"},{"taxonomy":"post_tag","embeddable":true,"href":"https:\/\/cst.cat\/es\/wp-json\/wp\/v2\/tags?post=18610"}],"curies":[{"name":"wp","href":"https:\/\/api.w.org\/{rel}","templated":true}]}}