{"id":18713,"date":"2023-06-07T09:17:03","date_gmt":"2023-06-07T07:17:03","guid":{"rendered":"https:\/\/cst.cat\/dia-del-donante-de-organos-y-tejidos\/"},"modified":"2023-06-07T09:17:04","modified_gmt":"2023-06-07T07:17:04","slug":"dia-del-donante-de-organos-y-tejidos","status":"publish","type":"post","link":"https:\/\/cst.cat\/es\/dia-del-donante-de-organos-y-tejidos\/","title":{"rendered":"D\u00eda del Donante de \u00f3rganos y tejidos"},"content":{"rendered":"\n<div class=\"wp-block-columns is-layout-flex wp-container-core-columns-is-layout-9d6595d7 wp-block-columns-is-layout-flex\">\n<div class=\"wp-block-column acces-lft is-layout-flow wp-block-column-is-layout-flow\" style=\"flex-basis:30%\">\n<figure class=\"wp-block-image size-full\"><img loading=\"lazy\" decoding=\"async\" width=\"700\" height=\"468\" src=\"https:\/\/cst.cat\/wp-content\/uploads\/2023\/06\/mida-web-1.png\" alt=\"\" class=\"wp-image-18710\" srcset=\"https:\/\/cst.cat\/wp-content\/uploads\/2023\/06\/mida-web-1.png 700w, https:\/\/cst.cat\/wp-content\/uploads\/2023\/06\/mida-web-1-600x401.png 600w\" sizes=\"auto, (max-width: 700px) 100vw, 700px\" \/><\/figure><\/div>\n\n\n\n<div class=\"wp-block-column acces-rgt is-layout-flow wp-block-column-is-layout-flow\" style=\"flex-basis:70%\">\n<h2 class=\"wp-block-heading\">Este evento se celebra el primer mi\u00e9rcoles del mes de junio para recordar y rendir homenaje a los donantes ya sus familias. Este a\u00f1o se conmemora el 7 de junio.<\/h2>\n\n\n\n<p>La donaci\u00f3n de \u00f3rganos y tejidos es un acto voluntario, altruista, solidario, generoso, confidencial, gratuito y sin \u00e1nimo de lucro, en el que una persona decide que una vez muera extraigan uno o varios \u00f3rganos de su cuerpo para darlos a personas enfermas que se encuentran en listas de espera para recibir un trasplante. Hacerse donante es tan sencillo como tomar la decisi\u00f3n de serlo y compartirlo con la familia y las personas m\u00e1s cercanas.<\/p>\n\n\n\n<p>Hemos hablado con la <strong>Dra. Maite Jurado<\/strong>, coordinadora de Trasplantes CST y M\u00e9dico adjunta UCI del CST.<\/p>\n\n\n\n<p>Jurado explica que \u00abde forma general todos podemos ser donantes potenciales si \u00e9sta es nuestra voluntad. Lo importante es expresar, de forma oral o escrita, a nuestros familiares este deseo asumiendo que la edad no supone una limitaci\u00f3n. Aunque existen ciertas condiciones que pueden contraindicar la donaci\u00f3n de alg\u00fan \u00f3rgano y\/o tejido cada caso se valora individualmente, buscando siempre cumplir con la determinaci\u00f3n del donante.\u00bb<\/p>\n\n\n\n<p>A la pregunta de si todo el mundo puede ser receptor y qu\u00e9 criterios deben cumplirse, la m\u00e9dica manifiesta que \u00abnuestra legislaci\u00f3n y nuestra \u00e9tica m\u00e9dica asegura la igualdad de oportunidades en cuanto a la posibilidad de recibir cualquier tratamiento, y el trasplante de \u00d3rganos y Tejidos se considera un tratamiento m\u00e9dico. Dado que la disponibilidad actual, sobre todo de ciertos \u00f3rganos, todav\u00eda no llega a cubrir todas las necesidades de nuestra sociedad se establecen unos criterios de prioridades en funci\u00f3n del estado de gravedad del receptor y por compatibilidad donante-receptor. En Catalu\u00f1a la OCATT (Organizaci\u00f3n Catalana de Trasplantes) es el organismo encargado de que estos criterios se cumplan, con el objetivo de conseguir el m\u00e1ximo n\u00famero de logros posibles en el trasplante y con la m\u00e1xima equidad.<\/p>\n\n\n\n<p>\u00bfSe pueden dar todos los \u00f3rganos? Jurado asegura que s\u00ed, \u00abhoy en d\u00eda podemos decir que todos. Ri\u00f1\u00f3n, pulm\u00f3n, h\u00edgado y coraz\u00f3n son los que m\u00e1s se dan y se trasplantan con \u00e9xito. Pero tambi\u00e9n se est\u00e1n realizando trasplantes de p\u00e1ncreas, intestino y \u00fatero con resultados alentadores.<strong> <\/strong>No debemos olvidar, en cuanto a los tejidos, que no s\u00f3lo se trasplantan c\u00f3rneas sino que piel, huesos, m\u00fasculo y tendones, v\u00e1lvulas card\u00edacas son tambi\u00e9n tejidos que se dan y se trasplantan y que son absolutamente necesarias en tratamientos m\u00e9dicos cotidianos (tratamiento de quemados, cirug\u00eda traumatol\u00f3gica, implantes odontol\u00f3gicos, cirug\u00edas card\u00edacas en adultos e infantil, etc)\u00bb.<\/p>\n\n\n\n<p>En cuanto al procedimiento para dar \u00f3rganos, Jurado manifiesta que \u201clo importante es que nuestros familiares est\u00e9n informados de nuestra voluntad. \u00c9sta se puede expresar oficialmente en el documento de Voluntades Anticipadas (Atenci\u00f3n Primaria) a trav\u00e9s de nuestro equipo m\u00e9dico de Atenci\u00f3n o directamente obteniendo el carn\u00e9 de Donante a trav\u00e9s de la OCATT <a href=\"https:\/\/trasplantaments.gencat.cat\/ca\/la_donacio\/fer-se_donant\/com_fer_se_donant\/\">aqu\u00ed.<\/a> De todas formas en cualquier momento del contacto con el sistema sanitario se puede expresar este deseo, quedando registrado en el historial m\u00e9dico. Por supuesto esta decisi\u00f3n nunca ser\u00e1 irrevocable, por lo que si nuestros valores vitales cambian, se seguir\u00e1n respetando los deseos expresados.\u00bb<\/p>\n\n\n\n<p>La mayor\u00eda de donaciones provienen de donantes muertos pero \u00aben la donaci\u00f3n de ri\u00f1ones e h\u00edgado, en casos muy concretos y muy estudiados y controlados, puede realizarse la donaci\u00f3n en vivo. Esto ocurre s\u00f3lo en la donaci\u00f3n de \u00f3rganos en los que la p\u00e9rdida de ese \u00f3rgano, total o parcial, no suponga riesgo para la vida del donante o poner en riesgo la funci\u00f3n del resto. Esto ser\u00eda el caso de los ri\u00f1ones, ya que tenemos dos, o el caso del h\u00edgado, del que se puede extirpar una parte. En todos los casos siempre se descarta que existan motivaciones econ\u00f3micas para la donaci\u00f3n, asegurando que se trate de un hecho altruista sin ning\u00fan objetivo m\u00e1s que la curaci\u00f3n del receptor.\u00bb<\/p>\n\n\n\n<p>\u00bfEn qu\u00e9 circunstancias debe producirse la muerte para poder dar \u00f3rganos y tejidos? \u00abPara poder ser donante de \u00f3rganos el fin de vida debe pasar en un entorno controlado que asegure el correcto mantenimiento de la funci\u00f3n de los \u00f3rganos a trasplantar cuando el paciente muere. Por eso normalmente deber\u00e1 estar ingresado en una unidad de Cuidados Intensivos o similar, donde se pueda realizar este control. En cambio, para poder ser donante de tejidos no se requiere ning\u00fan cuidado diferente en los \u00faltimos momentos pudiendo pasar el \u00f3bito al entorno habitual.\u00bb<\/p>\n\n\n\n<p>A la pregunta de si un trasplantado puede ser donante de \u00f3rganos, la Dra. Jurado asegura que \u00abs\u00ed, por supuesto. De hecho, haber recibido un \u00f3rgano que nos ha salvado la vida nos sensibiliza sobre este acto y suele predisponer a querer dar a otros la oportunidad que nos dieron a nosotros.\u00bb<\/p>\n\n\n\n<p>Tambi\u00e9n hemos querido saber el punto de vista de un paciente trasplantado de 63 a\u00f1os, <strong>Joaquin Beltran<\/strong> .<\/p>\n\n\n\n<p>\u00abEl m\u00edo fue un trasplante de ri\u00f1\u00f3n en el Hospital del Mar despu\u00e9s de dos a\u00f1os de di\u00e1lisis peritoneal. El pr\u00f3ximo mes cumplir\u00e1 seis a\u00f1os. La experiencia fue muy positiva. Me di cuenta de que lo que para m\u00ed era un tema muy complejo, actualmente los hospitales y doctores hacen que sea un proceso muy sencillo\u00bb, asegura.<\/p>\n\n\n\n<p>Tambi\u00e9n confiesa que nunca antes de la operaci\u00f3n hab\u00eda pensado en que la vida le llevar\u00eda a tener que trasplantarse. A pesar de la experiencia, Joaqu\u00edn explica que \u00abla vida despu\u00e9s de un trasplante es normal. No he perdido ninguna de mis funcionalidades anteriores al trasplante. Est\u00e1s muy controlado por los m\u00e9dicos para poder actuar en caso de alguna alteraci\u00f3n.\u00bb<\/p>\n\n\n\n<p>Le preguntamos c\u00f3mo le ha cambiado la vida, y responde risue\u00f1o que el gran cambio radica en el n\u00famero de pastillas que toma. Pero que, por lo dem\u00e1s, ha aprendido a valorar \u00abmucho m\u00e1s la vida y pienso en el presente. El pasado est\u00e1 y el futuro&#8230; mejor pensar en el hoy. En mi caso la enfermedad vino de repente. Nunca sabes lo que pasar\u00e1 ma\u00f1ana.\u00bb<\/p>\n\n\n\n<p>Y quiere transmitir a quienes se est\u00e1n planteando al hacerse donantes que \u00abpiensen en la belleza de salvar vidas.\u00bb<\/p>\n\n\n\n<p>Desde siempre ha cre\u00eddo en la necesidad de ser donante para ayudar a los dem\u00e1s. \u00abPor eso desde que me lleg\u00f3, hace 35 a\u00f1os, un formulario de la Asociaci\u00f3n de donantes, no dud\u00e9 en cumplimentarlo y hacer constar mi voluntad. En el carn\u00e9 de donante figura mi aceptaci\u00f3n a la donaci\u00f3n de los \u00f3rganos vitales, c\u00f3rneas, pulm\u00f3n, coraz\u00f3n, ri\u00f1\u00f3n, etc. Mi familia es totalmente consciente de mi voluntad. Mira c\u00f3mo es la vida. Un d\u00eda decido ser donante, y recibo en el transcurso de mi vida la donaci\u00f3n de un ri\u00f1\u00f3n por parte de un donante muerto. Me salva la vida.\u00bb<\/p>\n<\/div>\n<\/div>\n","protected":false},"excerpt":{"rendered":"<p>Este evento se celebra el primer mi\u00e9rcoles del mes de junio para recordar y rendir homenaje a los donantes ya sus familias. Este a\u00f1o se conmemora el 7 de junio. La donaci\u00f3n de \u00f3rganos y tejidos es un acto voluntario, altruista, solidario, generoso, confidencial, gratuito y sin \u00e1nimo de lucro, en el que una persona [&hellip;]<\/p>\n","protected":false},"author":4,"featured_media":18711,"comment_status":"open","ping_status":"open","sticky":false,"template":"","format":"standard","meta":{"_acf_changed":false,"footnotes":""},"categories":[533],"tags":[340,452,1341,1342],"class_list":["post-18713","post","type-post","status-publish","format-standard","has-post-thumbnail","hentry","category-dia-mundial-es","tag-dia-mundial-es","tag-hospital-de-terrassa-es","tag-dando","tag-organos-y-tejidos"],"acf":[],"yoast_head":"<!-- This site is optimized with the Yoast SEO plugin v27.2 - https:\/\/yoast.com\/product\/yoast-seo-wordpress\/ -->\n<title>D\u00eda del Donante de \u00f3rganos y tejidos - CST<\/title>\n<meta name=\"robots\" content=\"index, follow, max-snippet:-1, max-image-preview:large, max-video-preview:-1\" \/>\n<link rel=\"canonical\" href=\"https:\/\/cst.cat\/es\/dia-del-donante-de-organos-y-tejidos\/\" \/>\n<meta property=\"og:locale\" content=\"es_ES\" \/>\n<meta property=\"og:type\" content=\"article\" \/>\n<meta property=\"og:title\" content=\"D\u00eda del Donante de \u00f3rganos y tejidos - CST\" \/>\n<meta property=\"og:description\" content=\"Este evento se celebra el primer mi\u00e9rcoles del mes de junio para recordar y rendir homenaje a los donantes ya sus familias. Este a\u00f1o se conmemora el 7 de junio. La donaci\u00f3n de \u00f3rganos y tejidos es un acto voluntario, altruista, solidario, generoso, confidencial, gratuito y sin \u00e1nimo de lucro, en el que una persona [&hellip;]\" \/>\n<meta property=\"og:url\" content=\"https:\/\/cst.cat\/es\/dia-del-donante-de-organos-y-tejidos\/\" \/>\n<meta property=\"og:site_name\" content=\"CST\" \/>\n<meta property=\"article:published_time\" content=\"2023-06-07T07:17:03+00:00\" \/>\n<meta property=\"article:modified_time\" content=\"2023-06-07T07:17:04+00:00\" \/>\n<meta property=\"og:image\" content=\"https:\/\/cst.cat\/wp-content\/uploads\/2023\/06\/mida-web-1.png\" \/>\n\t<meta property=\"og:image:width\" content=\"700\" \/>\n\t<meta property=\"og:image:height\" content=\"468\" \/>\n\t<meta property=\"og:image:type\" content=\"image\/png\" \/>\n<meta name=\"author\" content=\"aromero\" \/>\n<meta name=\"twitter:card\" content=\"summary_large_image\" \/>\n<meta name=\"twitter:label1\" content=\"Escrito por\" \/>\n\t<meta name=\"twitter:data1\" content=\"aromero\" \/>\n\t<meta name=\"twitter:label2\" content=\"Tiempo de lectura\" \/>\n\t<meta name=\"twitter:data2\" content=\"6 minutos\" \/>\n<script type=\"application\/ld+json\" class=\"yoast-schema-graph\">{\"@context\":\"https:\/\/schema.org\",\"@graph\":[{\"@type\":\"Article\",\"@id\":\"https:\/\/cst.cat\/es\/dia-del-donante-de-organos-y-tejidos\/#article\",\"isPartOf\":{\"@id\":\"https:\/\/cst.cat\/es\/dia-del-donante-de-organos-y-tejidos\/\"},\"author\":{\"name\":\"aromero\",\"@id\":\"https:\/\/cst.cat\/es\/#\/schema\/person\/1c6c9ac24850fe70cc7617ce9e2c869b\"},\"headline\":\"D\u00eda del Donante de \u00f3rganos y tejidos\",\"datePublished\":\"2023-06-07T07:17:03+00:00\",\"dateModified\":\"2023-06-07T07:17:04+00:00\",\"mainEntityOfPage\":{\"@id\":\"https:\/\/cst.cat\/es\/dia-del-donante-de-organos-y-tejidos\/\"},\"wordCount\":1214,\"commentCount\":0,\"publisher\":{\"@id\":\"https:\/\/cst.cat\/es\/#organization\"},\"image\":{\"@id\":\"https:\/\/cst.cat\/es\/dia-del-donante-de-organos-y-tejidos\/#primaryimage\"},\"thumbnailUrl\":\"https:\/\/cst.cat\/wp-content\/uploads\/2023\/06\/mida-web-1.png\",\"keywords\":[\"D\u00eda Mundial\",\"Hospital de Terrassa\",\"Dando\",\"\u00d3rganos y Tejidos\"],\"articleSection\":[\"D\u00eda Mundial\"],\"inLanguage\":\"es\",\"potentialAction\":[{\"@type\":\"CommentAction\",\"name\":\"Comment\",\"target\":[\"https:\/\/cst.cat\/es\/dia-del-donante-de-organos-y-tejidos\/#respond\"]}]},{\"@type\":\"WebPage\",\"@id\":\"https:\/\/cst.cat\/es\/dia-del-donante-de-organos-y-tejidos\/\",\"url\":\"https:\/\/cst.cat\/es\/dia-del-donante-de-organos-y-tejidos\/\",\"name\":\"D\u00eda del Donante de \u00f3rganos y tejidos - CST\",\"isPartOf\":{\"@id\":\"https:\/\/cst.cat\/es\/#website\"},\"primaryImageOfPage\":{\"@id\":\"https:\/\/cst.cat\/es\/dia-del-donante-de-organos-y-tejidos\/#primaryimage\"},\"image\":{\"@id\":\"https:\/\/cst.cat\/es\/dia-del-donante-de-organos-y-tejidos\/#primaryimage\"},\"thumbnailUrl\":\"https:\/\/cst.cat\/wp-content\/uploads\/2023\/06\/mida-web-1.png\",\"datePublished\":\"2023-06-07T07:17:03+00:00\",\"dateModified\":\"2023-06-07T07:17:04+00:00\",\"breadcrumb\":{\"@id\":\"https:\/\/cst.cat\/es\/dia-del-donante-de-organos-y-tejidos\/#breadcrumb\"},\"inLanguage\":\"es\",\"potentialAction\":[{\"@type\":\"ReadAction\",\"target\":[\"https:\/\/cst.cat\/es\/dia-del-donante-de-organos-y-tejidos\/\"]}]},{\"@type\":\"ImageObject\",\"inLanguage\":\"es\",\"@id\":\"https:\/\/cst.cat\/es\/dia-del-donante-de-organos-y-tejidos\/#primaryimage\",\"url\":\"https:\/\/cst.cat\/wp-content\/uploads\/2023\/06\/mida-web-1.png\",\"contentUrl\":\"https:\/\/cst.cat\/wp-content\/uploads\/2023\/06\/mida-web-1.png\",\"width\":700,\"height\":468},{\"@type\":\"BreadcrumbList\",\"@id\":\"https:\/\/cst.cat\/es\/dia-del-donante-de-organos-y-tejidos\/#breadcrumb\",\"itemListElement\":[{\"@type\":\"ListItem\",\"position\":1,\"name\":\"Inici\",\"item\":\"https:\/\/cst.cat\/es\/\"},{\"@type\":\"ListItem\",\"position\":2,\"name\":\"D\u00eda del Donante de \u00f3rganos y tejidos\"}]},{\"@type\":\"WebSite\",\"@id\":\"https:\/\/cst.cat\/es\/#website\",\"url\":\"https:\/\/cst.cat\/es\/\",\"name\":\"CST\",\"description\":\"\",\"publisher\":{\"@id\":\"https:\/\/cst.cat\/es\/#organization\"},\"potentialAction\":[{\"@type\":\"SearchAction\",\"target\":{\"@type\":\"EntryPoint\",\"urlTemplate\":\"https:\/\/cst.cat\/es\/?s={search_term_string}\"},\"query-input\":{\"@type\":\"PropertyValueSpecification\",\"valueRequired\":true,\"valueName\":\"search_term_string\"}}],\"inLanguage\":\"es\"},{\"@type\":\"Organization\",\"@id\":\"https:\/\/cst.cat\/es\/#organization\",\"name\":\"Consorci Sanitari de Terrassa\",\"url\":\"https:\/\/cst.cat\/es\/\",\"logo\":{\"@type\":\"ImageObject\",\"inLanguage\":\"es\",\"@id\":\"https:\/\/cst.cat\/es\/#\/schema\/logo\/image\/\",\"url\":\"https:\/\/cst.cat\/wp-content\/uploads\/2021\/09\/logo-header.svg\",\"contentUrl\":\"https:\/\/cst.cat\/wp-content\/uploads\/2021\/09\/logo-header.svg\",\"width\":90,\"height\":32,\"caption\":\"Consorci Sanitari de Terrassa\"},\"image\":{\"@id\":\"https:\/\/cst.cat\/es\/#\/schema\/logo\/image\/\"}},{\"@type\":\"Person\",\"@id\":\"https:\/\/cst.cat\/es\/#\/schema\/person\/1c6c9ac24850fe70cc7617ce9e2c869b\",\"name\":\"aromero\",\"image\":{\"@type\":\"ImageObject\",\"inLanguage\":\"es\",\"@id\":\"https:\/\/secure.gravatar.com\/avatar\/c40b84030f91249a9d94c6b1a2d85c1d905122266b37992d135461e810bfc09b?s=96&d=mm&r=g\",\"url\":\"https:\/\/secure.gravatar.com\/avatar\/c40b84030f91249a9d94c6b1a2d85c1d905122266b37992d135461e810bfc09b?s=96&d=mm&r=g\",\"contentUrl\":\"https:\/\/secure.gravatar.com\/avatar\/c40b84030f91249a9d94c6b1a2d85c1d905122266b37992d135461e810bfc09b?s=96&d=mm&r=g\",\"caption\":\"aromero\"},\"url\":\"https:\/\/cst.cat\/es\/author\/aromero\/\"}]}<\/script>\n<!-- \/ Yoast SEO plugin. -->","yoast_head_json":{"title":"D\u00eda del Donante de \u00f3rganos y tejidos - CST","robots":{"index":"index","follow":"follow","max-snippet":"max-snippet:-1","max-image-preview":"max-image-preview:large","max-video-preview":"max-video-preview:-1"},"canonical":"https:\/\/cst.cat\/es\/dia-del-donante-de-organos-y-tejidos\/","og_locale":"es_ES","og_type":"article","og_title":"D\u00eda del Donante de \u00f3rganos y tejidos - CST","og_description":"Este evento se celebra el primer mi\u00e9rcoles del mes de junio para recordar y rendir homenaje a los donantes ya sus familias. Este a\u00f1o se conmemora el 7 de junio. La donaci\u00f3n de \u00f3rganos y tejidos es un acto voluntario, altruista, solidario, generoso, confidencial, gratuito y sin \u00e1nimo de lucro, en el que una persona [&hellip;]","og_url":"https:\/\/cst.cat\/es\/dia-del-donante-de-organos-y-tejidos\/","og_site_name":"CST","article_published_time":"2023-06-07T07:17:03+00:00","article_modified_time":"2023-06-07T07:17:04+00:00","og_image":[{"width":700,"height":468,"url":"https:\/\/cst.cat\/wp-content\/uploads\/2023\/06\/mida-web-1.png","type":"image\/png"}],"author":"aromero","twitter_card":"summary_large_image","twitter_misc":{"Escrito por":"aromero","Tiempo de lectura":"6 minutos"},"schema":{"@context":"https:\/\/schema.org","@graph":[{"@type":"Article","@id":"https:\/\/cst.cat\/es\/dia-del-donante-de-organos-y-tejidos\/#article","isPartOf":{"@id":"https:\/\/cst.cat\/es\/dia-del-donante-de-organos-y-tejidos\/"},"author":{"name":"aromero","@id":"https:\/\/cst.cat\/es\/#\/schema\/person\/1c6c9ac24850fe70cc7617ce9e2c869b"},"headline":"D\u00eda del Donante de \u00f3rganos y tejidos","datePublished":"2023-06-07T07:17:03+00:00","dateModified":"2023-06-07T07:17:04+00:00","mainEntityOfPage":{"@id":"https:\/\/cst.cat\/es\/dia-del-donante-de-organos-y-tejidos\/"},"wordCount":1214,"commentCount":0,"publisher":{"@id":"https:\/\/cst.cat\/es\/#organization"},"image":{"@id":"https:\/\/cst.cat\/es\/dia-del-donante-de-organos-y-tejidos\/#primaryimage"},"thumbnailUrl":"https:\/\/cst.cat\/wp-content\/uploads\/2023\/06\/mida-web-1.png","keywords":["D\u00eda Mundial","Hospital de Terrassa","Dando","\u00d3rganos y Tejidos"],"articleSection":["D\u00eda Mundial"],"inLanguage":"es","potentialAction":[{"@type":"CommentAction","name":"Comment","target":["https:\/\/cst.cat\/es\/dia-del-donante-de-organos-y-tejidos\/#respond"]}]},{"@type":"WebPage","@id":"https:\/\/cst.cat\/es\/dia-del-donante-de-organos-y-tejidos\/","url":"https:\/\/cst.cat\/es\/dia-del-donante-de-organos-y-tejidos\/","name":"D\u00eda del Donante de \u00f3rganos y tejidos - CST","isPartOf":{"@id":"https:\/\/cst.cat\/es\/#website"},"primaryImageOfPage":{"@id":"https:\/\/cst.cat\/es\/dia-del-donante-de-organos-y-tejidos\/#primaryimage"},"image":{"@id":"https:\/\/cst.cat\/es\/dia-del-donante-de-organos-y-tejidos\/#primaryimage"},"thumbnailUrl":"https:\/\/cst.cat\/wp-content\/uploads\/2023\/06\/mida-web-1.png","datePublished":"2023-06-07T07:17:03+00:00","dateModified":"2023-06-07T07:17:04+00:00","breadcrumb":{"@id":"https:\/\/cst.cat\/es\/dia-del-donante-de-organos-y-tejidos\/#breadcrumb"},"inLanguage":"es","potentialAction":[{"@type":"ReadAction","target":["https:\/\/cst.cat\/es\/dia-del-donante-de-organos-y-tejidos\/"]}]},{"@type":"ImageObject","inLanguage":"es","@id":"https:\/\/cst.cat\/es\/dia-del-donante-de-organos-y-tejidos\/#primaryimage","url":"https:\/\/cst.cat\/wp-content\/uploads\/2023\/06\/mida-web-1.png","contentUrl":"https:\/\/cst.cat\/wp-content\/uploads\/2023\/06\/mida-web-1.png","width":700,"height":468},{"@type":"BreadcrumbList","@id":"https:\/\/cst.cat\/es\/dia-del-donante-de-organos-y-tejidos\/#breadcrumb","itemListElement":[{"@type":"ListItem","position":1,"name":"Inici","item":"https:\/\/cst.cat\/es\/"},{"@type":"ListItem","position":2,"name":"D\u00eda del Donante de \u00f3rganos y tejidos"}]},{"@type":"WebSite","@id":"https:\/\/cst.cat\/es\/#website","url":"https:\/\/cst.cat\/es\/","name":"CST","description":"","publisher":{"@id":"https:\/\/cst.cat\/es\/#organization"},"potentialAction":[{"@type":"SearchAction","target":{"@type":"EntryPoint","urlTemplate":"https:\/\/cst.cat\/es\/?s={search_term_string}"},"query-input":{"@type":"PropertyValueSpecification","valueRequired":true,"valueName":"search_term_string"}}],"inLanguage":"es"},{"@type":"Organization","@id":"https:\/\/cst.cat\/es\/#organization","name":"Consorci Sanitari de Terrassa","url":"https:\/\/cst.cat\/es\/","logo":{"@type":"ImageObject","inLanguage":"es","@id":"https:\/\/cst.cat\/es\/#\/schema\/logo\/image\/","url":"https:\/\/cst.cat\/wp-content\/uploads\/2021\/09\/logo-header.svg","contentUrl":"https:\/\/cst.cat\/wp-content\/uploads\/2021\/09\/logo-header.svg","width":90,"height":32,"caption":"Consorci Sanitari de Terrassa"},"image":{"@id":"https:\/\/cst.cat\/es\/#\/schema\/logo\/image\/"}},{"@type":"Person","@id":"https:\/\/cst.cat\/es\/#\/schema\/person\/1c6c9ac24850fe70cc7617ce9e2c869b","name":"aromero","image":{"@type":"ImageObject","inLanguage":"es","@id":"https:\/\/secure.gravatar.com\/avatar\/c40b84030f91249a9d94c6b1a2d85c1d905122266b37992d135461e810bfc09b?s=96&d=mm&r=g","url":"https:\/\/secure.gravatar.com\/avatar\/c40b84030f91249a9d94c6b1a2d85c1d905122266b37992d135461e810bfc09b?s=96&d=mm&r=g","contentUrl":"https:\/\/secure.gravatar.com\/avatar\/c40b84030f91249a9d94c6b1a2d85c1d905122266b37992d135461e810bfc09b?s=96&d=mm&r=g","caption":"aromero"},"url":"https:\/\/cst.cat\/es\/author\/aromero\/"}]}},"_links":{"self":[{"href":"https:\/\/cst.cat\/es\/wp-json\/wp\/v2\/posts\/18713","targetHints":{"allow":["GET"]}}],"collection":[{"href":"https:\/\/cst.cat\/es\/wp-json\/wp\/v2\/posts"}],"about":[{"href":"https:\/\/cst.cat\/es\/wp-json\/wp\/v2\/types\/post"}],"author":[{"embeddable":true,"href":"https:\/\/cst.cat\/es\/wp-json\/wp\/v2\/users\/4"}],"replies":[{"embeddable":true,"href":"https:\/\/cst.cat\/es\/wp-json\/wp\/v2\/comments?post=18713"}],"version-history":[{"count":0,"href":"https:\/\/cst.cat\/es\/wp-json\/wp\/v2\/posts\/18713\/revisions"}],"wp:featuredmedia":[{"embeddable":true,"href":"https:\/\/cst.cat\/es\/wp-json\/wp\/v2\/media\/18711"}],"wp:attachment":[{"href":"https:\/\/cst.cat\/es\/wp-json\/wp\/v2\/media?parent=18713"}],"wp:term":[{"taxonomy":"category","embeddable":true,"href":"https:\/\/cst.cat\/es\/wp-json\/wp\/v2\/categories?post=18713"},{"taxonomy":"post_tag","embeddable":true,"href":"https:\/\/cst.cat\/es\/wp-json\/wp\/v2\/tags?post=18713"}],"curies":[{"name":"wp","href":"https:\/\/api.w.org\/{rel}","templated":true}]}}