{"id":19872,"date":"2023-08-01T09:00:17","date_gmt":"2023-08-01T07:00:17","guid":{"rendered":"https:\/\/cst.cat\/semana-mundial-de-la-lactancia-materna-2\/"},"modified":"2023-08-01T09:00:18","modified_gmt":"2023-08-01T07:00:18","slug":"semana-mundial-de-la-lactancia-materna-2","status":"publish","type":"post","link":"https:\/\/cst.cat\/es\/semana-mundial-de-la-lactancia-materna-2\/","title":{"rendered":"Semana Mundial de la Lactancia Materna"},"content":{"rendered":"\n<div class=\"wp-block-columns is-layout-flex wp-container-core-columns-is-layout-9d6595d7 wp-block-columns-is-layout-flex\">\n<div class=\"wp-block-column acces-lft is-layout-flow wp-block-column-is-layout-flow\" style=\"flex-basis:30%\">\n<figure class=\"wp-block-image size-full\"><img loading=\"lazy\" decoding=\"async\" width=\"700\" height=\"468\" src=\"https:\/\/cst.cat\/wp-content\/uploads\/2023\/07\/mida-web-2.png\" alt=\"\" class=\"wp-image-19796\" srcset=\"https:\/\/cst.cat\/wp-content\/uploads\/2023\/07\/mida-web-2.png 700w, https:\/\/cst.cat\/wp-content\/uploads\/2023\/07\/mida-web-2-600x401.png 600w, https:\/\/cst.cat\/wp-content\/uploads\/2023\/07\/mida-web-2-300x201.png 300w\" sizes=\"auto, (max-width: 700px) 100vw, 700px\" \/><\/figure>\n<\/div>\n\n\n\n<div class=\"wp-block-column acces-rgt is-layout-flow wp-block-column-is-layout-flow\" style=\"flex-basis:70%\">\n<h2 class=\"wp-block-heading\"><\/h2>\n\n\n\n<p>La Setmana Mundial de la Lact\u00e0ncia Materna, que se celebra anualment \u00a0de l&#8217;1 al 7 d&#8217;agost, \u00e9s una campanya mundial coordinada per l&#8217;Alian\u00e7a Mundial per a l&#8217;Acci\u00f3 de Lact\u00e0ncia Materna <a href=\"https:\/\/waba.org.my\/\" target=\"_blank\" rel=\"noreferrer noopener\">(WABA<\/a>, per les seves sigles en angl\u00e8s) per a crear consci\u00e8ncia i estimular l&#8217;acci\u00f3 sobre temes relacionats amb la lact\u00e0ncia materna.<\/p>\n\n\n\n<p>Aquest any 2023 la Setmana Mundial de la Lact\u00e0ncia Materna se centrar\u00e0 en la import\u00e0ncia d&#8217;un bon acompanyament a les mares quan es reincorporin a la seva feina remunerada, per tal que puguin continuar alletant tant de temps com decideixen.<\/p>\n\n\n\n<p>Per aix\u00f2 \u00e9s imperatiu donar visibilitat a la import\u00e0ncia de disposar de legislaci\u00f3 que protegeixi de forma efectiva la Igualtat, l&#8217;Equitat i la Conciliaci\u00f3 familiar i laboral.<\/p>\n\n\n\n<p>A l\u2019ASSIR del CST, les llevadores donem informaci\u00f3 i recolzament en els grups de suport a l\u2019alletament i a les visites individualitzades a les fam\u00edlies que hi estiguin interessades.<\/p>\n\n\n\n<p>Aprofitem per recordar que a l\u2019ASSIR&nbsp; es mantenen &nbsp;els grups de suport a l\u2019alletament, tant a Sant Ll\u00e0tzer a Terrassa com a Sant Gen\u00eds a Rub\u00ed, tot el mes d\u2019agost de 10 a 11.30h, els divendres i dimarts respectivament, per a totes les dones del CST de Terrassa, Rub\u00ed i Castellbisbal que presentin alguna dificultat o vulguin compartir la seva experi\u00e8ncia d\u2019alletament.<\/p>\n<\/div>\n<\/div>\n","protected":false},"excerpt":{"rendered":"<p>La Setmana Mundial de la Lact\u00e0ncia Materna, que se celebra anualment \u00a0de l&#8217;1 al 7 d&#8217;agost, \u00e9s una campanya mundial coordinada per l&#8217;Alian\u00e7a Mundial per a l&#8217;Acci\u00f3 de Lact\u00e0ncia Materna (WABA, per les seves sigles en angl\u00e8s) per a crear consci\u00e8ncia i estimular l&#8217;acci\u00f3 sobre temes relacionats amb la lact\u00e0ncia materna. Aquest any 2023 la [&hellip;]<\/p>\n","protected":false},"author":4,"featured_media":19799,"comment_status":"open","ping_status":"open","sticky":false,"template":"","format":"standard","meta":{"_acf_changed":false,"footnotes":""},"categories":[153],"tags":[328,329,330,1270,1450],"class_list":["post-19872","post","type-post","status-publish","format-standard","has-post-thumbnail","hentry","category-espacio-mujer","tag-espacio-mujer","tag-ginecologia-es","tag-obstetricia-es","tag-comadrona","tag-lactancia-materno"],"acf":[],"yoast_head":"<!-- This site is optimized with the Yoast SEO plugin v27.2 - https:\/\/yoast.com\/product\/yoast-seo-wordpress\/ -->\n<title>Semana Mundial de la Lactancia Materna - CST<\/title>\n<meta name=\"robots\" content=\"index, follow, max-snippet:-1, max-image-preview:large, max-video-preview:-1\" \/>\n<link rel=\"canonical\" href=\"https:\/\/cst.cat\/es\/semana-mundial-de-la-lactancia-materna-2\/\" \/>\n<meta property=\"og:locale\" content=\"es_ES\" \/>\n<meta property=\"og:type\" content=\"article\" \/>\n<meta property=\"og:title\" content=\"Semana Mundial de la Lactancia Materna - CST\" \/>\n<meta property=\"og:description\" content=\"La Setmana Mundial de la Lact\u00e0ncia Materna, que se celebra anualment \u00a0de l&#8217;1 al 7 d&#8217;agost, \u00e9s una campanya mundial coordinada per l&#8217;Alian\u00e7a Mundial per a l&#8217;Acci\u00f3 de Lact\u00e0ncia Materna (WABA, per les seves sigles en angl\u00e8s) per a crear consci\u00e8ncia i estimular l&#8217;acci\u00f3 sobre temes relacionats amb la lact\u00e0ncia materna. Aquest any 2023 la [&hellip;]\" \/>\n<meta property=\"og:url\" content=\"https:\/\/cst.cat\/es\/semana-mundial-de-la-lactancia-materna-2\/\" \/>\n<meta property=\"og:site_name\" content=\"CST\" \/>\n<meta property=\"article:published_time\" content=\"2023-08-01T07:00:17+00:00\" \/>\n<meta property=\"article:modified_time\" content=\"2023-08-01T07:00:18+00:00\" \/>\n<meta property=\"og:image\" content=\"https:\/\/cst.cat\/wp-content\/uploads\/2023\/07\/mida-web-3.png\" \/>\n\t<meta property=\"og:image:width\" content=\"700\" \/>\n\t<meta property=\"og:image:height\" content=\"468\" \/>\n\t<meta property=\"og:image:type\" content=\"image\/png\" \/>\n<meta name=\"author\" content=\"aromero\" \/>\n<meta name=\"twitter:card\" content=\"summary_large_image\" \/>\n<meta name=\"twitter:label1\" content=\"Escrito por\" \/>\n\t<meta name=\"twitter:data1\" content=\"aromero\" \/>\n\t<meta name=\"twitter:label2\" content=\"Tiempo de lectura\" \/>\n\t<meta name=\"twitter:data2\" content=\"1 minuto\" \/>\n<script type=\"application\/ld+json\" class=\"yoast-schema-graph\">{\"@context\":\"https:\/\/schema.org\",\"@graph\":[{\"@type\":\"Article\",\"@id\":\"https:\/\/cst.cat\/es\/semana-mundial-de-la-lactancia-materna-2\/#article\",\"isPartOf\":{\"@id\":\"https:\/\/cst.cat\/es\/semana-mundial-de-la-lactancia-materna-2\/\"},\"author\":{\"name\":\"aromero\",\"@id\":\"https:\/\/cst.cat\/es\/#\/schema\/person\/1c6c9ac24850fe70cc7617ce9e2c869b\"},\"headline\":\"Semana Mundial de la Lactancia Materna\",\"datePublished\":\"2023-08-01T07:00:17+00:00\",\"dateModified\":\"2023-08-01T07:00:18+00:00\",\"mainEntityOfPage\":{\"@id\":\"https:\/\/cst.cat\/es\/semana-mundial-de-la-lactancia-materna-2\/\"},\"wordCount\":239,\"commentCount\":0,\"publisher\":{\"@id\":\"https:\/\/cst.cat\/es\/#organization\"},\"image\":{\"@id\":\"https:\/\/cst.cat\/es\/semana-mundial-de-la-lactancia-materna-2\/#primaryimage\"},\"thumbnailUrl\":\"https:\/\/cst.cat\/wp-content\/uploads\/2023\/07\/mida-web-3.png\",\"keywords\":[\"espacio mujer\",\"ginecolog\u00eda\",\"obstetricia\",\"Comadrona\",\"lactancia materno\"],\"articleSection\":[\"Espacio mujer\"],\"inLanguage\":\"es\",\"potentialAction\":[{\"@type\":\"CommentAction\",\"name\":\"Comment\",\"target\":[\"https:\/\/cst.cat\/es\/semana-mundial-de-la-lactancia-materna-2\/#respond\"]}]},{\"@type\":\"WebPage\",\"@id\":\"https:\/\/cst.cat\/es\/semana-mundial-de-la-lactancia-materna-2\/\",\"url\":\"https:\/\/cst.cat\/es\/semana-mundial-de-la-lactancia-materna-2\/\",\"name\":\"Semana Mundial de la Lactancia Materna - CST\",\"isPartOf\":{\"@id\":\"https:\/\/cst.cat\/es\/#website\"},\"primaryImageOfPage\":{\"@id\":\"https:\/\/cst.cat\/es\/semana-mundial-de-la-lactancia-materna-2\/#primaryimage\"},\"image\":{\"@id\":\"https:\/\/cst.cat\/es\/semana-mundial-de-la-lactancia-materna-2\/#primaryimage\"},\"thumbnailUrl\":\"https:\/\/cst.cat\/wp-content\/uploads\/2023\/07\/mida-web-3.png\",\"datePublished\":\"2023-08-01T07:00:17+00:00\",\"dateModified\":\"2023-08-01T07:00:18+00:00\",\"breadcrumb\":{\"@id\":\"https:\/\/cst.cat\/es\/semana-mundial-de-la-lactancia-materna-2\/#breadcrumb\"},\"inLanguage\":\"es\",\"potentialAction\":[{\"@type\":\"ReadAction\",\"target\":[\"https:\/\/cst.cat\/es\/semana-mundial-de-la-lactancia-materna-2\/\"]}]},{\"@type\":\"ImageObject\",\"inLanguage\":\"es\",\"@id\":\"https:\/\/cst.cat\/es\/semana-mundial-de-la-lactancia-materna-2\/#primaryimage\",\"url\":\"https:\/\/cst.cat\/wp-content\/uploads\/2023\/07\/mida-web-3.png\",\"contentUrl\":\"https:\/\/cst.cat\/wp-content\/uploads\/2023\/07\/mida-web-3.png\",\"width\":700,\"height\":468},{\"@type\":\"BreadcrumbList\",\"@id\":\"https:\/\/cst.cat\/es\/semana-mundial-de-la-lactancia-materna-2\/#breadcrumb\",\"itemListElement\":[{\"@type\":\"ListItem\",\"position\":1,\"name\":\"Inici\",\"item\":\"https:\/\/cst.cat\/es\/\"},{\"@type\":\"ListItem\",\"position\":2,\"name\":\"Semana Mundial de la Lactancia Materna\"}]},{\"@type\":\"WebSite\",\"@id\":\"https:\/\/cst.cat\/es\/#website\",\"url\":\"https:\/\/cst.cat\/es\/\",\"name\":\"CST\",\"description\":\"\",\"publisher\":{\"@id\":\"https:\/\/cst.cat\/es\/#organization\"},\"potentialAction\":[{\"@type\":\"SearchAction\",\"target\":{\"@type\":\"EntryPoint\",\"urlTemplate\":\"https:\/\/cst.cat\/es\/?s={search_term_string}\"},\"query-input\":{\"@type\":\"PropertyValueSpecification\",\"valueRequired\":true,\"valueName\":\"search_term_string\"}}],\"inLanguage\":\"es\"},{\"@type\":\"Organization\",\"@id\":\"https:\/\/cst.cat\/es\/#organization\",\"name\":\"Consorci Sanitari de Terrassa\",\"url\":\"https:\/\/cst.cat\/es\/\",\"logo\":{\"@type\":\"ImageObject\",\"inLanguage\":\"es\",\"@id\":\"https:\/\/cst.cat\/es\/#\/schema\/logo\/image\/\",\"url\":\"https:\/\/cst.cat\/wp-content\/uploads\/2021\/09\/logo-header.svg\",\"contentUrl\":\"https:\/\/cst.cat\/wp-content\/uploads\/2021\/09\/logo-header.svg\",\"width\":90,\"height\":32,\"caption\":\"Consorci Sanitari de Terrassa\"},\"image\":{\"@id\":\"https:\/\/cst.cat\/es\/#\/schema\/logo\/image\/\"}},{\"@type\":\"Person\",\"@id\":\"https:\/\/cst.cat\/es\/#\/schema\/person\/1c6c9ac24850fe70cc7617ce9e2c869b\",\"name\":\"aromero\",\"image\":{\"@type\":\"ImageObject\",\"inLanguage\":\"es\",\"@id\":\"https:\/\/secure.gravatar.com\/avatar\/c40b84030f91249a9d94c6b1a2d85c1d905122266b37992d135461e810bfc09b?s=96&d=mm&r=g\",\"url\":\"https:\/\/secure.gravatar.com\/avatar\/c40b84030f91249a9d94c6b1a2d85c1d905122266b37992d135461e810bfc09b?s=96&d=mm&r=g\",\"contentUrl\":\"https:\/\/secure.gravatar.com\/avatar\/c40b84030f91249a9d94c6b1a2d85c1d905122266b37992d135461e810bfc09b?s=96&d=mm&r=g\",\"caption\":\"aromero\"},\"url\":\"https:\/\/cst.cat\/es\/author\/aromero\/\"}]}<\/script>\n<!-- \/ Yoast SEO plugin. -->","yoast_head_json":{"title":"Semana Mundial de la Lactancia Materna - CST","robots":{"index":"index","follow":"follow","max-snippet":"max-snippet:-1","max-image-preview":"max-image-preview:large","max-video-preview":"max-video-preview:-1"},"canonical":"https:\/\/cst.cat\/es\/semana-mundial-de-la-lactancia-materna-2\/","og_locale":"es_ES","og_type":"article","og_title":"Semana Mundial de la Lactancia Materna - CST","og_description":"La Setmana Mundial de la Lact\u00e0ncia Materna, que se celebra anualment \u00a0de l&#8217;1 al 7 d&#8217;agost, \u00e9s una campanya mundial coordinada per l&#8217;Alian\u00e7a Mundial per a l&#8217;Acci\u00f3 de Lact\u00e0ncia Materna (WABA, per les seves sigles en angl\u00e8s) per a crear consci\u00e8ncia i estimular l&#8217;acci\u00f3 sobre temes relacionats amb la lact\u00e0ncia materna. Aquest any 2023 la [&hellip;]","og_url":"https:\/\/cst.cat\/es\/semana-mundial-de-la-lactancia-materna-2\/","og_site_name":"CST","article_published_time":"2023-08-01T07:00:17+00:00","article_modified_time":"2023-08-01T07:00:18+00:00","og_image":[{"width":700,"height":468,"url":"https:\/\/cst.cat\/wp-content\/uploads\/2023\/07\/mida-web-3.png","type":"image\/png"}],"author":"aromero","twitter_card":"summary_large_image","twitter_misc":{"Escrito por":"aromero","Tiempo de lectura":"1 minuto"},"schema":{"@context":"https:\/\/schema.org","@graph":[{"@type":"Article","@id":"https:\/\/cst.cat\/es\/semana-mundial-de-la-lactancia-materna-2\/#article","isPartOf":{"@id":"https:\/\/cst.cat\/es\/semana-mundial-de-la-lactancia-materna-2\/"},"author":{"name":"aromero","@id":"https:\/\/cst.cat\/es\/#\/schema\/person\/1c6c9ac24850fe70cc7617ce9e2c869b"},"headline":"Semana Mundial de la Lactancia Materna","datePublished":"2023-08-01T07:00:17+00:00","dateModified":"2023-08-01T07:00:18+00:00","mainEntityOfPage":{"@id":"https:\/\/cst.cat\/es\/semana-mundial-de-la-lactancia-materna-2\/"},"wordCount":239,"commentCount":0,"publisher":{"@id":"https:\/\/cst.cat\/es\/#organization"},"image":{"@id":"https:\/\/cst.cat\/es\/semana-mundial-de-la-lactancia-materna-2\/#primaryimage"},"thumbnailUrl":"https:\/\/cst.cat\/wp-content\/uploads\/2023\/07\/mida-web-3.png","keywords":["espacio mujer","ginecolog\u00eda","obstetricia","Comadrona","lactancia materno"],"articleSection":["Espacio mujer"],"inLanguage":"es","potentialAction":[{"@type":"CommentAction","name":"Comment","target":["https:\/\/cst.cat\/es\/semana-mundial-de-la-lactancia-materna-2\/#respond"]}]},{"@type":"WebPage","@id":"https:\/\/cst.cat\/es\/semana-mundial-de-la-lactancia-materna-2\/","url":"https:\/\/cst.cat\/es\/semana-mundial-de-la-lactancia-materna-2\/","name":"Semana Mundial de la Lactancia Materna - CST","isPartOf":{"@id":"https:\/\/cst.cat\/es\/#website"},"primaryImageOfPage":{"@id":"https:\/\/cst.cat\/es\/semana-mundial-de-la-lactancia-materna-2\/#primaryimage"},"image":{"@id":"https:\/\/cst.cat\/es\/semana-mundial-de-la-lactancia-materna-2\/#primaryimage"},"thumbnailUrl":"https:\/\/cst.cat\/wp-content\/uploads\/2023\/07\/mida-web-3.png","datePublished":"2023-08-01T07:00:17+00:00","dateModified":"2023-08-01T07:00:18+00:00","breadcrumb":{"@id":"https:\/\/cst.cat\/es\/semana-mundial-de-la-lactancia-materna-2\/#breadcrumb"},"inLanguage":"es","potentialAction":[{"@type":"ReadAction","target":["https:\/\/cst.cat\/es\/semana-mundial-de-la-lactancia-materna-2\/"]}]},{"@type":"ImageObject","inLanguage":"es","@id":"https:\/\/cst.cat\/es\/semana-mundial-de-la-lactancia-materna-2\/#primaryimage","url":"https:\/\/cst.cat\/wp-content\/uploads\/2023\/07\/mida-web-3.png","contentUrl":"https:\/\/cst.cat\/wp-content\/uploads\/2023\/07\/mida-web-3.png","width":700,"height":468},{"@type":"BreadcrumbList","@id":"https:\/\/cst.cat\/es\/semana-mundial-de-la-lactancia-materna-2\/#breadcrumb","itemListElement":[{"@type":"ListItem","position":1,"name":"Inici","item":"https:\/\/cst.cat\/es\/"},{"@type":"ListItem","position":2,"name":"Semana Mundial de la Lactancia Materna"}]},{"@type":"WebSite","@id":"https:\/\/cst.cat\/es\/#website","url":"https:\/\/cst.cat\/es\/","name":"CST","description":"","publisher":{"@id":"https:\/\/cst.cat\/es\/#organization"},"potentialAction":[{"@type":"SearchAction","target":{"@type":"EntryPoint","urlTemplate":"https:\/\/cst.cat\/es\/?s={search_term_string}"},"query-input":{"@type":"PropertyValueSpecification","valueRequired":true,"valueName":"search_term_string"}}],"inLanguage":"es"},{"@type":"Organization","@id":"https:\/\/cst.cat\/es\/#organization","name":"Consorci Sanitari de Terrassa","url":"https:\/\/cst.cat\/es\/","logo":{"@type":"ImageObject","inLanguage":"es","@id":"https:\/\/cst.cat\/es\/#\/schema\/logo\/image\/","url":"https:\/\/cst.cat\/wp-content\/uploads\/2021\/09\/logo-header.svg","contentUrl":"https:\/\/cst.cat\/wp-content\/uploads\/2021\/09\/logo-header.svg","width":90,"height":32,"caption":"Consorci Sanitari de Terrassa"},"image":{"@id":"https:\/\/cst.cat\/es\/#\/schema\/logo\/image\/"}},{"@type":"Person","@id":"https:\/\/cst.cat\/es\/#\/schema\/person\/1c6c9ac24850fe70cc7617ce9e2c869b","name":"aromero","image":{"@type":"ImageObject","inLanguage":"es","@id":"https:\/\/secure.gravatar.com\/avatar\/c40b84030f91249a9d94c6b1a2d85c1d905122266b37992d135461e810bfc09b?s=96&d=mm&r=g","url":"https:\/\/secure.gravatar.com\/avatar\/c40b84030f91249a9d94c6b1a2d85c1d905122266b37992d135461e810bfc09b?s=96&d=mm&r=g","contentUrl":"https:\/\/secure.gravatar.com\/avatar\/c40b84030f91249a9d94c6b1a2d85c1d905122266b37992d135461e810bfc09b?s=96&d=mm&r=g","caption":"aromero"},"url":"https:\/\/cst.cat\/es\/author\/aromero\/"}]}},"_links":{"self":[{"href":"https:\/\/cst.cat\/es\/wp-json\/wp\/v2\/posts\/19872","targetHints":{"allow":["GET"]}}],"collection":[{"href":"https:\/\/cst.cat\/es\/wp-json\/wp\/v2\/posts"}],"about":[{"href":"https:\/\/cst.cat\/es\/wp-json\/wp\/v2\/types\/post"}],"author":[{"embeddable":true,"href":"https:\/\/cst.cat\/es\/wp-json\/wp\/v2\/users\/4"}],"replies":[{"embeddable":true,"href":"https:\/\/cst.cat\/es\/wp-json\/wp\/v2\/comments?post=19872"}],"version-history":[{"count":0,"href":"https:\/\/cst.cat\/es\/wp-json\/wp\/v2\/posts\/19872\/revisions"}],"wp:featuredmedia":[{"embeddable":true,"href":"https:\/\/cst.cat\/es\/wp-json\/wp\/v2\/media\/19799"}],"wp:attachment":[{"href":"https:\/\/cst.cat\/es\/wp-json\/wp\/v2\/media?parent=19872"}],"wp:term":[{"taxonomy":"category","embeddable":true,"href":"https:\/\/cst.cat\/es\/wp-json\/wp\/v2\/categories?post=19872"},{"taxonomy":"post_tag","embeddable":true,"href":"https:\/\/cst.cat\/es\/wp-json\/wp\/v2\/tags?post=19872"}],"curies":[{"name":"wp","href":"https:\/\/api.w.org\/{rel}","templated":true}]}}