{"id":21333,"date":"2023-10-27T10:26:34","date_gmt":"2023-10-27T08:26:34","guid":{"rendered":"https:\/\/cst.cat\/el-car-participa-en-la-xvii-jornada-de-medicina-y-deporte-de-alto-nivel-del-comite-olimpico-espanol\/"},"modified":"2023-10-27T10:26:35","modified_gmt":"2023-10-27T08:26:35","slug":"el-car-participa-en-la-xvii-jornada-de-medicina-y-deporte-de-alto-nivel-del-comite-olimpico-espanol","status":"publish","type":"post","link":"https:\/\/cst.cat\/es\/el-car-participa-en-la-xvii-jornada-de-medicina-y-deporte-de-alto-nivel-del-comite-olimpico-espanol\/","title":{"rendered":"El CAR participa en la XVII Jornada de Medicina y Deporte de Alto Nivel del Comit\u00e9 Ol\u00edmpico Espa\u00f1ol"},"content":{"rendered":"\n<div class=\"wp-block-columns is-layout-flex wp-container-core-columns-is-layout-9d6595d7 wp-block-columns-is-layout-flex\">\n<div class=\"wp-block-column acces-lft is-layout-flow wp-block-column-is-layout-flow\" style=\"flex-basis:30%\">\n<figure class=\"wp-block-image size-full\"><img loading=\"lazy\" decoding=\"async\" width=\"700\" height=\"468\" src=\"https:\/\/cst.cat\/wp-content\/uploads\/2023\/10\/700X468MB.png\" alt=\"\" class=\"wp-image-21327\" srcset=\"https:\/\/cst.cat\/wp-content\/uploads\/2023\/10\/700X468MB.png 700w, https:\/\/cst.cat\/wp-content\/uploads\/2023\/10\/700X468MB-600x401.png 600w, https:\/\/cst.cat\/wp-content\/uploads\/2023\/10\/700X468MB-300x201.png 300w\" sizes=\"auto, (max-width: 700px) 100vw, 700px\" \/><\/figure><\/div>\n\n\n\n<div class=\"wp-block-column acces-rgt is-layout-flow wp-block-column-is-layout-flow\" style=\"flex-basis:70%\">\n<p>El viernes 20 de octubre tuvo lugar en la sede del Comit\u00e9 Ol\u00edmpico Espa\u00f1ol la XVII Jornada de Medicina y Deporte de Alto Nivel, organizada por la Comisi\u00f3n Cient\u00edfico-M\u00e9dica del Comit\u00e9 Ol\u00edmpico Espa\u00f1ol, en colaboraci\u00f3n con el Consejo Superior de Deportes.<\/p>\n\n\n\n<p>Montse Bellver, Jefe de la Unidad Asistencial de Medicina del Deporte del CAR Sant Cugat-CST, particip\u00f3 con la conferencia<em> Indicaciones quir\u00fargicas y posibles complicaciones de las lesiones del tr\u00edceps sural.<\/em><\/p>\n\n\n\n<p>El encuentro estaba dividido en siete bloques, con contenidos diferenciados pero unidos por un denominador com\u00fan: la salud del deportista. As\u00ed, algunas de las ponencias expuestas trataron temas como las lesiones del tend\u00f3n, lesiones del m\u00fasculo tr\u00edceps sural, actualizaci\u00f3n en el manejo de las lesiones LCA, return to play o el coraz\u00f3n del deportista.<\/p>\n\n\n\n<p>Con este congreso el Comit\u00e9 Ol\u00edmpico Espa\u00f1ol pretend\u00eda dotar a los profesionales de la medicina y el deporte de un espacio donde compartir experiencias, adquirir nuevos conocimientos y debatir sobre las \u00faltimas novedades en medicina aplicada al deporte de alto rendimiento.<\/p>\n<\/div>\n<\/div>\n","protected":false},"excerpt":{"rendered":"<p>El viernes 20 de octubre tuvo lugar en la sede del Comit\u00e9 Ol\u00edmpico Espa\u00f1ol la XVII Jornada de Medicina y Deporte de Alto Nivel, organizada por la Comisi\u00f3n Cient\u00edfico-M\u00e9dica del Comit\u00e9 Ol\u00edmpico Espa\u00f1ol, en colaboraci\u00f3n con el Consejo Superior de Deportes. Montse Bellver, Jefe de la Unidad Asistencial de Medicina del Deporte del CAR Sant [&hellip;]<\/p>\n","protected":false},"author":5,"featured_media":21330,"comment_status":"open","ping_status":"open","sticky":false,"template":"","format":"standard","meta":{"_acf_changed":false,"footnotes":""},"categories":[274],"tags":[1459,1573,409],"class_list":["post-21333","post","type-post","status-publish","format-standard","has-post-thumbnail","hentry","category-car-sant-cugat-es","tag-car-es","tag-coe-es","tag-cst-es"],"acf":[],"yoast_head":"<!-- This site is optimized with the Yoast SEO plugin v27.2 - https:\/\/yoast.com\/product\/yoast-seo-wordpress\/ -->\n<title>El CAR participa en la XVII Jornada de Medicina y Deporte de Alto Nivel del Comit\u00e9 Ol\u00edmpico Espa\u00f1ol - CST<\/title>\n<meta name=\"robots\" content=\"index, follow, max-snippet:-1, max-image-preview:large, max-video-preview:-1\" \/>\n<link rel=\"canonical\" href=\"https:\/\/cst.cat\/es\/el-car-participa-en-la-xvii-jornada-de-medicina-y-deporte-de-alto-nivel-del-comite-olimpico-espanol\/\" \/>\n<meta property=\"og:locale\" content=\"es_ES\" \/>\n<meta property=\"og:type\" content=\"article\" \/>\n<meta property=\"og:title\" content=\"El CAR participa en la XVII Jornada de Medicina y Deporte de Alto Nivel del Comit\u00e9 Ol\u00edmpico Espa\u00f1ol - CST\" \/>\n<meta property=\"og:description\" content=\"El viernes 20 de octubre tuvo lugar en la sede del Comit\u00e9 Ol\u00edmpico Espa\u00f1ol la XVII Jornada de Medicina y Deporte de Alto Nivel, organizada por la Comisi\u00f3n Cient\u00edfico-M\u00e9dica del Comit\u00e9 Ol\u00edmpico Espa\u00f1ol, en colaboraci\u00f3n con el Consejo Superior de Deportes. Montse Bellver, Jefe de la Unidad Asistencial de Medicina del Deporte del CAR Sant [&hellip;]\" \/>\n<meta property=\"og:url\" content=\"https:\/\/cst.cat\/es\/el-car-participa-en-la-xvii-jornada-de-medicina-y-deporte-de-alto-nivel-del-comite-olimpico-espanol\/\" \/>\n<meta property=\"og:site_name\" content=\"CST\" \/>\n<meta property=\"article:published_time\" content=\"2023-10-27T08:26:34+00:00\" \/>\n<meta property=\"article:modified_time\" content=\"2023-10-27T08:26:35+00:00\" \/>\n<meta property=\"og:image\" content=\"https:\/\/cst.cat\/wp-content\/uploads\/2023\/10\/700X468MB-1.png\" \/>\n\t<meta property=\"og:image:width\" content=\"700\" \/>\n\t<meta property=\"og:image:height\" content=\"468\" \/>\n\t<meta property=\"og:image:type\" content=\"image\/png\" \/>\n<meta name=\"author\" content=\"xfranco\" \/>\n<meta name=\"twitter:card\" content=\"summary_large_image\" \/>\n<meta name=\"twitter:label1\" content=\"Escrito por\" \/>\n\t<meta name=\"twitter:data1\" content=\"xfranco\" \/>\n\t<meta name=\"twitter:label2\" content=\"Tiempo de lectura\" \/>\n\t<meta name=\"twitter:data2\" content=\"1 minuto\" \/>\n<script type=\"application\/ld+json\" class=\"yoast-schema-graph\">{\"@context\":\"https:\/\/schema.org\",\"@graph\":[{\"@type\":\"Article\",\"@id\":\"https:\/\/cst.cat\/es\/el-car-participa-en-la-xvii-jornada-de-medicina-y-deporte-de-alto-nivel-del-comite-olimpico-espanol\/#article\",\"isPartOf\":{\"@id\":\"https:\/\/cst.cat\/es\/el-car-participa-en-la-xvii-jornada-de-medicina-y-deporte-de-alto-nivel-del-comite-olimpico-espanol\/\"},\"author\":{\"name\":\"xfranco\",\"@id\":\"https:\/\/cst.cat\/es\/#\/schema\/person\/3b11da62a36ae3eb23449b9d67c922f9\"},\"headline\":\"El CAR participa en la XVII Jornada de Medicina y Deporte de Alto Nivel del Comit\u00e9 Ol\u00edmpico Espa\u00f1ol\",\"datePublished\":\"2023-10-27T08:26:34+00:00\",\"dateModified\":\"2023-10-27T08:26:35+00:00\",\"mainEntityOfPage\":{\"@id\":\"https:\/\/cst.cat\/es\/el-car-participa-en-la-xvii-jornada-de-medicina-y-deporte-de-alto-nivel-del-comite-olimpico-espanol\/\"},\"wordCount\":204,\"commentCount\":0,\"publisher\":{\"@id\":\"https:\/\/cst.cat\/es\/#organization\"},\"image\":{\"@id\":\"https:\/\/cst.cat\/es\/el-car-participa-en-la-xvii-jornada-de-medicina-y-deporte-de-alto-nivel-del-comite-olimpico-espanol\/#primaryimage\"},\"thumbnailUrl\":\"https:\/\/cst.cat\/wp-content\/uploads\/2023\/10\/700X468MB-1.png\",\"keywords\":[\"CAR\",\"COE\",\"CST\"],\"articleSection\":[\"CAR Sant Cugat\"],\"inLanguage\":\"es\",\"potentialAction\":[{\"@type\":\"CommentAction\",\"name\":\"Comment\",\"target\":[\"https:\/\/cst.cat\/es\/el-car-participa-en-la-xvii-jornada-de-medicina-y-deporte-de-alto-nivel-del-comite-olimpico-espanol\/#respond\"]}]},{\"@type\":\"WebPage\",\"@id\":\"https:\/\/cst.cat\/es\/el-car-participa-en-la-xvii-jornada-de-medicina-y-deporte-de-alto-nivel-del-comite-olimpico-espanol\/\",\"url\":\"https:\/\/cst.cat\/es\/el-car-participa-en-la-xvii-jornada-de-medicina-y-deporte-de-alto-nivel-del-comite-olimpico-espanol\/\",\"name\":\"El CAR participa en la XVII Jornada de Medicina y Deporte de Alto Nivel del Comit\u00e9 Ol\u00edmpico Espa\u00f1ol - CST\",\"isPartOf\":{\"@id\":\"https:\/\/cst.cat\/es\/#website\"},\"primaryImageOfPage\":{\"@id\":\"https:\/\/cst.cat\/es\/el-car-participa-en-la-xvii-jornada-de-medicina-y-deporte-de-alto-nivel-del-comite-olimpico-espanol\/#primaryimage\"},\"image\":{\"@id\":\"https:\/\/cst.cat\/es\/el-car-participa-en-la-xvii-jornada-de-medicina-y-deporte-de-alto-nivel-del-comite-olimpico-espanol\/#primaryimage\"},\"thumbnailUrl\":\"https:\/\/cst.cat\/wp-content\/uploads\/2023\/10\/700X468MB-1.png\",\"datePublished\":\"2023-10-27T08:26:34+00:00\",\"dateModified\":\"2023-10-27T08:26:35+00:00\",\"breadcrumb\":{\"@id\":\"https:\/\/cst.cat\/es\/el-car-participa-en-la-xvii-jornada-de-medicina-y-deporte-de-alto-nivel-del-comite-olimpico-espanol\/#breadcrumb\"},\"inLanguage\":\"es\",\"potentialAction\":[{\"@type\":\"ReadAction\",\"target\":[\"https:\/\/cst.cat\/es\/el-car-participa-en-la-xvii-jornada-de-medicina-y-deporte-de-alto-nivel-del-comite-olimpico-espanol\/\"]}]},{\"@type\":\"ImageObject\",\"inLanguage\":\"es\",\"@id\":\"https:\/\/cst.cat\/es\/el-car-participa-en-la-xvii-jornada-de-medicina-y-deporte-de-alto-nivel-del-comite-olimpico-espanol\/#primaryimage\",\"url\":\"https:\/\/cst.cat\/wp-content\/uploads\/2023\/10\/700X468MB-1.png\",\"contentUrl\":\"https:\/\/cst.cat\/wp-content\/uploads\/2023\/10\/700X468MB-1.png\",\"width\":700,\"height\":468},{\"@type\":\"BreadcrumbList\",\"@id\":\"https:\/\/cst.cat\/es\/el-car-participa-en-la-xvii-jornada-de-medicina-y-deporte-de-alto-nivel-del-comite-olimpico-espanol\/#breadcrumb\",\"itemListElement\":[{\"@type\":\"ListItem\",\"position\":1,\"name\":\"Inici\",\"item\":\"https:\/\/cst.cat\/es\/\"},{\"@type\":\"ListItem\",\"position\":2,\"name\":\"El CAR participa en la XVII Jornada de Medicina y Deporte de Alto Nivel del Comit\u00e9 Ol\u00edmpico Espa\u00f1ol\"}]},{\"@type\":\"WebSite\",\"@id\":\"https:\/\/cst.cat\/es\/#website\",\"url\":\"https:\/\/cst.cat\/es\/\",\"name\":\"CST\",\"description\":\"\",\"publisher\":{\"@id\":\"https:\/\/cst.cat\/es\/#organization\"},\"potentialAction\":[{\"@type\":\"SearchAction\",\"target\":{\"@type\":\"EntryPoint\",\"urlTemplate\":\"https:\/\/cst.cat\/es\/?s={search_term_string}\"},\"query-input\":{\"@type\":\"PropertyValueSpecification\",\"valueRequired\":true,\"valueName\":\"search_term_string\"}}],\"inLanguage\":\"es\"},{\"@type\":\"Organization\",\"@id\":\"https:\/\/cst.cat\/es\/#organization\",\"name\":\"Consorci Sanitari de Terrassa\",\"url\":\"https:\/\/cst.cat\/es\/\",\"logo\":{\"@type\":\"ImageObject\",\"inLanguage\":\"es\",\"@id\":\"https:\/\/cst.cat\/es\/#\/schema\/logo\/image\/\",\"url\":\"https:\/\/cst.cat\/wp-content\/uploads\/2021\/09\/logo-header.svg\",\"contentUrl\":\"https:\/\/cst.cat\/wp-content\/uploads\/2021\/09\/logo-header.svg\",\"width\":90,\"height\":32,\"caption\":\"Consorci Sanitari de Terrassa\"},\"image\":{\"@id\":\"https:\/\/cst.cat\/es\/#\/schema\/logo\/image\/\"}},{\"@type\":\"Person\",\"@id\":\"https:\/\/cst.cat\/es\/#\/schema\/person\/3b11da62a36ae3eb23449b9d67c922f9\",\"name\":\"xfranco\",\"image\":{\"@type\":\"ImageObject\",\"inLanguage\":\"es\",\"@id\":\"https:\/\/secure.gravatar.com\/avatar\/2ebd62adc577a39e207bb342150bfb5ca00c0b0491c1af248227192c73e0e259?s=96&d=mm&r=g\",\"url\":\"https:\/\/secure.gravatar.com\/avatar\/2ebd62adc577a39e207bb342150bfb5ca00c0b0491c1af248227192c73e0e259?s=96&d=mm&r=g\",\"contentUrl\":\"https:\/\/secure.gravatar.com\/avatar\/2ebd62adc577a39e207bb342150bfb5ca00c0b0491c1af248227192c73e0e259?s=96&d=mm&r=g\",\"caption\":\"xfranco\"},\"url\":\"https:\/\/cst.cat\/es\/author\/xfranco\/\"}]}<\/script>\n<!-- \/ Yoast SEO plugin. -->","yoast_head_json":{"title":"El CAR participa en la XVII Jornada de Medicina y Deporte de Alto Nivel del Comit\u00e9 Ol\u00edmpico Espa\u00f1ol - CST","robots":{"index":"index","follow":"follow","max-snippet":"max-snippet:-1","max-image-preview":"max-image-preview:large","max-video-preview":"max-video-preview:-1"},"canonical":"https:\/\/cst.cat\/es\/el-car-participa-en-la-xvii-jornada-de-medicina-y-deporte-de-alto-nivel-del-comite-olimpico-espanol\/","og_locale":"es_ES","og_type":"article","og_title":"El CAR participa en la XVII Jornada de Medicina y Deporte de Alto Nivel del Comit\u00e9 Ol\u00edmpico Espa\u00f1ol - CST","og_description":"El viernes 20 de octubre tuvo lugar en la sede del Comit\u00e9 Ol\u00edmpico Espa\u00f1ol la XVII Jornada de Medicina y Deporte de Alto Nivel, organizada por la Comisi\u00f3n Cient\u00edfico-M\u00e9dica del Comit\u00e9 Ol\u00edmpico Espa\u00f1ol, en colaboraci\u00f3n con el Consejo Superior de Deportes. Montse Bellver, Jefe de la Unidad Asistencial de Medicina del Deporte del CAR Sant [&hellip;]","og_url":"https:\/\/cst.cat\/es\/el-car-participa-en-la-xvii-jornada-de-medicina-y-deporte-de-alto-nivel-del-comite-olimpico-espanol\/","og_site_name":"CST","article_published_time":"2023-10-27T08:26:34+00:00","article_modified_time":"2023-10-27T08:26:35+00:00","og_image":[{"width":700,"height":468,"url":"https:\/\/cst.cat\/wp-content\/uploads\/2023\/10\/700X468MB-1.png","type":"image\/png"}],"author":"xfranco","twitter_card":"summary_large_image","twitter_misc":{"Escrito por":"xfranco","Tiempo de lectura":"1 minuto"},"schema":{"@context":"https:\/\/schema.org","@graph":[{"@type":"Article","@id":"https:\/\/cst.cat\/es\/el-car-participa-en-la-xvii-jornada-de-medicina-y-deporte-de-alto-nivel-del-comite-olimpico-espanol\/#article","isPartOf":{"@id":"https:\/\/cst.cat\/es\/el-car-participa-en-la-xvii-jornada-de-medicina-y-deporte-de-alto-nivel-del-comite-olimpico-espanol\/"},"author":{"name":"xfranco","@id":"https:\/\/cst.cat\/es\/#\/schema\/person\/3b11da62a36ae3eb23449b9d67c922f9"},"headline":"El CAR participa en la XVII Jornada de Medicina y Deporte de Alto Nivel del Comit\u00e9 Ol\u00edmpico Espa\u00f1ol","datePublished":"2023-10-27T08:26:34+00:00","dateModified":"2023-10-27T08:26:35+00:00","mainEntityOfPage":{"@id":"https:\/\/cst.cat\/es\/el-car-participa-en-la-xvii-jornada-de-medicina-y-deporte-de-alto-nivel-del-comite-olimpico-espanol\/"},"wordCount":204,"commentCount":0,"publisher":{"@id":"https:\/\/cst.cat\/es\/#organization"},"image":{"@id":"https:\/\/cst.cat\/es\/el-car-participa-en-la-xvii-jornada-de-medicina-y-deporte-de-alto-nivel-del-comite-olimpico-espanol\/#primaryimage"},"thumbnailUrl":"https:\/\/cst.cat\/wp-content\/uploads\/2023\/10\/700X468MB-1.png","keywords":["CAR","COE","CST"],"articleSection":["CAR Sant Cugat"],"inLanguage":"es","potentialAction":[{"@type":"CommentAction","name":"Comment","target":["https:\/\/cst.cat\/es\/el-car-participa-en-la-xvii-jornada-de-medicina-y-deporte-de-alto-nivel-del-comite-olimpico-espanol\/#respond"]}]},{"@type":"WebPage","@id":"https:\/\/cst.cat\/es\/el-car-participa-en-la-xvii-jornada-de-medicina-y-deporte-de-alto-nivel-del-comite-olimpico-espanol\/","url":"https:\/\/cst.cat\/es\/el-car-participa-en-la-xvii-jornada-de-medicina-y-deporte-de-alto-nivel-del-comite-olimpico-espanol\/","name":"El CAR participa en la XVII Jornada de Medicina y Deporte de Alto Nivel del Comit\u00e9 Ol\u00edmpico Espa\u00f1ol - CST","isPartOf":{"@id":"https:\/\/cst.cat\/es\/#website"},"primaryImageOfPage":{"@id":"https:\/\/cst.cat\/es\/el-car-participa-en-la-xvii-jornada-de-medicina-y-deporte-de-alto-nivel-del-comite-olimpico-espanol\/#primaryimage"},"image":{"@id":"https:\/\/cst.cat\/es\/el-car-participa-en-la-xvii-jornada-de-medicina-y-deporte-de-alto-nivel-del-comite-olimpico-espanol\/#primaryimage"},"thumbnailUrl":"https:\/\/cst.cat\/wp-content\/uploads\/2023\/10\/700X468MB-1.png","datePublished":"2023-10-27T08:26:34+00:00","dateModified":"2023-10-27T08:26:35+00:00","breadcrumb":{"@id":"https:\/\/cst.cat\/es\/el-car-participa-en-la-xvii-jornada-de-medicina-y-deporte-de-alto-nivel-del-comite-olimpico-espanol\/#breadcrumb"},"inLanguage":"es","potentialAction":[{"@type":"ReadAction","target":["https:\/\/cst.cat\/es\/el-car-participa-en-la-xvii-jornada-de-medicina-y-deporte-de-alto-nivel-del-comite-olimpico-espanol\/"]}]},{"@type":"ImageObject","inLanguage":"es","@id":"https:\/\/cst.cat\/es\/el-car-participa-en-la-xvii-jornada-de-medicina-y-deporte-de-alto-nivel-del-comite-olimpico-espanol\/#primaryimage","url":"https:\/\/cst.cat\/wp-content\/uploads\/2023\/10\/700X468MB-1.png","contentUrl":"https:\/\/cst.cat\/wp-content\/uploads\/2023\/10\/700X468MB-1.png","width":700,"height":468},{"@type":"BreadcrumbList","@id":"https:\/\/cst.cat\/es\/el-car-participa-en-la-xvii-jornada-de-medicina-y-deporte-de-alto-nivel-del-comite-olimpico-espanol\/#breadcrumb","itemListElement":[{"@type":"ListItem","position":1,"name":"Inici","item":"https:\/\/cst.cat\/es\/"},{"@type":"ListItem","position":2,"name":"El CAR participa en la XVII Jornada de Medicina y Deporte de Alto Nivel del Comit\u00e9 Ol\u00edmpico Espa\u00f1ol"}]},{"@type":"WebSite","@id":"https:\/\/cst.cat\/es\/#website","url":"https:\/\/cst.cat\/es\/","name":"CST","description":"","publisher":{"@id":"https:\/\/cst.cat\/es\/#organization"},"potentialAction":[{"@type":"SearchAction","target":{"@type":"EntryPoint","urlTemplate":"https:\/\/cst.cat\/es\/?s={search_term_string}"},"query-input":{"@type":"PropertyValueSpecification","valueRequired":true,"valueName":"search_term_string"}}],"inLanguage":"es"},{"@type":"Organization","@id":"https:\/\/cst.cat\/es\/#organization","name":"Consorci Sanitari de Terrassa","url":"https:\/\/cst.cat\/es\/","logo":{"@type":"ImageObject","inLanguage":"es","@id":"https:\/\/cst.cat\/es\/#\/schema\/logo\/image\/","url":"https:\/\/cst.cat\/wp-content\/uploads\/2021\/09\/logo-header.svg","contentUrl":"https:\/\/cst.cat\/wp-content\/uploads\/2021\/09\/logo-header.svg","width":90,"height":32,"caption":"Consorci Sanitari de Terrassa"},"image":{"@id":"https:\/\/cst.cat\/es\/#\/schema\/logo\/image\/"}},{"@type":"Person","@id":"https:\/\/cst.cat\/es\/#\/schema\/person\/3b11da62a36ae3eb23449b9d67c922f9","name":"xfranco","image":{"@type":"ImageObject","inLanguage":"es","@id":"https:\/\/secure.gravatar.com\/avatar\/2ebd62adc577a39e207bb342150bfb5ca00c0b0491c1af248227192c73e0e259?s=96&d=mm&r=g","url":"https:\/\/secure.gravatar.com\/avatar\/2ebd62adc577a39e207bb342150bfb5ca00c0b0491c1af248227192c73e0e259?s=96&d=mm&r=g","contentUrl":"https:\/\/secure.gravatar.com\/avatar\/2ebd62adc577a39e207bb342150bfb5ca00c0b0491c1af248227192c73e0e259?s=96&d=mm&r=g","caption":"xfranco"},"url":"https:\/\/cst.cat\/es\/author\/xfranco\/"}]}},"_links":{"self":[{"href":"https:\/\/cst.cat\/es\/wp-json\/wp\/v2\/posts\/21333","targetHints":{"allow":["GET"]}}],"collection":[{"href":"https:\/\/cst.cat\/es\/wp-json\/wp\/v2\/posts"}],"about":[{"href":"https:\/\/cst.cat\/es\/wp-json\/wp\/v2\/types\/post"}],"author":[{"embeddable":true,"href":"https:\/\/cst.cat\/es\/wp-json\/wp\/v2\/users\/5"}],"replies":[{"embeddable":true,"href":"https:\/\/cst.cat\/es\/wp-json\/wp\/v2\/comments?post=21333"}],"version-history":[{"count":0,"href":"https:\/\/cst.cat\/es\/wp-json\/wp\/v2\/posts\/21333\/revisions"}],"wp:featuredmedia":[{"embeddable":true,"href":"https:\/\/cst.cat\/es\/wp-json\/wp\/v2\/media\/21330"}],"wp:attachment":[{"href":"https:\/\/cst.cat\/es\/wp-json\/wp\/v2\/media?parent=21333"}],"wp:term":[{"taxonomy":"category","embeddable":true,"href":"https:\/\/cst.cat\/es\/wp-json\/wp\/v2\/categories?post=21333"},{"taxonomy":"post_tag","embeddable":true,"href":"https:\/\/cst.cat\/es\/wp-json\/wp\/v2\/tags?post=21333"}],"curies":[{"name":"wp","href":"https:\/\/api.w.org\/{rel}","templated":true}]}}