{"id":22158,"date":"2023-11-24T15:20:41","date_gmt":"2023-11-24T14:20:41","guid":{"rendered":"https:\/\/cst.cat\/el-cst-recibe-el-galardon-a-la-excelencia-en-la-categoria-de-gestion-de-organizaciones-de-la-scgs-y-la-fenin\/"},"modified":"2024-08-05T11:27:57","modified_gmt":"2024-08-05T09:27:57","slug":"el-cst-recibe-el-galardon-a-la-excelencia-en-la-categoria-de-gestion-de-organizaciones-de-la-scgs-y-la-fenin","status":"publish","type":"post","link":"https:\/\/cst.cat\/es\/el-cst-recibe-el-galardon-a-la-excelencia-en-la-categoria-de-gestion-de-organizaciones-de-la-scgs-y-la-fenin\/","title":{"rendered":"El CST recibe el galard\u00f3n a la Excelencia en la categor\u00eda de Gesti\u00f3n de Organizaciones de la SCGS y la Fenin"},"content":{"rendered":"\n<div class=\"wp-block-columns is-layout-flex wp-container-core-columns-is-layout-9d6595d7 wp-block-columns-is-layout-flex\">\n<div class=\"wp-block-column acces-lft is-layout-flow wp-block-column-is-layout-flow\" style=\"flex-basis:30%\">\n<figure class=\"wp-block-image size-full\"><img loading=\"lazy\" decoding=\"async\" width=\"700\" height=\"468\" src=\"https:\/\/cst.cat\/wp-content\/uploads\/2023\/12\/premi-finestra.png\" alt=\"\" class=\"wp-image-22370\" srcset=\"https:\/\/cst.cat\/wp-content\/uploads\/2023\/12\/premi-finestra.png 700w, https:\/\/cst.cat\/wp-content\/uploads\/2023\/12\/premi-finestra-600x401.png 600w, https:\/\/cst.cat\/wp-content\/uploads\/2023\/12\/premi-finestra-300x201.png 300w\" sizes=\"auto, (max-width: 700px) 100vw, 700px\" \/><\/figure><\/div>\n\n\n\n<div class=\"wp-block-column acces-rgt is-layout-flow wp-block-column-is-layout-flow\" style=\"flex-basis:70%\">\n<h2 class=\"wp-block-heading\"><\/h2>\n\n\n\n<p>El viernes 24 de noviembre se ha celebrado en el Auditorio de la Academia de Ciencias M\u00e9dicas y de la Salud de Catalu\u00f1a y Baleares el acto de entrega de Premios a la Excelencia en Proyectos Sanitarios en Catalu\u00f1a, que otorgan la Sociedad Catalana de Gesti\u00f3n Sanitaria y la Federaci\u00f3n Espa\u00f1ola de Empresas de Tecnolog\u00eda Sanitaria en Catalu\u00f1a (Fenin).<\/p>\n\n\n\n<p>El proyecto del CST <em>Ventana \u00danica: Modelo de Atenci\u00f3n Ambulatoria y Coordinaci\u00f3n Atenci\u00f3n Primaria-Atenci\u00f3n Hospitalaria<\/em> ha sido galardonado con el Premio a la Excelencia en Proyectos Sanitarios en Catalu\u00f1a en la categor\u00eda de Gesti\u00f3n de Organizaciones.<\/p>\n\n\n\n<p>El galard\u00f3n, dotado con 5.000 euros y que quiere premiar el esfuerzo realizado en la innovaci\u00f3n en el \u00e1mbito de la gesti\u00f3n organizativa y cl\u00ednica, fue recogido por David M\u00e9rida, director del CAP Sant Gen\u00eds, Antonio S\u00e1nchez, jefe del Servicio de Cardiolog\u00eda del CST y N\u00faria Pag\u00e8s, directora de Gesti\u00f3n de Pacientes y Atenci\u00f3n a la Ciudadan\u00eda del CST.<\/p>\n\n\n\n<p>El objetivo de estos reconocimientos es promover el conocimiento de las diversas experiencias, ya en aplicaci\u00f3n, que se est\u00e1n llevando a cabo Catalu\u00f1a para impulsar la efectividad, la eficiencia, la calidad y la innovaci\u00f3n en la gesti\u00f3n de las organizaciones sanitarias y la gesti\u00f3n cl\u00ednica.<\/p>\n\n\n\n<p>La entrega de premios ha tenido lugar en la jornada que organizan la Sociedad Catalana de Gesti\u00f3n Sanitaria y la Federaci\u00f3n Espa\u00f1ola de Empresas de Tecnolog\u00eda Sanitaria (FENIN) en Catalu\u00f1a para debatir sobre la aportaci\u00f3n de valor que la renovaci\u00f3n y planificaci\u00f3n de la tecnolog\u00eda sanitaria y las inversiones ofrece a las organizaciones, al sistema de salud y tambi\u00e9n a la ciudadan\u00eda en el actual escenario.<\/p>\n<\/div>\n<\/div>\n","protected":false},"excerpt":{"rendered":"<p>El viernes 24 de noviembre se ha celebrado en el Auditorio de la Academia de Ciencias M\u00e9dicas y de la Salud de Catalu\u00f1a y Baleares el acto de entrega de Premios a la Excelencia en Proyectos Sanitarios en Catalu\u00f1a, que otorgan la Sociedad Catalana de Gesti\u00f3n Sanitaria y la Federaci\u00f3n Espa\u00f1ola de Empresas de Tecnolog\u00eda [&hellip;]<\/p>\n","protected":false},"author":4,"featured_media":22371,"comment_status":"open","ping_status":"open","sticky":false,"template":"","format":"standard","meta":{"_acf_changed":false,"footnotes":""},"categories":[181],"tags":[409,859,1666],"class_list":["post-22158","post","type-post","status-publish","format-standard","has-post-thumbnail","hentry","category-cst-es","tag-cst-es","tag-ventana-unica","tag-premios"],"acf":[],"yoast_head":"<!-- This site is optimized with the Yoast SEO plugin v27.2 - https:\/\/yoast.com\/product\/yoast-seo-wordpress\/ -->\n<title>El CST recibe el galard\u00f3n a la Excelencia en la categor\u00eda de Gesti\u00f3n de Organizaciones de la SCGS y la Fenin - CST<\/title>\n<meta name=\"robots\" content=\"index, follow, max-snippet:-1, max-image-preview:large, max-video-preview:-1\" \/>\n<link rel=\"canonical\" href=\"https:\/\/cst.cat\/es\/el-cst-recibe-el-galardon-a-la-excelencia-en-la-categoria-de-gestion-de-organizaciones-de-la-scgs-y-la-fenin\/\" \/>\n<meta property=\"og:locale\" content=\"es_ES\" \/>\n<meta property=\"og:type\" content=\"article\" \/>\n<meta property=\"og:title\" content=\"El CST recibe el galard\u00f3n a la Excelencia en la categor\u00eda de Gesti\u00f3n de Organizaciones de la SCGS y la Fenin - CST\" \/>\n<meta property=\"og:description\" content=\"El viernes 24 de noviembre se ha celebrado en el Auditorio de la Academia de Ciencias M\u00e9dicas y de la Salud de Catalu\u00f1a y Baleares el acto de entrega de Premios a la Excelencia en Proyectos Sanitarios en Catalu\u00f1a, que otorgan la Sociedad Catalana de Gesti\u00f3n Sanitaria y la Federaci\u00f3n Espa\u00f1ola de Empresas de Tecnolog\u00eda [&hellip;]\" \/>\n<meta property=\"og:url\" content=\"https:\/\/cst.cat\/es\/el-cst-recibe-el-galardon-a-la-excelencia-en-la-categoria-de-gestion-de-organizaciones-de-la-scgs-y-la-fenin\/\" \/>\n<meta property=\"og:site_name\" content=\"CST\" \/>\n<meta property=\"article:published_time\" content=\"2023-11-24T14:20:41+00:00\" \/>\n<meta property=\"article:modified_time\" content=\"2024-08-05T09:27:57+00:00\" \/>\n<meta property=\"og:image\" content=\"https:\/\/cst.cat\/wp-content\/uploads\/2023\/12\/premi-finestra.png\" \/>\n\t<meta property=\"og:image:width\" content=\"700\" \/>\n\t<meta property=\"og:image:height\" content=\"468\" \/>\n\t<meta property=\"og:image:type\" content=\"image\/png\" \/>\n<meta name=\"author\" content=\"aromero\" \/>\n<meta name=\"twitter:card\" content=\"summary_large_image\" \/>\n<meta name=\"twitter:label1\" content=\"Escrito por\" \/>\n\t<meta name=\"twitter:data1\" content=\"aromero\" \/>\n\t<meta name=\"twitter:label2\" content=\"Tiempo de lectura\" \/>\n\t<meta name=\"twitter:data2\" content=\"2 minutos\" \/>\n<script type=\"application\/ld+json\" class=\"yoast-schema-graph\">{\"@context\":\"https:\/\/schema.org\",\"@graph\":[{\"@type\":\"Article\",\"@id\":\"https:\/\/cst.cat\/es\/el-cst-recibe-el-galardon-a-la-excelencia-en-la-categoria-de-gestion-de-organizaciones-de-la-scgs-y-la-fenin\/#article\",\"isPartOf\":{\"@id\":\"https:\/\/cst.cat\/es\/el-cst-recibe-el-galardon-a-la-excelencia-en-la-categoria-de-gestion-de-organizaciones-de-la-scgs-y-la-fenin\/\"},\"author\":{\"name\":\"aromero\",\"@id\":\"https:\/\/cst.cat\/es\/#\/schema\/person\/1c6c9ac24850fe70cc7617ce9e2c869b\"},\"headline\":\"El CST recibe el galard\u00f3n a la Excelencia en la categor\u00eda de Gesti\u00f3n de Organizaciones de la SCGS y la Fenin\",\"datePublished\":\"2023-11-24T14:20:41+00:00\",\"dateModified\":\"2024-08-05T09:27:57+00:00\",\"mainEntityOfPage\":{\"@id\":\"https:\/\/cst.cat\/es\/el-cst-recibe-el-galardon-a-la-excelencia-en-la-categoria-de-gestion-de-organizaciones-de-la-scgs-y-la-fenin\/\"},\"wordCount\":333,\"commentCount\":0,\"publisher\":{\"@id\":\"https:\/\/cst.cat\/es\/#organization\"},\"image\":{\"@id\":\"https:\/\/cst.cat\/es\/el-cst-recibe-el-galardon-a-la-excelencia-en-la-categoria-de-gestion-de-organizaciones-de-la-scgs-y-la-fenin\/#primaryimage\"},\"thumbnailUrl\":\"https:\/\/cst.cat\/wp-content\/uploads\/2023\/12\/premi-finestra.png\",\"keywords\":[\"CST\",\"ventana \u00fanica\",\"Premios\"],\"articleSection\":[\"CST\"],\"inLanguage\":\"es\",\"potentialAction\":[{\"@type\":\"CommentAction\",\"name\":\"Comment\",\"target\":[\"https:\/\/cst.cat\/es\/el-cst-recibe-el-galardon-a-la-excelencia-en-la-categoria-de-gestion-de-organizaciones-de-la-scgs-y-la-fenin\/#respond\"]}]},{\"@type\":\"WebPage\",\"@id\":\"https:\/\/cst.cat\/es\/el-cst-recibe-el-galardon-a-la-excelencia-en-la-categoria-de-gestion-de-organizaciones-de-la-scgs-y-la-fenin\/\",\"url\":\"https:\/\/cst.cat\/es\/el-cst-recibe-el-galardon-a-la-excelencia-en-la-categoria-de-gestion-de-organizaciones-de-la-scgs-y-la-fenin\/\",\"name\":\"El CST recibe el galard\u00f3n a la Excelencia en la categor\u00eda de Gesti\u00f3n de Organizaciones de la SCGS y la Fenin - CST\",\"isPartOf\":{\"@id\":\"https:\/\/cst.cat\/es\/#website\"},\"primaryImageOfPage\":{\"@id\":\"https:\/\/cst.cat\/es\/el-cst-recibe-el-galardon-a-la-excelencia-en-la-categoria-de-gestion-de-organizaciones-de-la-scgs-y-la-fenin\/#primaryimage\"},\"image\":{\"@id\":\"https:\/\/cst.cat\/es\/el-cst-recibe-el-galardon-a-la-excelencia-en-la-categoria-de-gestion-de-organizaciones-de-la-scgs-y-la-fenin\/#primaryimage\"},\"thumbnailUrl\":\"https:\/\/cst.cat\/wp-content\/uploads\/2023\/12\/premi-finestra.png\",\"datePublished\":\"2023-11-24T14:20:41+00:00\",\"dateModified\":\"2024-08-05T09:27:57+00:00\",\"breadcrumb\":{\"@id\":\"https:\/\/cst.cat\/es\/el-cst-recibe-el-galardon-a-la-excelencia-en-la-categoria-de-gestion-de-organizaciones-de-la-scgs-y-la-fenin\/#breadcrumb\"},\"inLanguage\":\"es\",\"potentialAction\":[{\"@type\":\"ReadAction\",\"target\":[\"https:\/\/cst.cat\/es\/el-cst-recibe-el-galardon-a-la-excelencia-en-la-categoria-de-gestion-de-organizaciones-de-la-scgs-y-la-fenin\/\"]}]},{\"@type\":\"ImageObject\",\"inLanguage\":\"es\",\"@id\":\"https:\/\/cst.cat\/es\/el-cst-recibe-el-galardon-a-la-excelencia-en-la-categoria-de-gestion-de-organizaciones-de-la-scgs-y-la-fenin\/#primaryimage\",\"url\":\"https:\/\/cst.cat\/wp-content\/uploads\/2023\/12\/premi-finestra.png\",\"contentUrl\":\"https:\/\/cst.cat\/wp-content\/uploads\/2023\/12\/premi-finestra.png\",\"width\":700,\"height\":468},{\"@type\":\"BreadcrumbList\",\"@id\":\"https:\/\/cst.cat\/es\/el-cst-recibe-el-galardon-a-la-excelencia-en-la-categoria-de-gestion-de-organizaciones-de-la-scgs-y-la-fenin\/#breadcrumb\",\"itemListElement\":[{\"@type\":\"ListItem\",\"position\":1,\"name\":\"Inici\",\"item\":\"https:\/\/cst.cat\/es\/\"},{\"@type\":\"ListItem\",\"position\":2,\"name\":\"El CST recibe el galard\u00f3n a la Excelencia en la categor\u00eda de Gesti\u00f3n de Organizaciones de la SCGS y la Fenin\"}]},{\"@type\":\"WebSite\",\"@id\":\"https:\/\/cst.cat\/es\/#website\",\"url\":\"https:\/\/cst.cat\/es\/\",\"name\":\"CST\",\"description\":\"\",\"publisher\":{\"@id\":\"https:\/\/cst.cat\/es\/#organization\"},\"potentialAction\":[{\"@type\":\"SearchAction\",\"target\":{\"@type\":\"EntryPoint\",\"urlTemplate\":\"https:\/\/cst.cat\/es\/?s={search_term_string}\"},\"query-input\":{\"@type\":\"PropertyValueSpecification\",\"valueRequired\":true,\"valueName\":\"search_term_string\"}}],\"inLanguage\":\"es\"},{\"@type\":\"Organization\",\"@id\":\"https:\/\/cst.cat\/es\/#organization\",\"name\":\"Consorci Sanitari de Terrassa\",\"url\":\"https:\/\/cst.cat\/es\/\",\"logo\":{\"@type\":\"ImageObject\",\"inLanguage\":\"es\",\"@id\":\"https:\/\/cst.cat\/es\/#\/schema\/logo\/image\/\",\"url\":\"https:\/\/cst.cat\/wp-content\/uploads\/2021\/09\/logo-header.svg\",\"contentUrl\":\"https:\/\/cst.cat\/wp-content\/uploads\/2021\/09\/logo-header.svg\",\"width\":90,\"height\":32,\"caption\":\"Consorci Sanitari de Terrassa\"},\"image\":{\"@id\":\"https:\/\/cst.cat\/es\/#\/schema\/logo\/image\/\"}},{\"@type\":\"Person\",\"@id\":\"https:\/\/cst.cat\/es\/#\/schema\/person\/1c6c9ac24850fe70cc7617ce9e2c869b\",\"name\":\"aromero\",\"image\":{\"@type\":\"ImageObject\",\"inLanguage\":\"es\",\"@id\":\"https:\/\/secure.gravatar.com\/avatar\/c40b84030f91249a9d94c6b1a2d85c1d905122266b37992d135461e810bfc09b?s=96&d=mm&r=g\",\"url\":\"https:\/\/secure.gravatar.com\/avatar\/c40b84030f91249a9d94c6b1a2d85c1d905122266b37992d135461e810bfc09b?s=96&d=mm&r=g\",\"contentUrl\":\"https:\/\/secure.gravatar.com\/avatar\/c40b84030f91249a9d94c6b1a2d85c1d905122266b37992d135461e810bfc09b?s=96&d=mm&r=g\",\"caption\":\"aromero\"},\"url\":\"https:\/\/cst.cat\/es\/author\/aromero\/\"}]}<\/script>\n<!-- \/ Yoast SEO plugin. -->","yoast_head_json":{"title":"El CST recibe el galard\u00f3n a la Excelencia en la categor\u00eda de Gesti\u00f3n de Organizaciones de la SCGS y la Fenin - CST","robots":{"index":"index","follow":"follow","max-snippet":"max-snippet:-1","max-image-preview":"max-image-preview:large","max-video-preview":"max-video-preview:-1"},"canonical":"https:\/\/cst.cat\/es\/el-cst-recibe-el-galardon-a-la-excelencia-en-la-categoria-de-gestion-de-organizaciones-de-la-scgs-y-la-fenin\/","og_locale":"es_ES","og_type":"article","og_title":"El CST recibe el galard\u00f3n a la Excelencia en la categor\u00eda de Gesti\u00f3n de Organizaciones de la SCGS y la Fenin - CST","og_description":"El viernes 24 de noviembre se ha celebrado en el Auditorio de la Academia de Ciencias M\u00e9dicas y de la Salud de Catalu\u00f1a y Baleares el acto de entrega de Premios a la Excelencia en Proyectos Sanitarios en Catalu\u00f1a, que otorgan la Sociedad Catalana de Gesti\u00f3n Sanitaria y la Federaci\u00f3n Espa\u00f1ola de Empresas de Tecnolog\u00eda [&hellip;]","og_url":"https:\/\/cst.cat\/es\/el-cst-recibe-el-galardon-a-la-excelencia-en-la-categoria-de-gestion-de-organizaciones-de-la-scgs-y-la-fenin\/","og_site_name":"CST","article_published_time":"2023-11-24T14:20:41+00:00","article_modified_time":"2024-08-05T09:27:57+00:00","og_image":[{"width":700,"height":468,"url":"https:\/\/cst.cat\/wp-content\/uploads\/2023\/12\/premi-finestra.png","type":"image\/png"}],"author":"aromero","twitter_card":"summary_large_image","twitter_misc":{"Escrito por":"aromero","Tiempo de lectura":"2 minutos"},"schema":{"@context":"https:\/\/schema.org","@graph":[{"@type":"Article","@id":"https:\/\/cst.cat\/es\/el-cst-recibe-el-galardon-a-la-excelencia-en-la-categoria-de-gestion-de-organizaciones-de-la-scgs-y-la-fenin\/#article","isPartOf":{"@id":"https:\/\/cst.cat\/es\/el-cst-recibe-el-galardon-a-la-excelencia-en-la-categoria-de-gestion-de-organizaciones-de-la-scgs-y-la-fenin\/"},"author":{"name":"aromero","@id":"https:\/\/cst.cat\/es\/#\/schema\/person\/1c6c9ac24850fe70cc7617ce9e2c869b"},"headline":"El CST recibe el galard\u00f3n a la Excelencia en la categor\u00eda de Gesti\u00f3n de Organizaciones de la SCGS y la Fenin","datePublished":"2023-11-24T14:20:41+00:00","dateModified":"2024-08-05T09:27:57+00:00","mainEntityOfPage":{"@id":"https:\/\/cst.cat\/es\/el-cst-recibe-el-galardon-a-la-excelencia-en-la-categoria-de-gestion-de-organizaciones-de-la-scgs-y-la-fenin\/"},"wordCount":333,"commentCount":0,"publisher":{"@id":"https:\/\/cst.cat\/es\/#organization"},"image":{"@id":"https:\/\/cst.cat\/es\/el-cst-recibe-el-galardon-a-la-excelencia-en-la-categoria-de-gestion-de-organizaciones-de-la-scgs-y-la-fenin\/#primaryimage"},"thumbnailUrl":"https:\/\/cst.cat\/wp-content\/uploads\/2023\/12\/premi-finestra.png","keywords":["CST","ventana \u00fanica","Premios"],"articleSection":["CST"],"inLanguage":"es","potentialAction":[{"@type":"CommentAction","name":"Comment","target":["https:\/\/cst.cat\/es\/el-cst-recibe-el-galardon-a-la-excelencia-en-la-categoria-de-gestion-de-organizaciones-de-la-scgs-y-la-fenin\/#respond"]}]},{"@type":"WebPage","@id":"https:\/\/cst.cat\/es\/el-cst-recibe-el-galardon-a-la-excelencia-en-la-categoria-de-gestion-de-organizaciones-de-la-scgs-y-la-fenin\/","url":"https:\/\/cst.cat\/es\/el-cst-recibe-el-galardon-a-la-excelencia-en-la-categoria-de-gestion-de-organizaciones-de-la-scgs-y-la-fenin\/","name":"El CST recibe el galard\u00f3n a la Excelencia en la categor\u00eda de Gesti\u00f3n de Organizaciones de la SCGS y la Fenin - CST","isPartOf":{"@id":"https:\/\/cst.cat\/es\/#website"},"primaryImageOfPage":{"@id":"https:\/\/cst.cat\/es\/el-cst-recibe-el-galardon-a-la-excelencia-en-la-categoria-de-gestion-de-organizaciones-de-la-scgs-y-la-fenin\/#primaryimage"},"image":{"@id":"https:\/\/cst.cat\/es\/el-cst-recibe-el-galardon-a-la-excelencia-en-la-categoria-de-gestion-de-organizaciones-de-la-scgs-y-la-fenin\/#primaryimage"},"thumbnailUrl":"https:\/\/cst.cat\/wp-content\/uploads\/2023\/12\/premi-finestra.png","datePublished":"2023-11-24T14:20:41+00:00","dateModified":"2024-08-05T09:27:57+00:00","breadcrumb":{"@id":"https:\/\/cst.cat\/es\/el-cst-recibe-el-galardon-a-la-excelencia-en-la-categoria-de-gestion-de-organizaciones-de-la-scgs-y-la-fenin\/#breadcrumb"},"inLanguage":"es","potentialAction":[{"@type":"ReadAction","target":["https:\/\/cst.cat\/es\/el-cst-recibe-el-galardon-a-la-excelencia-en-la-categoria-de-gestion-de-organizaciones-de-la-scgs-y-la-fenin\/"]}]},{"@type":"ImageObject","inLanguage":"es","@id":"https:\/\/cst.cat\/es\/el-cst-recibe-el-galardon-a-la-excelencia-en-la-categoria-de-gestion-de-organizaciones-de-la-scgs-y-la-fenin\/#primaryimage","url":"https:\/\/cst.cat\/wp-content\/uploads\/2023\/12\/premi-finestra.png","contentUrl":"https:\/\/cst.cat\/wp-content\/uploads\/2023\/12\/premi-finestra.png","width":700,"height":468},{"@type":"BreadcrumbList","@id":"https:\/\/cst.cat\/es\/el-cst-recibe-el-galardon-a-la-excelencia-en-la-categoria-de-gestion-de-organizaciones-de-la-scgs-y-la-fenin\/#breadcrumb","itemListElement":[{"@type":"ListItem","position":1,"name":"Inici","item":"https:\/\/cst.cat\/es\/"},{"@type":"ListItem","position":2,"name":"El CST recibe el galard\u00f3n a la Excelencia en la categor\u00eda de Gesti\u00f3n de Organizaciones de la SCGS y la Fenin"}]},{"@type":"WebSite","@id":"https:\/\/cst.cat\/es\/#website","url":"https:\/\/cst.cat\/es\/","name":"CST","description":"","publisher":{"@id":"https:\/\/cst.cat\/es\/#organization"},"potentialAction":[{"@type":"SearchAction","target":{"@type":"EntryPoint","urlTemplate":"https:\/\/cst.cat\/es\/?s={search_term_string}"},"query-input":{"@type":"PropertyValueSpecification","valueRequired":true,"valueName":"search_term_string"}}],"inLanguage":"es"},{"@type":"Organization","@id":"https:\/\/cst.cat\/es\/#organization","name":"Consorci Sanitari de Terrassa","url":"https:\/\/cst.cat\/es\/","logo":{"@type":"ImageObject","inLanguage":"es","@id":"https:\/\/cst.cat\/es\/#\/schema\/logo\/image\/","url":"https:\/\/cst.cat\/wp-content\/uploads\/2021\/09\/logo-header.svg","contentUrl":"https:\/\/cst.cat\/wp-content\/uploads\/2021\/09\/logo-header.svg","width":90,"height":32,"caption":"Consorci Sanitari de Terrassa"},"image":{"@id":"https:\/\/cst.cat\/es\/#\/schema\/logo\/image\/"}},{"@type":"Person","@id":"https:\/\/cst.cat\/es\/#\/schema\/person\/1c6c9ac24850fe70cc7617ce9e2c869b","name":"aromero","image":{"@type":"ImageObject","inLanguage":"es","@id":"https:\/\/secure.gravatar.com\/avatar\/c40b84030f91249a9d94c6b1a2d85c1d905122266b37992d135461e810bfc09b?s=96&d=mm&r=g","url":"https:\/\/secure.gravatar.com\/avatar\/c40b84030f91249a9d94c6b1a2d85c1d905122266b37992d135461e810bfc09b?s=96&d=mm&r=g","contentUrl":"https:\/\/secure.gravatar.com\/avatar\/c40b84030f91249a9d94c6b1a2d85c1d905122266b37992d135461e810bfc09b?s=96&d=mm&r=g","caption":"aromero"},"url":"https:\/\/cst.cat\/es\/author\/aromero\/"}]}},"_links":{"self":[{"href":"https:\/\/cst.cat\/es\/wp-json\/wp\/v2\/posts\/22158","targetHints":{"allow":["GET"]}}],"collection":[{"href":"https:\/\/cst.cat\/es\/wp-json\/wp\/v2\/posts"}],"about":[{"href":"https:\/\/cst.cat\/es\/wp-json\/wp\/v2\/types\/post"}],"author":[{"embeddable":true,"href":"https:\/\/cst.cat\/es\/wp-json\/wp\/v2\/users\/4"}],"replies":[{"embeddable":true,"href":"https:\/\/cst.cat\/es\/wp-json\/wp\/v2\/comments?post=22158"}],"version-history":[{"count":0,"href":"https:\/\/cst.cat\/es\/wp-json\/wp\/v2\/posts\/22158\/revisions"}],"wp:featuredmedia":[{"embeddable":true,"href":"https:\/\/cst.cat\/es\/wp-json\/wp\/v2\/media\/22371"}],"wp:attachment":[{"href":"https:\/\/cst.cat\/es\/wp-json\/wp\/v2\/media?parent=22158"}],"wp:term":[{"taxonomy":"category","embeddable":true,"href":"https:\/\/cst.cat\/es\/wp-json\/wp\/v2\/categories?post=22158"},{"taxonomy":"post_tag","embeddable":true,"href":"https:\/\/cst.cat\/es\/wp-json\/wp\/v2\/tags?post=22158"}],"curies":[{"name":"wp","href":"https:\/\/api.w.org\/{rel}","templated":true}]}}