{"id":23819,"date":"2024-03-04T11:10:24","date_gmt":"2024-03-04T10:10:24","guid":{"rendered":"https:\/\/cst.cat\/hoy-es-el-dia-internacional-de-concienciacion-sobre-el-virus-del-papiloma-humano-vph\/"},"modified":"2024-08-05T11:27:56","modified_gmt":"2024-08-05T09:27:56","slug":"hoy-es-el-dia-internacional-de-concienciacion-sobre-el-virus-del-papiloma-humano-vph","status":"publish","type":"post","link":"https:\/\/cst.cat\/es\/hoy-es-el-dia-internacional-de-concienciacion-sobre-el-virus-del-papiloma-humano-vph\/","title":{"rendered":"Hoy es el D\u00eda Internacional de Concienciaci\u00f3n sobre el Virus del Papiloma Humano (VPH)"},"content":{"rendered":"\n<div class=\"wp-block-columns is-layout-flex wp-container-core-columns-is-layout-9d6595d7 wp-block-columns-is-layout-flex\">\n<div class=\"wp-block-column acces-lft is-layout-flow wp-block-column-is-layout-flow\" style=\"flex-basis:30%\">\n<figure class=\"wp-block-image size-full\"><img loading=\"lazy\" decoding=\"async\" width=\"700\" height=\"468\" src=\"https:\/\/cst.cat\/wp-content\/uploads\/2024\/03\/VPHdef.png\" alt=\"\" class=\"wp-image-23814\" srcset=\"https:\/\/cst.cat\/wp-content\/uploads\/2024\/03\/VPHdef.png 700w, https:\/\/cst.cat\/wp-content\/uploads\/2024\/03\/VPHdef-600x401.png 600w, https:\/\/cst.cat\/wp-content\/uploads\/2024\/03\/VPHdef-300x201.png 300w\" sizes=\"auto, (max-width: 700px) 100vw, 700px\" \/><\/figure><\/div>\n\n\n\n<div class=\"wp-block-column acces-rgt is-layout-flow wp-block-column-is-layout-flow\" style=\"flex-basis:70%\">\n<h2 class=\"wp-block-heading\">\u00bfSab\u00edas que el Virus del Papiloma Humano (VPH) es la infecci\u00f3n de transmisi\u00f3n sexual m\u00e1s frecuente entre individuos j\u00f3venes sexualmente activos? \u00bfY que puede afectar tanto a hombres como a mujeres?<\/h2>\n\n\n\n<p>El VPH est\u00e1 relacionado con aproximadamente el 100% de los c\u00e1nceres de cuello de \u00fatero, el 70% de los c\u00e1nceres de vagina, el 40% de los c\u00e1nceres de pene, el 90% de los c\u00e1nceres de ano y el 100% de las verrugas genitales ( condilomas).<\/p>\n\n\n\n<p>Existen vacunas preventivas, eficaces y seguras que pueden prevenir hasta el 90% de los c\u00e1nceres de cuello uterino, as\u00ed como las verrugas genitales y otras patolog\u00edas asociadas al VPH. Est\u00e1 indicada tanto en hombres como en mujeres.<\/p>\n\n\n\n<p>A pesar de recibir la vacunaci\u00f3n se recomienda realizar un buen seguimiento del programa de cribado de c\u00e1ncer cervical.<\/p>\n\n\n\n<p>La correcta y sistem\u00e1tica utilizaci\u00f3n del preservativo, as\u00ed como evitar el consumo de tabaco, favorecen la eliminaci\u00f3n del VPH.<\/p>\n\n\n\n<p>Hoy, en el D\u00eda Internacional de Concienciaci\u00f3n sobre el VPH, queremos destacar a nuestro equipo de profesionales que trabajan conjuntamente, tanto en el ASSIR como en las consultas en VPH del Hospital Universitario de Terrassa (Consorcio Sanitaria de Terrassa).<\/p>\n\n\n\n<figure class=\"wp-block-video\"><video height=\"360\" style=\"aspect-ratio: 640 \/ 360;\" width=\"640\" controls=\"\" src=\"https:\/\/cst.cat\/wp-content\/uploads\/2024\/03\/que_tenemos_que_saber_sobre_el_vph-360p.mp4\"><\/video><\/figure><\/div>\n<\/div>\n","protected":false},"excerpt":{"rendered":"<p>\u00bfSab\u00edas que el Virus del Papiloma Humano (VPH) es la infecci\u00f3n de transmisi\u00f3n sexual m\u00e1s frecuente entre individuos j\u00f3venes sexualmente activos? \u00bfY que puede afectar tanto a hombres como a mujeres? El VPH est\u00e1 relacionado con aproximadamente el 100% de los c\u00e1nceres de cuello de \u00fatero, el 70% de los c\u00e1nceres de vagina, el 40% [&hellip;]<\/p>\n","protected":false},"author":8,"featured_media":23815,"comment_status":"open","ping_status":"open","sticky":false,"template":"","format":"standard","meta":{"_acf_changed":false,"footnotes":""},"categories":[181],"tags":[329,340,409],"class_list":["post-23819","post","type-post","status-publish","format-standard","has-post-thumbnail","hentry","category-cst-es","tag-ginecologia-es","tag-dia-mundial-es","tag-cst-es"],"acf":[],"yoast_head":"<!-- This site is optimized with the Yoast SEO plugin v27.2 - https:\/\/yoast.com\/product\/yoast-seo-wordpress\/ -->\n<title>Hoy es el D\u00eda Internacional de Concienciaci\u00f3n sobre el Virus del Papiloma Humano (VPH) - CST<\/title>\n<meta name=\"robots\" content=\"index, follow, max-snippet:-1, max-image-preview:large, max-video-preview:-1\" \/>\n<link rel=\"canonical\" href=\"https:\/\/cst.cat\/es\/hoy-es-el-dia-internacional-de-concienciacion-sobre-el-virus-del-papiloma-humano-vph\/\" \/>\n<meta property=\"og:locale\" content=\"es_ES\" \/>\n<meta property=\"og:type\" content=\"article\" \/>\n<meta property=\"og:title\" content=\"Hoy es el D\u00eda Internacional de Concienciaci\u00f3n sobre el Virus del Papiloma Humano (VPH) - CST\" \/>\n<meta property=\"og:description\" content=\"\u00bfSab\u00edas que el Virus del Papiloma Humano (VPH) es la infecci\u00f3n de transmisi\u00f3n sexual m\u00e1s frecuente entre individuos j\u00f3venes sexualmente activos? \u00bfY que puede afectar tanto a hombres como a mujeres? El VPH est\u00e1 relacionado con aproximadamente el 100% de los c\u00e1nceres de cuello de \u00fatero, el 70% de los c\u00e1nceres de vagina, el 40% [&hellip;]\" \/>\n<meta property=\"og:url\" content=\"https:\/\/cst.cat\/es\/hoy-es-el-dia-internacional-de-concienciacion-sobre-el-virus-del-papiloma-humano-vph\/\" \/>\n<meta property=\"og:site_name\" content=\"CST\" \/>\n<meta property=\"article:published_time\" content=\"2024-03-04T10:10:24+00:00\" \/>\n<meta property=\"article:modified_time\" content=\"2024-08-05T09:27:56+00:00\" \/>\n<meta property=\"og:image\" content=\"https:\/\/cst.cat\/wp-content\/uploads\/2024\/03\/VPHdef.png\" \/>\n\t<meta property=\"og:image:width\" content=\"700\" \/>\n\t<meta property=\"og:image:height\" content=\"468\" \/>\n\t<meta property=\"og:image:type\" content=\"image\/png\" \/>\n<meta name=\"author\" content=\"Begonya Masdefiol Aldeano\" \/>\n<meta name=\"twitter:card\" content=\"summary_large_image\" \/>\n<meta name=\"twitter:label1\" content=\"Escrito por\" \/>\n\t<meta name=\"twitter:data1\" content=\"Begonya Masdefiol Aldeano\" \/>\n\t<meta name=\"twitter:label2\" content=\"Tiempo de lectura\" \/>\n\t<meta name=\"twitter:data2\" content=\"1 minuto\" \/>\n<script type=\"application\/ld+json\" class=\"yoast-schema-graph\">{\"@context\":\"https:\/\/schema.org\",\"@graph\":[{\"@type\":\"Article\",\"@id\":\"https:\/\/cst.cat\/es\/hoy-es-el-dia-internacional-de-concienciacion-sobre-el-virus-del-papiloma-humano-vph\/#article\",\"isPartOf\":{\"@id\":\"https:\/\/cst.cat\/es\/hoy-es-el-dia-internacional-de-concienciacion-sobre-el-virus-del-papiloma-humano-vph\/\"},\"author\":{\"name\":\"Begonya Masdefiol Aldeano\",\"@id\":\"https:\/\/cst.cat\/es\/#\/schema\/person\/9ad38488941d074942f634a379b10b61\"},\"headline\":\"Hoy es el D\u00eda Internacional de Concienciaci\u00f3n sobre el Virus del Papiloma Humano (VPH)\",\"datePublished\":\"2024-03-04T10:10:24+00:00\",\"dateModified\":\"2024-08-05T09:27:56+00:00\",\"mainEntityOfPage\":{\"@id\":\"https:\/\/cst.cat\/es\/hoy-es-el-dia-internacional-de-concienciacion-sobre-el-virus-del-papiloma-humano-vph\/\"},\"wordCount\":217,\"commentCount\":0,\"publisher\":{\"@id\":\"https:\/\/cst.cat\/es\/#organization\"},\"image\":{\"@id\":\"https:\/\/cst.cat\/es\/hoy-es-el-dia-internacional-de-concienciacion-sobre-el-virus-del-papiloma-humano-vph\/#primaryimage\"},\"thumbnailUrl\":\"https:\/\/cst.cat\/wp-content\/uploads\/2024\/03\/VPHdef.png\",\"keywords\":[\"ginecolog\u00eda\",\"D\u00eda Mundial\",\"CST\"],\"articleSection\":[\"CST\"],\"inLanguage\":\"es\",\"potentialAction\":[{\"@type\":\"CommentAction\",\"name\":\"Comment\",\"target\":[\"https:\/\/cst.cat\/es\/hoy-es-el-dia-internacional-de-concienciacion-sobre-el-virus-del-papiloma-humano-vph\/#respond\"]}]},{\"@type\":\"WebPage\",\"@id\":\"https:\/\/cst.cat\/es\/hoy-es-el-dia-internacional-de-concienciacion-sobre-el-virus-del-papiloma-humano-vph\/\",\"url\":\"https:\/\/cst.cat\/es\/hoy-es-el-dia-internacional-de-concienciacion-sobre-el-virus-del-papiloma-humano-vph\/\",\"name\":\"Hoy es el D\u00eda Internacional de Concienciaci\u00f3n sobre el Virus del Papiloma Humano (VPH) - CST\",\"isPartOf\":{\"@id\":\"https:\/\/cst.cat\/es\/#website\"},\"primaryImageOfPage\":{\"@id\":\"https:\/\/cst.cat\/es\/hoy-es-el-dia-internacional-de-concienciacion-sobre-el-virus-del-papiloma-humano-vph\/#primaryimage\"},\"image\":{\"@id\":\"https:\/\/cst.cat\/es\/hoy-es-el-dia-internacional-de-concienciacion-sobre-el-virus-del-papiloma-humano-vph\/#primaryimage\"},\"thumbnailUrl\":\"https:\/\/cst.cat\/wp-content\/uploads\/2024\/03\/VPHdef.png\",\"datePublished\":\"2024-03-04T10:10:24+00:00\",\"dateModified\":\"2024-08-05T09:27:56+00:00\",\"breadcrumb\":{\"@id\":\"https:\/\/cst.cat\/es\/hoy-es-el-dia-internacional-de-concienciacion-sobre-el-virus-del-papiloma-humano-vph\/#breadcrumb\"},\"inLanguage\":\"es\",\"potentialAction\":[{\"@type\":\"ReadAction\",\"target\":[\"https:\/\/cst.cat\/es\/hoy-es-el-dia-internacional-de-concienciacion-sobre-el-virus-del-papiloma-humano-vph\/\"]}]},{\"@type\":\"ImageObject\",\"inLanguage\":\"es\",\"@id\":\"https:\/\/cst.cat\/es\/hoy-es-el-dia-internacional-de-concienciacion-sobre-el-virus-del-papiloma-humano-vph\/#primaryimage\",\"url\":\"https:\/\/cst.cat\/wp-content\/uploads\/2024\/03\/VPHdef.png\",\"contentUrl\":\"https:\/\/cst.cat\/wp-content\/uploads\/2024\/03\/VPHdef.png\",\"width\":700,\"height\":468},{\"@type\":\"BreadcrumbList\",\"@id\":\"https:\/\/cst.cat\/es\/hoy-es-el-dia-internacional-de-concienciacion-sobre-el-virus-del-papiloma-humano-vph\/#breadcrumb\",\"itemListElement\":[{\"@type\":\"ListItem\",\"position\":1,\"name\":\"Inici\",\"item\":\"https:\/\/cst.cat\/es\/\"},{\"@type\":\"ListItem\",\"position\":2,\"name\":\"Hoy es el D\u00eda Internacional de Concienciaci\u00f3n sobre el Virus del Papiloma Humano (VPH)\"}]},{\"@type\":\"WebSite\",\"@id\":\"https:\/\/cst.cat\/es\/#website\",\"url\":\"https:\/\/cst.cat\/es\/\",\"name\":\"CST\",\"description\":\"\",\"publisher\":{\"@id\":\"https:\/\/cst.cat\/es\/#organization\"},\"potentialAction\":[{\"@type\":\"SearchAction\",\"target\":{\"@type\":\"EntryPoint\",\"urlTemplate\":\"https:\/\/cst.cat\/es\/?s={search_term_string}\"},\"query-input\":{\"@type\":\"PropertyValueSpecification\",\"valueRequired\":true,\"valueName\":\"search_term_string\"}}],\"inLanguage\":\"es\"},{\"@type\":\"Organization\",\"@id\":\"https:\/\/cst.cat\/es\/#organization\",\"name\":\"Consorci Sanitari de Terrassa\",\"url\":\"https:\/\/cst.cat\/es\/\",\"logo\":{\"@type\":\"ImageObject\",\"inLanguage\":\"es\",\"@id\":\"https:\/\/cst.cat\/es\/#\/schema\/logo\/image\/\",\"url\":\"https:\/\/cst.cat\/wp-content\/uploads\/2021\/09\/logo-header.svg\",\"contentUrl\":\"https:\/\/cst.cat\/wp-content\/uploads\/2021\/09\/logo-header.svg\",\"width\":90,\"height\":32,\"caption\":\"Consorci Sanitari de Terrassa\"},\"image\":{\"@id\":\"https:\/\/cst.cat\/es\/#\/schema\/logo\/image\/\"}},{\"@type\":\"Person\",\"@id\":\"https:\/\/cst.cat\/es\/#\/schema\/person\/9ad38488941d074942f634a379b10b61\",\"name\":\"Begonya Masdefiol Aldeano\",\"image\":{\"@type\":\"ImageObject\",\"inLanguage\":\"es\",\"@id\":\"https:\/\/secure.gravatar.com\/avatar\/55d9a13ea177910ebc84397c02ab424383ffb62af7fcd298a6b6747783aeb9d0?s=96&d=mm&r=g\",\"url\":\"https:\/\/secure.gravatar.com\/avatar\/55d9a13ea177910ebc84397c02ab424383ffb62af7fcd298a6b6747783aeb9d0?s=96&d=mm&r=g\",\"contentUrl\":\"https:\/\/secure.gravatar.com\/avatar\/55d9a13ea177910ebc84397c02ab424383ffb62af7fcd298a6b6747783aeb9d0?s=96&d=mm&r=g\",\"caption\":\"Begonya Masdefiol Aldeano\"},\"url\":\"https:\/\/cst.cat\/es\/author\/bmasdefiol\/\"}]}<\/script>\n<!-- \/ Yoast SEO plugin. -->","yoast_head_json":{"title":"Hoy es el D\u00eda Internacional de Concienciaci\u00f3n sobre el Virus del Papiloma Humano (VPH) - CST","robots":{"index":"index","follow":"follow","max-snippet":"max-snippet:-1","max-image-preview":"max-image-preview:large","max-video-preview":"max-video-preview:-1"},"canonical":"https:\/\/cst.cat\/es\/hoy-es-el-dia-internacional-de-concienciacion-sobre-el-virus-del-papiloma-humano-vph\/","og_locale":"es_ES","og_type":"article","og_title":"Hoy es el D\u00eda Internacional de Concienciaci\u00f3n sobre el Virus del Papiloma Humano (VPH) - CST","og_description":"\u00bfSab\u00edas que el Virus del Papiloma Humano (VPH) es la infecci\u00f3n de transmisi\u00f3n sexual m\u00e1s frecuente entre individuos j\u00f3venes sexualmente activos? \u00bfY que puede afectar tanto a hombres como a mujeres? El VPH est\u00e1 relacionado con aproximadamente el 100% de los c\u00e1nceres de cuello de \u00fatero, el 70% de los c\u00e1nceres de vagina, el 40% [&hellip;]","og_url":"https:\/\/cst.cat\/es\/hoy-es-el-dia-internacional-de-concienciacion-sobre-el-virus-del-papiloma-humano-vph\/","og_site_name":"CST","article_published_time":"2024-03-04T10:10:24+00:00","article_modified_time":"2024-08-05T09:27:56+00:00","og_image":[{"width":700,"height":468,"url":"https:\/\/cst.cat\/wp-content\/uploads\/2024\/03\/VPHdef.png","type":"image\/png"}],"author":"Begonya Masdefiol Aldeano","twitter_card":"summary_large_image","twitter_misc":{"Escrito por":"Begonya Masdefiol Aldeano","Tiempo de lectura":"1 minuto"},"schema":{"@context":"https:\/\/schema.org","@graph":[{"@type":"Article","@id":"https:\/\/cst.cat\/es\/hoy-es-el-dia-internacional-de-concienciacion-sobre-el-virus-del-papiloma-humano-vph\/#article","isPartOf":{"@id":"https:\/\/cst.cat\/es\/hoy-es-el-dia-internacional-de-concienciacion-sobre-el-virus-del-papiloma-humano-vph\/"},"author":{"name":"Begonya Masdefiol Aldeano","@id":"https:\/\/cst.cat\/es\/#\/schema\/person\/9ad38488941d074942f634a379b10b61"},"headline":"Hoy es el D\u00eda Internacional de Concienciaci\u00f3n sobre el Virus del Papiloma Humano (VPH)","datePublished":"2024-03-04T10:10:24+00:00","dateModified":"2024-08-05T09:27:56+00:00","mainEntityOfPage":{"@id":"https:\/\/cst.cat\/es\/hoy-es-el-dia-internacional-de-concienciacion-sobre-el-virus-del-papiloma-humano-vph\/"},"wordCount":217,"commentCount":0,"publisher":{"@id":"https:\/\/cst.cat\/es\/#organization"},"image":{"@id":"https:\/\/cst.cat\/es\/hoy-es-el-dia-internacional-de-concienciacion-sobre-el-virus-del-papiloma-humano-vph\/#primaryimage"},"thumbnailUrl":"https:\/\/cst.cat\/wp-content\/uploads\/2024\/03\/VPHdef.png","keywords":["ginecolog\u00eda","D\u00eda Mundial","CST"],"articleSection":["CST"],"inLanguage":"es","potentialAction":[{"@type":"CommentAction","name":"Comment","target":["https:\/\/cst.cat\/es\/hoy-es-el-dia-internacional-de-concienciacion-sobre-el-virus-del-papiloma-humano-vph\/#respond"]}]},{"@type":"WebPage","@id":"https:\/\/cst.cat\/es\/hoy-es-el-dia-internacional-de-concienciacion-sobre-el-virus-del-papiloma-humano-vph\/","url":"https:\/\/cst.cat\/es\/hoy-es-el-dia-internacional-de-concienciacion-sobre-el-virus-del-papiloma-humano-vph\/","name":"Hoy es el D\u00eda Internacional de Concienciaci\u00f3n sobre el Virus del Papiloma Humano (VPH) - CST","isPartOf":{"@id":"https:\/\/cst.cat\/es\/#website"},"primaryImageOfPage":{"@id":"https:\/\/cst.cat\/es\/hoy-es-el-dia-internacional-de-concienciacion-sobre-el-virus-del-papiloma-humano-vph\/#primaryimage"},"image":{"@id":"https:\/\/cst.cat\/es\/hoy-es-el-dia-internacional-de-concienciacion-sobre-el-virus-del-papiloma-humano-vph\/#primaryimage"},"thumbnailUrl":"https:\/\/cst.cat\/wp-content\/uploads\/2024\/03\/VPHdef.png","datePublished":"2024-03-04T10:10:24+00:00","dateModified":"2024-08-05T09:27:56+00:00","breadcrumb":{"@id":"https:\/\/cst.cat\/es\/hoy-es-el-dia-internacional-de-concienciacion-sobre-el-virus-del-papiloma-humano-vph\/#breadcrumb"},"inLanguage":"es","potentialAction":[{"@type":"ReadAction","target":["https:\/\/cst.cat\/es\/hoy-es-el-dia-internacional-de-concienciacion-sobre-el-virus-del-papiloma-humano-vph\/"]}]},{"@type":"ImageObject","inLanguage":"es","@id":"https:\/\/cst.cat\/es\/hoy-es-el-dia-internacional-de-concienciacion-sobre-el-virus-del-papiloma-humano-vph\/#primaryimage","url":"https:\/\/cst.cat\/wp-content\/uploads\/2024\/03\/VPHdef.png","contentUrl":"https:\/\/cst.cat\/wp-content\/uploads\/2024\/03\/VPHdef.png","width":700,"height":468},{"@type":"BreadcrumbList","@id":"https:\/\/cst.cat\/es\/hoy-es-el-dia-internacional-de-concienciacion-sobre-el-virus-del-papiloma-humano-vph\/#breadcrumb","itemListElement":[{"@type":"ListItem","position":1,"name":"Inici","item":"https:\/\/cst.cat\/es\/"},{"@type":"ListItem","position":2,"name":"Hoy es el D\u00eda Internacional de Concienciaci\u00f3n sobre el Virus del Papiloma Humano (VPH)"}]},{"@type":"WebSite","@id":"https:\/\/cst.cat\/es\/#website","url":"https:\/\/cst.cat\/es\/","name":"CST","description":"","publisher":{"@id":"https:\/\/cst.cat\/es\/#organization"},"potentialAction":[{"@type":"SearchAction","target":{"@type":"EntryPoint","urlTemplate":"https:\/\/cst.cat\/es\/?s={search_term_string}"},"query-input":{"@type":"PropertyValueSpecification","valueRequired":true,"valueName":"search_term_string"}}],"inLanguage":"es"},{"@type":"Organization","@id":"https:\/\/cst.cat\/es\/#organization","name":"Consorci Sanitari de Terrassa","url":"https:\/\/cst.cat\/es\/","logo":{"@type":"ImageObject","inLanguage":"es","@id":"https:\/\/cst.cat\/es\/#\/schema\/logo\/image\/","url":"https:\/\/cst.cat\/wp-content\/uploads\/2021\/09\/logo-header.svg","contentUrl":"https:\/\/cst.cat\/wp-content\/uploads\/2021\/09\/logo-header.svg","width":90,"height":32,"caption":"Consorci Sanitari de Terrassa"},"image":{"@id":"https:\/\/cst.cat\/es\/#\/schema\/logo\/image\/"}},{"@type":"Person","@id":"https:\/\/cst.cat\/es\/#\/schema\/person\/9ad38488941d074942f634a379b10b61","name":"Begonya Masdefiol Aldeano","image":{"@type":"ImageObject","inLanguage":"es","@id":"https:\/\/secure.gravatar.com\/avatar\/55d9a13ea177910ebc84397c02ab424383ffb62af7fcd298a6b6747783aeb9d0?s=96&d=mm&r=g","url":"https:\/\/secure.gravatar.com\/avatar\/55d9a13ea177910ebc84397c02ab424383ffb62af7fcd298a6b6747783aeb9d0?s=96&d=mm&r=g","contentUrl":"https:\/\/secure.gravatar.com\/avatar\/55d9a13ea177910ebc84397c02ab424383ffb62af7fcd298a6b6747783aeb9d0?s=96&d=mm&r=g","caption":"Begonya Masdefiol Aldeano"},"url":"https:\/\/cst.cat\/es\/author\/bmasdefiol\/"}]}},"_links":{"self":[{"href":"https:\/\/cst.cat\/es\/wp-json\/wp\/v2\/posts\/23819","targetHints":{"allow":["GET"]}}],"collection":[{"href":"https:\/\/cst.cat\/es\/wp-json\/wp\/v2\/posts"}],"about":[{"href":"https:\/\/cst.cat\/es\/wp-json\/wp\/v2\/types\/post"}],"author":[{"embeddable":true,"href":"https:\/\/cst.cat\/es\/wp-json\/wp\/v2\/users\/8"}],"replies":[{"embeddable":true,"href":"https:\/\/cst.cat\/es\/wp-json\/wp\/v2\/comments?post=23819"}],"version-history":[{"count":0,"href":"https:\/\/cst.cat\/es\/wp-json\/wp\/v2\/posts\/23819\/revisions"}],"wp:featuredmedia":[{"embeddable":true,"href":"https:\/\/cst.cat\/es\/wp-json\/wp\/v2\/media\/23815"}],"wp:attachment":[{"href":"https:\/\/cst.cat\/es\/wp-json\/wp\/v2\/media?parent=23819"}],"wp:term":[{"taxonomy":"category","embeddable":true,"href":"https:\/\/cst.cat\/es\/wp-json\/wp\/v2\/categories?post=23819"},{"taxonomy":"post_tag","embeddable":true,"href":"https:\/\/cst.cat\/es\/wp-json\/wp\/v2\/tags?post=23819"}],"curies":[{"name":"wp","href":"https:\/\/api.w.org\/{rel}","templated":true}]}}