{"id":24033,"date":"2024-03-15T09:38:14","date_gmt":"2024-03-15T08:38:14","guid":{"rendered":"https:\/\/cst.cat\/marta-mauri-responsable-de-la-unidad-de-lipidos-y-riesgo-vascular-del-hospital-universitario-de-terrassa-participa-en-el-primer-libro-blanco-de-salud-y-genero-en-espana\/"},"modified":"2024-08-05T11:27:56","modified_gmt":"2024-08-05T09:27:56","slug":"marta-mauri-responsable-de-la-unidad-de-lipidos-y-riesgo-vascular-del-hospital-universitario-de-terrassa-participa-en-el-primer-libro-blanco-de-salud-y-genero-en-espana","status":"publish","type":"post","link":"https:\/\/cst.cat\/es\/marta-mauri-responsable-de-la-unidad-de-lipidos-y-riesgo-vascular-del-hospital-universitario-de-terrassa-participa-en-el-primer-libro-blanco-de-salud-y-genero-en-espana\/","title":{"rendered":"Marta Mauri, responsable de la Unidad de L\u00edpidos y Riesgo Vascular del Hospital Universitario de Terrassa, participa en el primer &#8216;Libro Blanco de Salud y G\u00e9nero en Espa\u00f1a&#8217;"},"content":{"rendered":"\n<div class=\"wp-block-columns is-layout-flex wp-container-core-columns-is-layout-9d6595d7 wp-block-columns-is-layout-flex\">\n<div class=\"wp-block-column acces-lft is-layout-flow wp-block-column-is-layout-flow\" style=\"flex-basis:30%\">\n<figure class=\"wp-block-image size-full\"><img loading=\"lazy\" decoding=\"async\" width=\"700\" height=\"468\" src=\"https:\/\/cst.cat\/wp-content\/uploads\/2024\/03\/presentacio-llibre-blanc-canva-1.png\" alt=\"\" class=\"wp-image-24029\" srcset=\"https:\/\/cst.cat\/wp-content\/uploads\/2024\/03\/presentacio-llibre-blanc-canva-1.png 700w, https:\/\/cst.cat\/wp-content\/uploads\/2024\/03\/presentacio-llibre-blanc-canva-1-600x401.png 600w, https:\/\/cst.cat\/wp-content\/uploads\/2024\/03\/presentacio-llibre-blanc-canva-1-300x201.png 300w\" sizes=\"auto, (max-width: 700px) 100vw, 700px\" \/><figcaption class=\"wp-element-caption\">La presidenta del Congreso de los Diputados recibi\u00f3 al grupo de autores del <em>Libro Blanco de Salud y G\u00e9nero en Espa\u00f1a.<\/em><\/figcaption><\/figure><\/div>\n\n\n\n<div class=\"wp-block-column acces-rgt is-layout-flow wp-block-column-is-layout-flow\" style=\"flex-basis:70%\">\n<h2 class=\"wp-block-heading\">\n          <strong>El libro nace para garantizar la equidad sanitaria de las mujeres en el Estado Espa\u00f1ol<\/strong>\n        <\/h2>\n\n\n\n<p>El 5 de marzo se present\u00f3 en el Congreso de los Diputados de Madrid el primer <em>Libro Blanco de Salud y G\u00e9nero en Espa\u00f1a.<\/em> Este informe cuenta con la visi\u00f3n cient\u00edfica de profesionales de la medicina y personas expertas del sector sociosanitario, que analizan el impacto del g\u00e9nero en una veintena de patolog\u00edas de alto impacto para el sistema sanitario espa\u00f1ol.<\/p>\n\n\n\n<p>Este libro, ideado por el Observatorio de Salud (OdS), pretende despertar una reflexi\u00f3n en toda la sociedad en torno a la necesidad de incorporar pol\u00edticas y acciones sanitarias con perspectiva de g\u00e9nero, para garantizar la prevenci\u00f3n, la mayor precisi\u00f3n en el diagn\u00f3stico y equidad de las mujeres en la atenci\u00f3n y el tratamiento de patolog\u00edas.<\/p>\n\n\n\n<p>A lo largo de los diecisiete cap\u00edtulos del libro blanco se analizan las estrategias sanitarias y los procedimientos cl\u00ednicos normalizados en las diferentes patolog\u00edas en las que la mujer tiene una alta prevalencia o donde se identifica una discriminaci\u00f3n en t\u00e9rminos asistenciales. Esta evaluaci\u00f3n pretende avanzar hacia una sanidad con mayor perspectiva de g\u00e9nero.<\/p>\n\n\n\n<p>La Dra. Marta Mauri, especialista en Medicina Interna y responsable de la Unidad de L\u00edpidos y Riesgo Vascular del Hospital Universitario de Terrassa, es una de las autoras del cap\u00edtulo &#8216;Ictus y mujer&#8217; del <em>Libro Blanco de Salud y G\u00e9nero en Espa\u00f1a.<\/em><\/p>\n<\/div>\n<\/div>\n","protected":false},"excerpt":{"rendered":"<p>El libro nace para garantizar la equidad sanitaria de las mujeres en el Estado Espa\u00f1ol El 5 de marzo se present\u00f3 en el Congreso de los Diputados de Madrid el primer Libro Blanco de Salud y G\u00e9nero en Espa\u00f1a. Este informe cuenta con la visi\u00f3n cient\u00edfica de profesionales de la medicina y personas expertas del [&hellip;]<\/p>\n","protected":false},"author":8,"featured_media":24028,"comment_status":"open","ping_status":"open","sticky":false,"template":"","format":"standard","meta":{"_acf_changed":false,"footnotes":""},"categories":[181,1727,1780],"tags":[356,409,1456],"class_list":["post-24033","post","type-post","status-publish","format-standard","has-post-thumbnail","hentry","category-cst-es","category-hospital-universitario-de-terrassa","category-salud","tag-salud","tag-cst-es","tag-hospital-universitario-de-terrassa"],"acf":[],"yoast_head":"<!-- This site is optimized with the Yoast SEO plugin v27.2 - https:\/\/yoast.com\/product\/yoast-seo-wordpress\/ -->\n<title>Marta Mauri, responsable de la Unidad de L\u00edpidos y Riesgo Vascular del Hospital Universitario de Terrassa, participa en el primer &#039;Libro Blanco de Salud y G\u00e9nero en Espa\u00f1a&#039; - CST<\/title>\n<meta name=\"robots\" content=\"index, follow, max-snippet:-1, max-image-preview:large, max-video-preview:-1\" \/>\n<link rel=\"canonical\" href=\"https:\/\/cst.cat\/es\/marta-mauri-responsable-de-la-unidad-de-lipidos-y-riesgo-vascular-del-hospital-universitario-de-terrassa-participa-en-el-primer-libro-blanco-de-salud-y-genero-en-espana\/\" \/>\n<meta property=\"og:locale\" content=\"es_ES\" \/>\n<meta property=\"og:type\" content=\"article\" \/>\n<meta property=\"og:title\" content=\"Marta Mauri, responsable de la Unidad de L\u00edpidos y Riesgo Vascular del Hospital Universitario de Terrassa, participa en el primer &#039;Libro Blanco de Salud y G\u00e9nero en Espa\u00f1a&#039; - CST\" \/>\n<meta property=\"og:description\" content=\"El libro nace para garantizar la equidad sanitaria de las mujeres en el Estado Espa\u00f1ol El 5 de marzo se present\u00f3 en el Congreso de los Diputados de Madrid el primer Libro Blanco de Salud y G\u00e9nero en Espa\u00f1a. Este informe cuenta con la visi\u00f3n cient\u00edfica de profesionales de la medicina y personas expertas del [&hellip;]\" \/>\n<meta property=\"og:url\" content=\"https:\/\/cst.cat\/es\/marta-mauri-responsable-de-la-unidad-de-lipidos-y-riesgo-vascular-del-hospital-universitario-de-terrassa-participa-en-el-primer-libro-blanco-de-salud-y-genero-en-espana\/\" \/>\n<meta property=\"og:site_name\" content=\"CST\" \/>\n<meta property=\"article:published_time\" content=\"2024-03-15T08:38:14+00:00\" \/>\n<meta property=\"article:modified_time\" content=\"2024-08-05T09:27:56+00:00\" \/>\n<meta property=\"og:image\" content=\"https:\/\/cst.cat\/wp-content\/uploads\/2024\/03\/presentacio-llibre-blanc-canva.png\" \/>\n\t<meta property=\"og:image:width\" content=\"700\" \/>\n\t<meta property=\"og:image:height\" content=\"468\" \/>\n\t<meta property=\"og:image:type\" content=\"image\/png\" \/>\n<meta name=\"author\" content=\"Begonya Masdefiol Aldeano\" \/>\n<meta name=\"twitter:card\" content=\"summary_large_image\" \/>\n<meta name=\"twitter:label1\" content=\"Escrito por\" \/>\n\t<meta name=\"twitter:data1\" content=\"Begonya Masdefiol Aldeano\" \/>\n\t<meta name=\"twitter:label2\" content=\"Tiempo de lectura\" \/>\n\t<meta name=\"twitter:data2\" content=\"1 minuto\" \/>\n<script type=\"application\/ld+json\" class=\"yoast-schema-graph\">{\"@context\":\"https:\/\/schema.org\",\"@graph\":[{\"@type\":\"Article\",\"@id\":\"https:\/\/cst.cat\/es\/marta-mauri-responsable-de-la-unidad-de-lipidos-y-riesgo-vascular-del-hospital-universitario-de-terrassa-participa-en-el-primer-libro-blanco-de-salud-y-genero-en-espana\/#article\",\"isPartOf\":{\"@id\":\"https:\/\/cst.cat\/es\/marta-mauri-responsable-de-la-unidad-de-lipidos-y-riesgo-vascular-del-hospital-universitario-de-terrassa-participa-en-el-primer-libro-blanco-de-salud-y-genero-en-espana\/\"},\"author\":{\"name\":\"Begonya Masdefiol Aldeano\",\"@id\":\"https:\/\/cst.cat\/es\/#\/schema\/person\/9ad38488941d074942f634a379b10b61\"},\"headline\":\"Marta Mauri, responsable de la Unidad de L\u00edpidos y Riesgo Vascular del Hospital Universitario de Terrassa, participa en el primer &#8216;Libro Blanco de Salud y G\u00e9nero en Espa\u00f1a&#8217;\",\"datePublished\":\"2024-03-15T08:38:14+00:00\",\"dateModified\":\"2024-08-05T09:27:56+00:00\",\"mainEntityOfPage\":{\"@id\":\"https:\/\/cst.cat\/es\/marta-mauri-responsable-de-la-unidad-de-lipidos-y-riesgo-vascular-del-hospital-universitario-de-terrassa-participa-en-el-primer-libro-blanco-de-salud-y-genero-en-espana\/\"},\"wordCount\":307,\"commentCount\":0,\"publisher\":{\"@id\":\"https:\/\/cst.cat\/es\/#organization\"},\"image\":{\"@id\":\"https:\/\/cst.cat\/es\/marta-mauri-responsable-de-la-unidad-de-lipidos-y-riesgo-vascular-del-hospital-universitario-de-terrassa-participa-en-el-primer-libro-blanco-de-salud-y-genero-en-espana\/#primaryimage\"},\"thumbnailUrl\":\"https:\/\/cst.cat\/wp-content\/uploads\/2024\/03\/presentacio-llibre-blanc-canva.png\",\"keywords\":[\"salud\",\"CST\",\"Hospital Universitario de Terrassa\"],\"articleSection\":[\"CST\",\"Hospital Universitario de Terrassa\",\"Salud\"],\"inLanguage\":\"es\",\"potentialAction\":[{\"@type\":\"CommentAction\",\"name\":\"Comment\",\"target\":[\"https:\/\/cst.cat\/es\/marta-mauri-responsable-de-la-unidad-de-lipidos-y-riesgo-vascular-del-hospital-universitario-de-terrassa-participa-en-el-primer-libro-blanco-de-salud-y-genero-en-espana\/#respond\"]}]},{\"@type\":\"WebPage\",\"@id\":\"https:\/\/cst.cat\/es\/marta-mauri-responsable-de-la-unidad-de-lipidos-y-riesgo-vascular-del-hospital-universitario-de-terrassa-participa-en-el-primer-libro-blanco-de-salud-y-genero-en-espana\/\",\"url\":\"https:\/\/cst.cat\/es\/marta-mauri-responsable-de-la-unidad-de-lipidos-y-riesgo-vascular-del-hospital-universitario-de-terrassa-participa-en-el-primer-libro-blanco-de-salud-y-genero-en-espana\/\",\"name\":\"Marta Mauri, responsable de la Unidad de L\u00edpidos y Riesgo Vascular del Hospital Universitario de Terrassa, participa en el primer 'Libro Blanco de Salud y G\u00e9nero en Espa\u00f1a' - CST\",\"isPartOf\":{\"@id\":\"https:\/\/cst.cat\/es\/#website\"},\"primaryImageOfPage\":{\"@id\":\"https:\/\/cst.cat\/es\/marta-mauri-responsable-de-la-unidad-de-lipidos-y-riesgo-vascular-del-hospital-universitario-de-terrassa-participa-en-el-primer-libro-blanco-de-salud-y-genero-en-espana\/#primaryimage\"},\"image\":{\"@id\":\"https:\/\/cst.cat\/es\/marta-mauri-responsable-de-la-unidad-de-lipidos-y-riesgo-vascular-del-hospital-universitario-de-terrassa-participa-en-el-primer-libro-blanco-de-salud-y-genero-en-espana\/#primaryimage\"},\"thumbnailUrl\":\"https:\/\/cst.cat\/wp-content\/uploads\/2024\/03\/presentacio-llibre-blanc-canva.png\",\"datePublished\":\"2024-03-15T08:38:14+00:00\",\"dateModified\":\"2024-08-05T09:27:56+00:00\",\"breadcrumb\":{\"@id\":\"https:\/\/cst.cat\/es\/marta-mauri-responsable-de-la-unidad-de-lipidos-y-riesgo-vascular-del-hospital-universitario-de-terrassa-participa-en-el-primer-libro-blanco-de-salud-y-genero-en-espana\/#breadcrumb\"},\"inLanguage\":\"es\",\"potentialAction\":[{\"@type\":\"ReadAction\",\"target\":[\"https:\/\/cst.cat\/es\/marta-mauri-responsable-de-la-unidad-de-lipidos-y-riesgo-vascular-del-hospital-universitario-de-terrassa-participa-en-el-primer-libro-blanco-de-salud-y-genero-en-espana\/\"]}]},{\"@type\":\"ImageObject\",\"inLanguage\":\"es\",\"@id\":\"https:\/\/cst.cat\/es\/marta-mauri-responsable-de-la-unidad-de-lipidos-y-riesgo-vascular-del-hospital-universitario-de-terrassa-participa-en-el-primer-libro-blanco-de-salud-y-genero-en-espana\/#primaryimage\",\"url\":\"https:\/\/cst.cat\/wp-content\/uploads\/2024\/03\/presentacio-llibre-blanc-canva.png\",\"contentUrl\":\"https:\/\/cst.cat\/wp-content\/uploads\/2024\/03\/presentacio-llibre-blanc-canva.png\",\"width\":700,\"height\":468},{\"@type\":\"BreadcrumbList\",\"@id\":\"https:\/\/cst.cat\/es\/marta-mauri-responsable-de-la-unidad-de-lipidos-y-riesgo-vascular-del-hospital-universitario-de-terrassa-participa-en-el-primer-libro-blanco-de-salud-y-genero-en-espana\/#breadcrumb\",\"itemListElement\":[{\"@type\":\"ListItem\",\"position\":1,\"name\":\"Inici\",\"item\":\"https:\/\/cst.cat\/es\/\"},{\"@type\":\"ListItem\",\"position\":2,\"name\":\"Marta Mauri, responsable de la Unidad de L\u00edpidos y Riesgo Vascular del Hospital Universitario de Terrassa, participa en el primer &#8216;Libro Blanco de Salud y G\u00e9nero en Espa\u00f1a&#8217;\"}]},{\"@type\":\"WebSite\",\"@id\":\"https:\/\/cst.cat\/es\/#website\",\"url\":\"https:\/\/cst.cat\/es\/\",\"name\":\"CST\",\"description\":\"\",\"publisher\":{\"@id\":\"https:\/\/cst.cat\/es\/#organization\"},\"potentialAction\":[{\"@type\":\"SearchAction\",\"target\":{\"@type\":\"EntryPoint\",\"urlTemplate\":\"https:\/\/cst.cat\/es\/?s={search_term_string}\"},\"query-input\":{\"@type\":\"PropertyValueSpecification\",\"valueRequired\":true,\"valueName\":\"search_term_string\"}}],\"inLanguage\":\"es\"},{\"@type\":\"Organization\",\"@id\":\"https:\/\/cst.cat\/es\/#organization\",\"name\":\"Consorci Sanitari de Terrassa\",\"url\":\"https:\/\/cst.cat\/es\/\",\"logo\":{\"@type\":\"ImageObject\",\"inLanguage\":\"es\",\"@id\":\"https:\/\/cst.cat\/es\/#\/schema\/logo\/image\/\",\"url\":\"https:\/\/cst.cat\/wp-content\/uploads\/2021\/09\/logo-header.svg\",\"contentUrl\":\"https:\/\/cst.cat\/wp-content\/uploads\/2021\/09\/logo-header.svg\",\"width\":90,\"height\":32,\"caption\":\"Consorci Sanitari de Terrassa\"},\"image\":{\"@id\":\"https:\/\/cst.cat\/es\/#\/schema\/logo\/image\/\"}},{\"@type\":\"Person\",\"@id\":\"https:\/\/cst.cat\/es\/#\/schema\/person\/9ad38488941d074942f634a379b10b61\",\"name\":\"Begonya Masdefiol Aldeano\",\"image\":{\"@type\":\"ImageObject\",\"inLanguage\":\"es\",\"@id\":\"https:\/\/secure.gravatar.com\/avatar\/55d9a13ea177910ebc84397c02ab424383ffb62af7fcd298a6b6747783aeb9d0?s=96&d=mm&r=g\",\"url\":\"https:\/\/secure.gravatar.com\/avatar\/55d9a13ea177910ebc84397c02ab424383ffb62af7fcd298a6b6747783aeb9d0?s=96&d=mm&r=g\",\"contentUrl\":\"https:\/\/secure.gravatar.com\/avatar\/55d9a13ea177910ebc84397c02ab424383ffb62af7fcd298a6b6747783aeb9d0?s=96&d=mm&r=g\",\"caption\":\"Begonya Masdefiol Aldeano\"},\"url\":\"https:\/\/cst.cat\/es\/author\/bmasdefiol\/\"}]}<\/script>\n<!-- \/ Yoast SEO plugin. -->","yoast_head_json":{"title":"Marta Mauri, responsable de la Unidad de L\u00edpidos y Riesgo Vascular del Hospital Universitario de Terrassa, participa en el primer 'Libro Blanco de Salud y G\u00e9nero en Espa\u00f1a' - CST","robots":{"index":"index","follow":"follow","max-snippet":"max-snippet:-1","max-image-preview":"max-image-preview:large","max-video-preview":"max-video-preview:-1"},"canonical":"https:\/\/cst.cat\/es\/marta-mauri-responsable-de-la-unidad-de-lipidos-y-riesgo-vascular-del-hospital-universitario-de-terrassa-participa-en-el-primer-libro-blanco-de-salud-y-genero-en-espana\/","og_locale":"es_ES","og_type":"article","og_title":"Marta Mauri, responsable de la Unidad de L\u00edpidos y Riesgo Vascular del Hospital Universitario de Terrassa, participa en el primer 'Libro Blanco de Salud y G\u00e9nero en Espa\u00f1a' - CST","og_description":"El libro nace para garantizar la equidad sanitaria de las mujeres en el Estado Espa\u00f1ol El 5 de marzo se present\u00f3 en el Congreso de los Diputados de Madrid el primer Libro Blanco de Salud y G\u00e9nero en Espa\u00f1a. Este informe cuenta con la visi\u00f3n cient\u00edfica de profesionales de la medicina y personas expertas del [&hellip;]","og_url":"https:\/\/cst.cat\/es\/marta-mauri-responsable-de-la-unidad-de-lipidos-y-riesgo-vascular-del-hospital-universitario-de-terrassa-participa-en-el-primer-libro-blanco-de-salud-y-genero-en-espana\/","og_site_name":"CST","article_published_time":"2024-03-15T08:38:14+00:00","article_modified_time":"2024-08-05T09:27:56+00:00","og_image":[{"width":700,"height":468,"url":"https:\/\/cst.cat\/wp-content\/uploads\/2024\/03\/presentacio-llibre-blanc-canva.png","type":"image\/png"}],"author":"Begonya Masdefiol Aldeano","twitter_card":"summary_large_image","twitter_misc":{"Escrito por":"Begonya Masdefiol Aldeano","Tiempo de lectura":"1 minuto"},"schema":{"@context":"https:\/\/schema.org","@graph":[{"@type":"Article","@id":"https:\/\/cst.cat\/es\/marta-mauri-responsable-de-la-unidad-de-lipidos-y-riesgo-vascular-del-hospital-universitario-de-terrassa-participa-en-el-primer-libro-blanco-de-salud-y-genero-en-espana\/#article","isPartOf":{"@id":"https:\/\/cst.cat\/es\/marta-mauri-responsable-de-la-unidad-de-lipidos-y-riesgo-vascular-del-hospital-universitario-de-terrassa-participa-en-el-primer-libro-blanco-de-salud-y-genero-en-espana\/"},"author":{"name":"Begonya Masdefiol Aldeano","@id":"https:\/\/cst.cat\/es\/#\/schema\/person\/9ad38488941d074942f634a379b10b61"},"headline":"Marta Mauri, responsable de la Unidad de L\u00edpidos y Riesgo Vascular del Hospital Universitario de Terrassa, participa en el primer &#8216;Libro Blanco de Salud y G\u00e9nero en Espa\u00f1a&#8217;","datePublished":"2024-03-15T08:38:14+00:00","dateModified":"2024-08-05T09:27:56+00:00","mainEntityOfPage":{"@id":"https:\/\/cst.cat\/es\/marta-mauri-responsable-de-la-unidad-de-lipidos-y-riesgo-vascular-del-hospital-universitario-de-terrassa-participa-en-el-primer-libro-blanco-de-salud-y-genero-en-espana\/"},"wordCount":307,"commentCount":0,"publisher":{"@id":"https:\/\/cst.cat\/es\/#organization"},"image":{"@id":"https:\/\/cst.cat\/es\/marta-mauri-responsable-de-la-unidad-de-lipidos-y-riesgo-vascular-del-hospital-universitario-de-terrassa-participa-en-el-primer-libro-blanco-de-salud-y-genero-en-espana\/#primaryimage"},"thumbnailUrl":"https:\/\/cst.cat\/wp-content\/uploads\/2024\/03\/presentacio-llibre-blanc-canva.png","keywords":["salud","CST","Hospital Universitario de Terrassa"],"articleSection":["CST","Hospital Universitario de Terrassa","Salud"],"inLanguage":"es","potentialAction":[{"@type":"CommentAction","name":"Comment","target":["https:\/\/cst.cat\/es\/marta-mauri-responsable-de-la-unidad-de-lipidos-y-riesgo-vascular-del-hospital-universitario-de-terrassa-participa-en-el-primer-libro-blanco-de-salud-y-genero-en-espana\/#respond"]}]},{"@type":"WebPage","@id":"https:\/\/cst.cat\/es\/marta-mauri-responsable-de-la-unidad-de-lipidos-y-riesgo-vascular-del-hospital-universitario-de-terrassa-participa-en-el-primer-libro-blanco-de-salud-y-genero-en-espana\/","url":"https:\/\/cst.cat\/es\/marta-mauri-responsable-de-la-unidad-de-lipidos-y-riesgo-vascular-del-hospital-universitario-de-terrassa-participa-en-el-primer-libro-blanco-de-salud-y-genero-en-espana\/","name":"Marta Mauri, responsable de la Unidad de L\u00edpidos y Riesgo Vascular del Hospital Universitario de Terrassa, participa en el primer 'Libro Blanco de Salud y G\u00e9nero en Espa\u00f1a' - CST","isPartOf":{"@id":"https:\/\/cst.cat\/es\/#website"},"primaryImageOfPage":{"@id":"https:\/\/cst.cat\/es\/marta-mauri-responsable-de-la-unidad-de-lipidos-y-riesgo-vascular-del-hospital-universitario-de-terrassa-participa-en-el-primer-libro-blanco-de-salud-y-genero-en-espana\/#primaryimage"},"image":{"@id":"https:\/\/cst.cat\/es\/marta-mauri-responsable-de-la-unidad-de-lipidos-y-riesgo-vascular-del-hospital-universitario-de-terrassa-participa-en-el-primer-libro-blanco-de-salud-y-genero-en-espana\/#primaryimage"},"thumbnailUrl":"https:\/\/cst.cat\/wp-content\/uploads\/2024\/03\/presentacio-llibre-blanc-canva.png","datePublished":"2024-03-15T08:38:14+00:00","dateModified":"2024-08-05T09:27:56+00:00","breadcrumb":{"@id":"https:\/\/cst.cat\/es\/marta-mauri-responsable-de-la-unidad-de-lipidos-y-riesgo-vascular-del-hospital-universitario-de-terrassa-participa-en-el-primer-libro-blanco-de-salud-y-genero-en-espana\/#breadcrumb"},"inLanguage":"es","potentialAction":[{"@type":"ReadAction","target":["https:\/\/cst.cat\/es\/marta-mauri-responsable-de-la-unidad-de-lipidos-y-riesgo-vascular-del-hospital-universitario-de-terrassa-participa-en-el-primer-libro-blanco-de-salud-y-genero-en-espana\/"]}]},{"@type":"ImageObject","inLanguage":"es","@id":"https:\/\/cst.cat\/es\/marta-mauri-responsable-de-la-unidad-de-lipidos-y-riesgo-vascular-del-hospital-universitario-de-terrassa-participa-en-el-primer-libro-blanco-de-salud-y-genero-en-espana\/#primaryimage","url":"https:\/\/cst.cat\/wp-content\/uploads\/2024\/03\/presentacio-llibre-blanc-canva.png","contentUrl":"https:\/\/cst.cat\/wp-content\/uploads\/2024\/03\/presentacio-llibre-blanc-canva.png","width":700,"height":468},{"@type":"BreadcrumbList","@id":"https:\/\/cst.cat\/es\/marta-mauri-responsable-de-la-unidad-de-lipidos-y-riesgo-vascular-del-hospital-universitario-de-terrassa-participa-en-el-primer-libro-blanco-de-salud-y-genero-en-espana\/#breadcrumb","itemListElement":[{"@type":"ListItem","position":1,"name":"Inici","item":"https:\/\/cst.cat\/es\/"},{"@type":"ListItem","position":2,"name":"Marta Mauri, responsable de la Unidad de L\u00edpidos y Riesgo Vascular del Hospital Universitario de Terrassa, participa en el primer &#8216;Libro Blanco de Salud y G\u00e9nero en Espa\u00f1a&#8217;"}]},{"@type":"WebSite","@id":"https:\/\/cst.cat\/es\/#website","url":"https:\/\/cst.cat\/es\/","name":"CST","description":"","publisher":{"@id":"https:\/\/cst.cat\/es\/#organization"},"potentialAction":[{"@type":"SearchAction","target":{"@type":"EntryPoint","urlTemplate":"https:\/\/cst.cat\/es\/?s={search_term_string}"},"query-input":{"@type":"PropertyValueSpecification","valueRequired":true,"valueName":"search_term_string"}}],"inLanguage":"es"},{"@type":"Organization","@id":"https:\/\/cst.cat\/es\/#organization","name":"Consorci Sanitari de Terrassa","url":"https:\/\/cst.cat\/es\/","logo":{"@type":"ImageObject","inLanguage":"es","@id":"https:\/\/cst.cat\/es\/#\/schema\/logo\/image\/","url":"https:\/\/cst.cat\/wp-content\/uploads\/2021\/09\/logo-header.svg","contentUrl":"https:\/\/cst.cat\/wp-content\/uploads\/2021\/09\/logo-header.svg","width":90,"height":32,"caption":"Consorci Sanitari de Terrassa"},"image":{"@id":"https:\/\/cst.cat\/es\/#\/schema\/logo\/image\/"}},{"@type":"Person","@id":"https:\/\/cst.cat\/es\/#\/schema\/person\/9ad38488941d074942f634a379b10b61","name":"Begonya Masdefiol Aldeano","image":{"@type":"ImageObject","inLanguage":"es","@id":"https:\/\/secure.gravatar.com\/avatar\/55d9a13ea177910ebc84397c02ab424383ffb62af7fcd298a6b6747783aeb9d0?s=96&d=mm&r=g","url":"https:\/\/secure.gravatar.com\/avatar\/55d9a13ea177910ebc84397c02ab424383ffb62af7fcd298a6b6747783aeb9d0?s=96&d=mm&r=g","contentUrl":"https:\/\/secure.gravatar.com\/avatar\/55d9a13ea177910ebc84397c02ab424383ffb62af7fcd298a6b6747783aeb9d0?s=96&d=mm&r=g","caption":"Begonya Masdefiol Aldeano"},"url":"https:\/\/cst.cat\/es\/author\/bmasdefiol\/"}]}},"_links":{"self":[{"href":"https:\/\/cst.cat\/es\/wp-json\/wp\/v2\/posts\/24033","targetHints":{"allow":["GET"]}}],"collection":[{"href":"https:\/\/cst.cat\/es\/wp-json\/wp\/v2\/posts"}],"about":[{"href":"https:\/\/cst.cat\/es\/wp-json\/wp\/v2\/types\/post"}],"author":[{"embeddable":true,"href":"https:\/\/cst.cat\/es\/wp-json\/wp\/v2\/users\/8"}],"replies":[{"embeddable":true,"href":"https:\/\/cst.cat\/es\/wp-json\/wp\/v2\/comments?post=24033"}],"version-history":[{"count":0,"href":"https:\/\/cst.cat\/es\/wp-json\/wp\/v2\/posts\/24033\/revisions"}],"wp:featuredmedia":[{"embeddable":true,"href":"https:\/\/cst.cat\/es\/wp-json\/wp\/v2\/media\/24028"}],"wp:attachment":[{"href":"https:\/\/cst.cat\/es\/wp-json\/wp\/v2\/media?parent=24033"}],"wp:term":[{"taxonomy":"category","embeddable":true,"href":"https:\/\/cst.cat\/es\/wp-json\/wp\/v2\/categories?post=24033"},{"taxonomy":"post_tag","embeddable":true,"href":"https:\/\/cst.cat\/es\/wp-json\/wp\/v2\/tags?post=24033"}],"curies":[{"name":"wp","href":"https:\/\/api.w.org\/{rel}","templated":true}]}}