{"id":24117,"date":"2024-03-15T14:46:11","date_gmt":"2024-03-15T13:46:11","guid":{"rendered":"https:\/\/cst.cat\/jornada-de-divulgacion-camino-a-los-juegos-de-paris-en-el-car-de-sant-cugat\/"},"modified":"2024-03-15T15:05:17","modified_gmt":"2024-03-15T14:05:17","slug":"jornada-de-divulgacion-camino-a-los-juegos-de-paris-en-el-car-de-sant-cugat","status":"publish","type":"post","link":"https:\/\/cst.cat\/es\/jornada-de-divulgacion-camino-a-los-juegos-de-paris-en-el-car-de-sant-cugat\/","title":{"rendered":"Jornada de divulgaci\u00f3n \u201cCamino a los Juegos de Par\u00eds\u201d en el CAR de Sant Cugat"},"content":{"rendered":"\n<div class=\"wp-block-columns is-layout-flex wp-container-core-columns-is-layout-9d6595d7 wp-block-columns-is-layout-flex\">\n<div class=\"wp-block-column acces-lft is-layout-flow wp-block-column-is-layout-flow\" style=\"flex-basis:30%\">\n<figure class=\"wp-block-image size-full\"><img loading=\"lazy\" decoding=\"async\" width=\"700\" height=\"468\" src=\"https:\/\/cst.cat\/wp-content\/uploads\/2024\/03\/700x468-10.png\" alt=\"\" class=\"wp-image-24112\" srcset=\"https:\/\/cst.cat\/wp-content\/uploads\/2024\/03\/700x468-10.png 700w, https:\/\/cst.cat\/wp-content\/uploads\/2024\/03\/700x468-10-600x401.png 600w, https:\/\/cst.cat\/wp-content\/uploads\/2024\/03\/700x468-10-300x201.png 300w\" sizes=\"auto, (max-width: 700px) 100vw, 700px\" \/><\/figure>\n<\/div>\n\n\n\n<div class=\"wp-block-column acces-rgt is-layout-flow wp-block-column-is-layout-flow\" style=\"flex-basis:70%\">\n<h2 class=\"wp-block-heading\">El CAR de Sant Cugat y los Servicios m\u00e9dicos CAR-CST organizaron la Jornada de divulgaci\u00f3n \u201cCamino a los Juegos de Par\u00eds\u201d donde se puso de manifiesto cu\u00e1l es la preparaci\u00f3n de los y las deportistas del CAR para ir a los Juegos Ol\u00edmpicos de Par\u00eds 2024  <\/h2>\n\n\n\n<p>Tras la bienvenida institucional por parte del director del CAR, Ramon Terrassa, se hizo una mesa redonda con el t\u00edtulo \u00ab\u00bfQu\u00e9 necesitan los deportistas y los entrenadores para clasificarse y hacer unos buenos juegos?\u00bb moderada por Josep Escoda, jefe de Relaciones internacionales del CAR.<\/p>\n\n\n\n<p>A continuaci\u00f3n comenz\u00f3 el Bloque de Salud del deportista con el \u201cModelo CAR-Hospital Universitario de Terrassa-CST por parte de la responsable de los Servicios m\u00e9dicos del CAR-CST, Montse Bellver donde present\u00f3 este modelo \u00fanico de gesti\u00f3n de m\u00e1s de 30 a\u00f1os de funcionamiento CAR-CST y el funcionamiento y las diferentes partes que integran los servicios m\u00e9dicos.<\/p>\n\n\n\n<p>Seguidamente, Roberto Mart\u00ednez, m\u00e9dico de los Servicios m\u00e9dicos CAR-CST habl\u00f3 sobre \u00abla Atenci\u00f3n continuada al deportista desde el primer d\u00eda hasta las Olimpiadas\u00bb.<\/p>\n\n\n\n<p>Lucas G\u00f3mez, m\u00e9dico de los Servicios m\u00e9dicos del CAR-CST, present\u00f3 \u201cPreparaci\u00f3n y soporte m\u00e9dico en los viajes\u201d<\/p>\n\n\n\n<p>Desde el departamento de Fisioterapia, Ferm\u00edn Oliete, habl\u00f3 sobre \u00abRecuperaci\u00f3n y readaptaci\u00f3n del deportista\u00bb<\/p>\n\n\n\n<p>Seguidamente, el equipo m\u00e9dico CAR-CST formado por Teresa Pom\u00e9s, Antoni Turmo, Montse Bellver y el deportista paral\u00edmpico Miguel Luque expusieron diferentes ponencias sobre \u201cMujer y deporte\u201d \u201cM\u00fasculos y pruebas diagn\u00f3sticas\u201d \u201cEstabilometr\u00eda\u201d y \u201cGesti\u00f3n de una lesi\u00f3n\u201d<\/p>\n\n\n\n<p>La jornada sirvi\u00f3 para dar voz a deportistas, entrenadores, fisioterapeutas y gestores de los diferentes servicios del CAR de Sant Cugat frente a un aforo completo de la sala de actos.<\/p>\n<\/div>\n<\/div>\n","protected":false},"excerpt":{"rendered":"<p>El CAR de Sant Cugat y los Servicios m\u00e9dicos CAR-CST organizaron la Jornada de divulgaci\u00f3n \u201cCamino a los Juegos de Par\u00eds\u201d donde se puso de manifiesto cu\u00e1l es la preparaci\u00f3n de los y las deportistas del CAR para ir a los Juegos Ol\u00edmpicos de Par\u00eds 2024 Tras la bienvenida institucional por parte del director del [&hellip;]<\/p>\n","protected":false},"author":5,"featured_media":24115,"comment_status":"open","ping_status":"open","sticky":false,"template":"","format":"standard","meta":{"_acf_changed":false,"footnotes":""},"categories":[274],"tags":[1459,1793,1794,660],"class_list":["post-24117","post","type-post","status-publish","format-standard","has-post-thumbnail","hentry","category-car-sant-cugat-es","tag-car-es","tag-paris-2024-es","tag-juegos-olimpicos","tag-caro-santo-cugat"],"acf":[],"yoast_head":"<!-- This site is optimized with the Yoast SEO plugin v27.2 - https:\/\/yoast.com\/product\/yoast-seo-wordpress\/ -->\n<title>Jornada de divulgaci\u00f3n \u201cCamino a los Juegos de Par\u00eds\u201d en el CAR de Sant Cugat - CST<\/title>\n<meta name=\"robots\" content=\"index, follow, max-snippet:-1, max-image-preview:large, max-video-preview:-1\" \/>\n<link rel=\"canonical\" href=\"https:\/\/cst.cat\/es\/jornada-de-divulgacion-camino-a-los-juegos-de-paris-en-el-car-de-sant-cugat\/\" \/>\n<meta property=\"og:locale\" content=\"es_ES\" \/>\n<meta property=\"og:type\" content=\"article\" \/>\n<meta property=\"og:title\" content=\"Jornada de divulgaci\u00f3n \u201cCamino a los Juegos de Par\u00eds\u201d en el CAR de Sant Cugat - CST\" \/>\n<meta property=\"og:description\" content=\"El CAR de Sant Cugat y los Servicios m\u00e9dicos CAR-CST organizaron la Jornada de divulgaci\u00f3n \u201cCamino a los Juegos de Par\u00eds\u201d donde se puso de manifiesto cu\u00e1l es la preparaci\u00f3n de los y las deportistas del CAR para ir a los Juegos Ol\u00edmpicos de Par\u00eds 2024 Tras la bienvenida institucional por parte del director del [&hellip;]\" \/>\n<meta property=\"og:url\" content=\"https:\/\/cst.cat\/es\/jornada-de-divulgacion-camino-a-los-juegos-de-paris-en-el-car-de-sant-cugat\/\" \/>\n<meta property=\"og:site_name\" content=\"CST\" \/>\n<meta property=\"article:published_time\" content=\"2024-03-15T13:46:11+00:00\" \/>\n<meta property=\"article:modified_time\" content=\"2024-03-15T14:05:17+00:00\" \/>\n<meta property=\"og:image\" content=\"https:\/\/cst.cat\/wp-content\/uploads\/2024\/03\/700x468-11.png\" \/>\n\t<meta property=\"og:image:width\" content=\"700\" \/>\n\t<meta property=\"og:image:height\" content=\"468\" \/>\n\t<meta property=\"og:image:type\" content=\"image\/png\" \/>\n<meta name=\"author\" content=\"xfranco\" \/>\n<meta name=\"twitter:card\" content=\"summary_large_image\" \/>\n<meta name=\"twitter:label1\" content=\"Escrito por\" \/>\n\t<meta name=\"twitter:data1\" content=\"xfranco\" \/>\n\t<meta name=\"twitter:label2\" content=\"Tiempo de lectura\" \/>\n\t<meta name=\"twitter:data2\" content=\"2 minutos\" \/>\n<script type=\"application\/ld+json\" class=\"yoast-schema-graph\">{\"@context\":\"https:\/\/schema.org\",\"@graph\":[{\"@type\":\"Article\",\"@id\":\"https:\/\/cst.cat\/es\/jornada-de-divulgacion-camino-a-los-juegos-de-paris-en-el-car-de-sant-cugat\/#article\",\"isPartOf\":{\"@id\":\"https:\/\/cst.cat\/es\/jornada-de-divulgacion-camino-a-los-juegos-de-paris-en-el-car-de-sant-cugat\/\"},\"author\":{\"name\":\"xfranco\",\"@id\":\"https:\/\/cst.cat\/es\/#\/schema\/person\/3b11da62a36ae3eb23449b9d67c922f9\"},\"headline\":\"Jornada de divulgaci\u00f3n \u201cCamino a los Juegos de Par\u00eds\u201d en el CAR de Sant Cugat\",\"datePublished\":\"2024-03-15T13:46:11+00:00\",\"dateModified\":\"2024-03-15T14:05:17+00:00\",\"mainEntityOfPage\":{\"@id\":\"https:\/\/cst.cat\/es\/jornada-de-divulgacion-camino-a-los-juegos-de-paris-en-el-car-de-sant-cugat\/\"},\"wordCount\":317,\"commentCount\":0,\"publisher\":{\"@id\":\"https:\/\/cst.cat\/es\/#organization\"},\"image\":{\"@id\":\"https:\/\/cst.cat\/es\/jornada-de-divulgacion-camino-a-los-juegos-de-paris-en-el-car-de-sant-cugat\/#primaryimage\"},\"thumbnailUrl\":\"https:\/\/cst.cat\/wp-content\/uploads\/2024\/03\/700x468-11.png\",\"keywords\":[\"CAR\",\"paris 2024\",\"juegos ol\u00edmpicos\",\"caro santo cugat\"],\"articleSection\":[\"CAR Sant Cugat\"],\"inLanguage\":\"es\",\"potentialAction\":[{\"@type\":\"CommentAction\",\"name\":\"Comment\",\"target\":[\"https:\/\/cst.cat\/es\/jornada-de-divulgacion-camino-a-los-juegos-de-paris-en-el-car-de-sant-cugat\/#respond\"]}]},{\"@type\":\"WebPage\",\"@id\":\"https:\/\/cst.cat\/es\/jornada-de-divulgacion-camino-a-los-juegos-de-paris-en-el-car-de-sant-cugat\/\",\"url\":\"https:\/\/cst.cat\/es\/jornada-de-divulgacion-camino-a-los-juegos-de-paris-en-el-car-de-sant-cugat\/\",\"name\":\"Jornada de divulgaci\u00f3n \u201cCamino a los Juegos de Par\u00eds\u201d en el CAR de Sant Cugat - CST\",\"isPartOf\":{\"@id\":\"https:\/\/cst.cat\/es\/#website\"},\"primaryImageOfPage\":{\"@id\":\"https:\/\/cst.cat\/es\/jornada-de-divulgacion-camino-a-los-juegos-de-paris-en-el-car-de-sant-cugat\/#primaryimage\"},\"image\":{\"@id\":\"https:\/\/cst.cat\/es\/jornada-de-divulgacion-camino-a-los-juegos-de-paris-en-el-car-de-sant-cugat\/#primaryimage\"},\"thumbnailUrl\":\"https:\/\/cst.cat\/wp-content\/uploads\/2024\/03\/700x468-11.png\",\"datePublished\":\"2024-03-15T13:46:11+00:00\",\"dateModified\":\"2024-03-15T14:05:17+00:00\",\"breadcrumb\":{\"@id\":\"https:\/\/cst.cat\/es\/jornada-de-divulgacion-camino-a-los-juegos-de-paris-en-el-car-de-sant-cugat\/#breadcrumb\"},\"inLanguage\":\"es\",\"potentialAction\":[{\"@type\":\"ReadAction\",\"target\":[\"https:\/\/cst.cat\/es\/jornada-de-divulgacion-camino-a-los-juegos-de-paris-en-el-car-de-sant-cugat\/\"]}]},{\"@type\":\"ImageObject\",\"inLanguage\":\"es\",\"@id\":\"https:\/\/cst.cat\/es\/jornada-de-divulgacion-camino-a-los-juegos-de-paris-en-el-car-de-sant-cugat\/#primaryimage\",\"url\":\"https:\/\/cst.cat\/wp-content\/uploads\/2024\/03\/700x468-11.png\",\"contentUrl\":\"https:\/\/cst.cat\/wp-content\/uploads\/2024\/03\/700x468-11.png\",\"width\":700,\"height\":468},{\"@type\":\"BreadcrumbList\",\"@id\":\"https:\/\/cst.cat\/es\/jornada-de-divulgacion-camino-a-los-juegos-de-paris-en-el-car-de-sant-cugat\/#breadcrumb\",\"itemListElement\":[{\"@type\":\"ListItem\",\"position\":1,\"name\":\"Inici\",\"item\":\"https:\/\/cst.cat\/es\/\"},{\"@type\":\"ListItem\",\"position\":2,\"name\":\"Jornada de divulgaci\u00f3n \u201cCamino a los Juegos de Par\u00eds\u201d en el CAR de Sant Cugat\"}]},{\"@type\":\"WebSite\",\"@id\":\"https:\/\/cst.cat\/es\/#website\",\"url\":\"https:\/\/cst.cat\/es\/\",\"name\":\"CST\",\"description\":\"\",\"publisher\":{\"@id\":\"https:\/\/cst.cat\/es\/#organization\"},\"potentialAction\":[{\"@type\":\"SearchAction\",\"target\":{\"@type\":\"EntryPoint\",\"urlTemplate\":\"https:\/\/cst.cat\/es\/?s={search_term_string}\"},\"query-input\":{\"@type\":\"PropertyValueSpecification\",\"valueRequired\":true,\"valueName\":\"search_term_string\"}}],\"inLanguage\":\"es\"},{\"@type\":\"Organization\",\"@id\":\"https:\/\/cst.cat\/es\/#organization\",\"name\":\"Consorci Sanitari de Terrassa\",\"url\":\"https:\/\/cst.cat\/es\/\",\"logo\":{\"@type\":\"ImageObject\",\"inLanguage\":\"es\",\"@id\":\"https:\/\/cst.cat\/es\/#\/schema\/logo\/image\/\",\"url\":\"https:\/\/cst.cat\/wp-content\/uploads\/2021\/09\/logo-header.svg\",\"contentUrl\":\"https:\/\/cst.cat\/wp-content\/uploads\/2021\/09\/logo-header.svg\",\"width\":90,\"height\":32,\"caption\":\"Consorci Sanitari de Terrassa\"},\"image\":{\"@id\":\"https:\/\/cst.cat\/es\/#\/schema\/logo\/image\/\"}},{\"@type\":\"Person\",\"@id\":\"https:\/\/cst.cat\/es\/#\/schema\/person\/3b11da62a36ae3eb23449b9d67c922f9\",\"name\":\"xfranco\",\"image\":{\"@type\":\"ImageObject\",\"inLanguage\":\"es\",\"@id\":\"https:\/\/secure.gravatar.com\/avatar\/2ebd62adc577a39e207bb342150bfb5ca00c0b0491c1af248227192c73e0e259?s=96&d=mm&r=g\",\"url\":\"https:\/\/secure.gravatar.com\/avatar\/2ebd62adc577a39e207bb342150bfb5ca00c0b0491c1af248227192c73e0e259?s=96&d=mm&r=g\",\"contentUrl\":\"https:\/\/secure.gravatar.com\/avatar\/2ebd62adc577a39e207bb342150bfb5ca00c0b0491c1af248227192c73e0e259?s=96&d=mm&r=g\",\"caption\":\"xfranco\"},\"url\":\"https:\/\/cst.cat\/es\/author\/xfranco\/\"}]}<\/script>\n<!-- \/ Yoast SEO plugin. -->","yoast_head_json":{"title":"Jornada de divulgaci\u00f3n \u201cCamino a los Juegos de Par\u00eds\u201d en el CAR de Sant Cugat - CST","robots":{"index":"index","follow":"follow","max-snippet":"max-snippet:-1","max-image-preview":"max-image-preview:large","max-video-preview":"max-video-preview:-1"},"canonical":"https:\/\/cst.cat\/es\/jornada-de-divulgacion-camino-a-los-juegos-de-paris-en-el-car-de-sant-cugat\/","og_locale":"es_ES","og_type":"article","og_title":"Jornada de divulgaci\u00f3n \u201cCamino a los Juegos de Par\u00eds\u201d en el CAR de Sant Cugat - CST","og_description":"El CAR de Sant Cugat y los Servicios m\u00e9dicos CAR-CST organizaron la Jornada de divulgaci\u00f3n \u201cCamino a los Juegos de Par\u00eds\u201d donde se puso de manifiesto cu\u00e1l es la preparaci\u00f3n de los y las deportistas del CAR para ir a los Juegos Ol\u00edmpicos de Par\u00eds 2024 Tras la bienvenida institucional por parte del director del [&hellip;]","og_url":"https:\/\/cst.cat\/es\/jornada-de-divulgacion-camino-a-los-juegos-de-paris-en-el-car-de-sant-cugat\/","og_site_name":"CST","article_published_time":"2024-03-15T13:46:11+00:00","article_modified_time":"2024-03-15T14:05:17+00:00","og_image":[{"width":700,"height":468,"url":"https:\/\/cst.cat\/wp-content\/uploads\/2024\/03\/700x468-11.png","type":"image\/png"}],"author":"xfranco","twitter_card":"summary_large_image","twitter_misc":{"Escrito por":"xfranco","Tiempo de lectura":"2 minutos"},"schema":{"@context":"https:\/\/schema.org","@graph":[{"@type":"Article","@id":"https:\/\/cst.cat\/es\/jornada-de-divulgacion-camino-a-los-juegos-de-paris-en-el-car-de-sant-cugat\/#article","isPartOf":{"@id":"https:\/\/cst.cat\/es\/jornada-de-divulgacion-camino-a-los-juegos-de-paris-en-el-car-de-sant-cugat\/"},"author":{"name":"xfranco","@id":"https:\/\/cst.cat\/es\/#\/schema\/person\/3b11da62a36ae3eb23449b9d67c922f9"},"headline":"Jornada de divulgaci\u00f3n \u201cCamino a los Juegos de Par\u00eds\u201d en el CAR de Sant Cugat","datePublished":"2024-03-15T13:46:11+00:00","dateModified":"2024-03-15T14:05:17+00:00","mainEntityOfPage":{"@id":"https:\/\/cst.cat\/es\/jornada-de-divulgacion-camino-a-los-juegos-de-paris-en-el-car-de-sant-cugat\/"},"wordCount":317,"commentCount":0,"publisher":{"@id":"https:\/\/cst.cat\/es\/#organization"},"image":{"@id":"https:\/\/cst.cat\/es\/jornada-de-divulgacion-camino-a-los-juegos-de-paris-en-el-car-de-sant-cugat\/#primaryimage"},"thumbnailUrl":"https:\/\/cst.cat\/wp-content\/uploads\/2024\/03\/700x468-11.png","keywords":["CAR","paris 2024","juegos ol\u00edmpicos","caro santo cugat"],"articleSection":["CAR Sant Cugat"],"inLanguage":"es","potentialAction":[{"@type":"CommentAction","name":"Comment","target":["https:\/\/cst.cat\/es\/jornada-de-divulgacion-camino-a-los-juegos-de-paris-en-el-car-de-sant-cugat\/#respond"]}]},{"@type":"WebPage","@id":"https:\/\/cst.cat\/es\/jornada-de-divulgacion-camino-a-los-juegos-de-paris-en-el-car-de-sant-cugat\/","url":"https:\/\/cst.cat\/es\/jornada-de-divulgacion-camino-a-los-juegos-de-paris-en-el-car-de-sant-cugat\/","name":"Jornada de divulgaci\u00f3n \u201cCamino a los Juegos de Par\u00eds\u201d en el CAR de Sant Cugat - CST","isPartOf":{"@id":"https:\/\/cst.cat\/es\/#website"},"primaryImageOfPage":{"@id":"https:\/\/cst.cat\/es\/jornada-de-divulgacion-camino-a-los-juegos-de-paris-en-el-car-de-sant-cugat\/#primaryimage"},"image":{"@id":"https:\/\/cst.cat\/es\/jornada-de-divulgacion-camino-a-los-juegos-de-paris-en-el-car-de-sant-cugat\/#primaryimage"},"thumbnailUrl":"https:\/\/cst.cat\/wp-content\/uploads\/2024\/03\/700x468-11.png","datePublished":"2024-03-15T13:46:11+00:00","dateModified":"2024-03-15T14:05:17+00:00","breadcrumb":{"@id":"https:\/\/cst.cat\/es\/jornada-de-divulgacion-camino-a-los-juegos-de-paris-en-el-car-de-sant-cugat\/#breadcrumb"},"inLanguage":"es","potentialAction":[{"@type":"ReadAction","target":["https:\/\/cst.cat\/es\/jornada-de-divulgacion-camino-a-los-juegos-de-paris-en-el-car-de-sant-cugat\/"]}]},{"@type":"ImageObject","inLanguage":"es","@id":"https:\/\/cst.cat\/es\/jornada-de-divulgacion-camino-a-los-juegos-de-paris-en-el-car-de-sant-cugat\/#primaryimage","url":"https:\/\/cst.cat\/wp-content\/uploads\/2024\/03\/700x468-11.png","contentUrl":"https:\/\/cst.cat\/wp-content\/uploads\/2024\/03\/700x468-11.png","width":700,"height":468},{"@type":"BreadcrumbList","@id":"https:\/\/cst.cat\/es\/jornada-de-divulgacion-camino-a-los-juegos-de-paris-en-el-car-de-sant-cugat\/#breadcrumb","itemListElement":[{"@type":"ListItem","position":1,"name":"Inici","item":"https:\/\/cst.cat\/es\/"},{"@type":"ListItem","position":2,"name":"Jornada de divulgaci\u00f3n \u201cCamino a los Juegos de Par\u00eds\u201d en el CAR de Sant Cugat"}]},{"@type":"WebSite","@id":"https:\/\/cst.cat\/es\/#website","url":"https:\/\/cst.cat\/es\/","name":"CST","description":"","publisher":{"@id":"https:\/\/cst.cat\/es\/#organization"},"potentialAction":[{"@type":"SearchAction","target":{"@type":"EntryPoint","urlTemplate":"https:\/\/cst.cat\/es\/?s={search_term_string}"},"query-input":{"@type":"PropertyValueSpecification","valueRequired":true,"valueName":"search_term_string"}}],"inLanguage":"es"},{"@type":"Organization","@id":"https:\/\/cst.cat\/es\/#organization","name":"Consorci Sanitari de Terrassa","url":"https:\/\/cst.cat\/es\/","logo":{"@type":"ImageObject","inLanguage":"es","@id":"https:\/\/cst.cat\/es\/#\/schema\/logo\/image\/","url":"https:\/\/cst.cat\/wp-content\/uploads\/2021\/09\/logo-header.svg","contentUrl":"https:\/\/cst.cat\/wp-content\/uploads\/2021\/09\/logo-header.svg","width":90,"height":32,"caption":"Consorci Sanitari de Terrassa"},"image":{"@id":"https:\/\/cst.cat\/es\/#\/schema\/logo\/image\/"}},{"@type":"Person","@id":"https:\/\/cst.cat\/es\/#\/schema\/person\/3b11da62a36ae3eb23449b9d67c922f9","name":"xfranco","image":{"@type":"ImageObject","inLanguage":"es","@id":"https:\/\/secure.gravatar.com\/avatar\/2ebd62adc577a39e207bb342150bfb5ca00c0b0491c1af248227192c73e0e259?s=96&d=mm&r=g","url":"https:\/\/secure.gravatar.com\/avatar\/2ebd62adc577a39e207bb342150bfb5ca00c0b0491c1af248227192c73e0e259?s=96&d=mm&r=g","contentUrl":"https:\/\/secure.gravatar.com\/avatar\/2ebd62adc577a39e207bb342150bfb5ca00c0b0491c1af248227192c73e0e259?s=96&d=mm&r=g","caption":"xfranco"},"url":"https:\/\/cst.cat\/es\/author\/xfranco\/"}]}},"_links":{"self":[{"href":"https:\/\/cst.cat\/es\/wp-json\/wp\/v2\/posts\/24117","targetHints":{"allow":["GET"]}}],"collection":[{"href":"https:\/\/cst.cat\/es\/wp-json\/wp\/v2\/posts"}],"about":[{"href":"https:\/\/cst.cat\/es\/wp-json\/wp\/v2\/types\/post"}],"author":[{"embeddable":true,"href":"https:\/\/cst.cat\/es\/wp-json\/wp\/v2\/users\/5"}],"replies":[{"embeddable":true,"href":"https:\/\/cst.cat\/es\/wp-json\/wp\/v2\/comments?post=24117"}],"version-history":[{"count":0,"href":"https:\/\/cst.cat\/es\/wp-json\/wp\/v2\/posts\/24117\/revisions"}],"wp:featuredmedia":[{"embeddable":true,"href":"https:\/\/cst.cat\/es\/wp-json\/wp\/v2\/media\/24115"}],"wp:attachment":[{"href":"https:\/\/cst.cat\/es\/wp-json\/wp\/v2\/media?parent=24117"}],"wp:term":[{"taxonomy":"category","embeddable":true,"href":"https:\/\/cst.cat\/es\/wp-json\/wp\/v2\/categories?post=24117"},{"taxonomy":"post_tag","embeddable":true,"href":"https:\/\/cst.cat\/es\/wp-json\/wp\/v2\/tags?post=24117"}],"curies":[{"name":"wp","href":"https:\/\/api.w.org\/{rel}","templated":true}]}}