{"id":27525,"date":"2024-11-29T14:59:22","date_gmt":"2024-11-29T13:59:22","guid":{"rendered":"https:\/\/cst.cat\/el-cst-y-mutuaterrassa-celebran-la-5a-edicion-de-actualizacion-atencion-primaria-y-nefrologia\/"},"modified":"2024-11-29T14:59:23","modified_gmt":"2024-11-29T13:59:23","slug":"el-cst-y-mutuaterrassa-celebran-la-5a-edicion-de-actualizacion-atencion-primaria-y-nefrologia","status":"publish","type":"post","link":"https:\/\/cst.cat\/es\/el-cst-y-mutuaterrassa-celebran-la-5a-edicion-de-actualizacion-atencion-primaria-y-nefrologia\/","title":{"rendered":"El CST y M\u00fatuaTerrassa celebran la 5\u00aa edici\u00f3n de Actualizaci\u00f3n Atenci\u00f3n Primaria y Nefrolog\u00eda"},"content":{"rendered":"\n<div class=\"wp-block-columns is-layout-flex wp-container-core-columns-is-layout-9d6595d7 wp-block-columns-is-layout-flex\">\n<div class=\"wp-block-column acces-lft is-layout-flow wp-block-column-is-layout-flow\" style=\"flex-basis:30%\">\n<figure class=\"wp-block-image size-full\"><img loading=\"lazy\" decoding=\"async\" width=\"700\" height=\"468\" src=\"https:\/\/cst.cat\/wp-content\/uploads\/2024\/11\/Canva-AP-i-Nefro.png\" alt=\"\" class=\"wp-image-27522\" srcset=\"https:\/\/cst.cat\/wp-content\/uploads\/2024\/11\/Canva-AP-i-Nefro.png 700w, https:\/\/cst.cat\/wp-content\/uploads\/2024\/11\/Canva-AP-i-Nefro-600x401.png 600w, https:\/\/cst.cat\/wp-content\/uploads\/2024\/11\/Canva-AP-i-Nefro-300x201.png 300w\" sizes=\"auto, (max-width: 700px) 100vw, 700px\" \/><\/figure><\/div>\n\n\n\n<div class=\"wp-block-column acces-rgt is-layout-flow wp-block-column-is-layout-flow\" style=\"flex-basis:70%\">\n<h2 class=\"wp-block-heading\">Esta ma\u00f1ana ha tenido lugar en el sal\u00f3n de actos del edificio docente de M\u00fatuaTerrassa la 5\u00aa Edici\u00f3n de Actualizaci\u00f3n en Atenci\u00f3n Primaria y Nefrolog\u00eda, una jornada de periodicidad bianual organizada por la Comisi\u00f3n de Enfermedad Renal Cr\u00f3nica del Vall\u00e8s Occidental Oeste, integrada por profesionales del Consorcio Sanitario de Terrassa y la Fundaci\u00f3n Asistencial M\u00fatuaTerrassa (FAMT). Esta comisi\u00f3n trabaja desde 2006 con el prop\u00f3sito de promover el diagn\u00f3stico precoz y la prevenci\u00f3n de esta enfermedad en el \u00e1mbito asistencial de la Atenci\u00f3n Primaria. <\/h2>\n\n\n\n<p>La bienvenida ha corrido a cargo de Montserrat Ure\u00f1a, directora de Atenci\u00f3n Primaria del CST y Manuel Ram\u00edrez de Arellano, director del \u00c1mbito M\u00e9dico y jefe del Servicio de Nefrolog\u00eda del Hospital Universitario de Terrassa &#8211; CST.<\/p>\n\n\n\n<p>Montserrat Ure\u00f1a ha iniciado su intervenci\u00f3n afirmando que esta jornada \u00abdemuestra el poder territorial que tenemos cuando trabajamos todos juntos\u00bb. En 2014 se celebr\u00f3 la primera jornada en el CST, en ese momento s\u00f3lo particip\u00f3 el Consorcio Sanitario de Terrassa, pero \u00abes un orgullo que se haya convertido en una comisi\u00f3n territorial\u00bb, ha afirmado. <\/p>\n\n\n\n<p>La directora de Atenci\u00f3n Primaria del CST ha explicado que algunos de los principales objetivos de la comisi\u00f3n, aparte de dar una atenci\u00f3n de calidad, son la formaci\u00f3n y la investigaci\u00f3n y se ha mostrado convencida de que \u00abdespu\u00e9s de esta jornada saldremos con ideas para mejorar la calidad de vida de nuestra poblaci\u00f3n.\u00bb<\/p>\n\n\n\n<p>Ure\u00f1a hizo hincapi\u00e9 en que la prevalencia de la enfermedad renal cr\u00f3nica va <em>in crescendo<\/em> , y los factores de riesgo, que es all\u00ed donde sobre todo la Atenci\u00f3n Primaria puede actuar, deben controlarse. \u00abLa Atenci\u00f3n Primaria debe prevenir los factores de riesgo y promover la salud con h\u00e1bitos saludables. Comemos bien, relacion\u00e9monos, hagamos ejercicio f\u00edsico, pero cada vez m\u00e1s desde la AP deberemos aportar una perspectiva de g\u00e9nero y tambi\u00e9n tener en cuenta la salud medioambiental. El impacto de la contaminaci\u00f3n del aire sobre la salud es important\u00edsimo. Todo ello debe hacernos reflexionar\u00bb, ha remachado. <\/p>\n\n\n\n<p>Manuel Ram\u00edrez de Arellano, por su parte, ha iniciado su discurso explicando que el Servicio de Nefrolog\u00eda del CST y el de la FAMT \u201cse consideran un servicio territorial, en relaci\u00f3n con la prevenci\u00f3n, diagn\u00f3stico y tratamiento de las enfermedades renales. Y todo esto para una poblaci\u00f3n de referencia de medio mill\u00f3n de habitantes. La creaci\u00f3n de una comisi\u00f3n de enfermedad renal cr\u00f3nica y atenci\u00f3n primaria ten\u00eda por objetivo conseguir tratar a la poblaci\u00f3n en cuanto, sobre todo, al diagn\u00f3stico inicial con los especialistas de medicina familiar y comunitaria\u00bb, ha expuesto Ram\u00edrez de Arellano.<\/p>\n\n\n\n<p>El jefe del Servicio de Nefrolog\u00eda del CST tambi\u00e9n ha querido poner sobre la mesa la importancia de la prevenci\u00f3n. \u00abEstos \u00faltimos a\u00f1os han aparecido nuevas herramientas para disminuir la evoluci\u00f3n de la enfermedad renal en fases m\u00e1s avanzadas. Y esto es importante porque la enfermedad renal cr\u00f3nica representa un problema de salud p\u00fablica. Cuando esta enfermedad alcanza fases avanzadas, y los pacientes entran en tratamiento renal sustitutivo, la mortalidad se incrementa hasta siete veces. Cerca de 850 millones de personas afectadas a nivel mundial por esta enfermedad, a nivel estatal, un 10% de la poblaci\u00f3n. Esto indica que estamos frente a una enfermedad cr\u00f3nica de alta prevalencia y su progresi\u00f3n implica, entre otras cosas, un incremento de la morbimortalidad de los pacientes.\u00bb <\/p>\n\n\n\n<p>Ramirez de Arellano ha finalizado su intervenci\u00f3n afirmando que la Comisi\u00f3n de Enfermedad Renal Cr\u00f3nica tiene un gran reto: \u201cel diagn\u00f3stico precoz de esta enfermedad. Diferentes estudios consideran que entre un 20 y un 40% de los pacientes de Atenci\u00f3n Primaria sufren enfermedad renal cr\u00f3nica y no se sabe.\u00bb<\/p>\n\n\n\n<p>La primera mesa ha versado sobre &#8216;Recordatorio pr\u00e1ctico de la ERC estadiajes y qu\u00e9 hacer?&#8217;, moderada por M\u00f2nica Pou, m\u00e9dica del Servicio de Nefrolog\u00eda del Hospital Universitario de Terrassa y del Hospital Universitario M\u00fatuaTerrassa. Ha intervenido Merc\u00e8 Villar\u00f3, m\u00e9dico de familia del CAP Terrassa Sur de la FAMT y Laura Perez, m\u00e9dico de familia del CAP Este del CST. <\/p>\n\n\n\n<p>La segunda mesa ha sido &#8216;Miremos por la ventana virtual&#8217;, moderada por Beatriz Joven, m\u00e9dica de Familia del CAP Sant Cugat de la FAMT. Ha intervenido Eva Romero, m\u00e9dica de Familia del CAP Terrassa Nord del CST y M\u00f2nica Pou, m\u00e9dica del Servicio de Nefrolog\u00eda del Hospital Universitario de Terrassa y del Hospital Universitario M\u00fatuaTerrassa. <\/p>\n\n\n\n<p>La tercera mesa ha versado sobre &#8216;Enfermedades glomerulares&#8217;, moderada por L\u00eddia Gonz\u00e1lez, m\u00e9dica de Familia del CAP Can Roca del CST, con Anna Saurina, m\u00e9dica adjunta del Servicio de Nefrolog\u00eda del Hospital Universitario de Terrassa.<\/p>\n\n\n\n<p>Para finalizar ha tenido lugar la mesa &#8216;Trastornos hidroelectrol\u00edticos&#8217;, moderada por Marta Torres, m\u00e9dica de Familia del CAP Rambla de la FAMT. Ha participado Diana Oleas, m\u00e9dica adjunta del Servicio de Nefrolog\u00eda del Hospital Universitario de Terrassa y del Hospital Universitario M\u00fatuaTerrassa, con <em>Etiolog\u00eda y tratamiento de la hiperpotasemia<\/em> y Cintia Aneas, dietista-nutricionista de Atenci\u00f3n Primaria del CST y Bet Sugranyes , dietista-nutricionista de Atenci\u00f3n Primaria de la FAMT, con <em>Dieta de la hiperpotasemia<\/em> . <\/p>\n\n\n\n<p>La clausura ha corrido a cargo de Soraya Mota, directora del CAP Sant Ll\u00e0tzer del CST y secretaria de la Comisi\u00f3n de Enfermedad Renal Cr\u00f3nica del Vall\u00e8s Occidental Oest.<\/p>\n<\/div>\n<\/div>\n","protected":false},"excerpt":{"rendered":"<p>Esta ma\u00f1ana ha tenido lugar en el sal\u00f3n de actos del edificio docente de M\u00fatuaTerrassa la 5\u00aa Edici\u00f3n de Actualizaci\u00f3n en Atenci\u00f3n Primaria y Nefrolog\u00eda, una jornada de periodicidad bianual organizada por la Comisi\u00f3n de Enfermedad Renal Cr\u00f3nica del Vall\u00e8s Occidental Oeste, integrada por profesionales del Consorcio Sanitario de Terrassa y la Fundaci\u00f3n Asistencial M\u00fatuaTerrassa [&hellip;]<\/p>\n","protected":false},"author":8,"featured_media":27523,"comment_status":"open","ping_status":"open","sticky":false,"template":"","format":"standard","meta":{"_acf_changed":false,"footnotes":""},"categories":[181,525,1941],"tags":[290,409,854],"class_list":["post-27525","post","type-post","status-publish","format-standard","has-post-thumbnail","hentry","category-cst-es","category-atencion-primaria","category-nefrologia-es","tag-atencion-primaria","tag-cst-es","tag-nefrologia-es"],"acf":[],"yoast_head":"<!-- This site is optimized with the Yoast SEO plugin v27.2 - https:\/\/yoast.com\/product\/yoast-seo-wordpress\/ -->\n<title>El CST y M\u00fatuaTerrassa celebran la 5\u00aa edici\u00f3n de Actualizaci\u00f3n Atenci\u00f3n Primaria y Nefrolog\u00eda - CST<\/title>\n<meta name=\"robots\" content=\"index, follow, max-snippet:-1, max-image-preview:large, max-video-preview:-1\" \/>\n<link rel=\"canonical\" href=\"https:\/\/cst.cat\/es\/el-cst-y-mutuaterrassa-celebran-la-5a-edicion-de-actualizacion-atencion-primaria-y-nefrologia\/\" \/>\n<meta property=\"og:locale\" content=\"es_ES\" \/>\n<meta property=\"og:type\" content=\"article\" \/>\n<meta property=\"og:title\" content=\"El CST y M\u00fatuaTerrassa celebran la 5\u00aa edici\u00f3n de Actualizaci\u00f3n Atenci\u00f3n Primaria y Nefrolog\u00eda - CST\" \/>\n<meta property=\"og:description\" content=\"Esta ma\u00f1ana ha tenido lugar en el sal\u00f3n de actos del edificio docente de M\u00fatuaTerrassa la 5\u00aa Edici\u00f3n de Actualizaci\u00f3n en Atenci\u00f3n Primaria y Nefrolog\u00eda, una jornada de periodicidad bianual organizada por la Comisi\u00f3n de Enfermedad Renal Cr\u00f3nica del Vall\u00e8s Occidental Oeste, integrada por profesionales del Consorcio Sanitario de Terrassa y la Fundaci\u00f3n Asistencial M\u00fatuaTerrassa [&hellip;]\" \/>\n<meta property=\"og:url\" content=\"https:\/\/cst.cat\/es\/el-cst-y-mutuaterrassa-celebran-la-5a-edicion-de-actualizacion-atencion-primaria-y-nefrologia\/\" \/>\n<meta property=\"og:site_name\" content=\"CST\" \/>\n<meta property=\"article:published_time\" content=\"2024-11-29T13:59:22+00:00\" \/>\n<meta property=\"article:modified_time\" content=\"2024-11-29T13:59:23+00:00\" \/>\n<meta property=\"og:image\" content=\"https:\/\/cst.cat\/wp-content\/uploads\/2024\/11\/Canva-AP-i-Nefro.png\" \/>\n\t<meta property=\"og:image:width\" content=\"700\" \/>\n\t<meta property=\"og:image:height\" content=\"468\" \/>\n\t<meta property=\"og:image:type\" content=\"image\/png\" \/>\n<meta name=\"author\" content=\"Begonya Masdefiol Aldeano\" \/>\n<meta name=\"twitter:card\" content=\"summary_large_image\" \/>\n<meta name=\"twitter:label1\" content=\"Escrito por\" \/>\n\t<meta name=\"twitter:data1\" content=\"Begonya Masdefiol Aldeano\" \/>\n\t<meta name=\"twitter:label2\" content=\"Tiempo de lectura\" \/>\n\t<meta name=\"twitter:data2\" content=\"5 minutos\" \/>\n<script type=\"application\/ld+json\" class=\"yoast-schema-graph\">{\"@context\":\"https:\/\/schema.org\",\"@graph\":[{\"@type\":\"Article\",\"@id\":\"https:\/\/cst.cat\/es\/el-cst-y-mutuaterrassa-celebran-la-5a-edicion-de-actualizacion-atencion-primaria-y-nefrologia\/#article\",\"isPartOf\":{\"@id\":\"https:\/\/cst.cat\/es\/el-cst-y-mutuaterrassa-celebran-la-5a-edicion-de-actualizacion-atencion-primaria-y-nefrologia\/\"},\"author\":{\"name\":\"Begonya Masdefiol Aldeano\",\"@id\":\"https:\/\/cst.cat\/es\/#\/schema\/person\/9ad38488941d074942f634a379b10b61\"},\"headline\":\"El CST y M\u00fatuaTerrassa celebran la 5\u00aa edici\u00f3n de Actualizaci\u00f3n Atenci\u00f3n Primaria y Nefrolog\u00eda\",\"datePublished\":\"2024-11-29T13:59:22+00:00\",\"dateModified\":\"2024-11-29T13:59:23+00:00\",\"mainEntityOfPage\":{\"@id\":\"https:\/\/cst.cat\/es\/el-cst-y-mutuaterrassa-celebran-la-5a-edicion-de-actualizacion-atencion-primaria-y-nefrologia\/\"},\"wordCount\":958,\"commentCount\":0,\"publisher\":{\"@id\":\"https:\/\/cst.cat\/es\/#organization\"},\"image\":{\"@id\":\"https:\/\/cst.cat\/es\/el-cst-y-mutuaterrassa-celebran-la-5a-edicion-de-actualizacion-atencion-primaria-y-nefrologia\/#primaryimage\"},\"thumbnailUrl\":\"https:\/\/cst.cat\/wp-content\/uploads\/2024\/11\/Canva-AP-i-Nefro.png\",\"keywords\":[\"Atenci\u00f3n Primaria\",\"CST\",\"nefrolog\u00eda\"],\"articleSection\":[\"CST\",\"Atenci\u00f3n Primaria\",\"Nefrolog\u00eda\"],\"inLanguage\":\"es\",\"potentialAction\":[{\"@type\":\"CommentAction\",\"name\":\"Comment\",\"target\":[\"https:\/\/cst.cat\/es\/el-cst-y-mutuaterrassa-celebran-la-5a-edicion-de-actualizacion-atencion-primaria-y-nefrologia\/#respond\"]}]},{\"@type\":\"WebPage\",\"@id\":\"https:\/\/cst.cat\/es\/el-cst-y-mutuaterrassa-celebran-la-5a-edicion-de-actualizacion-atencion-primaria-y-nefrologia\/\",\"url\":\"https:\/\/cst.cat\/es\/el-cst-y-mutuaterrassa-celebran-la-5a-edicion-de-actualizacion-atencion-primaria-y-nefrologia\/\",\"name\":\"El CST y M\u00fatuaTerrassa celebran la 5\u00aa edici\u00f3n de Actualizaci\u00f3n Atenci\u00f3n Primaria y Nefrolog\u00eda - CST\",\"isPartOf\":{\"@id\":\"https:\/\/cst.cat\/es\/#website\"},\"primaryImageOfPage\":{\"@id\":\"https:\/\/cst.cat\/es\/el-cst-y-mutuaterrassa-celebran-la-5a-edicion-de-actualizacion-atencion-primaria-y-nefrologia\/#primaryimage\"},\"image\":{\"@id\":\"https:\/\/cst.cat\/es\/el-cst-y-mutuaterrassa-celebran-la-5a-edicion-de-actualizacion-atencion-primaria-y-nefrologia\/#primaryimage\"},\"thumbnailUrl\":\"https:\/\/cst.cat\/wp-content\/uploads\/2024\/11\/Canva-AP-i-Nefro.png\",\"datePublished\":\"2024-11-29T13:59:22+00:00\",\"dateModified\":\"2024-11-29T13:59:23+00:00\",\"breadcrumb\":{\"@id\":\"https:\/\/cst.cat\/es\/el-cst-y-mutuaterrassa-celebran-la-5a-edicion-de-actualizacion-atencion-primaria-y-nefrologia\/#breadcrumb\"},\"inLanguage\":\"es\",\"potentialAction\":[{\"@type\":\"ReadAction\",\"target\":[\"https:\/\/cst.cat\/es\/el-cst-y-mutuaterrassa-celebran-la-5a-edicion-de-actualizacion-atencion-primaria-y-nefrologia\/\"]}]},{\"@type\":\"ImageObject\",\"inLanguage\":\"es\",\"@id\":\"https:\/\/cst.cat\/es\/el-cst-y-mutuaterrassa-celebran-la-5a-edicion-de-actualizacion-atencion-primaria-y-nefrologia\/#primaryimage\",\"url\":\"https:\/\/cst.cat\/wp-content\/uploads\/2024\/11\/Canva-AP-i-Nefro.png\",\"contentUrl\":\"https:\/\/cst.cat\/wp-content\/uploads\/2024\/11\/Canva-AP-i-Nefro.png\",\"width\":700,\"height\":468},{\"@type\":\"BreadcrumbList\",\"@id\":\"https:\/\/cst.cat\/es\/el-cst-y-mutuaterrassa-celebran-la-5a-edicion-de-actualizacion-atencion-primaria-y-nefrologia\/#breadcrumb\",\"itemListElement\":[{\"@type\":\"ListItem\",\"position\":1,\"name\":\"Inici\",\"item\":\"https:\/\/cst.cat\/es\/\"},{\"@type\":\"ListItem\",\"position\":2,\"name\":\"El CST y M\u00fatuaTerrassa celebran la 5\u00aa edici\u00f3n de Actualizaci\u00f3n Atenci\u00f3n Primaria y Nefrolog\u00eda\"}]},{\"@type\":\"WebSite\",\"@id\":\"https:\/\/cst.cat\/es\/#website\",\"url\":\"https:\/\/cst.cat\/es\/\",\"name\":\"CST\",\"description\":\"\",\"publisher\":{\"@id\":\"https:\/\/cst.cat\/es\/#organization\"},\"potentialAction\":[{\"@type\":\"SearchAction\",\"target\":{\"@type\":\"EntryPoint\",\"urlTemplate\":\"https:\/\/cst.cat\/es\/?s={search_term_string}\"},\"query-input\":{\"@type\":\"PropertyValueSpecification\",\"valueRequired\":true,\"valueName\":\"search_term_string\"}}],\"inLanguage\":\"es\"},{\"@type\":\"Organization\",\"@id\":\"https:\/\/cst.cat\/es\/#organization\",\"name\":\"Consorci Sanitari de Terrassa\",\"url\":\"https:\/\/cst.cat\/es\/\",\"logo\":{\"@type\":\"ImageObject\",\"inLanguage\":\"es\",\"@id\":\"https:\/\/cst.cat\/es\/#\/schema\/logo\/image\/\",\"url\":\"https:\/\/cst.cat\/wp-content\/uploads\/2021\/09\/logo-header.svg\",\"contentUrl\":\"https:\/\/cst.cat\/wp-content\/uploads\/2021\/09\/logo-header.svg\",\"width\":90,\"height\":32,\"caption\":\"Consorci Sanitari de Terrassa\"},\"image\":{\"@id\":\"https:\/\/cst.cat\/es\/#\/schema\/logo\/image\/\"}},{\"@type\":\"Person\",\"@id\":\"https:\/\/cst.cat\/es\/#\/schema\/person\/9ad38488941d074942f634a379b10b61\",\"name\":\"Begonya Masdefiol Aldeano\",\"image\":{\"@type\":\"ImageObject\",\"inLanguage\":\"es\",\"@id\":\"https:\/\/secure.gravatar.com\/avatar\/55d9a13ea177910ebc84397c02ab424383ffb62af7fcd298a6b6747783aeb9d0?s=96&d=mm&r=g\",\"url\":\"https:\/\/secure.gravatar.com\/avatar\/55d9a13ea177910ebc84397c02ab424383ffb62af7fcd298a6b6747783aeb9d0?s=96&d=mm&r=g\",\"contentUrl\":\"https:\/\/secure.gravatar.com\/avatar\/55d9a13ea177910ebc84397c02ab424383ffb62af7fcd298a6b6747783aeb9d0?s=96&d=mm&r=g\",\"caption\":\"Begonya Masdefiol Aldeano\"},\"url\":\"https:\/\/cst.cat\/es\/author\/bmasdefiol\/\"}]}<\/script>\n<!-- \/ Yoast SEO plugin. -->","yoast_head_json":{"title":"El CST y M\u00fatuaTerrassa celebran la 5\u00aa edici\u00f3n de Actualizaci\u00f3n Atenci\u00f3n Primaria y Nefrolog\u00eda - CST","robots":{"index":"index","follow":"follow","max-snippet":"max-snippet:-1","max-image-preview":"max-image-preview:large","max-video-preview":"max-video-preview:-1"},"canonical":"https:\/\/cst.cat\/es\/el-cst-y-mutuaterrassa-celebran-la-5a-edicion-de-actualizacion-atencion-primaria-y-nefrologia\/","og_locale":"es_ES","og_type":"article","og_title":"El CST y M\u00fatuaTerrassa celebran la 5\u00aa edici\u00f3n de Actualizaci\u00f3n Atenci\u00f3n Primaria y Nefrolog\u00eda - CST","og_description":"Esta ma\u00f1ana ha tenido lugar en el sal\u00f3n de actos del edificio docente de M\u00fatuaTerrassa la 5\u00aa Edici\u00f3n de Actualizaci\u00f3n en Atenci\u00f3n Primaria y Nefrolog\u00eda, una jornada de periodicidad bianual organizada por la Comisi\u00f3n de Enfermedad Renal Cr\u00f3nica del Vall\u00e8s Occidental Oeste, integrada por profesionales del Consorcio Sanitario de Terrassa y la Fundaci\u00f3n Asistencial M\u00fatuaTerrassa [&hellip;]","og_url":"https:\/\/cst.cat\/es\/el-cst-y-mutuaterrassa-celebran-la-5a-edicion-de-actualizacion-atencion-primaria-y-nefrologia\/","og_site_name":"CST","article_published_time":"2024-11-29T13:59:22+00:00","article_modified_time":"2024-11-29T13:59:23+00:00","og_image":[{"width":700,"height":468,"url":"https:\/\/cst.cat\/wp-content\/uploads\/2024\/11\/Canva-AP-i-Nefro.png","type":"image\/png"}],"author":"Begonya Masdefiol Aldeano","twitter_card":"summary_large_image","twitter_misc":{"Escrito por":"Begonya Masdefiol Aldeano","Tiempo de lectura":"5 minutos"},"schema":{"@context":"https:\/\/schema.org","@graph":[{"@type":"Article","@id":"https:\/\/cst.cat\/es\/el-cst-y-mutuaterrassa-celebran-la-5a-edicion-de-actualizacion-atencion-primaria-y-nefrologia\/#article","isPartOf":{"@id":"https:\/\/cst.cat\/es\/el-cst-y-mutuaterrassa-celebran-la-5a-edicion-de-actualizacion-atencion-primaria-y-nefrologia\/"},"author":{"name":"Begonya Masdefiol Aldeano","@id":"https:\/\/cst.cat\/es\/#\/schema\/person\/9ad38488941d074942f634a379b10b61"},"headline":"El CST y M\u00fatuaTerrassa celebran la 5\u00aa edici\u00f3n de Actualizaci\u00f3n Atenci\u00f3n Primaria y Nefrolog\u00eda","datePublished":"2024-11-29T13:59:22+00:00","dateModified":"2024-11-29T13:59:23+00:00","mainEntityOfPage":{"@id":"https:\/\/cst.cat\/es\/el-cst-y-mutuaterrassa-celebran-la-5a-edicion-de-actualizacion-atencion-primaria-y-nefrologia\/"},"wordCount":958,"commentCount":0,"publisher":{"@id":"https:\/\/cst.cat\/es\/#organization"},"image":{"@id":"https:\/\/cst.cat\/es\/el-cst-y-mutuaterrassa-celebran-la-5a-edicion-de-actualizacion-atencion-primaria-y-nefrologia\/#primaryimage"},"thumbnailUrl":"https:\/\/cst.cat\/wp-content\/uploads\/2024\/11\/Canva-AP-i-Nefro.png","keywords":["Atenci\u00f3n Primaria","CST","nefrolog\u00eda"],"articleSection":["CST","Atenci\u00f3n Primaria","Nefrolog\u00eda"],"inLanguage":"es","potentialAction":[{"@type":"CommentAction","name":"Comment","target":["https:\/\/cst.cat\/es\/el-cst-y-mutuaterrassa-celebran-la-5a-edicion-de-actualizacion-atencion-primaria-y-nefrologia\/#respond"]}]},{"@type":"WebPage","@id":"https:\/\/cst.cat\/es\/el-cst-y-mutuaterrassa-celebran-la-5a-edicion-de-actualizacion-atencion-primaria-y-nefrologia\/","url":"https:\/\/cst.cat\/es\/el-cst-y-mutuaterrassa-celebran-la-5a-edicion-de-actualizacion-atencion-primaria-y-nefrologia\/","name":"El CST y M\u00fatuaTerrassa celebran la 5\u00aa edici\u00f3n de Actualizaci\u00f3n Atenci\u00f3n Primaria y Nefrolog\u00eda - CST","isPartOf":{"@id":"https:\/\/cst.cat\/es\/#website"},"primaryImageOfPage":{"@id":"https:\/\/cst.cat\/es\/el-cst-y-mutuaterrassa-celebran-la-5a-edicion-de-actualizacion-atencion-primaria-y-nefrologia\/#primaryimage"},"image":{"@id":"https:\/\/cst.cat\/es\/el-cst-y-mutuaterrassa-celebran-la-5a-edicion-de-actualizacion-atencion-primaria-y-nefrologia\/#primaryimage"},"thumbnailUrl":"https:\/\/cst.cat\/wp-content\/uploads\/2024\/11\/Canva-AP-i-Nefro.png","datePublished":"2024-11-29T13:59:22+00:00","dateModified":"2024-11-29T13:59:23+00:00","breadcrumb":{"@id":"https:\/\/cst.cat\/es\/el-cst-y-mutuaterrassa-celebran-la-5a-edicion-de-actualizacion-atencion-primaria-y-nefrologia\/#breadcrumb"},"inLanguage":"es","potentialAction":[{"@type":"ReadAction","target":["https:\/\/cst.cat\/es\/el-cst-y-mutuaterrassa-celebran-la-5a-edicion-de-actualizacion-atencion-primaria-y-nefrologia\/"]}]},{"@type":"ImageObject","inLanguage":"es","@id":"https:\/\/cst.cat\/es\/el-cst-y-mutuaterrassa-celebran-la-5a-edicion-de-actualizacion-atencion-primaria-y-nefrologia\/#primaryimage","url":"https:\/\/cst.cat\/wp-content\/uploads\/2024\/11\/Canva-AP-i-Nefro.png","contentUrl":"https:\/\/cst.cat\/wp-content\/uploads\/2024\/11\/Canva-AP-i-Nefro.png","width":700,"height":468},{"@type":"BreadcrumbList","@id":"https:\/\/cst.cat\/es\/el-cst-y-mutuaterrassa-celebran-la-5a-edicion-de-actualizacion-atencion-primaria-y-nefrologia\/#breadcrumb","itemListElement":[{"@type":"ListItem","position":1,"name":"Inici","item":"https:\/\/cst.cat\/es\/"},{"@type":"ListItem","position":2,"name":"El CST y M\u00fatuaTerrassa celebran la 5\u00aa edici\u00f3n de Actualizaci\u00f3n Atenci\u00f3n Primaria y Nefrolog\u00eda"}]},{"@type":"WebSite","@id":"https:\/\/cst.cat\/es\/#website","url":"https:\/\/cst.cat\/es\/","name":"CST","description":"","publisher":{"@id":"https:\/\/cst.cat\/es\/#organization"},"potentialAction":[{"@type":"SearchAction","target":{"@type":"EntryPoint","urlTemplate":"https:\/\/cst.cat\/es\/?s={search_term_string}"},"query-input":{"@type":"PropertyValueSpecification","valueRequired":true,"valueName":"search_term_string"}}],"inLanguage":"es"},{"@type":"Organization","@id":"https:\/\/cst.cat\/es\/#organization","name":"Consorci Sanitari de Terrassa","url":"https:\/\/cst.cat\/es\/","logo":{"@type":"ImageObject","inLanguage":"es","@id":"https:\/\/cst.cat\/es\/#\/schema\/logo\/image\/","url":"https:\/\/cst.cat\/wp-content\/uploads\/2021\/09\/logo-header.svg","contentUrl":"https:\/\/cst.cat\/wp-content\/uploads\/2021\/09\/logo-header.svg","width":90,"height":32,"caption":"Consorci Sanitari de Terrassa"},"image":{"@id":"https:\/\/cst.cat\/es\/#\/schema\/logo\/image\/"}},{"@type":"Person","@id":"https:\/\/cst.cat\/es\/#\/schema\/person\/9ad38488941d074942f634a379b10b61","name":"Begonya Masdefiol Aldeano","image":{"@type":"ImageObject","inLanguage":"es","@id":"https:\/\/secure.gravatar.com\/avatar\/55d9a13ea177910ebc84397c02ab424383ffb62af7fcd298a6b6747783aeb9d0?s=96&d=mm&r=g","url":"https:\/\/secure.gravatar.com\/avatar\/55d9a13ea177910ebc84397c02ab424383ffb62af7fcd298a6b6747783aeb9d0?s=96&d=mm&r=g","contentUrl":"https:\/\/secure.gravatar.com\/avatar\/55d9a13ea177910ebc84397c02ab424383ffb62af7fcd298a6b6747783aeb9d0?s=96&d=mm&r=g","caption":"Begonya Masdefiol Aldeano"},"url":"https:\/\/cst.cat\/es\/author\/bmasdefiol\/"}]}},"_links":{"self":[{"href":"https:\/\/cst.cat\/es\/wp-json\/wp\/v2\/posts\/27525","targetHints":{"allow":["GET"]}}],"collection":[{"href":"https:\/\/cst.cat\/es\/wp-json\/wp\/v2\/posts"}],"about":[{"href":"https:\/\/cst.cat\/es\/wp-json\/wp\/v2\/types\/post"}],"author":[{"embeddable":true,"href":"https:\/\/cst.cat\/es\/wp-json\/wp\/v2\/users\/8"}],"replies":[{"embeddable":true,"href":"https:\/\/cst.cat\/es\/wp-json\/wp\/v2\/comments?post=27525"}],"version-history":[{"count":0,"href":"https:\/\/cst.cat\/es\/wp-json\/wp\/v2\/posts\/27525\/revisions"}],"wp:featuredmedia":[{"embeddable":true,"href":"https:\/\/cst.cat\/es\/wp-json\/wp\/v2\/media\/27523"}],"wp:attachment":[{"href":"https:\/\/cst.cat\/es\/wp-json\/wp\/v2\/media?parent=27525"}],"wp:term":[{"taxonomy":"category","embeddable":true,"href":"https:\/\/cst.cat\/es\/wp-json\/wp\/v2\/categories?post=27525"},{"taxonomy":"post_tag","embeddable":true,"href":"https:\/\/cst.cat\/es\/wp-json\/wp\/v2\/tags?post=27525"}],"curies":[{"name":"wp","href":"https:\/\/api.w.org\/{rel}","templated":true}]}}