{"id":27985,"date":"2025-01-08T13:47:33","date_gmt":"2025-01-08T12:47:33","guid":{"rendered":"https:\/\/cst.cat\/la-renovacion-de-los-aceleradores-lineales-de-oncologia-radioterapica-del-cst-permite-asumir-el-incremento-de-los-pacientes-del-valles-occidental\/"},"modified":"2025-01-08T14:07:53","modified_gmt":"2025-01-08T13:07:53","slug":"la-renovacion-de-los-aceleradores-lineales-de-oncologia-radioterapica-del-cst-permite-asumir-el-incremento-de-los-pacientes-del-valles-occidental","status":"publish","type":"post","link":"https:\/\/cst.cat\/es\/la-renovacion-de-los-aceleradores-lineales-de-oncologia-radioterapica-del-cst-permite-asumir-el-incremento-de-los-pacientes-del-valles-occidental\/","title":{"rendered":"La renovaci\u00f3n de los aceleradores lineales de Oncolog\u00eda Radioter\u00e1pica del CST permite asumir el incremento de los pacientes del Vall\u00e8s Occidental"},"content":{"rendered":"\n<div class=\"wp-block-columns is-layout-flex wp-container-core-columns-is-layout-9d6595d7 wp-block-columns-is-layout-flex\">\n<div class=\"wp-block-column acces-lft is-layout-flow wp-block-column-is-layout-flow\" style=\"flex-basis:30%\">\n<figure class=\"wp-block-image size-full\"><img loading=\"lazy\" decoding=\"async\" width=\"700\" height=\"468\" src=\"https:\/\/cst.cat\/wp-content\/uploads\/2025\/01\/Canva-radioterapia.png\" alt=\"\" class=\"wp-image-27977\" srcset=\"https:\/\/cst.cat\/wp-content\/uploads\/2025\/01\/Canva-radioterapia.png 700w, https:\/\/cst.cat\/wp-content\/uploads\/2025\/01\/Canva-radioterapia-600x401.png 600w, https:\/\/cst.cat\/wp-content\/uploads\/2025\/01\/Canva-radioterapia-300x201.png 300w\" sizes=\"auto, (max-width: 700px) 100vw, 700px\" \/><\/figure><\/div>\n\n\n\n<div class=\"wp-block-column acces-rgt is-layout-flow wp-block-column-is-layout-flow\" style=\"flex-basis:70%\">\n<h2 class=\"wp-block-heading\"><strong>El Servicio de Radioterapia del CST se convierte en el segundo centro en volumen de pacientes de Catalu\u00f1a<\/strong> .<\/h2>\n\n\n\n<p>Coincidiendo con el d\u00e9cimo aniversario de la apertura del Servicio de Radioterapia del CST, el Consorcio Sanitario de Terrassa ha incorporado un cuarto acelerador lineal en su sede del Hospital Universitario de Terrassa. Durante 2023 y 2024 se ha procedido tambi\u00e9n a renovar los aceleradores lineales del Servicio, a trav\u00e9s del Plan de Inversiones en Equipos de Alta Tecnolog\u00eda (INVEAT) y ha incorporado el cuarto bunker para alojar el nuevo acelerador. <\/p>\n\n\n\n<p>Un acelerador m\u00e9dico lineal (LINAC, por sus siglas en ingl\u00e9s) personaliza los rayos X de alta energ\u00eda, o electrones, para que se ajusten a la forma de un tumor y destruyan las c\u00e9lulas cancerosas sin afectar al tejido normal circundante.<\/p>\n\n\n\n<p>El CST da respuesta a las necesidades de radioterapia de los habitantes del Vall\u00e8s Occidental en su sede del Hospital Universitario de Terrassa, as\u00ed como a los del Bages, Bergued\u00e0, Cerdanya, Moian\u00e8s y Solson\u00e8s en la sede del Servicio situada en el Hospital Sant Juan de Dios de Manresa.<\/p>\n\n\n\n<p>Con el aumento y mejora de los equipos de radioterapia, el CST ha pasado a atender a 2400 pacientes anuales: 1.800 pacientes del Vall\u00e8s Occidental en la sede del Hospital Universitario de Terrassa (con pacientes del propio hospital, del Consorcio Hospitalario Parc Taul\u00ed y de el Hospital Universitario Mutua de Terrassa) y 600 pacientes del Bages, Bergued\u00e0, Cerdanya, Moian\u00e8s y Solson\u00e8s, en la sede del Hospital San Juan de Dios de Manresa.<\/p>\n\n\n\n<p>Con estos datos el Consorcio Sanitario de Terrassa se convierte en el segundo centro en volumen de pacientes radioter\u00e1picos en Catalu\u00f1a, despu\u00e9s del Instituto Catal\u00e1n de Oncolog\u00eda de Hospitalet de Llobregat.<\/p>\n\n\n\n<p>Actualmente en el Hospital Universitario de Terrassa se realizan t\u00e9cnicas de radioterapia externa como la 3D (tridimensional), la 4D (relacionada con el movimiento del tumor), la VMAT (volum\u00e9trica para mejor ajuste de la irradiaci\u00f3n a la geometr\u00eda del tumor), la SBRT (radioterapia corporal extracraneal, que permite dar dosis altas en pocas sesiones) y, recientemente, se ha incorporado la SGRT (radioterapia guiada por superficie cut\u00e1nea, que controla el posicionamiento del paciente durante la sesi\u00f3n de irradiaci\u00f3n).<\/p>\n\n\n\n<p>Adem\u00e1s, el servicio de radioterapia del CST ha incorporado recientemente un sistema de identificaci\u00f3n facial para garantizar la identificaci\u00f3n inequ\u00edvoca de los pacientes.<\/p>\n\n\n\n<p>Estas novedades en el Servicio de Oncolog\u00eda Radioterapia del CST han sido posibles gracias a la implicaci\u00f3n y trabajo de todos los profesionales, tanto de los especialistas en Radiof\u00edsica Hospitalaria y los t\u00e9cnicos de dosimetr\u00eda y radioterapia externa, como de los m\u00e9dicos onc\u00f3logos radioter\u00e1picos, el personal de enfermer\u00eda , los TCAI y los administrativos de GPAC.<\/p>\n<\/div>\n<\/div>\n","protected":false},"excerpt":{"rendered":"<p>El Servicio de Radioterapia del CST se convierte en el segundo centro en volumen de pacientes de Catalu\u00f1a . Coincidiendo con el d\u00e9cimo aniversario de la apertura del Servicio de Radioterapia del CST, el Consorcio Sanitario de Terrassa ha incorporado un cuarto acelerador lineal en su sede del Hospital Universitario de Terrassa. Durante 2023 y [&hellip;]<\/p>\n","protected":false},"author":8,"featured_media":27978,"comment_status":"open","ping_status":"open","sticky":false,"template":"","format":"standard","meta":{"_acf_changed":false,"footnotes":""},"categories":[181,681,1431,1727],"tags":[409,1043,1456],"class_list":["post-27985","post","type-post","status-publish","format-standard","has-post-thumbnail","hentry","category-cst-es","category-radioterapia-es","category-oncologia-es","category-hospital-universitario-de-terrassa","tag-cst-es","tag-oncologia-radioterapica-es","tag-hospital-universitario-de-terrassa"],"acf":[],"yoast_head":"<!-- This site is optimized with the Yoast SEO plugin v27.2 - https:\/\/yoast.com\/product\/yoast-seo-wordpress\/ -->\n<title>La renovaci\u00f3n de los aceleradores lineales de Oncolog\u00eda Radioter\u00e1pica del CST permite asumir el incremento de los pacientes del Vall\u00e8s Occidental - CST<\/title>\n<meta name=\"robots\" content=\"index, follow, max-snippet:-1, max-image-preview:large, max-video-preview:-1\" \/>\n<link rel=\"canonical\" href=\"https:\/\/cst.cat\/es\/la-renovacion-de-los-aceleradores-lineales-de-oncologia-radioterapica-del-cst-permite-asumir-el-incremento-de-los-pacientes-del-valles-occidental\/\" \/>\n<meta property=\"og:locale\" content=\"es_ES\" \/>\n<meta property=\"og:type\" content=\"article\" \/>\n<meta property=\"og:title\" content=\"La renovaci\u00f3n de los aceleradores lineales de Oncolog\u00eda Radioter\u00e1pica del CST permite asumir el incremento de los pacientes del Vall\u00e8s Occidental - CST\" \/>\n<meta property=\"og:description\" content=\"El Servicio de Radioterapia del CST se convierte en el segundo centro en volumen de pacientes de Catalu\u00f1a . Coincidiendo con el d\u00e9cimo aniversario de la apertura del Servicio de Radioterapia del CST, el Consorcio Sanitario de Terrassa ha incorporado un cuarto acelerador lineal en su sede del Hospital Universitario de Terrassa. Durante 2023 y [&hellip;]\" \/>\n<meta property=\"og:url\" content=\"https:\/\/cst.cat\/es\/la-renovacion-de-los-aceleradores-lineales-de-oncologia-radioterapica-del-cst-permite-asumir-el-incremento-de-los-pacientes-del-valles-occidental\/\" \/>\n<meta property=\"og:site_name\" content=\"CST\" \/>\n<meta property=\"article:published_time\" content=\"2025-01-08T12:47:33+00:00\" \/>\n<meta property=\"article:modified_time\" content=\"2025-01-08T13:07:53+00:00\" \/>\n<meta property=\"og:image\" content=\"https:\/\/cst.cat\/wp-content\/uploads\/2025\/01\/Canva-radioterapia.png\" \/>\n\t<meta property=\"og:image:width\" content=\"700\" \/>\n\t<meta property=\"og:image:height\" content=\"468\" \/>\n\t<meta property=\"og:image:type\" content=\"image\/png\" \/>\n<meta name=\"author\" content=\"Begonya Masdefiol Aldeano\" \/>\n<meta name=\"twitter:card\" content=\"summary_large_image\" \/>\n<meta name=\"twitter:label1\" content=\"Escrito por\" \/>\n\t<meta name=\"twitter:data1\" content=\"Begonya Masdefiol Aldeano\" \/>\n\t<meta name=\"twitter:label2\" content=\"Tiempo de lectura\" \/>\n\t<meta name=\"twitter:data2\" content=\"2 minutos\" \/>\n<script type=\"application\/ld+json\" class=\"yoast-schema-graph\">{\"@context\":\"https:\/\/schema.org\",\"@graph\":[{\"@type\":\"Article\",\"@id\":\"https:\/\/cst.cat\/es\/la-renovacion-de-los-aceleradores-lineales-de-oncologia-radioterapica-del-cst-permite-asumir-el-incremento-de-los-pacientes-del-valles-occidental\/#article\",\"isPartOf\":{\"@id\":\"https:\/\/cst.cat\/es\/la-renovacion-de-los-aceleradores-lineales-de-oncologia-radioterapica-del-cst-permite-asumir-el-incremento-de-los-pacientes-del-valles-occidental\/\"},\"author\":{\"name\":\"Begonya Masdefiol Aldeano\",\"@id\":\"https:\/\/cst.cat\/es\/#\/schema\/person\/9ad38488941d074942f634a379b10b61\"},\"headline\":\"La renovaci\u00f3n de los aceleradores lineales de Oncolog\u00eda Radioter\u00e1pica del CST permite asumir el incremento de los pacientes del Vall\u00e8s Occidental\",\"datePublished\":\"2025-01-08T12:47:33+00:00\",\"dateModified\":\"2025-01-08T13:07:53+00:00\",\"mainEntityOfPage\":{\"@id\":\"https:\/\/cst.cat\/es\/la-renovacion-de-los-aceleradores-lineales-de-oncologia-radioterapica-del-cst-permite-asumir-el-incremento-de-los-pacientes-del-valles-occidental\/\"},\"wordCount\":494,\"commentCount\":0,\"publisher\":{\"@id\":\"https:\/\/cst.cat\/es\/#organization\"},\"image\":{\"@id\":\"https:\/\/cst.cat\/es\/la-renovacion-de-los-aceleradores-lineales-de-oncologia-radioterapica-del-cst-permite-asumir-el-incremento-de-los-pacientes-del-valles-occidental\/#primaryimage\"},\"thumbnailUrl\":\"https:\/\/cst.cat\/wp-content\/uploads\/2025\/01\/Canva-radioterapia.png\",\"keywords\":[\"CST\",\"oncolog\u00eda radioter\u00e1pica\",\"Hospital Universitario de Terrassa\"],\"articleSection\":[\"CST\",\"Radioterapia\",\"Oncolog\u00eda\",\"Hospital Universitario de Terrassa\"],\"inLanguage\":\"es\",\"potentialAction\":[{\"@type\":\"CommentAction\",\"name\":\"Comment\",\"target\":[\"https:\/\/cst.cat\/es\/la-renovacion-de-los-aceleradores-lineales-de-oncologia-radioterapica-del-cst-permite-asumir-el-incremento-de-los-pacientes-del-valles-occidental\/#respond\"]}]},{\"@type\":\"WebPage\",\"@id\":\"https:\/\/cst.cat\/es\/la-renovacion-de-los-aceleradores-lineales-de-oncologia-radioterapica-del-cst-permite-asumir-el-incremento-de-los-pacientes-del-valles-occidental\/\",\"url\":\"https:\/\/cst.cat\/es\/la-renovacion-de-los-aceleradores-lineales-de-oncologia-radioterapica-del-cst-permite-asumir-el-incremento-de-los-pacientes-del-valles-occidental\/\",\"name\":\"La renovaci\u00f3n de los aceleradores lineales de Oncolog\u00eda Radioter\u00e1pica del CST permite asumir el incremento de los pacientes del Vall\u00e8s Occidental - CST\",\"isPartOf\":{\"@id\":\"https:\/\/cst.cat\/es\/#website\"},\"primaryImageOfPage\":{\"@id\":\"https:\/\/cst.cat\/es\/la-renovacion-de-los-aceleradores-lineales-de-oncologia-radioterapica-del-cst-permite-asumir-el-incremento-de-los-pacientes-del-valles-occidental\/#primaryimage\"},\"image\":{\"@id\":\"https:\/\/cst.cat\/es\/la-renovacion-de-los-aceleradores-lineales-de-oncologia-radioterapica-del-cst-permite-asumir-el-incremento-de-los-pacientes-del-valles-occidental\/#primaryimage\"},\"thumbnailUrl\":\"https:\/\/cst.cat\/wp-content\/uploads\/2025\/01\/Canva-radioterapia.png\",\"datePublished\":\"2025-01-08T12:47:33+00:00\",\"dateModified\":\"2025-01-08T13:07:53+00:00\",\"breadcrumb\":{\"@id\":\"https:\/\/cst.cat\/es\/la-renovacion-de-los-aceleradores-lineales-de-oncologia-radioterapica-del-cst-permite-asumir-el-incremento-de-los-pacientes-del-valles-occidental\/#breadcrumb\"},\"inLanguage\":\"es\",\"potentialAction\":[{\"@type\":\"ReadAction\",\"target\":[\"https:\/\/cst.cat\/es\/la-renovacion-de-los-aceleradores-lineales-de-oncologia-radioterapica-del-cst-permite-asumir-el-incremento-de-los-pacientes-del-valles-occidental\/\"]}]},{\"@type\":\"ImageObject\",\"inLanguage\":\"es\",\"@id\":\"https:\/\/cst.cat\/es\/la-renovacion-de-los-aceleradores-lineales-de-oncologia-radioterapica-del-cst-permite-asumir-el-incremento-de-los-pacientes-del-valles-occidental\/#primaryimage\",\"url\":\"https:\/\/cst.cat\/wp-content\/uploads\/2025\/01\/Canva-radioterapia.png\",\"contentUrl\":\"https:\/\/cst.cat\/wp-content\/uploads\/2025\/01\/Canva-radioterapia.png\",\"width\":700,\"height\":468},{\"@type\":\"BreadcrumbList\",\"@id\":\"https:\/\/cst.cat\/es\/la-renovacion-de-los-aceleradores-lineales-de-oncologia-radioterapica-del-cst-permite-asumir-el-incremento-de-los-pacientes-del-valles-occidental\/#breadcrumb\",\"itemListElement\":[{\"@type\":\"ListItem\",\"position\":1,\"name\":\"Inici\",\"item\":\"https:\/\/cst.cat\/es\/\"},{\"@type\":\"ListItem\",\"position\":2,\"name\":\"La renovaci\u00f3n de los aceleradores lineales de Oncolog\u00eda Radioter\u00e1pica del CST permite asumir el incremento de los pacientes del Vall\u00e8s Occidental\"}]},{\"@type\":\"WebSite\",\"@id\":\"https:\/\/cst.cat\/es\/#website\",\"url\":\"https:\/\/cst.cat\/es\/\",\"name\":\"CST\",\"description\":\"\",\"publisher\":{\"@id\":\"https:\/\/cst.cat\/es\/#organization\"},\"potentialAction\":[{\"@type\":\"SearchAction\",\"target\":{\"@type\":\"EntryPoint\",\"urlTemplate\":\"https:\/\/cst.cat\/es\/?s={search_term_string}\"},\"query-input\":{\"@type\":\"PropertyValueSpecification\",\"valueRequired\":true,\"valueName\":\"search_term_string\"}}],\"inLanguage\":\"es\"},{\"@type\":\"Organization\",\"@id\":\"https:\/\/cst.cat\/es\/#organization\",\"name\":\"Consorci Sanitari de Terrassa\",\"url\":\"https:\/\/cst.cat\/es\/\",\"logo\":{\"@type\":\"ImageObject\",\"inLanguage\":\"es\",\"@id\":\"https:\/\/cst.cat\/es\/#\/schema\/logo\/image\/\",\"url\":\"https:\/\/cst.cat\/wp-content\/uploads\/2021\/09\/logo-header.svg\",\"contentUrl\":\"https:\/\/cst.cat\/wp-content\/uploads\/2021\/09\/logo-header.svg\",\"width\":90,\"height\":32,\"caption\":\"Consorci Sanitari de Terrassa\"},\"image\":{\"@id\":\"https:\/\/cst.cat\/es\/#\/schema\/logo\/image\/\"}},{\"@type\":\"Person\",\"@id\":\"https:\/\/cst.cat\/es\/#\/schema\/person\/9ad38488941d074942f634a379b10b61\",\"name\":\"Begonya Masdefiol Aldeano\",\"image\":{\"@type\":\"ImageObject\",\"inLanguage\":\"es\",\"@id\":\"https:\/\/secure.gravatar.com\/avatar\/55d9a13ea177910ebc84397c02ab424383ffb62af7fcd298a6b6747783aeb9d0?s=96&d=mm&r=g\",\"url\":\"https:\/\/secure.gravatar.com\/avatar\/55d9a13ea177910ebc84397c02ab424383ffb62af7fcd298a6b6747783aeb9d0?s=96&d=mm&r=g\",\"contentUrl\":\"https:\/\/secure.gravatar.com\/avatar\/55d9a13ea177910ebc84397c02ab424383ffb62af7fcd298a6b6747783aeb9d0?s=96&d=mm&r=g\",\"caption\":\"Begonya Masdefiol Aldeano\"},\"url\":\"https:\/\/cst.cat\/es\/author\/bmasdefiol\/\"}]}<\/script>\n<!-- \/ Yoast SEO plugin. -->","yoast_head_json":{"title":"La renovaci\u00f3n de los aceleradores lineales de Oncolog\u00eda Radioter\u00e1pica del CST permite asumir el incremento de los pacientes del Vall\u00e8s Occidental - CST","robots":{"index":"index","follow":"follow","max-snippet":"max-snippet:-1","max-image-preview":"max-image-preview:large","max-video-preview":"max-video-preview:-1"},"canonical":"https:\/\/cst.cat\/es\/la-renovacion-de-los-aceleradores-lineales-de-oncologia-radioterapica-del-cst-permite-asumir-el-incremento-de-los-pacientes-del-valles-occidental\/","og_locale":"es_ES","og_type":"article","og_title":"La renovaci\u00f3n de los aceleradores lineales de Oncolog\u00eda Radioter\u00e1pica del CST permite asumir el incremento de los pacientes del Vall\u00e8s Occidental - CST","og_description":"El Servicio de Radioterapia del CST se convierte en el segundo centro en volumen de pacientes de Catalu\u00f1a . Coincidiendo con el d\u00e9cimo aniversario de la apertura del Servicio de Radioterapia del CST, el Consorcio Sanitario de Terrassa ha incorporado un cuarto acelerador lineal en su sede del Hospital Universitario de Terrassa. Durante 2023 y [&hellip;]","og_url":"https:\/\/cst.cat\/es\/la-renovacion-de-los-aceleradores-lineales-de-oncologia-radioterapica-del-cst-permite-asumir-el-incremento-de-los-pacientes-del-valles-occidental\/","og_site_name":"CST","article_published_time":"2025-01-08T12:47:33+00:00","article_modified_time":"2025-01-08T13:07:53+00:00","og_image":[{"width":700,"height":468,"url":"https:\/\/cst.cat\/wp-content\/uploads\/2025\/01\/Canva-radioterapia.png","type":"image\/png"}],"author":"Begonya Masdefiol Aldeano","twitter_card":"summary_large_image","twitter_misc":{"Escrito por":"Begonya Masdefiol Aldeano","Tiempo de lectura":"2 minutos"},"schema":{"@context":"https:\/\/schema.org","@graph":[{"@type":"Article","@id":"https:\/\/cst.cat\/es\/la-renovacion-de-los-aceleradores-lineales-de-oncologia-radioterapica-del-cst-permite-asumir-el-incremento-de-los-pacientes-del-valles-occidental\/#article","isPartOf":{"@id":"https:\/\/cst.cat\/es\/la-renovacion-de-los-aceleradores-lineales-de-oncologia-radioterapica-del-cst-permite-asumir-el-incremento-de-los-pacientes-del-valles-occidental\/"},"author":{"name":"Begonya Masdefiol Aldeano","@id":"https:\/\/cst.cat\/es\/#\/schema\/person\/9ad38488941d074942f634a379b10b61"},"headline":"La renovaci\u00f3n de los aceleradores lineales de Oncolog\u00eda Radioter\u00e1pica del CST permite asumir el incremento de los pacientes del Vall\u00e8s Occidental","datePublished":"2025-01-08T12:47:33+00:00","dateModified":"2025-01-08T13:07:53+00:00","mainEntityOfPage":{"@id":"https:\/\/cst.cat\/es\/la-renovacion-de-los-aceleradores-lineales-de-oncologia-radioterapica-del-cst-permite-asumir-el-incremento-de-los-pacientes-del-valles-occidental\/"},"wordCount":494,"commentCount":0,"publisher":{"@id":"https:\/\/cst.cat\/es\/#organization"},"image":{"@id":"https:\/\/cst.cat\/es\/la-renovacion-de-los-aceleradores-lineales-de-oncologia-radioterapica-del-cst-permite-asumir-el-incremento-de-los-pacientes-del-valles-occidental\/#primaryimage"},"thumbnailUrl":"https:\/\/cst.cat\/wp-content\/uploads\/2025\/01\/Canva-radioterapia.png","keywords":["CST","oncolog\u00eda radioter\u00e1pica","Hospital Universitario de Terrassa"],"articleSection":["CST","Radioterapia","Oncolog\u00eda","Hospital Universitario de Terrassa"],"inLanguage":"es","potentialAction":[{"@type":"CommentAction","name":"Comment","target":["https:\/\/cst.cat\/es\/la-renovacion-de-los-aceleradores-lineales-de-oncologia-radioterapica-del-cst-permite-asumir-el-incremento-de-los-pacientes-del-valles-occidental\/#respond"]}]},{"@type":"WebPage","@id":"https:\/\/cst.cat\/es\/la-renovacion-de-los-aceleradores-lineales-de-oncologia-radioterapica-del-cst-permite-asumir-el-incremento-de-los-pacientes-del-valles-occidental\/","url":"https:\/\/cst.cat\/es\/la-renovacion-de-los-aceleradores-lineales-de-oncologia-radioterapica-del-cst-permite-asumir-el-incremento-de-los-pacientes-del-valles-occidental\/","name":"La renovaci\u00f3n de los aceleradores lineales de Oncolog\u00eda Radioter\u00e1pica del CST permite asumir el incremento de los pacientes del Vall\u00e8s Occidental - CST","isPartOf":{"@id":"https:\/\/cst.cat\/es\/#website"},"primaryImageOfPage":{"@id":"https:\/\/cst.cat\/es\/la-renovacion-de-los-aceleradores-lineales-de-oncologia-radioterapica-del-cst-permite-asumir-el-incremento-de-los-pacientes-del-valles-occidental\/#primaryimage"},"image":{"@id":"https:\/\/cst.cat\/es\/la-renovacion-de-los-aceleradores-lineales-de-oncologia-radioterapica-del-cst-permite-asumir-el-incremento-de-los-pacientes-del-valles-occidental\/#primaryimage"},"thumbnailUrl":"https:\/\/cst.cat\/wp-content\/uploads\/2025\/01\/Canva-radioterapia.png","datePublished":"2025-01-08T12:47:33+00:00","dateModified":"2025-01-08T13:07:53+00:00","breadcrumb":{"@id":"https:\/\/cst.cat\/es\/la-renovacion-de-los-aceleradores-lineales-de-oncologia-radioterapica-del-cst-permite-asumir-el-incremento-de-los-pacientes-del-valles-occidental\/#breadcrumb"},"inLanguage":"es","potentialAction":[{"@type":"ReadAction","target":["https:\/\/cst.cat\/es\/la-renovacion-de-los-aceleradores-lineales-de-oncologia-radioterapica-del-cst-permite-asumir-el-incremento-de-los-pacientes-del-valles-occidental\/"]}]},{"@type":"ImageObject","inLanguage":"es","@id":"https:\/\/cst.cat\/es\/la-renovacion-de-los-aceleradores-lineales-de-oncologia-radioterapica-del-cst-permite-asumir-el-incremento-de-los-pacientes-del-valles-occidental\/#primaryimage","url":"https:\/\/cst.cat\/wp-content\/uploads\/2025\/01\/Canva-radioterapia.png","contentUrl":"https:\/\/cst.cat\/wp-content\/uploads\/2025\/01\/Canva-radioterapia.png","width":700,"height":468},{"@type":"BreadcrumbList","@id":"https:\/\/cst.cat\/es\/la-renovacion-de-los-aceleradores-lineales-de-oncologia-radioterapica-del-cst-permite-asumir-el-incremento-de-los-pacientes-del-valles-occidental\/#breadcrumb","itemListElement":[{"@type":"ListItem","position":1,"name":"Inici","item":"https:\/\/cst.cat\/es\/"},{"@type":"ListItem","position":2,"name":"La renovaci\u00f3n de los aceleradores lineales de Oncolog\u00eda Radioter\u00e1pica del CST permite asumir el incremento de los pacientes del Vall\u00e8s Occidental"}]},{"@type":"WebSite","@id":"https:\/\/cst.cat\/es\/#website","url":"https:\/\/cst.cat\/es\/","name":"CST","description":"","publisher":{"@id":"https:\/\/cst.cat\/es\/#organization"},"potentialAction":[{"@type":"SearchAction","target":{"@type":"EntryPoint","urlTemplate":"https:\/\/cst.cat\/es\/?s={search_term_string}"},"query-input":{"@type":"PropertyValueSpecification","valueRequired":true,"valueName":"search_term_string"}}],"inLanguage":"es"},{"@type":"Organization","@id":"https:\/\/cst.cat\/es\/#organization","name":"Consorci Sanitari de Terrassa","url":"https:\/\/cst.cat\/es\/","logo":{"@type":"ImageObject","inLanguage":"es","@id":"https:\/\/cst.cat\/es\/#\/schema\/logo\/image\/","url":"https:\/\/cst.cat\/wp-content\/uploads\/2021\/09\/logo-header.svg","contentUrl":"https:\/\/cst.cat\/wp-content\/uploads\/2021\/09\/logo-header.svg","width":90,"height":32,"caption":"Consorci Sanitari de Terrassa"},"image":{"@id":"https:\/\/cst.cat\/es\/#\/schema\/logo\/image\/"}},{"@type":"Person","@id":"https:\/\/cst.cat\/es\/#\/schema\/person\/9ad38488941d074942f634a379b10b61","name":"Begonya Masdefiol Aldeano","image":{"@type":"ImageObject","inLanguage":"es","@id":"https:\/\/secure.gravatar.com\/avatar\/55d9a13ea177910ebc84397c02ab424383ffb62af7fcd298a6b6747783aeb9d0?s=96&d=mm&r=g","url":"https:\/\/secure.gravatar.com\/avatar\/55d9a13ea177910ebc84397c02ab424383ffb62af7fcd298a6b6747783aeb9d0?s=96&d=mm&r=g","contentUrl":"https:\/\/secure.gravatar.com\/avatar\/55d9a13ea177910ebc84397c02ab424383ffb62af7fcd298a6b6747783aeb9d0?s=96&d=mm&r=g","caption":"Begonya Masdefiol Aldeano"},"url":"https:\/\/cst.cat\/es\/author\/bmasdefiol\/"}]}},"_links":{"self":[{"href":"https:\/\/cst.cat\/es\/wp-json\/wp\/v2\/posts\/27985","targetHints":{"allow":["GET"]}}],"collection":[{"href":"https:\/\/cst.cat\/es\/wp-json\/wp\/v2\/posts"}],"about":[{"href":"https:\/\/cst.cat\/es\/wp-json\/wp\/v2\/types\/post"}],"author":[{"embeddable":true,"href":"https:\/\/cst.cat\/es\/wp-json\/wp\/v2\/users\/8"}],"replies":[{"embeddable":true,"href":"https:\/\/cst.cat\/es\/wp-json\/wp\/v2\/comments?post=27985"}],"version-history":[{"count":0,"href":"https:\/\/cst.cat\/es\/wp-json\/wp\/v2\/posts\/27985\/revisions"}],"wp:featuredmedia":[{"embeddable":true,"href":"https:\/\/cst.cat\/es\/wp-json\/wp\/v2\/media\/27978"}],"wp:attachment":[{"href":"https:\/\/cst.cat\/es\/wp-json\/wp\/v2\/media?parent=27985"}],"wp:term":[{"taxonomy":"category","embeddable":true,"href":"https:\/\/cst.cat\/es\/wp-json\/wp\/v2\/categories?post=27985"},{"taxonomy":"post_tag","embeddable":true,"href":"https:\/\/cst.cat\/es\/wp-json\/wp\/v2\/tags?post=27985"}],"curies":[{"name":"wp","href":"https:\/\/api.w.org\/{rel}","templated":true}]}}