{"id":28435,"date":"2025-01-31T10:05:00","date_gmt":"2025-01-31T09:05:00","guid":{"rendered":"https:\/\/cst.cat\/todos-los-centros-de-atencion-primaria-del-consorcio-sanitario-de-terrassa-ya-funcionan-con-el-gestor-de-colas\/"},"modified":"2025-01-29T16:24:34","modified_gmt":"2025-01-29T15:24:34","slug":"todos-los-centros-de-atencion-primaria-del-consorcio-sanitario-de-terrassa-ya-funcionan-con-el-gestor-de-colas","status":"publish","type":"post","link":"https:\/\/cst.cat\/es\/todos-los-centros-de-atencion-primaria-del-consorcio-sanitario-de-terrassa-ya-funcionan-con-el-gestor-de-colas\/","title":{"rendered":"Todos los Centros de Atenci\u00f3n Primaria del Consorcio Sanitario de Terrassa ya funcionan con el gestor de colas"},"content":{"rendered":"\n<div class=\"wp-block-columns is-layout-flex wp-container-core-columns-is-layout-9d6595d7 wp-block-columns-is-layout-flex\">\n<div class=\"wp-block-column acces-lft is-layout-flow wp-block-column-is-layout-flow\" style=\"flex-basis:30%\">\n<figure class=\"wp-block-image size-full\"><img loading=\"lazy\" decoding=\"async\" width=\"640\" height=\"480\" src=\"https:\/\/cst.cat\/wp-content\/uploads\/2025\/01\/FOTO.jpg\" alt=\"\" class=\"wp-image-28430\" srcset=\"https:\/\/cst.cat\/wp-content\/uploads\/2025\/01\/FOTO.jpg 640w, https:\/\/cst.cat\/wp-content\/uploads\/2025\/01\/FOTO-600x450.jpg 600w, https:\/\/cst.cat\/wp-content\/uploads\/2025\/01\/FOTO-300x225.jpg 300w\" sizes=\"auto, (max-width: 640px) 100vw, 640px\" \/><\/figure>\n<\/div>\n\n\n\n<div class=\"wp-block-column acces-rgt is-layout-flow wp-block-column-is-layout-flow\" style=\"flex-basis:70%\">\n<h2 class=\"wp-block-heading\">Prodis ha colaborado con el CST en las tareas de informaci\u00f3n a los usuarios sobre los nuevos dispositivos<\/h2>\n\n\n\n<p>Durante 2024 el CST despleg\u00f3 por todos sus Centros de Atenci\u00f3n Primaria el gestor de colas<strong>  <\/strong>que permite ordenar el flujo de personas usuarias en el interior de los centros y aumentar la confidencialidad a la hora de realizar las llamadas para entrar en las consultas.<\/p>\n\n\n\n<p>Se trata de un quiosco, situado en la entrada de los centros, donde los usuarios colocan su tarjeta sanitaria y el sistema les otorga un ticket con un n\u00famero que los identifica individualmente, la hora y la sala donde estar\u00e1n visitados. Una vez los profesionales quieren que la persona usuaria entre en la consulta hacen el aviso desde el programa y en la pantalla de la sala de espera aparece el n\u00famero de ticket asignado, indicando que ya puede entrar.<\/p>\n\n\n\n<p>Adem\u00e1s, los gestores de colas tienen otras funcionalidades como imprimir el justificante de visita y el plan de medicaci\u00f3n de los usuarios y las usuarias.<\/p>\n\n\n\n<p>El \u00faltimo Centro de Atenci\u00f3n Primaria del CST en poner en marcha el gestor de colas ha sido el CAP Can Roca, donde las personas de pr\u00e1cticas de Prodis han sido los encargados de explicar a los y las usuarias c\u00f3mo funcionaba el nuevo aparato y solventar todos aquellas dudas que pudieran tener.<\/p>\n\n\n\n<p>Dentro del Hospital Universitario de Terrassa los gestores de colas est\u00e1n ubicados en la entrada principal, en la entrada de consultas externas y en el Hospital de D\u00eda.<\/p>\n<\/div>\n<\/div>\n","protected":false},"excerpt":{"rendered":"<p>Prodis ha colaborado con el CST en las tareas de informaci\u00f3n a los usuarios sobre los nuevos dispositivos Durante 2024 el CST despleg\u00f3 por todos sus Centros de Atenci\u00f3n Primaria el gestor de colas que permite ordenar el flujo de personas usuarias en el interior de los centros y aumentar la confidencialidad a la hora [&hellip;]<\/p>\n","protected":false},"author":8,"featured_media":28430,"comment_status":"open","ping_status":"open","sticky":false,"template":"","format":"standard","meta":{"_acf_changed":false,"footnotes":""},"categories":[181],"tags":[409],"class_list":["post-28435","post","type-post","status-publish","format-standard","has-post-thumbnail","hentry","category-cst-es","tag-cst-es"],"acf":[],"yoast_head":"<!-- This site is optimized with the Yoast SEO plugin v27.2 - https:\/\/yoast.com\/product\/yoast-seo-wordpress\/ -->\n<title>Todos los Centros de Atenci\u00f3n Primaria del Consorcio Sanitario de Terrassa ya funcionan con el gestor de colas - CST<\/title>\n<meta name=\"robots\" content=\"index, follow, max-snippet:-1, max-image-preview:large, max-video-preview:-1\" \/>\n<link rel=\"canonical\" href=\"https:\/\/cst.cat\/es\/todos-los-centros-de-atencion-primaria-del-consorcio-sanitario-de-terrassa-ya-funcionan-con-el-gestor-de-colas\/\" \/>\n<meta property=\"og:locale\" content=\"es_ES\" \/>\n<meta property=\"og:type\" content=\"article\" \/>\n<meta property=\"og:title\" content=\"Todos los Centros de Atenci\u00f3n Primaria del Consorcio Sanitario de Terrassa ya funcionan con el gestor de colas - CST\" \/>\n<meta property=\"og:description\" content=\"Prodis ha colaborado con el CST en las tareas de informaci\u00f3n a los usuarios sobre los nuevos dispositivos Durante 2024 el CST despleg\u00f3 por todos sus Centros de Atenci\u00f3n Primaria el gestor de colas que permite ordenar el flujo de personas usuarias en el interior de los centros y aumentar la confidencialidad a la hora [&hellip;]\" \/>\n<meta property=\"og:url\" content=\"https:\/\/cst.cat\/es\/todos-los-centros-de-atencion-primaria-del-consorcio-sanitario-de-terrassa-ya-funcionan-con-el-gestor-de-colas\/\" \/>\n<meta property=\"og:site_name\" content=\"CST\" \/>\n<meta property=\"article:published_time\" content=\"2025-01-31T09:05:00+00:00\" \/>\n<meta property=\"og:image\" content=\"https:\/\/cst.cat\/wp-content\/uploads\/2025\/01\/FOTO.jpg\" \/>\n\t<meta property=\"og:image:width\" content=\"640\" \/>\n\t<meta property=\"og:image:height\" content=\"480\" \/>\n\t<meta property=\"og:image:type\" content=\"image\/jpeg\" \/>\n<meta name=\"author\" content=\"Begonya Masdefiol Aldeano\" \/>\n<meta name=\"twitter:card\" content=\"summary_large_image\" \/>\n<meta name=\"twitter:label1\" content=\"Escrito por\" \/>\n\t<meta name=\"twitter:data1\" content=\"Begonya Masdefiol Aldeano\" \/>\n\t<meta name=\"twitter:label2\" content=\"Tiempo de lectura\" \/>\n\t<meta name=\"twitter:data2\" content=\"1 minuto\" \/>\n<script type=\"application\/ld+json\" class=\"yoast-schema-graph\">{\"@context\":\"https:\/\/schema.org\",\"@graph\":[{\"@type\":\"Article\",\"@id\":\"https:\/\/cst.cat\/es\/todos-los-centros-de-atencion-primaria-del-consorcio-sanitario-de-terrassa-ya-funcionan-con-el-gestor-de-colas\/#article\",\"isPartOf\":{\"@id\":\"https:\/\/cst.cat\/es\/todos-los-centros-de-atencion-primaria-del-consorcio-sanitario-de-terrassa-ya-funcionan-con-el-gestor-de-colas\/\"},\"author\":{\"name\":\"Begonya Masdefiol Aldeano\",\"@id\":\"https:\/\/cst.cat\/es\/#\/schema\/person\/9ad38488941d074942f634a379b10b61\"},\"headline\":\"Todos los Centros de Atenci\u00f3n Primaria del Consorcio Sanitario de Terrassa ya funcionan con el gestor de colas\",\"datePublished\":\"2025-01-31T09:05:00+00:00\",\"mainEntityOfPage\":{\"@id\":\"https:\/\/cst.cat\/es\/todos-los-centros-de-atencion-primaria-del-consorcio-sanitario-de-terrassa-ya-funcionan-con-el-gestor-de-colas\/\"},\"wordCount\":280,\"commentCount\":0,\"publisher\":{\"@id\":\"https:\/\/cst.cat\/es\/#organization\"},\"image\":{\"@id\":\"https:\/\/cst.cat\/es\/todos-los-centros-de-atencion-primaria-del-consorcio-sanitario-de-terrassa-ya-funcionan-con-el-gestor-de-colas\/#primaryimage\"},\"thumbnailUrl\":\"https:\/\/cst.cat\/wp-content\/uploads\/2025\/01\/FOTO.jpg\",\"keywords\":[\"CST\"],\"articleSection\":[\"CST\"],\"inLanguage\":\"es\",\"potentialAction\":[{\"@type\":\"CommentAction\",\"name\":\"Comment\",\"target\":[\"https:\/\/cst.cat\/es\/todos-los-centros-de-atencion-primaria-del-consorcio-sanitario-de-terrassa-ya-funcionan-con-el-gestor-de-colas\/#respond\"]}]},{\"@type\":\"WebPage\",\"@id\":\"https:\/\/cst.cat\/es\/todos-los-centros-de-atencion-primaria-del-consorcio-sanitario-de-terrassa-ya-funcionan-con-el-gestor-de-colas\/\",\"url\":\"https:\/\/cst.cat\/es\/todos-los-centros-de-atencion-primaria-del-consorcio-sanitario-de-terrassa-ya-funcionan-con-el-gestor-de-colas\/\",\"name\":\"Todos los Centros de Atenci\u00f3n Primaria del Consorcio Sanitario de Terrassa ya funcionan con el gestor de colas - CST\",\"isPartOf\":{\"@id\":\"https:\/\/cst.cat\/es\/#website\"},\"primaryImageOfPage\":{\"@id\":\"https:\/\/cst.cat\/es\/todos-los-centros-de-atencion-primaria-del-consorcio-sanitario-de-terrassa-ya-funcionan-con-el-gestor-de-colas\/#primaryimage\"},\"image\":{\"@id\":\"https:\/\/cst.cat\/es\/todos-los-centros-de-atencion-primaria-del-consorcio-sanitario-de-terrassa-ya-funcionan-con-el-gestor-de-colas\/#primaryimage\"},\"thumbnailUrl\":\"https:\/\/cst.cat\/wp-content\/uploads\/2025\/01\/FOTO.jpg\",\"datePublished\":\"2025-01-31T09:05:00+00:00\",\"breadcrumb\":{\"@id\":\"https:\/\/cst.cat\/es\/todos-los-centros-de-atencion-primaria-del-consorcio-sanitario-de-terrassa-ya-funcionan-con-el-gestor-de-colas\/#breadcrumb\"},\"inLanguage\":\"es\",\"potentialAction\":[{\"@type\":\"ReadAction\",\"target\":[\"https:\/\/cst.cat\/es\/todos-los-centros-de-atencion-primaria-del-consorcio-sanitario-de-terrassa-ya-funcionan-con-el-gestor-de-colas\/\"]}]},{\"@type\":\"ImageObject\",\"inLanguage\":\"es\",\"@id\":\"https:\/\/cst.cat\/es\/todos-los-centros-de-atencion-primaria-del-consorcio-sanitario-de-terrassa-ya-funcionan-con-el-gestor-de-colas\/#primaryimage\",\"url\":\"https:\/\/cst.cat\/wp-content\/uploads\/2025\/01\/FOTO.jpg\",\"contentUrl\":\"https:\/\/cst.cat\/wp-content\/uploads\/2025\/01\/FOTO.jpg\",\"width\":640,\"height\":480},{\"@type\":\"BreadcrumbList\",\"@id\":\"https:\/\/cst.cat\/es\/todos-los-centros-de-atencion-primaria-del-consorcio-sanitario-de-terrassa-ya-funcionan-con-el-gestor-de-colas\/#breadcrumb\",\"itemListElement\":[{\"@type\":\"ListItem\",\"position\":1,\"name\":\"Inici\",\"item\":\"https:\/\/cst.cat\/es\/\"},{\"@type\":\"ListItem\",\"position\":2,\"name\":\"Todos los Centros de Atenci\u00f3n Primaria del Consorcio Sanitario de Terrassa ya funcionan con el gestor de colas\"}]},{\"@type\":\"WebSite\",\"@id\":\"https:\/\/cst.cat\/es\/#website\",\"url\":\"https:\/\/cst.cat\/es\/\",\"name\":\"CST\",\"description\":\"\",\"publisher\":{\"@id\":\"https:\/\/cst.cat\/es\/#organization\"},\"potentialAction\":[{\"@type\":\"SearchAction\",\"target\":{\"@type\":\"EntryPoint\",\"urlTemplate\":\"https:\/\/cst.cat\/es\/?s={search_term_string}\"},\"query-input\":{\"@type\":\"PropertyValueSpecification\",\"valueRequired\":true,\"valueName\":\"search_term_string\"}}],\"inLanguage\":\"es\"},{\"@type\":\"Organization\",\"@id\":\"https:\/\/cst.cat\/es\/#organization\",\"name\":\"Consorci Sanitari de Terrassa\",\"url\":\"https:\/\/cst.cat\/es\/\",\"logo\":{\"@type\":\"ImageObject\",\"inLanguage\":\"es\",\"@id\":\"https:\/\/cst.cat\/es\/#\/schema\/logo\/image\/\",\"url\":\"https:\/\/cst.cat\/wp-content\/uploads\/2021\/09\/logo-header.svg\",\"contentUrl\":\"https:\/\/cst.cat\/wp-content\/uploads\/2021\/09\/logo-header.svg\",\"width\":90,\"height\":32,\"caption\":\"Consorci Sanitari de Terrassa\"},\"image\":{\"@id\":\"https:\/\/cst.cat\/es\/#\/schema\/logo\/image\/\"}},{\"@type\":\"Person\",\"@id\":\"https:\/\/cst.cat\/es\/#\/schema\/person\/9ad38488941d074942f634a379b10b61\",\"name\":\"Begonya Masdefiol Aldeano\",\"image\":{\"@type\":\"ImageObject\",\"inLanguage\":\"es\",\"@id\":\"https:\/\/secure.gravatar.com\/avatar\/55d9a13ea177910ebc84397c02ab424383ffb62af7fcd298a6b6747783aeb9d0?s=96&d=mm&r=g\",\"url\":\"https:\/\/secure.gravatar.com\/avatar\/55d9a13ea177910ebc84397c02ab424383ffb62af7fcd298a6b6747783aeb9d0?s=96&d=mm&r=g\",\"contentUrl\":\"https:\/\/secure.gravatar.com\/avatar\/55d9a13ea177910ebc84397c02ab424383ffb62af7fcd298a6b6747783aeb9d0?s=96&d=mm&r=g\",\"caption\":\"Begonya Masdefiol Aldeano\"},\"url\":\"https:\/\/cst.cat\/es\/author\/bmasdefiol\/\"}]}<\/script>\n<!-- \/ Yoast SEO plugin. -->","yoast_head_json":{"title":"Todos los Centros de Atenci\u00f3n Primaria del Consorcio Sanitario de Terrassa ya funcionan con el gestor de colas - CST","robots":{"index":"index","follow":"follow","max-snippet":"max-snippet:-1","max-image-preview":"max-image-preview:large","max-video-preview":"max-video-preview:-1"},"canonical":"https:\/\/cst.cat\/es\/todos-los-centros-de-atencion-primaria-del-consorcio-sanitario-de-terrassa-ya-funcionan-con-el-gestor-de-colas\/","og_locale":"es_ES","og_type":"article","og_title":"Todos los Centros de Atenci\u00f3n Primaria del Consorcio Sanitario de Terrassa ya funcionan con el gestor de colas - CST","og_description":"Prodis ha colaborado con el CST en las tareas de informaci\u00f3n a los usuarios sobre los nuevos dispositivos Durante 2024 el CST despleg\u00f3 por todos sus Centros de Atenci\u00f3n Primaria el gestor de colas que permite ordenar el flujo de personas usuarias en el interior de los centros y aumentar la confidencialidad a la hora [&hellip;]","og_url":"https:\/\/cst.cat\/es\/todos-los-centros-de-atencion-primaria-del-consorcio-sanitario-de-terrassa-ya-funcionan-con-el-gestor-de-colas\/","og_site_name":"CST","article_published_time":"2025-01-31T09:05:00+00:00","og_image":[{"width":640,"height":480,"url":"https:\/\/cst.cat\/wp-content\/uploads\/2025\/01\/FOTO.jpg","type":"image\/jpeg"}],"author":"Begonya Masdefiol Aldeano","twitter_card":"summary_large_image","twitter_misc":{"Escrito por":"Begonya Masdefiol Aldeano","Tiempo de lectura":"1 minuto"},"schema":{"@context":"https:\/\/schema.org","@graph":[{"@type":"Article","@id":"https:\/\/cst.cat\/es\/todos-los-centros-de-atencion-primaria-del-consorcio-sanitario-de-terrassa-ya-funcionan-con-el-gestor-de-colas\/#article","isPartOf":{"@id":"https:\/\/cst.cat\/es\/todos-los-centros-de-atencion-primaria-del-consorcio-sanitario-de-terrassa-ya-funcionan-con-el-gestor-de-colas\/"},"author":{"name":"Begonya Masdefiol Aldeano","@id":"https:\/\/cst.cat\/es\/#\/schema\/person\/9ad38488941d074942f634a379b10b61"},"headline":"Todos los Centros de Atenci\u00f3n Primaria del Consorcio Sanitario de Terrassa ya funcionan con el gestor de colas","datePublished":"2025-01-31T09:05:00+00:00","mainEntityOfPage":{"@id":"https:\/\/cst.cat\/es\/todos-los-centros-de-atencion-primaria-del-consorcio-sanitario-de-terrassa-ya-funcionan-con-el-gestor-de-colas\/"},"wordCount":280,"commentCount":0,"publisher":{"@id":"https:\/\/cst.cat\/es\/#organization"},"image":{"@id":"https:\/\/cst.cat\/es\/todos-los-centros-de-atencion-primaria-del-consorcio-sanitario-de-terrassa-ya-funcionan-con-el-gestor-de-colas\/#primaryimage"},"thumbnailUrl":"https:\/\/cst.cat\/wp-content\/uploads\/2025\/01\/FOTO.jpg","keywords":["CST"],"articleSection":["CST"],"inLanguage":"es","potentialAction":[{"@type":"CommentAction","name":"Comment","target":["https:\/\/cst.cat\/es\/todos-los-centros-de-atencion-primaria-del-consorcio-sanitario-de-terrassa-ya-funcionan-con-el-gestor-de-colas\/#respond"]}]},{"@type":"WebPage","@id":"https:\/\/cst.cat\/es\/todos-los-centros-de-atencion-primaria-del-consorcio-sanitario-de-terrassa-ya-funcionan-con-el-gestor-de-colas\/","url":"https:\/\/cst.cat\/es\/todos-los-centros-de-atencion-primaria-del-consorcio-sanitario-de-terrassa-ya-funcionan-con-el-gestor-de-colas\/","name":"Todos los Centros de Atenci\u00f3n Primaria del Consorcio Sanitario de Terrassa ya funcionan con el gestor de colas - CST","isPartOf":{"@id":"https:\/\/cst.cat\/es\/#website"},"primaryImageOfPage":{"@id":"https:\/\/cst.cat\/es\/todos-los-centros-de-atencion-primaria-del-consorcio-sanitario-de-terrassa-ya-funcionan-con-el-gestor-de-colas\/#primaryimage"},"image":{"@id":"https:\/\/cst.cat\/es\/todos-los-centros-de-atencion-primaria-del-consorcio-sanitario-de-terrassa-ya-funcionan-con-el-gestor-de-colas\/#primaryimage"},"thumbnailUrl":"https:\/\/cst.cat\/wp-content\/uploads\/2025\/01\/FOTO.jpg","datePublished":"2025-01-31T09:05:00+00:00","breadcrumb":{"@id":"https:\/\/cst.cat\/es\/todos-los-centros-de-atencion-primaria-del-consorcio-sanitario-de-terrassa-ya-funcionan-con-el-gestor-de-colas\/#breadcrumb"},"inLanguage":"es","potentialAction":[{"@type":"ReadAction","target":["https:\/\/cst.cat\/es\/todos-los-centros-de-atencion-primaria-del-consorcio-sanitario-de-terrassa-ya-funcionan-con-el-gestor-de-colas\/"]}]},{"@type":"ImageObject","inLanguage":"es","@id":"https:\/\/cst.cat\/es\/todos-los-centros-de-atencion-primaria-del-consorcio-sanitario-de-terrassa-ya-funcionan-con-el-gestor-de-colas\/#primaryimage","url":"https:\/\/cst.cat\/wp-content\/uploads\/2025\/01\/FOTO.jpg","contentUrl":"https:\/\/cst.cat\/wp-content\/uploads\/2025\/01\/FOTO.jpg","width":640,"height":480},{"@type":"BreadcrumbList","@id":"https:\/\/cst.cat\/es\/todos-los-centros-de-atencion-primaria-del-consorcio-sanitario-de-terrassa-ya-funcionan-con-el-gestor-de-colas\/#breadcrumb","itemListElement":[{"@type":"ListItem","position":1,"name":"Inici","item":"https:\/\/cst.cat\/es\/"},{"@type":"ListItem","position":2,"name":"Todos los Centros de Atenci\u00f3n Primaria del Consorcio Sanitario de Terrassa ya funcionan con el gestor de colas"}]},{"@type":"WebSite","@id":"https:\/\/cst.cat\/es\/#website","url":"https:\/\/cst.cat\/es\/","name":"CST","description":"","publisher":{"@id":"https:\/\/cst.cat\/es\/#organization"},"potentialAction":[{"@type":"SearchAction","target":{"@type":"EntryPoint","urlTemplate":"https:\/\/cst.cat\/es\/?s={search_term_string}"},"query-input":{"@type":"PropertyValueSpecification","valueRequired":true,"valueName":"search_term_string"}}],"inLanguage":"es"},{"@type":"Organization","@id":"https:\/\/cst.cat\/es\/#organization","name":"Consorci Sanitari de Terrassa","url":"https:\/\/cst.cat\/es\/","logo":{"@type":"ImageObject","inLanguage":"es","@id":"https:\/\/cst.cat\/es\/#\/schema\/logo\/image\/","url":"https:\/\/cst.cat\/wp-content\/uploads\/2021\/09\/logo-header.svg","contentUrl":"https:\/\/cst.cat\/wp-content\/uploads\/2021\/09\/logo-header.svg","width":90,"height":32,"caption":"Consorci Sanitari de Terrassa"},"image":{"@id":"https:\/\/cst.cat\/es\/#\/schema\/logo\/image\/"}},{"@type":"Person","@id":"https:\/\/cst.cat\/es\/#\/schema\/person\/9ad38488941d074942f634a379b10b61","name":"Begonya Masdefiol Aldeano","image":{"@type":"ImageObject","inLanguage":"es","@id":"https:\/\/secure.gravatar.com\/avatar\/55d9a13ea177910ebc84397c02ab424383ffb62af7fcd298a6b6747783aeb9d0?s=96&d=mm&r=g","url":"https:\/\/secure.gravatar.com\/avatar\/55d9a13ea177910ebc84397c02ab424383ffb62af7fcd298a6b6747783aeb9d0?s=96&d=mm&r=g","contentUrl":"https:\/\/secure.gravatar.com\/avatar\/55d9a13ea177910ebc84397c02ab424383ffb62af7fcd298a6b6747783aeb9d0?s=96&d=mm&r=g","caption":"Begonya Masdefiol Aldeano"},"url":"https:\/\/cst.cat\/es\/author\/bmasdefiol\/"}]}},"_links":{"self":[{"href":"https:\/\/cst.cat\/es\/wp-json\/wp\/v2\/posts\/28435","targetHints":{"allow":["GET"]}}],"collection":[{"href":"https:\/\/cst.cat\/es\/wp-json\/wp\/v2\/posts"}],"about":[{"href":"https:\/\/cst.cat\/es\/wp-json\/wp\/v2\/types\/post"}],"author":[{"embeddable":true,"href":"https:\/\/cst.cat\/es\/wp-json\/wp\/v2\/users\/8"}],"replies":[{"embeddable":true,"href":"https:\/\/cst.cat\/es\/wp-json\/wp\/v2\/comments?post=28435"}],"version-history":[{"count":0,"href":"https:\/\/cst.cat\/es\/wp-json\/wp\/v2\/posts\/28435\/revisions"}],"wp:featuredmedia":[{"embeddable":true,"href":"https:\/\/cst.cat\/es\/wp-json\/wp\/v2\/media\/28430"}],"wp:attachment":[{"href":"https:\/\/cst.cat\/es\/wp-json\/wp\/v2\/media?parent=28435"}],"wp:term":[{"taxonomy":"category","embeddable":true,"href":"https:\/\/cst.cat\/es\/wp-json\/wp\/v2\/categories?post=28435"},{"taxonomy":"post_tag","embeddable":true,"href":"https:\/\/cst.cat\/es\/wp-json\/wp\/v2\/tags?post=28435"}],"curies":[{"name":"wp","href":"https:\/\/api.w.org\/{rel}","templated":true}]}}