{"id":30642,"date":"2025-05-15T11:06:21","date_gmt":"2025-05-15T09:06:21","guid":{"rendered":"https:\/\/cst.cat\/la-magia-llega-al-hospital-de-dia-pediatrico-del-hospital-universitario-de-terrassa-para-hacer-sonreir-a-los-ninos\/"},"modified":"2025-05-19T11:22:20","modified_gmt":"2025-05-19T09:22:20","slug":"la-magia-llega-al-hospital-de-dia-pediatrico-del-hospital-universitario-de-terrassa-para-hacer-sonreir-a-los-ninos","status":"publish","type":"post","link":"https:\/\/cst.cat\/es\/la-magia-llega-al-hospital-de-dia-pediatrico-del-hospital-universitario-de-terrassa-para-hacer-sonreir-a-los-ninos\/","title":{"rendered":"La magia llega al Hospital de D\u00eda Pedi\u00e1trico del Hospital Universitario de Terrassa para hacer sonre\u00edr a los ni\u00f1os"},"content":{"rendered":"\n<div class=\"wp-block-columns is-layout-flex wp-container-core-columns-is-layout-9d6595d7 wp-block-columns-is-layout-flex\">\n<div class=\"wp-block-column acces-lft is-layout-flow wp-block-column-is-layout-flow\" style=\"flex-basis:30%\">\n<figure class=\"wp-block-image size-large\"><img loading=\"lazy\" decoding=\"async\" width=\"1366\" height=\"911\" src=\"https:\/\/cst.cat\/wp-content\/uploads\/2025\/05\/Canva-Abracadabra-1366x911.png\" alt=\"\" class=\"wp-image-30639\" srcset=\"https:\/\/cst.cat\/wp-content\/uploads\/2025\/05\/Canva-Abracadabra-1366x911.png 1366w, https:\/\/cst.cat\/wp-content\/uploads\/2025\/05\/Canva-Abracadabra-600x400.png 600w, https:\/\/cst.cat\/wp-content\/uploads\/2025\/05\/Canva-Abracadabra-300x200.png 300w, https:\/\/cst.cat\/wp-content\/uploads\/2025\/05\/Canva-Abracadabra-768x512.png 768w, https:\/\/cst.cat\/wp-content\/uploads\/2025\/05\/Canva-Abracadabra-1536x1024.png 1536w, https:\/\/cst.cat\/wp-content\/uploads\/2025\/05\/Canva-Abracadabra.png 1960w\" sizes=\"auto, (max-width: 1366px) 100vw, 1366px\" \/><\/figure>\n<\/div>\n\n\n\n<div class=\"wp-block-column acces-rgt is-layout-flow wp-block-column-is-layout-flow\" style=\"flex-basis:70%\">\n<h2 class=\"wp-block-heading\">Ayer por la ma\u00f1ana, en conmemoraci\u00f3n del D\u00eda del Ni\u00f1o Hospitalizado, los ni\u00f1os y ni\u00f1as del Hospital de d\u00eda Pedi\u00e1trico del Hospital Universitario de Terrassa recibieron una visita muy especial: un mago de la Fundaci\u00f3n Abracadabra de Magos Solidarios llen\u00f3 la sala de ilusi\u00f3n con una actuaci\u00f3n de magia y talleres participativos pensados \u200b\u200bpara hacer m\u00e1s leve el hospital.<\/h2>\n\n\n\n<p>Esta actividad, que se llevar\u00e1 a cabo con car\u00e1cter mensual, se enmarca dentro del convenio firmado el pasado mes de marzo entre el Consorcio Sanitario de Terrassa (CST) y la Fundaci\u00f3n Abracadabra, con el objetivo de llevar la magia y el entretenimiento a los hospitales como herramienta terap\u00e9utica y de soporte emocional.<\/p>\n\n\n\n<p>La iniciativa forma parte del programa &#8216;Magia en hospitales&#8217; de la Fundaci\u00f3n Abracadabra y cuenta con la implicaci\u00f3n directa de la Coordinaci\u00f3n de Voluntariado, la Coordinaci\u00f3n de Enfermer\u00eda de Pediatr\u00eda del CST y Mecenazgo, que trabajan conjuntamente para posibilitar esta acci\u00f3n solidaria.<\/p>\n\n\n\n<p>Con esta colaboraci\u00f3n el CST reafirma su compromiso con una atenci\u00f3n integral, poniendo el foco en el bienestar emocional de los ni\u00f1os y humanizando la estancia hospitalaria mediante iniciativas innovadoras y solidarias.<\/p>\n\n\n\n<p><strong>Acerca de la Fundaci\u00f3n Abracadabra de Magos Solidarios<\/strong><\/p>\n\n\n\n<p>La Fundaci\u00f3n Abracadabra es una entidad sin \u00e1nimo de lucro fundada en el a\u00f1o 2005 con la misi\u00f3n de devolver la ilusi\u00f3n a todas las personas que la necesitan con urgencia: ni\u00f1os y ni\u00f1as hospitalizados, personas mayores en situaci\u00f3n de aislamiento, personas con discapacidad ps\u00edquica o f\u00edsica, j\u00f3venes en riesgo de exclusi\u00f3n social, as\u00ed como cualquier colectivo que se encuentra en un estado emocional particularmente dif\u00edcil y necesita sentir que a\u00fan tiene la capacidad de ilusionarse.<\/p>\n\n\n\n<p>Adem\u00e1s de las actuaciones, la Fundaci\u00f3n Abracadabra mantiene proyectos espec\u00edficos donde desarrolla talleres de magia destinados a j\u00f3venes en unidades de salud mental, as\u00ed como talleres dirigidos a ni\u00f1os y ni\u00f1as en tratamiento oncol\u00f3gico, con el fin de ayudarles a desarrollar sus habilidades, aumentar su autoestima y mejorar su calidad de vida durante su estancia hospitalaria.<\/p>\n<\/div>\n<\/div>\n","protected":false},"excerpt":{"rendered":"<p>Ayer por la ma\u00f1ana, en conmemoraci\u00f3n del D\u00eda del Ni\u00f1o Hospitalizado, los ni\u00f1os y ni\u00f1as del Hospital de d\u00eda Pedi\u00e1trico del Hospital Universitario de Terrassa recibieron una visita muy especial: un mago de la Fundaci\u00f3n Abracadabra de Magos Solidarios llen\u00f3 la sala de ilusi\u00f3n con una actuaci\u00f3n de magia y talleres participativos pensados \u200b\u200bpara hacer [&hellip;]<\/p>\n","protected":false},"author":8,"featured_media":30640,"comment_status":"open","ping_status":"open","sticky":false,"template":"","format":"standard","meta":{"_acf_changed":false,"footnotes":""},"categories":[1727],"tags":[1456,2134,2135],"class_list":["post-30642","post","type-post","status-publish","format-standard","has-post-thumbnail","hentry","category-hospital-universitario-de-terrassa","tag-hospital-universitario-de-terrassa","tag-magia-es","tag-dia-del-nino-hospitalizado"],"acf":[],"yoast_head":"<!-- This site is optimized with the Yoast SEO plugin v27.2 - https:\/\/yoast.com\/product\/yoast-seo-wordpress\/ -->\n<title>La magia llega al Hospital de D\u00eda Pedi\u00e1trico del Hospital Universitario de Terrassa para hacer sonre\u00edr a los ni\u00f1os - CST<\/title>\n<meta name=\"robots\" content=\"index, follow, max-snippet:-1, max-image-preview:large, max-video-preview:-1\" \/>\n<link rel=\"canonical\" href=\"https:\/\/cst.cat\/es\/la-magia-llega-al-hospital-de-dia-pediatrico-del-hospital-universitario-de-terrassa-para-hacer-sonreir-a-los-ninos\/\" \/>\n<meta property=\"og:locale\" content=\"es_ES\" \/>\n<meta property=\"og:type\" content=\"article\" \/>\n<meta property=\"og:title\" content=\"La magia llega al Hospital de D\u00eda Pedi\u00e1trico del Hospital Universitario de Terrassa para hacer sonre\u00edr a los ni\u00f1os - CST\" \/>\n<meta property=\"og:description\" content=\"Ayer por la ma\u00f1ana, en conmemoraci\u00f3n del D\u00eda del Ni\u00f1o Hospitalizado, los ni\u00f1os y ni\u00f1as del Hospital de d\u00eda Pedi\u00e1trico del Hospital Universitario de Terrassa recibieron una visita muy especial: un mago de la Fundaci\u00f3n Abracadabra de Magos Solidarios llen\u00f3 la sala de ilusi\u00f3n con una actuaci\u00f3n de magia y talleres participativos pensados \u200b\u200bpara hacer [&hellip;]\" \/>\n<meta property=\"og:url\" content=\"https:\/\/cst.cat\/es\/la-magia-llega-al-hospital-de-dia-pediatrico-del-hospital-universitario-de-terrassa-para-hacer-sonreir-a-los-ninos\/\" \/>\n<meta property=\"og:site_name\" content=\"CST\" \/>\n<meta property=\"article:published_time\" content=\"2025-05-15T09:06:21+00:00\" \/>\n<meta property=\"article:modified_time\" content=\"2025-05-19T09:22:20+00:00\" \/>\n<meta property=\"og:image\" content=\"https:\/\/cst.cat\/wp-content\/uploads\/2025\/05\/Canva-Abracadabra-1366x911.png\" \/>\n\t<meta property=\"og:image:width\" content=\"1366\" \/>\n\t<meta property=\"og:image:height\" content=\"911\" \/>\n\t<meta property=\"og:image:type\" content=\"image\/png\" \/>\n<meta name=\"author\" content=\"Begonya Masdefiol Aldeano\" \/>\n<meta name=\"twitter:card\" content=\"summary_large_image\" \/>\n<meta name=\"twitter:label1\" content=\"Escrito por\" \/>\n\t<meta name=\"twitter:data1\" content=\"Begonya Masdefiol Aldeano\" \/>\n\t<meta name=\"twitter:label2\" content=\"Tiempo de lectura\" \/>\n\t<meta name=\"twitter:data2\" content=\"2 minutos\" \/>\n<script type=\"application\/ld+json\" class=\"yoast-schema-graph\">{\"@context\":\"https:\/\/schema.org\",\"@graph\":[{\"@type\":\"Article\",\"@id\":\"https:\/\/cst.cat\/es\/la-magia-llega-al-hospital-de-dia-pediatrico-del-hospital-universitario-de-terrassa-para-hacer-sonreir-a-los-ninos\/#article\",\"isPartOf\":{\"@id\":\"https:\/\/cst.cat\/es\/la-magia-llega-al-hospital-de-dia-pediatrico-del-hospital-universitario-de-terrassa-para-hacer-sonreir-a-los-ninos\/\"},\"author\":{\"name\":\"Begonya Masdefiol Aldeano\",\"@id\":\"https:\/\/cst.cat\/es\/#\/schema\/person\/9ad38488941d074942f634a379b10b61\"},\"headline\":\"La magia llega al Hospital de D\u00eda Pedi\u00e1trico del Hospital Universitario de Terrassa para hacer sonre\u00edr a los ni\u00f1os\",\"datePublished\":\"2025-05-15T09:06:21+00:00\",\"dateModified\":\"2025-05-19T09:22:20+00:00\",\"mainEntityOfPage\":{\"@id\":\"https:\/\/cst.cat\/es\/la-magia-llega-al-hospital-de-dia-pediatrico-del-hospital-universitario-de-terrassa-para-hacer-sonreir-a-los-ninos\/\"},\"wordCount\":393,\"commentCount\":0,\"publisher\":{\"@id\":\"https:\/\/cst.cat\/es\/#organization\"},\"image\":{\"@id\":\"https:\/\/cst.cat\/es\/la-magia-llega-al-hospital-de-dia-pediatrico-del-hospital-universitario-de-terrassa-para-hacer-sonreir-a-los-ninos\/#primaryimage\"},\"thumbnailUrl\":\"https:\/\/cst.cat\/wp-content\/uploads\/2025\/05\/Canva-Abracadabra.png\",\"keywords\":[\"Hospital Universitario de Terrassa\",\"Magia\",\"D\u00eda del Ni\u00f1o Hospitalizado\"],\"articleSection\":[\"Hospital Universitario de Terrassa\"],\"inLanguage\":\"es\",\"potentialAction\":[{\"@type\":\"CommentAction\",\"name\":\"Comment\",\"target\":[\"https:\/\/cst.cat\/es\/la-magia-llega-al-hospital-de-dia-pediatrico-del-hospital-universitario-de-terrassa-para-hacer-sonreir-a-los-ninos\/#respond\"]}]},{\"@type\":\"WebPage\",\"@id\":\"https:\/\/cst.cat\/es\/la-magia-llega-al-hospital-de-dia-pediatrico-del-hospital-universitario-de-terrassa-para-hacer-sonreir-a-los-ninos\/\",\"url\":\"https:\/\/cst.cat\/es\/la-magia-llega-al-hospital-de-dia-pediatrico-del-hospital-universitario-de-terrassa-para-hacer-sonreir-a-los-ninos\/\",\"name\":\"La magia llega al Hospital de D\u00eda Pedi\u00e1trico del Hospital Universitario de Terrassa para hacer sonre\u00edr a los ni\u00f1os - CST\",\"isPartOf\":{\"@id\":\"https:\/\/cst.cat\/es\/#website\"},\"primaryImageOfPage\":{\"@id\":\"https:\/\/cst.cat\/es\/la-magia-llega-al-hospital-de-dia-pediatrico-del-hospital-universitario-de-terrassa-para-hacer-sonreir-a-los-ninos\/#primaryimage\"},\"image\":{\"@id\":\"https:\/\/cst.cat\/es\/la-magia-llega-al-hospital-de-dia-pediatrico-del-hospital-universitario-de-terrassa-para-hacer-sonreir-a-los-ninos\/#primaryimage\"},\"thumbnailUrl\":\"https:\/\/cst.cat\/wp-content\/uploads\/2025\/05\/Canva-Abracadabra.png\",\"datePublished\":\"2025-05-15T09:06:21+00:00\",\"dateModified\":\"2025-05-19T09:22:20+00:00\",\"breadcrumb\":{\"@id\":\"https:\/\/cst.cat\/es\/la-magia-llega-al-hospital-de-dia-pediatrico-del-hospital-universitario-de-terrassa-para-hacer-sonreir-a-los-ninos\/#breadcrumb\"},\"inLanguage\":\"es\",\"potentialAction\":[{\"@type\":\"ReadAction\",\"target\":[\"https:\/\/cst.cat\/es\/la-magia-llega-al-hospital-de-dia-pediatrico-del-hospital-universitario-de-terrassa-para-hacer-sonreir-a-los-ninos\/\"]}]},{\"@type\":\"ImageObject\",\"inLanguage\":\"es\",\"@id\":\"https:\/\/cst.cat\/es\/la-magia-llega-al-hospital-de-dia-pediatrico-del-hospital-universitario-de-terrassa-para-hacer-sonreir-a-los-ninos\/#primaryimage\",\"url\":\"https:\/\/cst.cat\/wp-content\/uploads\/2025\/05\/Canva-Abracadabra.png\",\"contentUrl\":\"https:\/\/cst.cat\/wp-content\/uploads\/2025\/05\/Canva-Abracadabra.png\",\"width\":1960,\"height\":1307},{\"@type\":\"BreadcrumbList\",\"@id\":\"https:\/\/cst.cat\/es\/la-magia-llega-al-hospital-de-dia-pediatrico-del-hospital-universitario-de-terrassa-para-hacer-sonreir-a-los-ninos\/#breadcrumb\",\"itemListElement\":[{\"@type\":\"ListItem\",\"position\":1,\"name\":\"Inici\",\"item\":\"https:\/\/cst.cat\/es\/\"},{\"@type\":\"ListItem\",\"position\":2,\"name\":\"La magia llega al Hospital de D\u00eda Pedi\u00e1trico del Hospital Universitario de Terrassa para hacer sonre\u00edr a los ni\u00f1os\"}]},{\"@type\":\"WebSite\",\"@id\":\"https:\/\/cst.cat\/es\/#website\",\"url\":\"https:\/\/cst.cat\/es\/\",\"name\":\"CST\",\"description\":\"\",\"publisher\":{\"@id\":\"https:\/\/cst.cat\/es\/#organization\"},\"potentialAction\":[{\"@type\":\"SearchAction\",\"target\":{\"@type\":\"EntryPoint\",\"urlTemplate\":\"https:\/\/cst.cat\/es\/?s={search_term_string}\"},\"query-input\":{\"@type\":\"PropertyValueSpecification\",\"valueRequired\":true,\"valueName\":\"search_term_string\"}}],\"inLanguage\":\"es\"},{\"@type\":\"Organization\",\"@id\":\"https:\/\/cst.cat\/es\/#organization\",\"name\":\"Consorci Sanitari de Terrassa\",\"url\":\"https:\/\/cst.cat\/es\/\",\"logo\":{\"@type\":\"ImageObject\",\"inLanguage\":\"es\",\"@id\":\"https:\/\/cst.cat\/es\/#\/schema\/logo\/image\/\",\"url\":\"https:\/\/cst.cat\/wp-content\/uploads\/2021\/09\/logo-header.svg\",\"contentUrl\":\"https:\/\/cst.cat\/wp-content\/uploads\/2021\/09\/logo-header.svg\",\"width\":90,\"height\":32,\"caption\":\"Consorci Sanitari de Terrassa\"},\"image\":{\"@id\":\"https:\/\/cst.cat\/es\/#\/schema\/logo\/image\/\"}},{\"@type\":\"Person\",\"@id\":\"https:\/\/cst.cat\/es\/#\/schema\/person\/9ad38488941d074942f634a379b10b61\",\"name\":\"Begonya Masdefiol Aldeano\",\"image\":{\"@type\":\"ImageObject\",\"inLanguage\":\"es\",\"@id\":\"https:\/\/secure.gravatar.com\/avatar\/55d9a13ea177910ebc84397c02ab424383ffb62af7fcd298a6b6747783aeb9d0?s=96&d=mm&r=g\",\"url\":\"https:\/\/secure.gravatar.com\/avatar\/55d9a13ea177910ebc84397c02ab424383ffb62af7fcd298a6b6747783aeb9d0?s=96&d=mm&r=g\",\"contentUrl\":\"https:\/\/secure.gravatar.com\/avatar\/55d9a13ea177910ebc84397c02ab424383ffb62af7fcd298a6b6747783aeb9d0?s=96&d=mm&r=g\",\"caption\":\"Begonya Masdefiol Aldeano\"},\"url\":\"https:\/\/cst.cat\/es\/author\/bmasdefiol\/\"}]}<\/script>\n<!-- \/ Yoast SEO plugin. -->","yoast_head_json":{"title":"La magia llega al Hospital de D\u00eda Pedi\u00e1trico del Hospital Universitario de Terrassa para hacer sonre\u00edr a los ni\u00f1os - CST","robots":{"index":"index","follow":"follow","max-snippet":"max-snippet:-1","max-image-preview":"max-image-preview:large","max-video-preview":"max-video-preview:-1"},"canonical":"https:\/\/cst.cat\/es\/la-magia-llega-al-hospital-de-dia-pediatrico-del-hospital-universitario-de-terrassa-para-hacer-sonreir-a-los-ninos\/","og_locale":"es_ES","og_type":"article","og_title":"La magia llega al Hospital de D\u00eda Pedi\u00e1trico del Hospital Universitario de Terrassa para hacer sonre\u00edr a los ni\u00f1os - CST","og_description":"Ayer por la ma\u00f1ana, en conmemoraci\u00f3n del D\u00eda del Ni\u00f1o Hospitalizado, los ni\u00f1os y ni\u00f1as del Hospital de d\u00eda Pedi\u00e1trico del Hospital Universitario de Terrassa recibieron una visita muy especial: un mago de la Fundaci\u00f3n Abracadabra de Magos Solidarios llen\u00f3 la sala de ilusi\u00f3n con una actuaci\u00f3n de magia y talleres participativos pensados \u200b\u200bpara hacer [&hellip;]","og_url":"https:\/\/cst.cat\/es\/la-magia-llega-al-hospital-de-dia-pediatrico-del-hospital-universitario-de-terrassa-para-hacer-sonreir-a-los-ninos\/","og_site_name":"CST","article_published_time":"2025-05-15T09:06:21+00:00","article_modified_time":"2025-05-19T09:22:20+00:00","og_image":[{"width":1366,"height":911,"url":"https:\/\/cst.cat\/wp-content\/uploads\/2025\/05\/Canva-Abracadabra-1366x911.png","type":"image\/png"}],"author":"Begonya Masdefiol Aldeano","twitter_card":"summary_large_image","twitter_misc":{"Escrito por":"Begonya Masdefiol Aldeano","Tiempo de lectura":"2 minutos"},"schema":{"@context":"https:\/\/schema.org","@graph":[{"@type":"Article","@id":"https:\/\/cst.cat\/es\/la-magia-llega-al-hospital-de-dia-pediatrico-del-hospital-universitario-de-terrassa-para-hacer-sonreir-a-los-ninos\/#article","isPartOf":{"@id":"https:\/\/cst.cat\/es\/la-magia-llega-al-hospital-de-dia-pediatrico-del-hospital-universitario-de-terrassa-para-hacer-sonreir-a-los-ninos\/"},"author":{"name":"Begonya Masdefiol Aldeano","@id":"https:\/\/cst.cat\/es\/#\/schema\/person\/9ad38488941d074942f634a379b10b61"},"headline":"La magia llega al Hospital de D\u00eda Pedi\u00e1trico del Hospital Universitario de Terrassa para hacer sonre\u00edr a los ni\u00f1os","datePublished":"2025-05-15T09:06:21+00:00","dateModified":"2025-05-19T09:22:20+00:00","mainEntityOfPage":{"@id":"https:\/\/cst.cat\/es\/la-magia-llega-al-hospital-de-dia-pediatrico-del-hospital-universitario-de-terrassa-para-hacer-sonreir-a-los-ninos\/"},"wordCount":393,"commentCount":0,"publisher":{"@id":"https:\/\/cst.cat\/es\/#organization"},"image":{"@id":"https:\/\/cst.cat\/es\/la-magia-llega-al-hospital-de-dia-pediatrico-del-hospital-universitario-de-terrassa-para-hacer-sonreir-a-los-ninos\/#primaryimage"},"thumbnailUrl":"https:\/\/cst.cat\/wp-content\/uploads\/2025\/05\/Canva-Abracadabra.png","keywords":["Hospital Universitario de Terrassa","Magia","D\u00eda del Ni\u00f1o Hospitalizado"],"articleSection":["Hospital Universitario de Terrassa"],"inLanguage":"es","potentialAction":[{"@type":"CommentAction","name":"Comment","target":["https:\/\/cst.cat\/es\/la-magia-llega-al-hospital-de-dia-pediatrico-del-hospital-universitario-de-terrassa-para-hacer-sonreir-a-los-ninos\/#respond"]}]},{"@type":"WebPage","@id":"https:\/\/cst.cat\/es\/la-magia-llega-al-hospital-de-dia-pediatrico-del-hospital-universitario-de-terrassa-para-hacer-sonreir-a-los-ninos\/","url":"https:\/\/cst.cat\/es\/la-magia-llega-al-hospital-de-dia-pediatrico-del-hospital-universitario-de-terrassa-para-hacer-sonreir-a-los-ninos\/","name":"La magia llega al Hospital de D\u00eda Pedi\u00e1trico del Hospital Universitario de Terrassa para hacer sonre\u00edr a los ni\u00f1os - CST","isPartOf":{"@id":"https:\/\/cst.cat\/es\/#website"},"primaryImageOfPage":{"@id":"https:\/\/cst.cat\/es\/la-magia-llega-al-hospital-de-dia-pediatrico-del-hospital-universitario-de-terrassa-para-hacer-sonreir-a-los-ninos\/#primaryimage"},"image":{"@id":"https:\/\/cst.cat\/es\/la-magia-llega-al-hospital-de-dia-pediatrico-del-hospital-universitario-de-terrassa-para-hacer-sonreir-a-los-ninos\/#primaryimage"},"thumbnailUrl":"https:\/\/cst.cat\/wp-content\/uploads\/2025\/05\/Canva-Abracadabra.png","datePublished":"2025-05-15T09:06:21+00:00","dateModified":"2025-05-19T09:22:20+00:00","breadcrumb":{"@id":"https:\/\/cst.cat\/es\/la-magia-llega-al-hospital-de-dia-pediatrico-del-hospital-universitario-de-terrassa-para-hacer-sonreir-a-los-ninos\/#breadcrumb"},"inLanguage":"es","potentialAction":[{"@type":"ReadAction","target":["https:\/\/cst.cat\/es\/la-magia-llega-al-hospital-de-dia-pediatrico-del-hospital-universitario-de-terrassa-para-hacer-sonreir-a-los-ninos\/"]}]},{"@type":"ImageObject","inLanguage":"es","@id":"https:\/\/cst.cat\/es\/la-magia-llega-al-hospital-de-dia-pediatrico-del-hospital-universitario-de-terrassa-para-hacer-sonreir-a-los-ninos\/#primaryimage","url":"https:\/\/cst.cat\/wp-content\/uploads\/2025\/05\/Canva-Abracadabra.png","contentUrl":"https:\/\/cst.cat\/wp-content\/uploads\/2025\/05\/Canva-Abracadabra.png","width":1960,"height":1307},{"@type":"BreadcrumbList","@id":"https:\/\/cst.cat\/es\/la-magia-llega-al-hospital-de-dia-pediatrico-del-hospital-universitario-de-terrassa-para-hacer-sonreir-a-los-ninos\/#breadcrumb","itemListElement":[{"@type":"ListItem","position":1,"name":"Inici","item":"https:\/\/cst.cat\/es\/"},{"@type":"ListItem","position":2,"name":"La magia llega al Hospital de D\u00eda Pedi\u00e1trico del Hospital Universitario de Terrassa para hacer sonre\u00edr a los ni\u00f1os"}]},{"@type":"WebSite","@id":"https:\/\/cst.cat\/es\/#website","url":"https:\/\/cst.cat\/es\/","name":"CST","description":"","publisher":{"@id":"https:\/\/cst.cat\/es\/#organization"},"potentialAction":[{"@type":"SearchAction","target":{"@type":"EntryPoint","urlTemplate":"https:\/\/cst.cat\/es\/?s={search_term_string}"},"query-input":{"@type":"PropertyValueSpecification","valueRequired":true,"valueName":"search_term_string"}}],"inLanguage":"es"},{"@type":"Organization","@id":"https:\/\/cst.cat\/es\/#organization","name":"Consorci Sanitari de Terrassa","url":"https:\/\/cst.cat\/es\/","logo":{"@type":"ImageObject","inLanguage":"es","@id":"https:\/\/cst.cat\/es\/#\/schema\/logo\/image\/","url":"https:\/\/cst.cat\/wp-content\/uploads\/2021\/09\/logo-header.svg","contentUrl":"https:\/\/cst.cat\/wp-content\/uploads\/2021\/09\/logo-header.svg","width":90,"height":32,"caption":"Consorci Sanitari de Terrassa"},"image":{"@id":"https:\/\/cst.cat\/es\/#\/schema\/logo\/image\/"}},{"@type":"Person","@id":"https:\/\/cst.cat\/es\/#\/schema\/person\/9ad38488941d074942f634a379b10b61","name":"Begonya Masdefiol Aldeano","image":{"@type":"ImageObject","inLanguage":"es","@id":"https:\/\/secure.gravatar.com\/avatar\/55d9a13ea177910ebc84397c02ab424383ffb62af7fcd298a6b6747783aeb9d0?s=96&d=mm&r=g","url":"https:\/\/secure.gravatar.com\/avatar\/55d9a13ea177910ebc84397c02ab424383ffb62af7fcd298a6b6747783aeb9d0?s=96&d=mm&r=g","contentUrl":"https:\/\/secure.gravatar.com\/avatar\/55d9a13ea177910ebc84397c02ab424383ffb62af7fcd298a6b6747783aeb9d0?s=96&d=mm&r=g","caption":"Begonya Masdefiol Aldeano"},"url":"https:\/\/cst.cat\/es\/author\/bmasdefiol\/"}]}},"_links":{"self":[{"href":"https:\/\/cst.cat\/es\/wp-json\/wp\/v2\/posts\/30642","targetHints":{"allow":["GET"]}}],"collection":[{"href":"https:\/\/cst.cat\/es\/wp-json\/wp\/v2\/posts"}],"about":[{"href":"https:\/\/cst.cat\/es\/wp-json\/wp\/v2\/types\/post"}],"author":[{"embeddable":true,"href":"https:\/\/cst.cat\/es\/wp-json\/wp\/v2\/users\/8"}],"replies":[{"embeddable":true,"href":"https:\/\/cst.cat\/es\/wp-json\/wp\/v2\/comments?post=30642"}],"version-history":[{"count":0,"href":"https:\/\/cst.cat\/es\/wp-json\/wp\/v2\/posts\/30642\/revisions"}],"wp:featuredmedia":[{"embeddable":true,"href":"https:\/\/cst.cat\/es\/wp-json\/wp\/v2\/media\/30640"}],"wp:attachment":[{"href":"https:\/\/cst.cat\/es\/wp-json\/wp\/v2\/media?parent=30642"}],"wp:term":[{"taxonomy":"category","embeddable":true,"href":"https:\/\/cst.cat\/es\/wp-json\/wp\/v2\/categories?post=30642"},{"taxonomy":"post_tag","embeddable":true,"href":"https:\/\/cst.cat\/es\/wp-json\/wp\/v2\/tags?post=30642"}],"curies":[{"name":"wp","href":"https:\/\/api.w.org\/{rel}","templated":true}]}}