{"id":31136,"date":"2025-06-11T11:23:18","date_gmt":"2025-06-11T09:23:18","guid":{"rendered":"https:\/\/cst.cat\/el-cst-comienza-la-adecuacion-de-los-aparcamientos-del-hospital-universitario-de-terrassa-para-la-implantacion-de-placas-fotovoltaicas\/"},"modified":"2026-03-13T15:15:52","modified_gmt":"2026-03-13T14:15:52","slug":"el-cst-comienza-la-adecuacion-de-los-aparcamientos-del-hospital-universitario-de-terrassa-para-la-implantacion-de-placas-fotovoltaicas","status":"publish","type":"post","link":"https:\/\/cst.cat\/es\/el-cst-comienza-la-adecuacion-de-los-aparcamientos-del-hospital-universitario-de-terrassa-para-la-implantacion-de-placas-fotovoltaicas\/","title":{"rendered":"El CST comienza la adecuaci\u00f3n de los aparcamientos del Hospital Universitario de Terrassa para la implantaci\u00f3n de placas fotovoltaicas"},"content":{"rendered":"\n<div class=\"wp-block-columns is-layout-flex wp-container-core-columns-is-layout-9d6595d7 wp-block-columns-is-layout-flex\">\n<div class=\"wp-block-column acces-lft is-layout-flow wp-block-column-is-layout-flow\" style=\"flex-basis:30%\">\n<figure class=\"wp-block-image size-full\"><img loading=\"lazy\" decoding=\"async\" width=\"1134\" height=\"759\" src=\"https:\/\/cst.cat\/wp-content\/uploads\/2025\/06\/Parquing-1.jpg\" alt=\"\" class=\"wp-image-31130\" srcset=\"https:\/\/cst.cat\/wp-content\/uploads\/2025\/06\/Parquing-1.jpg 1134w, https:\/\/cst.cat\/wp-content\/uploads\/2025\/06\/Parquing-1-600x402.jpg 600w, https:\/\/cst.cat\/wp-content\/uploads\/2025\/06\/Parquing-1-300x201.jpg 300w, https:\/\/cst.cat\/wp-content\/uploads\/2025\/06\/Parquing-1-768x514.jpg 768w\" sizes=\"auto, (max-width: 1134px) 100vw, 1134px\" \/><\/figure><\/div>\n\n\n\n<div class=\"wp-block-column acces-rgt is-layout-flow wp-block-column-is-layout-flow\" style=\"flex-basis:70%\">\n<p>\n          <strong>El Hospital Universitario de Terrassa generar\u00e1 pr\u00e1cticamente el 30% de su consumo el\u00e9ctrico con placas solares en las marquesinas de los aparcamientos<\/strong>\n        <\/p>\n\n\n\n<p>\n          <strong>Con esta instalaci\u00f3n el Hospital Universitario de Terrassa se convertir\u00e1 en el hospital de Catalu\u00f1a con el mayor campo fotovoltaico para autoconsumo<\/strong>\n        <\/p>\n\n\n\n<p>El Consorcio Sanitario de Terrassa (CST) inicia el viernes 13 de junio las obras de adecuaci\u00f3n de los aparcamientos del Hospital Universitario de Terrassa para implantar un parque fotovoltaico de 2,2 MWp de potencia pico, que lo convertir\u00e1 en el Hospital de Catalunya con la mayor producci\u00f3n fotovoltaica para el autoconsumo energ\u00e9tico.<\/p>\n\n\n\n<p>La instalaci\u00f3n constar\u00e1 de 3.932 placas fotovoltaicas de 565W, distribuidas en nuevas marquesinas en los aparcamientos P1, P2 y P3, y cubrir\u00e1 pr\u00e1cticamente todas las plazas disponibles. Tambi\u00e9n se modificar\u00e1 la circulaci\u00f3n y distribuci\u00f3n de las plazas del aparcamiento 1 para obtener el m\u00e1ximo de superficie de placa instalada. Adem\u00e1s, se habilitar\u00e1n m\u00e1s de una veintena de puntos de recarga para veh\u00edculos el\u00e9ctricos, con la previsi\u00f3n de ampliarlos en el futuro.  <\/p>\n\n\n\n<p>La energ\u00eda generada se utilizar\u00e1 en su totalidad para el funcionamiento del Hospital, cubriendo 29,23% de su consumo el\u00e9ctrico total.<\/p>\n\n\n\n<p>Las obras ser\u00e1n ejecutadas por una UTE formada por Proton New Energy Future SL \/ Soluciones Arquitectonicas B\u00e1sicas, SL y la instalaci\u00f3n acabar\u00e1 integr\u00e1ndose en la red de infraestructuras energ\u00e9ticas de la Administraci\u00f3n de la Generalidad de Catalu\u00f1a, en torno al acuerdo GOV\/199\/2022, de 4 de octubre. La previsi\u00f3n es que las obras del parque fotovoltaico se alarguen hasta el primer trimestre del pr\u00f3ximo a\u00f1o. <\/p>\n\n\n\n<p>\n          <strong>Obras en fases para mantener el servicio de aparcamiento<\/strong>\n        <\/p>\n\n\n\n<p>Los trabajos se realizar\u00e1n por fases para garantizar la continuidad del servicio. La primera fase, con cierre parcial del parking 1, se llevar\u00e1 a cabo entre el 13 y el 23 de junio y del 25 de junio al 3 de septiembre. A medida que avancen las obras, el CST ofrecer\u00e1 informaci\u00f3n actualizada para facilitar la organizaci\u00f3n de los desplazamientos hasta el Hospital.  <\/p>\n\n\n\n<figure class=\"wp-block-image size-full is-resized\"><img loading=\"lazy\" decoding=\"async\" width=\"1147\" height=\"752\" src=\"https:\/\/cst.cat\/wp-content\/uploads\/2025\/06\/Parquing-2.jpg\" alt=\"\" class=\"wp-image-31126\" style=\"aspect-ratio:1.5252659574468086;width:469px;height:auto\" srcset=\"https:\/\/cst.cat\/wp-content\/uploads\/2025\/06\/Parquing-2.jpg 1147w, https:\/\/cst.cat\/wp-content\/uploads\/2025\/06\/Parquing-2-600x393.jpg 600w, https:\/\/cst.cat\/wp-content\/uploads\/2025\/06\/Parquing-2-300x197.jpg 300w, https:\/\/cst.cat\/wp-content\/uploads\/2025\/06\/Parquing-2-768x504.jpg 768w\" sizes=\"auto, (max-width: 1147px) 100vw, 1147px\" \/><\/figure>\n\n\n<p><\/p>\n\n\n\n<p>Se recuerda que la ciudadan\u00eda de Terrassa puede acceder al Hospital Universitario de Terrassa mediante transporte p\u00fablico gratuito, como alternativa sostenible y c\u00f3moda.<\/p>\n\n\n\n<figure class=\"wp-block-image size-full is-resized\"><img loading=\"lazy\" decoding=\"async\" width=\"498\" height=\"350\" src=\"https:\/\/cst.cat\/wp-content\/uploads\/2025\/06\/Parquings-generals.png\" alt=\"\" class=\"wp-image-31128\" style=\"aspect-ratio:1.4228571428571428;width:473px;height:auto\" srcset=\"https:\/\/cst.cat\/wp-content\/uploads\/2025\/06\/Parquings-generals.png 498w, https:\/\/cst.cat\/wp-content\/uploads\/2025\/06\/Parquings-generals-300x211.png 300w\" sizes=\"auto, (max-width: 498px) 100vw, 498px\" \/><\/figure>\n\n\n<p><\/p>\n\n\n\n<p>\n          <strong>Compromiso con la sostenibilidad: proyecto &#8216;CST Batega Verd&#8217;<\/strong>\n        <\/p>\n\n\n\n<p>Esta acci\u00f3n forma parte del proyecto estrat\u00e9gico &#8216;CST Batega Verd&#8217;, incluido en el Plan Estrat\u00e9gico CST 2025-2028, que promueve la reducci\u00f3n del impacto ambiental de la actividad sanitaria de la entidad. El CST apuesta por la eficiencia energ\u00e9tica, la promoci\u00f3n de energ\u00edas renovables y el uso de tecnolog\u00edas limpias para avanzar hacia un sistema de salud m\u00e1s responsable con el planeta. <\/p>\n<\/div>\n<\/div>\n","protected":false},"excerpt":{"rendered":"<p>El Hospital Universitario de Terrassa generar\u00e1 pr\u00e1cticamente el 30% de su consumo el\u00e9ctrico con placas solares en las marquesinas de los aparcamientos Con esta instalaci\u00f3n el Hospital Universitario de Terrassa se convertir\u00e1 en el hospital de Catalu\u00f1a con el mayor campo fotovoltaico para autoconsumo El Consorcio Sanitario de Terrassa (CST) inicia el viernes 13 de [&hellip;]<\/p>\n","protected":false},"author":8,"featured_media":31131,"comment_status":"open","ping_status":"open","sticky":false,"template":"","format":"standard","meta":{"_acf_changed":false,"footnotes":""},"categories":[1727],"tags":[1402,1456,2336],"class_list":["post-31136","post","type-post","status-publish","format-standard","has-post-thumbnail","hentry","category-hospital-universitario-de-terrassa","tag-obras-parking","tag-hospital-universitario-de-terrassa","tag-cst-batega-verde"],"acf":[],"yoast_head":"<!-- This site is optimized with the Yoast SEO plugin v27.2 - https:\/\/yoast.com\/product\/yoast-seo-wordpress\/ -->\n<title>El CST comienza la adecuaci\u00f3n de los aparcamientos del Hospital Universitario de Terrassa para la implantaci\u00f3n de placas fotovoltaicas - CST<\/title>\n<meta name=\"robots\" content=\"index, follow, max-snippet:-1, max-image-preview:large, max-video-preview:-1\" \/>\n<link rel=\"canonical\" href=\"https:\/\/cst.cat\/es\/el-cst-comienza-la-adecuacion-de-los-aparcamientos-del-hospital-universitario-de-terrassa-para-la-implantacion-de-placas-fotovoltaicas\/\" \/>\n<meta property=\"og:locale\" content=\"es_ES\" \/>\n<meta property=\"og:type\" content=\"article\" \/>\n<meta property=\"og:title\" content=\"El CST comienza la adecuaci\u00f3n de los aparcamientos del Hospital Universitario de Terrassa para la implantaci\u00f3n de placas fotovoltaicas - CST\" \/>\n<meta property=\"og:description\" content=\"El Hospital Universitario de Terrassa generar\u00e1 pr\u00e1cticamente el 30% de su consumo el\u00e9ctrico con placas solares en las marquesinas de los aparcamientos Con esta instalaci\u00f3n el Hospital Universitario de Terrassa se convertir\u00e1 en el hospital de Catalu\u00f1a con el mayor campo fotovoltaico para autoconsumo El Consorcio Sanitario de Terrassa (CST) inicia el viernes 13 de [&hellip;]\" \/>\n<meta property=\"og:url\" content=\"https:\/\/cst.cat\/es\/el-cst-comienza-la-adecuacion-de-los-aparcamientos-del-hospital-universitario-de-terrassa-para-la-implantacion-de-placas-fotovoltaicas\/\" \/>\n<meta property=\"og:site_name\" content=\"CST\" \/>\n<meta property=\"article:published_time\" content=\"2025-06-11T09:23:18+00:00\" \/>\n<meta property=\"article:modified_time\" content=\"2026-03-13T14:15:52+00:00\" \/>\n<meta property=\"og:image\" content=\"https:\/\/cst.cat\/wp-content\/uploads\/2025\/06\/Parquing-1.jpg\" \/>\n\t<meta property=\"og:image:width\" content=\"1134\" \/>\n\t<meta property=\"og:image:height\" content=\"759\" \/>\n\t<meta property=\"og:image:type\" content=\"image\/jpeg\" \/>\n<meta name=\"author\" content=\"Begonya Masdefiol Aldeano\" \/>\n<meta name=\"twitter:card\" content=\"summary_large_image\" \/>\n<meta name=\"twitter:label1\" content=\"Escrito por\" \/>\n\t<meta name=\"twitter:data1\" content=\"Begonya Masdefiol Aldeano\" \/>\n\t<meta name=\"twitter:label2\" content=\"Tiempo de lectura\" \/>\n\t<meta name=\"twitter:data2\" content=\"2 minutos\" \/>\n<script type=\"application\/ld+json\" class=\"yoast-schema-graph\">{\"@context\":\"https:\/\/schema.org\",\"@graph\":[{\"@type\":\"Article\",\"@id\":\"https:\/\/cst.cat\/es\/el-cst-comienza-la-adecuacion-de-los-aparcamientos-del-hospital-universitario-de-terrassa-para-la-implantacion-de-placas-fotovoltaicas\/#article\",\"isPartOf\":{\"@id\":\"https:\/\/cst.cat\/es\/el-cst-comienza-la-adecuacion-de-los-aparcamientos-del-hospital-universitario-de-terrassa-para-la-implantacion-de-placas-fotovoltaicas\/\"},\"author\":{\"name\":\"Begonya Masdefiol Aldeano\",\"@id\":\"https:\/\/cst.cat\/es\/#\/schema\/person\/9ad38488941d074942f634a379b10b61\"},\"headline\":\"El CST comienza la adecuaci\u00f3n de los aparcamientos del Hospital Universitario de Terrassa para la implantaci\u00f3n de placas fotovoltaicas\",\"datePublished\":\"2025-06-11T09:23:18+00:00\",\"dateModified\":\"2026-03-13T14:15:52+00:00\",\"mainEntityOfPage\":{\"@id\":\"https:\/\/cst.cat\/es\/el-cst-comienza-la-adecuacion-de-los-aparcamientos-del-hospital-universitario-de-terrassa-para-la-implantacion-de-placas-fotovoltaicas\/\"},\"wordCount\":470,\"commentCount\":0,\"publisher\":{\"@id\":\"https:\/\/cst.cat\/es\/#organization\"},\"image\":{\"@id\":\"https:\/\/cst.cat\/es\/el-cst-comienza-la-adecuacion-de-los-aparcamientos-del-hospital-universitario-de-terrassa-para-la-implantacion-de-placas-fotovoltaicas\/#primaryimage\"},\"thumbnailUrl\":\"https:\/\/cst.cat\/wp-content\/uploads\/2025\/06\/Parquing-1.jpg\",\"keywords\":[\"obras parking\",\"Hospital Universitario de Terrassa\",\"CST BATEGA VERDE\"],\"articleSection\":[\"Hospital Universitario de Terrassa\"],\"inLanguage\":\"es\",\"potentialAction\":[{\"@type\":\"CommentAction\",\"name\":\"Comment\",\"target\":[\"https:\/\/cst.cat\/es\/el-cst-comienza-la-adecuacion-de-los-aparcamientos-del-hospital-universitario-de-terrassa-para-la-implantacion-de-placas-fotovoltaicas\/#respond\"]}]},{\"@type\":\"WebPage\",\"@id\":\"https:\/\/cst.cat\/es\/el-cst-comienza-la-adecuacion-de-los-aparcamientos-del-hospital-universitario-de-terrassa-para-la-implantacion-de-placas-fotovoltaicas\/\",\"url\":\"https:\/\/cst.cat\/es\/el-cst-comienza-la-adecuacion-de-los-aparcamientos-del-hospital-universitario-de-terrassa-para-la-implantacion-de-placas-fotovoltaicas\/\",\"name\":\"El CST comienza la adecuaci\u00f3n de los aparcamientos del Hospital Universitario de Terrassa para la implantaci\u00f3n de placas fotovoltaicas - CST\",\"isPartOf\":{\"@id\":\"https:\/\/cst.cat\/es\/#website\"},\"primaryImageOfPage\":{\"@id\":\"https:\/\/cst.cat\/es\/el-cst-comienza-la-adecuacion-de-los-aparcamientos-del-hospital-universitario-de-terrassa-para-la-implantacion-de-placas-fotovoltaicas\/#primaryimage\"},\"image\":{\"@id\":\"https:\/\/cst.cat\/es\/el-cst-comienza-la-adecuacion-de-los-aparcamientos-del-hospital-universitario-de-terrassa-para-la-implantacion-de-placas-fotovoltaicas\/#primaryimage\"},\"thumbnailUrl\":\"https:\/\/cst.cat\/wp-content\/uploads\/2025\/06\/Parquing-1.jpg\",\"datePublished\":\"2025-06-11T09:23:18+00:00\",\"dateModified\":\"2026-03-13T14:15:52+00:00\",\"breadcrumb\":{\"@id\":\"https:\/\/cst.cat\/es\/el-cst-comienza-la-adecuacion-de-los-aparcamientos-del-hospital-universitario-de-terrassa-para-la-implantacion-de-placas-fotovoltaicas\/#breadcrumb\"},\"inLanguage\":\"es\",\"potentialAction\":[{\"@type\":\"ReadAction\",\"target\":[\"https:\/\/cst.cat\/es\/el-cst-comienza-la-adecuacion-de-los-aparcamientos-del-hospital-universitario-de-terrassa-para-la-implantacion-de-placas-fotovoltaicas\/\"]}]},{\"@type\":\"ImageObject\",\"inLanguage\":\"es\",\"@id\":\"https:\/\/cst.cat\/es\/el-cst-comienza-la-adecuacion-de-los-aparcamientos-del-hospital-universitario-de-terrassa-para-la-implantacion-de-placas-fotovoltaicas\/#primaryimage\",\"url\":\"https:\/\/cst.cat\/wp-content\/uploads\/2025\/06\/Parquing-1.jpg\",\"contentUrl\":\"https:\/\/cst.cat\/wp-content\/uploads\/2025\/06\/Parquing-1.jpg\",\"width\":1134,\"height\":759},{\"@type\":\"BreadcrumbList\",\"@id\":\"https:\/\/cst.cat\/es\/el-cst-comienza-la-adecuacion-de-los-aparcamientos-del-hospital-universitario-de-terrassa-para-la-implantacion-de-placas-fotovoltaicas\/#breadcrumb\",\"itemListElement\":[{\"@type\":\"ListItem\",\"position\":1,\"name\":\"Inici\",\"item\":\"https:\/\/cst.cat\/es\/\"},{\"@type\":\"ListItem\",\"position\":2,\"name\":\"El CST comienza la adecuaci\u00f3n de los aparcamientos del Hospital Universitario de Terrassa para la implantaci\u00f3n de placas fotovoltaicas\"}]},{\"@type\":\"WebSite\",\"@id\":\"https:\/\/cst.cat\/es\/#website\",\"url\":\"https:\/\/cst.cat\/es\/\",\"name\":\"CST\",\"description\":\"\",\"publisher\":{\"@id\":\"https:\/\/cst.cat\/es\/#organization\"},\"potentialAction\":[{\"@type\":\"SearchAction\",\"target\":{\"@type\":\"EntryPoint\",\"urlTemplate\":\"https:\/\/cst.cat\/es\/?s={search_term_string}\"},\"query-input\":{\"@type\":\"PropertyValueSpecification\",\"valueRequired\":true,\"valueName\":\"search_term_string\"}}],\"inLanguage\":\"es\"},{\"@type\":\"Organization\",\"@id\":\"https:\/\/cst.cat\/es\/#organization\",\"name\":\"Consorci Sanitari de Terrassa\",\"url\":\"https:\/\/cst.cat\/es\/\",\"logo\":{\"@type\":\"ImageObject\",\"inLanguage\":\"es\",\"@id\":\"https:\/\/cst.cat\/es\/#\/schema\/logo\/image\/\",\"url\":\"https:\/\/cst.cat\/wp-content\/uploads\/2021\/09\/logo-header.svg\",\"contentUrl\":\"https:\/\/cst.cat\/wp-content\/uploads\/2021\/09\/logo-header.svg\",\"width\":90,\"height\":32,\"caption\":\"Consorci Sanitari de Terrassa\"},\"image\":{\"@id\":\"https:\/\/cst.cat\/es\/#\/schema\/logo\/image\/\"}},{\"@type\":\"Person\",\"@id\":\"https:\/\/cst.cat\/es\/#\/schema\/person\/9ad38488941d074942f634a379b10b61\",\"name\":\"Begonya Masdefiol Aldeano\",\"image\":{\"@type\":\"ImageObject\",\"inLanguage\":\"es\",\"@id\":\"https:\/\/secure.gravatar.com\/avatar\/55d9a13ea177910ebc84397c02ab424383ffb62af7fcd298a6b6747783aeb9d0?s=96&d=mm&r=g\",\"url\":\"https:\/\/secure.gravatar.com\/avatar\/55d9a13ea177910ebc84397c02ab424383ffb62af7fcd298a6b6747783aeb9d0?s=96&d=mm&r=g\",\"contentUrl\":\"https:\/\/secure.gravatar.com\/avatar\/55d9a13ea177910ebc84397c02ab424383ffb62af7fcd298a6b6747783aeb9d0?s=96&d=mm&r=g\",\"caption\":\"Begonya Masdefiol Aldeano\"},\"url\":\"https:\/\/cst.cat\/es\/author\/bmasdefiol\/\"}]}<\/script>\n<!-- \/ Yoast SEO plugin. -->","yoast_head_json":{"title":"El CST comienza la adecuaci\u00f3n de los aparcamientos del Hospital Universitario de Terrassa para la implantaci\u00f3n de placas fotovoltaicas - CST","robots":{"index":"index","follow":"follow","max-snippet":"max-snippet:-1","max-image-preview":"max-image-preview:large","max-video-preview":"max-video-preview:-1"},"canonical":"https:\/\/cst.cat\/es\/el-cst-comienza-la-adecuacion-de-los-aparcamientos-del-hospital-universitario-de-terrassa-para-la-implantacion-de-placas-fotovoltaicas\/","og_locale":"es_ES","og_type":"article","og_title":"El CST comienza la adecuaci\u00f3n de los aparcamientos del Hospital Universitario de Terrassa para la implantaci\u00f3n de placas fotovoltaicas - CST","og_description":"El Hospital Universitario de Terrassa generar\u00e1 pr\u00e1cticamente el 30% de su consumo el\u00e9ctrico con placas solares en las marquesinas de los aparcamientos Con esta instalaci\u00f3n el Hospital Universitario de Terrassa se convertir\u00e1 en el hospital de Catalu\u00f1a con el mayor campo fotovoltaico para autoconsumo El Consorcio Sanitario de Terrassa (CST) inicia el viernes 13 de [&hellip;]","og_url":"https:\/\/cst.cat\/es\/el-cst-comienza-la-adecuacion-de-los-aparcamientos-del-hospital-universitario-de-terrassa-para-la-implantacion-de-placas-fotovoltaicas\/","og_site_name":"CST","article_published_time":"2025-06-11T09:23:18+00:00","article_modified_time":"2026-03-13T14:15:52+00:00","og_image":[{"width":1134,"height":759,"url":"https:\/\/cst.cat\/wp-content\/uploads\/2025\/06\/Parquing-1.jpg","type":"image\/jpeg"}],"author":"Begonya Masdefiol Aldeano","twitter_card":"summary_large_image","twitter_misc":{"Escrito por":"Begonya Masdefiol Aldeano","Tiempo de lectura":"2 minutos"},"schema":{"@context":"https:\/\/schema.org","@graph":[{"@type":"Article","@id":"https:\/\/cst.cat\/es\/el-cst-comienza-la-adecuacion-de-los-aparcamientos-del-hospital-universitario-de-terrassa-para-la-implantacion-de-placas-fotovoltaicas\/#article","isPartOf":{"@id":"https:\/\/cst.cat\/es\/el-cst-comienza-la-adecuacion-de-los-aparcamientos-del-hospital-universitario-de-terrassa-para-la-implantacion-de-placas-fotovoltaicas\/"},"author":{"name":"Begonya Masdefiol Aldeano","@id":"https:\/\/cst.cat\/es\/#\/schema\/person\/9ad38488941d074942f634a379b10b61"},"headline":"El CST comienza la adecuaci\u00f3n de los aparcamientos del Hospital Universitario de Terrassa para la implantaci\u00f3n de placas fotovoltaicas","datePublished":"2025-06-11T09:23:18+00:00","dateModified":"2026-03-13T14:15:52+00:00","mainEntityOfPage":{"@id":"https:\/\/cst.cat\/es\/el-cst-comienza-la-adecuacion-de-los-aparcamientos-del-hospital-universitario-de-terrassa-para-la-implantacion-de-placas-fotovoltaicas\/"},"wordCount":470,"commentCount":0,"publisher":{"@id":"https:\/\/cst.cat\/es\/#organization"},"image":{"@id":"https:\/\/cst.cat\/es\/el-cst-comienza-la-adecuacion-de-los-aparcamientos-del-hospital-universitario-de-terrassa-para-la-implantacion-de-placas-fotovoltaicas\/#primaryimage"},"thumbnailUrl":"https:\/\/cst.cat\/wp-content\/uploads\/2025\/06\/Parquing-1.jpg","keywords":["obras parking","Hospital Universitario de Terrassa","CST BATEGA VERDE"],"articleSection":["Hospital Universitario de Terrassa"],"inLanguage":"es","potentialAction":[{"@type":"CommentAction","name":"Comment","target":["https:\/\/cst.cat\/es\/el-cst-comienza-la-adecuacion-de-los-aparcamientos-del-hospital-universitario-de-terrassa-para-la-implantacion-de-placas-fotovoltaicas\/#respond"]}]},{"@type":"WebPage","@id":"https:\/\/cst.cat\/es\/el-cst-comienza-la-adecuacion-de-los-aparcamientos-del-hospital-universitario-de-terrassa-para-la-implantacion-de-placas-fotovoltaicas\/","url":"https:\/\/cst.cat\/es\/el-cst-comienza-la-adecuacion-de-los-aparcamientos-del-hospital-universitario-de-terrassa-para-la-implantacion-de-placas-fotovoltaicas\/","name":"El CST comienza la adecuaci\u00f3n de los aparcamientos del Hospital Universitario de Terrassa para la implantaci\u00f3n de placas fotovoltaicas - CST","isPartOf":{"@id":"https:\/\/cst.cat\/es\/#website"},"primaryImageOfPage":{"@id":"https:\/\/cst.cat\/es\/el-cst-comienza-la-adecuacion-de-los-aparcamientos-del-hospital-universitario-de-terrassa-para-la-implantacion-de-placas-fotovoltaicas\/#primaryimage"},"image":{"@id":"https:\/\/cst.cat\/es\/el-cst-comienza-la-adecuacion-de-los-aparcamientos-del-hospital-universitario-de-terrassa-para-la-implantacion-de-placas-fotovoltaicas\/#primaryimage"},"thumbnailUrl":"https:\/\/cst.cat\/wp-content\/uploads\/2025\/06\/Parquing-1.jpg","datePublished":"2025-06-11T09:23:18+00:00","dateModified":"2026-03-13T14:15:52+00:00","breadcrumb":{"@id":"https:\/\/cst.cat\/es\/el-cst-comienza-la-adecuacion-de-los-aparcamientos-del-hospital-universitario-de-terrassa-para-la-implantacion-de-placas-fotovoltaicas\/#breadcrumb"},"inLanguage":"es","potentialAction":[{"@type":"ReadAction","target":["https:\/\/cst.cat\/es\/el-cst-comienza-la-adecuacion-de-los-aparcamientos-del-hospital-universitario-de-terrassa-para-la-implantacion-de-placas-fotovoltaicas\/"]}]},{"@type":"ImageObject","inLanguage":"es","@id":"https:\/\/cst.cat\/es\/el-cst-comienza-la-adecuacion-de-los-aparcamientos-del-hospital-universitario-de-terrassa-para-la-implantacion-de-placas-fotovoltaicas\/#primaryimage","url":"https:\/\/cst.cat\/wp-content\/uploads\/2025\/06\/Parquing-1.jpg","contentUrl":"https:\/\/cst.cat\/wp-content\/uploads\/2025\/06\/Parquing-1.jpg","width":1134,"height":759},{"@type":"BreadcrumbList","@id":"https:\/\/cst.cat\/es\/el-cst-comienza-la-adecuacion-de-los-aparcamientos-del-hospital-universitario-de-terrassa-para-la-implantacion-de-placas-fotovoltaicas\/#breadcrumb","itemListElement":[{"@type":"ListItem","position":1,"name":"Inici","item":"https:\/\/cst.cat\/es\/"},{"@type":"ListItem","position":2,"name":"El CST comienza la adecuaci\u00f3n de los aparcamientos del Hospital Universitario de Terrassa para la implantaci\u00f3n de placas fotovoltaicas"}]},{"@type":"WebSite","@id":"https:\/\/cst.cat\/es\/#website","url":"https:\/\/cst.cat\/es\/","name":"CST","description":"","publisher":{"@id":"https:\/\/cst.cat\/es\/#organization"},"potentialAction":[{"@type":"SearchAction","target":{"@type":"EntryPoint","urlTemplate":"https:\/\/cst.cat\/es\/?s={search_term_string}"},"query-input":{"@type":"PropertyValueSpecification","valueRequired":true,"valueName":"search_term_string"}}],"inLanguage":"es"},{"@type":"Organization","@id":"https:\/\/cst.cat\/es\/#organization","name":"Consorci Sanitari de Terrassa","url":"https:\/\/cst.cat\/es\/","logo":{"@type":"ImageObject","inLanguage":"es","@id":"https:\/\/cst.cat\/es\/#\/schema\/logo\/image\/","url":"https:\/\/cst.cat\/wp-content\/uploads\/2021\/09\/logo-header.svg","contentUrl":"https:\/\/cst.cat\/wp-content\/uploads\/2021\/09\/logo-header.svg","width":90,"height":32,"caption":"Consorci Sanitari de Terrassa"},"image":{"@id":"https:\/\/cst.cat\/es\/#\/schema\/logo\/image\/"}},{"@type":"Person","@id":"https:\/\/cst.cat\/es\/#\/schema\/person\/9ad38488941d074942f634a379b10b61","name":"Begonya Masdefiol Aldeano","image":{"@type":"ImageObject","inLanguage":"es","@id":"https:\/\/secure.gravatar.com\/avatar\/55d9a13ea177910ebc84397c02ab424383ffb62af7fcd298a6b6747783aeb9d0?s=96&d=mm&r=g","url":"https:\/\/secure.gravatar.com\/avatar\/55d9a13ea177910ebc84397c02ab424383ffb62af7fcd298a6b6747783aeb9d0?s=96&d=mm&r=g","contentUrl":"https:\/\/secure.gravatar.com\/avatar\/55d9a13ea177910ebc84397c02ab424383ffb62af7fcd298a6b6747783aeb9d0?s=96&d=mm&r=g","caption":"Begonya Masdefiol Aldeano"},"url":"https:\/\/cst.cat\/es\/author\/bmasdefiol\/"}]}},"_links":{"self":[{"href":"https:\/\/cst.cat\/es\/wp-json\/wp\/v2\/posts\/31136","targetHints":{"allow":["GET"]}}],"collection":[{"href":"https:\/\/cst.cat\/es\/wp-json\/wp\/v2\/posts"}],"about":[{"href":"https:\/\/cst.cat\/es\/wp-json\/wp\/v2\/types\/post"}],"author":[{"embeddable":true,"href":"https:\/\/cst.cat\/es\/wp-json\/wp\/v2\/users\/8"}],"replies":[{"embeddable":true,"href":"https:\/\/cst.cat\/es\/wp-json\/wp\/v2\/comments?post=31136"}],"version-history":[{"count":0,"href":"https:\/\/cst.cat\/es\/wp-json\/wp\/v2\/posts\/31136\/revisions"}],"wp:featuredmedia":[{"embeddable":true,"href":"https:\/\/cst.cat\/es\/wp-json\/wp\/v2\/media\/31131"}],"wp:attachment":[{"href":"https:\/\/cst.cat\/es\/wp-json\/wp\/v2\/media?parent=31136"}],"wp:term":[{"taxonomy":"category","embeddable":true,"href":"https:\/\/cst.cat\/es\/wp-json\/wp\/v2\/categories?post=31136"},{"taxonomy":"post_tag","embeddable":true,"href":"https:\/\/cst.cat\/es\/wp-json\/wp\/v2\/tags?post=31136"}],"curies":[{"name":"wp","href":"https:\/\/api.w.org\/{rel}","templated":true}]}}