{"id":32588,"date":"2025-10-07T14:13:26","date_gmt":"2025-10-07T12:13:26","guid":{"rendered":"https:\/\/cst.cat\/estado-de-las-obras-de-los-aparcamientos-del-hospital-universitari-de-terrassa\/"},"modified":"2025-10-08T14:08:10","modified_gmt":"2025-10-08T12:08:10","slug":"estado-de-las-obras-de-los-aparcamientos-del-hospital-universitari-de-terrassa","status":"publish","type":"post","link":"https:\/\/cst.cat\/es\/estado-de-las-obras-de-los-aparcamientos-del-hospital-universitari-de-terrassa\/","title":{"rendered":"Estado de las obras de los aparcamientos del Hospital Universitari de Terrassa"},"content":{"rendered":"\n<div class=\"wp-block-columns is-layout-flex wp-container-core-columns-is-layout-9d6595d7 wp-block-columns-is-layout-flex\">\n<div class=\"wp-block-column acces-lft is-layout-flow wp-block-column-is-layout-flow\" style=\"flex-basis:30%\">\n<figure class=\"wp-block-image size-large\"><img loading=\"lazy\" decoding=\"async\" width=\"1366\" height=\"911\" src=\"https:\/\/cst.cat\/wp-content\/uploads\/2025\/10\/Canva-aparcaments-1366x911.png\" alt=\"\" class=\"wp-image-32585\" srcset=\"https:\/\/cst.cat\/wp-content\/uploads\/2025\/10\/Canva-aparcaments-1366x911.png 1366w, https:\/\/cst.cat\/wp-content\/uploads\/2025\/10\/Canva-aparcaments-600x400.png 600w, https:\/\/cst.cat\/wp-content\/uploads\/2025\/10\/Canva-aparcaments-300x200.png 300w, https:\/\/cst.cat\/wp-content\/uploads\/2025\/10\/Canva-aparcaments-768x512.png 768w, https:\/\/cst.cat\/wp-content\/uploads\/2025\/10\/Canva-aparcaments-1536x1024.png 1536w, https:\/\/cst.cat\/wp-content\/uploads\/2025\/10\/Canva-aparcaments.png 1960w\" sizes=\"auto, (max-width: 1366px) 100vw, 1366px\" \/><\/figure><\/div>\n\n\n\n<div class=\"wp-block-column acces-rgt is-layout-flow wp-block-column-is-layout-flow\" style=\"flex-basis:70%\">\n<h2 class=\"wp-block-heading\">Las obras de los aparcamientos del Hospital Universitari de Terrassa avanzan seg\u00fan el calendario previsto dentro del proyecto de instalaci\u00f3n del parque solar fotovoltaico de 2,2 MWp, una actuaci\u00f3n estrat\u00e9gica en el proceso de transformaci\u00f3n energ\u00e9tica del centro.<\/h2>\n\n\n\n<p>Desde finales de septiembre, el parking 3 -destinado a los trabajadores- est\u00e1 parcialmente cerrado. Cuando se ponga en funcionamiento la totalidad de las plazas del parking 1, prevista para la segunda quincena de octubre, el parking 3 se cerrar\u00e1 por completo para continuar con las obras, hasta recuperar posteriormente su plena operatividad. <\/p>\n\n\n\n<p>Actualmente la distribuci\u00f3n de plazas de los diferentes aparcamientos es la siguiente: los parkings 1 y 3 son para uso exclusivo de trabajadores; el parking 2 est\u00e1 reservado para usuarios; los parkings 4 y 6 son para uso mixto de trabajadores y usuarios; y el parking 5 sigue destinado exclusivamente a veh\u00edculos del CST ya coches autorizados.<\/p>\n\n\n\n<p>-Parquings 1 y 3 para trabajadores<br\/> -Parquing 2 para usuarios<br\/> -Parquines 4 y 6 os mixto trabajadores y usuarios<br\/> -Parquing 5 os reservado<\/p>\n\n\n\n<p>Para garantizar la disponibilidad de plazas durante las obras, se mantienen los espacios provisionales habilitados para los profesionales del CST en el Tanatori de Terrassa. En caso de que se llenen, se abrir\u00e1n 80 plazas adicionales en Torrebonica. <\/p>\n\n\n\n<p>Desde el CST se recomienda, siempre que sea posible, compartir veh\u00edculo y hacer uso del transporte p\u00fablico, especialmente de las l\u00edneas H y 1, con parada tanto en el Hospital como en el Tanatorio. En caso de acceder al Hospital en coche, se recomienda seguir las indicaciones del personal auxiliar del parking, encargado de gestionar el flujo rotatorio de veh\u00edculos. <\/p>\n<\/div>\n<\/div>\n","protected":false},"excerpt":{"rendered":"<p>Las obras de los aparcamientos del Hospital Universitari de Terrassa avanzan seg\u00fan el calendario previsto dentro del proyecto de instalaci\u00f3n del parque solar fotovoltaico de 2,2 MWp, una actuaci\u00f3n estrat\u00e9gica en el proceso de transformaci\u00f3n energ\u00e9tica del centro. Desde finales de septiembre, el parking 3 -destinado a los trabajadores- est\u00e1 parcialmente cerrado. Cuando se ponga [&hellip;]<\/p>\n","protected":false},"author":8,"featured_media":32586,"comment_status":"open","ping_status":"open","sticky":false,"template":"","format":"standard","meta":{"_acf_changed":false,"footnotes":""},"categories":[181,1727],"tags":[409,1402,1456],"class_list":["post-32588","post","type-post","status-publish","format-standard","has-post-thumbnail","hentry","category-cst-es","category-hospital-universitario-de-terrassa","tag-cst-es","tag-obras-parking","tag-hospital-universitario-de-terrassa"],"acf":[],"yoast_head":"<!-- This site is optimized with the Yoast SEO plugin v27.2 - https:\/\/yoast.com\/product\/yoast-seo-wordpress\/ -->\n<title>Estado de las obras de los aparcamientos del Hospital Universitari de Terrassa - CST<\/title>\n<meta name=\"robots\" content=\"index, follow, max-snippet:-1, max-image-preview:large, max-video-preview:-1\" \/>\n<link rel=\"canonical\" href=\"https:\/\/cst.cat\/es\/estado-de-las-obras-de-los-aparcamientos-del-hospital-universitari-de-terrassa\/\" \/>\n<meta property=\"og:locale\" content=\"es_ES\" \/>\n<meta property=\"og:type\" content=\"article\" \/>\n<meta property=\"og:title\" content=\"Estado de las obras de los aparcamientos del Hospital Universitari de Terrassa - CST\" \/>\n<meta property=\"og:description\" content=\"Las obras de los aparcamientos del Hospital Universitari de Terrassa avanzan seg\u00fan el calendario previsto dentro del proyecto de instalaci\u00f3n del parque solar fotovoltaico de 2,2 MWp, una actuaci\u00f3n estrat\u00e9gica en el proceso de transformaci\u00f3n energ\u00e9tica del centro. Desde finales de septiembre, el parking 3 -destinado a los trabajadores- est\u00e1 parcialmente cerrado. Cuando se ponga [&hellip;]\" \/>\n<meta property=\"og:url\" content=\"https:\/\/cst.cat\/es\/estado-de-las-obras-de-los-aparcamientos-del-hospital-universitari-de-terrassa\/\" \/>\n<meta property=\"og:site_name\" content=\"CST\" \/>\n<meta property=\"article:published_time\" content=\"2025-10-07T12:13:26+00:00\" \/>\n<meta property=\"article:modified_time\" content=\"2025-10-08T12:08:10+00:00\" \/>\n<meta property=\"og:image\" content=\"https:\/\/cst.cat\/wp-content\/uploads\/2025\/10\/Canva-aparcaments-1366x911.png\" \/>\n\t<meta property=\"og:image:width\" content=\"1366\" \/>\n\t<meta property=\"og:image:height\" content=\"911\" \/>\n\t<meta property=\"og:image:type\" content=\"image\/png\" \/>\n<meta name=\"author\" content=\"Begonya Masdefiol Aldeano\" \/>\n<meta name=\"twitter:card\" content=\"summary_large_image\" \/>\n<meta name=\"twitter:label1\" content=\"Escrito por\" \/>\n\t<meta name=\"twitter:data1\" content=\"Begonya Masdefiol Aldeano\" \/>\n\t<meta name=\"twitter:label2\" content=\"Tiempo de lectura\" \/>\n\t<meta name=\"twitter:data2\" content=\"1 minuto\" \/>\n<script type=\"application\/ld+json\" class=\"yoast-schema-graph\">{\"@context\":\"https:\/\/schema.org\",\"@graph\":[{\"@type\":\"Article\",\"@id\":\"https:\/\/cst.cat\/es\/estado-de-las-obras-de-los-aparcamientos-del-hospital-universitari-de-terrassa\/#article\",\"isPartOf\":{\"@id\":\"https:\/\/cst.cat\/es\/estado-de-las-obras-de-los-aparcamientos-del-hospital-universitari-de-terrassa\/\"},\"author\":{\"name\":\"Begonya Masdefiol Aldeano\",\"@id\":\"https:\/\/cst.cat\/es\/#\/schema\/person\/9ad38488941d074942f634a379b10b61\"},\"headline\":\"Estado de las obras de los aparcamientos del Hospital Universitari de Terrassa\",\"datePublished\":\"2025-10-07T12:13:26+00:00\",\"dateModified\":\"2025-10-08T12:08:10+00:00\",\"mainEntityOfPage\":{\"@id\":\"https:\/\/cst.cat\/es\/estado-de-las-obras-de-los-aparcamientos-del-hospital-universitari-de-terrassa\/\"},\"wordCount\":275,\"commentCount\":0,\"publisher\":{\"@id\":\"https:\/\/cst.cat\/es\/#organization\"},\"image\":{\"@id\":\"https:\/\/cst.cat\/es\/estado-de-las-obras-de-los-aparcamientos-del-hospital-universitari-de-terrassa\/#primaryimage\"},\"thumbnailUrl\":\"https:\/\/cst.cat\/wp-content\/uploads\/2025\/10\/Canva-aparcaments.png\",\"keywords\":[\"CST\",\"obras parking\",\"Hospital Universitario de Terrassa\"],\"articleSection\":[\"CST\",\"Hospital Universitario de Terrassa\"],\"inLanguage\":\"es\",\"potentialAction\":[{\"@type\":\"CommentAction\",\"name\":\"Comment\",\"target\":[\"https:\/\/cst.cat\/es\/estado-de-las-obras-de-los-aparcamientos-del-hospital-universitari-de-terrassa\/#respond\"]}]},{\"@type\":\"WebPage\",\"@id\":\"https:\/\/cst.cat\/es\/estado-de-las-obras-de-los-aparcamientos-del-hospital-universitari-de-terrassa\/\",\"url\":\"https:\/\/cst.cat\/es\/estado-de-las-obras-de-los-aparcamientos-del-hospital-universitari-de-terrassa\/\",\"name\":\"Estado de las obras de los aparcamientos del Hospital Universitari de Terrassa - CST\",\"isPartOf\":{\"@id\":\"https:\/\/cst.cat\/es\/#website\"},\"primaryImageOfPage\":{\"@id\":\"https:\/\/cst.cat\/es\/estado-de-las-obras-de-los-aparcamientos-del-hospital-universitari-de-terrassa\/#primaryimage\"},\"image\":{\"@id\":\"https:\/\/cst.cat\/es\/estado-de-las-obras-de-los-aparcamientos-del-hospital-universitari-de-terrassa\/#primaryimage\"},\"thumbnailUrl\":\"https:\/\/cst.cat\/wp-content\/uploads\/2025\/10\/Canva-aparcaments.png\",\"datePublished\":\"2025-10-07T12:13:26+00:00\",\"dateModified\":\"2025-10-08T12:08:10+00:00\",\"breadcrumb\":{\"@id\":\"https:\/\/cst.cat\/es\/estado-de-las-obras-de-los-aparcamientos-del-hospital-universitari-de-terrassa\/#breadcrumb\"},\"inLanguage\":\"es\",\"potentialAction\":[{\"@type\":\"ReadAction\",\"target\":[\"https:\/\/cst.cat\/es\/estado-de-las-obras-de-los-aparcamientos-del-hospital-universitari-de-terrassa\/\"]}]},{\"@type\":\"ImageObject\",\"inLanguage\":\"es\",\"@id\":\"https:\/\/cst.cat\/es\/estado-de-las-obras-de-los-aparcamientos-del-hospital-universitari-de-terrassa\/#primaryimage\",\"url\":\"https:\/\/cst.cat\/wp-content\/uploads\/2025\/10\/Canva-aparcaments.png\",\"contentUrl\":\"https:\/\/cst.cat\/wp-content\/uploads\/2025\/10\/Canva-aparcaments.png\",\"width\":1960,\"height\":1307},{\"@type\":\"BreadcrumbList\",\"@id\":\"https:\/\/cst.cat\/es\/estado-de-las-obras-de-los-aparcamientos-del-hospital-universitari-de-terrassa\/#breadcrumb\",\"itemListElement\":[{\"@type\":\"ListItem\",\"position\":1,\"name\":\"Inici\",\"item\":\"https:\/\/cst.cat\/es\/\"},{\"@type\":\"ListItem\",\"position\":2,\"name\":\"Estado de las obras de los aparcamientos del Hospital Universitari de Terrassa\"}]},{\"@type\":\"WebSite\",\"@id\":\"https:\/\/cst.cat\/es\/#website\",\"url\":\"https:\/\/cst.cat\/es\/\",\"name\":\"CST\",\"description\":\"\",\"publisher\":{\"@id\":\"https:\/\/cst.cat\/es\/#organization\"},\"potentialAction\":[{\"@type\":\"SearchAction\",\"target\":{\"@type\":\"EntryPoint\",\"urlTemplate\":\"https:\/\/cst.cat\/es\/?s={search_term_string}\"},\"query-input\":{\"@type\":\"PropertyValueSpecification\",\"valueRequired\":true,\"valueName\":\"search_term_string\"}}],\"inLanguage\":\"es\"},{\"@type\":\"Organization\",\"@id\":\"https:\/\/cst.cat\/es\/#organization\",\"name\":\"Consorci Sanitari de Terrassa\",\"url\":\"https:\/\/cst.cat\/es\/\",\"logo\":{\"@type\":\"ImageObject\",\"inLanguage\":\"es\",\"@id\":\"https:\/\/cst.cat\/es\/#\/schema\/logo\/image\/\",\"url\":\"https:\/\/cst.cat\/wp-content\/uploads\/2021\/09\/logo-header.svg\",\"contentUrl\":\"https:\/\/cst.cat\/wp-content\/uploads\/2021\/09\/logo-header.svg\",\"width\":90,\"height\":32,\"caption\":\"Consorci Sanitari de Terrassa\"},\"image\":{\"@id\":\"https:\/\/cst.cat\/es\/#\/schema\/logo\/image\/\"}},{\"@type\":\"Person\",\"@id\":\"https:\/\/cst.cat\/es\/#\/schema\/person\/9ad38488941d074942f634a379b10b61\",\"name\":\"Begonya Masdefiol Aldeano\",\"image\":{\"@type\":\"ImageObject\",\"inLanguage\":\"es\",\"@id\":\"https:\/\/secure.gravatar.com\/avatar\/55d9a13ea177910ebc84397c02ab424383ffb62af7fcd298a6b6747783aeb9d0?s=96&d=mm&r=g\",\"url\":\"https:\/\/secure.gravatar.com\/avatar\/55d9a13ea177910ebc84397c02ab424383ffb62af7fcd298a6b6747783aeb9d0?s=96&d=mm&r=g\",\"contentUrl\":\"https:\/\/secure.gravatar.com\/avatar\/55d9a13ea177910ebc84397c02ab424383ffb62af7fcd298a6b6747783aeb9d0?s=96&d=mm&r=g\",\"caption\":\"Begonya Masdefiol Aldeano\"},\"url\":\"https:\/\/cst.cat\/es\/author\/bmasdefiol\/\"}]}<\/script>\n<!-- \/ Yoast SEO plugin. -->","yoast_head_json":{"title":"Estado de las obras de los aparcamientos del Hospital Universitari de Terrassa - CST","robots":{"index":"index","follow":"follow","max-snippet":"max-snippet:-1","max-image-preview":"max-image-preview:large","max-video-preview":"max-video-preview:-1"},"canonical":"https:\/\/cst.cat\/es\/estado-de-las-obras-de-los-aparcamientos-del-hospital-universitari-de-terrassa\/","og_locale":"es_ES","og_type":"article","og_title":"Estado de las obras de los aparcamientos del Hospital Universitari de Terrassa - CST","og_description":"Las obras de los aparcamientos del Hospital Universitari de Terrassa avanzan seg\u00fan el calendario previsto dentro del proyecto de instalaci\u00f3n del parque solar fotovoltaico de 2,2 MWp, una actuaci\u00f3n estrat\u00e9gica en el proceso de transformaci\u00f3n energ\u00e9tica del centro. Desde finales de septiembre, el parking 3 -destinado a los trabajadores- est\u00e1 parcialmente cerrado. Cuando se ponga [&hellip;]","og_url":"https:\/\/cst.cat\/es\/estado-de-las-obras-de-los-aparcamientos-del-hospital-universitari-de-terrassa\/","og_site_name":"CST","article_published_time":"2025-10-07T12:13:26+00:00","article_modified_time":"2025-10-08T12:08:10+00:00","og_image":[{"width":1366,"height":911,"url":"https:\/\/cst.cat\/wp-content\/uploads\/2025\/10\/Canva-aparcaments-1366x911.png","type":"image\/png"}],"author":"Begonya Masdefiol Aldeano","twitter_card":"summary_large_image","twitter_misc":{"Escrito por":"Begonya Masdefiol Aldeano","Tiempo de lectura":"1 minuto"},"schema":{"@context":"https:\/\/schema.org","@graph":[{"@type":"Article","@id":"https:\/\/cst.cat\/es\/estado-de-las-obras-de-los-aparcamientos-del-hospital-universitari-de-terrassa\/#article","isPartOf":{"@id":"https:\/\/cst.cat\/es\/estado-de-las-obras-de-los-aparcamientos-del-hospital-universitari-de-terrassa\/"},"author":{"name":"Begonya Masdefiol Aldeano","@id":"https:\/\/cst.cat\/es\/#\/schema\/person\/9ad38488941d074942f634a379b10b61"},"headline":"Estado de las obras de los aparcamientos del Hospital Universitari de Terrassa","datePublished":"2025-10-07T12:13:26+00:00","dateModified":"2025-10-08T12:08:10+00:00","mainEntityOfPage":{"@id":"https:\/\/cst.cat\/es\/estado-de-las-obras-de-los-aparcamientos-del-hospital-universitari-de-terrassa\/"},"wordCount":275,"commentCount":0,"publisher":{"@id":"https:\/\/cst.cat\/es\/#organization"},"image":{"@id":"https:\/\/cst.cat\/es\/estado-de-las-obras-de-los-aparcamientos-del-hospital-universitari-de-terrassa\/#primaryimage"},"thumbnailUrl":"https:\/\/cst.cat\/wp-content\/uploads\/2025\/10\/Canva-aparcaments.png","keywords":["CST","obras parking","Hospital Universitario de Terrassa"],"articleSection":["CST","Hospital Universitario de Terrassa"],"inLanguage":"es","potentialAction":[{"@type":"CommentAction","name":"Comment","target":["https:\/\/cst.cat\/es\/estado-de-las-obras-de-los-aparcamientos-del-hospital-universitari-de-terrassa\/#respond"]}]},{"@type":"WebPage","@id":"https:\/\/cst.cat\/es\/estado-de-las-obras-de-los-aparcamientos-del-hospital-universitari-de-terrassa\/","url":"https:\/\/cst.cat\/es\/estado-de-las-obras-de-los-aparcamientos-del-hospital-universitari-de-terrassa\/","name":"Estado de las obras de los aparcamientos del Hospital Universitari de Terrassa - CST","isPartOf":{"@id":"https:\/\/cst.cat\/es\/#website"},"primaryImageOfPage":{"@id":"https:\/\/cst.cat\/es\/estado-de-las-obras-de-los-aparcamientos-del-hospital-universitari-de-terrassa\/#primaryimage"},"image":{"@id":"https:\/\/cst.cat\/es\/estado-de-las-obras-de-los-aparcamientos-del-hospital-universitari-de-terrassa\/#primaryimage"},"thumbnailUrl":"https:\/\/cst.cat\/wp-content\/uploads\/2025\/10\/Canva-aparcaments.png","datePublished":"2025-10-07T12:13:26+00:00","dateModified":"2025-10-08T12:08:10+00:00","breadcrumb":{"@id":"https:\/\/cst.cat\/es\/estado-de-las-obras-de-los-aparcamientos-del-hospital-universitari-de-terrassa\/#breadcrumb"},"inLanguage":"es","potentialAction":[{"@type":"ReadAction","target":["https:\/\/cst.cat\/es\/estado-de-las-obras-de-los-aparcamientos-del-hospital-universitari-de-terrassa\/"]}]},{"@type":"ImageObject","inLanguage":"es","@id":"https:\/\/cst.cat\/es\/estado-de-las-obras-de-los-aparcamientos-del-hospital-universitari-de-terrassa\/#primaryimage","url":"https:\/\/cst.cat\/wp-content\/uploads\/2025\/10\/Canva-aparcaments.png","contentUrl":"https:\/\/cst.cat\/wp-content\/uploads\/2025\/10\/Canva-aparcaments.png","width":1960,"height":1307},{"@type":"BreadcrumbList","@id":"https:\/\/cst.cat\/es\/estado-de-las-obras-de-los-aparcamientos-del-hospital-universitari-de-terrassa\/#breadcrumb","itemListElement":[{"@type":"ListItem","position":1,"name":"Inici","item":"https:\/\/cst.cat\/es\/"},{"@type":"ListItem","position":2,"name":"Estado de las obras de los aparcamientos del Hospital Universitari de Terrassa"}]},{"@type":"WebSite","@id":"https:\/\/cst.cat\/es\/#website","url":"https:\/\/cst.cat\/es\/","name":"CST","description":"","publisher":{"@id":"https:\/\/cst.cat\/es\/#organization"},"potentialAction":[{"@type":"SearchAction","target":{"@type":"EntryPoint","urlTemplate":"https:\/\/cst.cat\/es\/?s={search_term_string}"},"query-input":{"@type":"PropertyValueSpecification","valueRequired":true,"valueName":"search_term_string"}}],"inLanguage":"es"},{"@type":"Organization","@id":"https:\/\/cst.cat\/es\/#organization","name":"Consorci Sanitari de Terrassa","url":"https:\/\/cst.cat\/es\/","logo":{"@type":"ImageObject","inLanguage":"es","@id":"https:\/\/cst.cat\/es\/#\/schema\/logo\/image\/","url":"https:\/\/cst.cat\/wp-content\/uploads\/2021\/09\/logo-header.svg","contentUrl":"https:\/\/cst.cat\/wp-content\/uploads\/2021\/09\/logo-header.svg","width":90,"height":32,"caption":"Consorci Sanitari de Terrassa"},"image":{"@id":"https:\/\/cst.cat\/es\/#\/schema\/logo\/image\/"}},{"@type":"Person","@id":"https:\/\/cst.cat\/es\/#\/schema\/person\/9ad38488941d074942f634a379b10b61","name":"Begonya Masdefiol Aldeano","image":{"@type":"ImageObject","inLanguage":"es","@id":"https:\/\/secure.gravatar.com\/avatar\/55d9a13ea177910ebc84397c02ab424383ffb62af7fcd298a6b6747783aeb9d0?s=96&d=mm&r=g","url":"https:\/\/secure.gravatar.com\/avatar\/55d9a13ea177910ebc84397c02ab424383ffb62af7fcd298a6b6747783aeb9d0?s=96&d=mm&r=g","contentUrl":"https:\/\/secure.gravatar.com\/avatar\/55d9a13ea177910ebc84397c02ab424383ffb62af7fcd298a6b6747783aeb9d0?s=96&d=mm&r=g","caption":"Begonya Masdefiol Aldeano"},"url":"https:\/\/cst.cat\/es\/author\/bmasdefiol\/"}]}},"_links":{"self":[{"href":"https:\/\/cst.cat\/es\/wp-json\/wp\/v2\/posts\/32588","targetHints":{"allow":["GET"]}}],"collection":[{"href":"https:\/\/cst.cat\/es\/wp-json\/wp\/v2\/posts"}],"about":[{"href":"https:\/\/cst.cat\/es\/wp-json\/wp\/v2\/types\/post"}],"author":[{"embeddable":true,"href":"https:\/\/cst.cat\/es\/wp-json\/wp\/v2\/users\/8"}],"replies":[{"embeddable":true,"href":"https:\/\/cst.cat\/es\/wp-json\/wp\/v2\/comments?post=32588"}],"version-history":[{"count":0,"href":"https:\/\/cst.cat\/es\/wp-json\/wp\/v2\/posts\/32588\/revisions"}],"wp:featuredmedia":[{"embeddable":true,"href":"https:\/\/cst.cat\/es\/wp-json\/wp\/v2\/media\/32586"}],"wp:attachment":[{"href":"https:\/\/cst.cat\/es\/wp-json\/wp\/v2\/media?parent=32588"}],"wp:term":[{"taxonomy":"category","embeddable":true,"href":"https:\/\/cst.cat\/es\/wp-json\/wp\/v2\/categories?post=32588"},{"taxonomy":"post_tag","embeddable":true,"href":"https:\/\/cst.cat\/es\/wp-json\/wp\/v2\/tags?post=32588"}],"curies":[{"name":"wp","href":"https:\/\/api.w.org\/{rel}","templated":true}]}}