{"id":32881,"date":"2025-10-28T14:25:50","date_gmt":"2025-10-28T13:25:50","guid":{"rendered":"https:\/\/cst.cat\/el-cst-participa-en-el-relanzamiento-del-programa-nacidos-para-leer-destinado-a-fomentar-la-lectura-entre-los-ninos-de-0-a-3-anos\/"},"modified":"2025-10-28T14:25:51","modified_gmt":"2025-10-28T13:25:51","slug":"el-cst-participa-en-el-relanzamiento-del-programa-nacidos-para-leer-destinado-a-fomentar-la-lectura-entre-los-ninos-de-0-a-3-anos","status":"publish","type":"post","link":"https:\/\/cst.cat\/es\/el-cst-participa-en-el-relanzamiento-del-programa-nacidos-para-leer-destinado-a-fomentar-la-lectura-entre-los-ninos-de-0-a-3-anos\/","title":{"rendered":"El CST participa en el relanzamiento del programa &#8216;Nacidos para leer&#8217;, destinado a fomentar la lectura entre los ni\u00f1os de 0 a 3 a\u00f1os"},"content":{"rendered":"\n<div class=\"wp-block-columns is-layout-flex wp-container-core-columns-is-layout-9d6595d7 wp-block-columns-is-layout-flex\">\n<div class=\"wp-block-column acces-lft is-layout-flow wp-block-column-is-layout-flow\" style=\"flex-basis:30%\">\n<figure class=\"wp-block-image size-large\"><img loading=\"lazy\" decoding=\"async\" width=\"1366\" height=\"911\" src=\"https:\/\/cst.cat\/wp-content\/uploads\/2025\/10\/Canva-nascuts-per-llegir-1366x911.png\" alt=\"\" class=\"wp-image-32878\" srcset=\"https:\/\/cst.cat\/wp-content\/uploads\/2025\/10\/Canva-nascuts-per-llegir-1366x911.png 1366w, https:\/\/cst.cat\/wp-content\/uploads\/2025\/10\/Canva-nascuts-per-llegir-600x400.png 600w, https:\/\/cst.cat\/wp-content\/uploads\/2025\/10\/Canva-nascuts-per-llegir-300x200.png 300w, https:\/\/cst.cat\/wp-content\/uploads\/2025\/10\/Canva-nascuts-per-llegir-768x512.png 768w, https:\/\/cst.cat\/wp-content\/uploads\/2025\/10\/Canva-nascuts-per-llegir-1536x1024.png 1536w, https:\/\/cst.cat\/wp-content\/uploads\/2025\/10\/Canva-nascuts-per-llegir.png 1960w\" sizes=\"auto, (max-width: 1366px) 100vw, 1366px\" \/><\/figure><\/div>\n\n\n\n<div class=\"wp-block-column acces-rgt is-layout-flow wp-block-column-is-layout-flow\" style=\"flex-basis:70%\">\n<h2 class=\"wp-block-heading\"><strong>La directora del CAP Terrassa Nord, Mar\u00eda Jos\u00e9 Cort\u00e9s, comparte la experiencia del CST en el marco de las jornadas <em>Healing Arts<\/em><\/strong> .<\/h2>\n\n\n\n<p>El Consorcio Sanitario de Terrassa (CST) ha participado en la presentaci\u00f3n oficial del nuevo despliegue del programa \u00abNacidos por Leer\u00bb, que tendr\u00e1 lugar en el a\u00f1o 2026 y que prev\u00e9 la implicaci\u00f3n de m\u00e1s de una cincuentena de centros de atenci\u00f3n primaria y setenta bibliotecas p\u00fablicas de Catalu\u00f1a.<\/p>\n\n\n\n<p>El acto, celebrado el pasado 23 de octubre en el Auditorio de la Biblioteca Jaume Fuster de Barcelona, \u200b\u200btuvo lugar en el marco de las jornadas <em>Healing Arts<\/em> , impulsadas por los departamentos de Cultura, Salud, y Educaci\u00f3n y Formaci\u00f3n Profesional de la Generalitat de Catalunya.<\/p>\n\n\n\n<p>Mar\u00eda Jos\u00e9 Cort\u00e9s, directora del CAP Terrassa Nord del CST, intervino en la sesi\u00f3n dedicada a los casos pr\u00e1cticos, compartiendo la experiencia y el compromiso del CST con la promoci\u00f3n de la lectura en la primera infancia como herramienta de salud comunitaria.<\/p>\n\n\n\n<p>Cort\u00e9s pidi\u00f3 \u00abnunca subestimar el poder de un libro\u00bb, y reclam\u00f3 que dentro de la consulta se recete tambi\u00e9n \u00ablectura, pero especialmente lectura en familia.\u00bb<\/p>\n\n\n\n<p>\u201cNacidos por Leer\u201d tiene como objetivo introducir la lectura en ni\u00f1os de 0 a 3 a\u00f1os, promoviendo especialmente la lectura en voz alta como v\u00eda para favorecer la interacci\u00f3n afectiva y el desarrollo del lenguaje. Esta nueva edici\u00f3n del programa prev\u00e9 la creaci\u00f3n de materiales espec\u00edficos, actividades familiares y una plataforma de contenidos en la Escola de Salut Catalana, para acompa\u00f1ar a las familias en el proceso lector. <\/p>\n\n\n\n<p>Con esta participaci\u00f3n, el CST reafirma su implicaci\u00f3n en la promoci\u00f3n de la salud desde una perspectiva integral y comunitaria, y apuesta por iniciativas que contribuyen al bienestar infantil m\u00e1s all\u00e1 del \u00e1mbito cl\u00ednico.<\/p>\n<\/div>\n<\/div>\n","protected":false},"excerpt":{"rendered":"<p>La directora del CAP Terrassa Nord, Mar\u00eda Jos\u00e9 Cort\u00e9s, comparte la experiencia del CST en el marco de las jornadas Healing Arts . El Consorcio Sanitario de Terrassa (CST) ha participado en la presentaci\u00f3n oficial del nuevo despliegue del programa \u00abNacidos por Leer\u00bb, que tendr\u00e1 lugar en el a\u00f1o 2026 y que prev\u00e9 la implicaci\u00f3n [&hellip;]<\/p>\n","protected":false},"author":8,"featured_media":32879,"comment_status":"open","ping_status":"open","sticky":false,"template":"","format":"standard","meta":{"_acf_changed":false,"footnotes":""},"categories":[181],"tags":[409],"class_list":["post-32881","post","type-post","status-publish","format-standard","has-post-thumbnail","hentry","category-cst-es","tag-cst-es"],"acf":[],"yoast_head":"<!-- This site is optimized with the Yoast SEO plugin v27.2 - https:\/\/yoast.com\/product\/yoast-seo-wordpress\/ -->\n<title>El CST participa en el relanzamiento del programa &#039;Nacidos para leer&#039;, destinado a fomentar la lectura entre los ni\u00f1os de 0 a 3 a\u00f1os - CST<\/title>\n<meta name=\"robots\" content=\"index, follow, max-snippet:-1, max-image-preview:large, max-video-preview:-1\" \/>\n<link rel=\"canonical\" href=\"https:\/\/cst.cat\/es\/el-cst-participa-en-el-relanzamiento-del-programa-nacidos-para-leer-destinado-a-fomentar-la-lectura-entre-los-ninos-de-0-a-3-anos\/\" \/>\n<meta property=\"og:locale\" content=\"es_ES\" \/>\n<meta property=\"og:type\" content=\"article\" \/>\n<meta property=\"og:title\" content=\"El CST participa en el relanzamiento del programa &#039;Nacidos para leer&#039;, destinado a fomentar la lectura entre los ni\u00f1os de 0 a 3 a\u00f1os - CST\" \/>\n<meta property=\"og:description\" content=\"La directora del CAP Terrassa Nord, Mar\u00eda Jos\u00e9 Cort\u00e9s, comparte la experiencia del CST en el marco de las jornadas Healing Arts . El Consorcio Sanitario de Terrassa (CST) ha participado en la presentaci\u00f3n oficial del nuevo despliegue del programa \u00abNacidos por Leer\u00bb, que tendr\u00e1 lugar en el a\u00f1o 2026 y que prev\u00e9 la implicaci\u00f3n [&hellip;]\" \/>\n<meta property=\"og:url\" content=\"https:\/\/cst.cat\/es\/el-cst-participa-en-el-relanzamiento-del-programa-nacidos-para-leer-destinado-a-fomentar-la-lectura-entre-los-ninos-de-0-a-3-anos\/\" \/>\n<meta property=\"og:site_name\" content=\"CST\" \/>\n<meta property=\"article:published_time\" content=\"2025-10-28T13:25:50+00:00\" \/>\n<meta property=\"article:modified_time\" content=\"2025-10-28T13:25:51+00:00\" \/>\n<meta property=\"og:image\" content=\"https:\/\/cst.cat\/wp-content\/uploads\/2025\/10\/Canva-nascuts-per-llegir-1366x911.png\" \/>\n\t<meta property=\"og:image:width\" content=\"1366\" \/>\n\t<meta property=\"og:image:height\" content=\"911\" \/>\n\t<meta property=\"og:image:type\" content=\"image\/png\" \/>\n<meta name=\"author\" content=\"Begonya Masdefiol Aldeano\" \/>\n<meta name=\"twitter:card\" content=\"summary_large_image\" \/>\n<meta name=\"twitter:label1\" content=\"Escrito por\" \/>\n\t<meta name=\"twitter:data1\" content=\"Begonya Masdefiol Aldeano\" \/>\n\t<meta name=\"twitter:label2\" content=\"Tiempo de lectura\" \/>\n\t<meta name=\"twitter:data2\" content=\"2 minutos\" \/>\n<script type=\"application\/ld+json\" class=\"yoast-schema-graph\">{\"@context\":\"https:\/\/schema.org\",\"@graph\":[{\"@type\":\"Article\",\"@id\":\"https:\/\/cst.cat\/es\/el-cst-participa-en-el-relanzamiento-del-programa-nacidos-para-leer-destinado-a-fomentar-la-lectura-entre-los-ninos-de-0-a-3-anos\/#article\",\"isPartOf\":{\"@id\":\"https:\/\/cst.cat\/es\/el-cst-participa-en-el-relanzamiento-del-programa-nacidos-para-leer-destinado-a-fomentar-la-lectura-entre-los-ninos-de-0-a-3-anos\/\"},\"author\":{\"name\":\"Begonya Masdefiol Aldeano\",\"@id\":\"https:\/\/cst.cat\/es\/#\/schema\/person\/9ad38488941d074942f634a379b10b61\"},\"headline\":\"El CST participa en el relanzamiento del programa &#8216;Nacidos para leer&#8217;, destinado a fomentar la lectura entre los ni\u00f1os de 0 a 3 a\u00f1os\",\"datePublished\":\"2025-10-28T13:25:50+00:00\",\"dateModified\":\"2025-10-28T13:25:51+00:00\",\"mainEntityOfPage\":{\"@id\":\"https:\/\/cst.cat\/es\/el-cst-participa-en-el-relanzamiento-del-programa-nacidos-para-leer-destinado-a-fomentar-la-lectura-entre-los-ninos-de-0-a-3-anos\/\"},\"wordCount\":335,\"commentCount\":0,\"publisher\":{\"@id\":\"https:\/\/cst.cat\/es\/#organization\"},\"image\":{\"@id\":\"https:\/\/cst.cat\/es\/el-cst-participa-en-el-relanzamiento-del-programa-nacidos-para-leer-destinado-a-fomentar-la-lectura-entre-los-ninos-de-0-a-3-anos\/#primaryimage\"},\"thumbnailUrl\":\"https:\/\/cst.cat\/wp-content\/uploads\/2025\/10\/Canva-nascuts-per-llegir.png\",\"keywords\":[\"CST\"],\"articleSection\":[\"CST\"],\"inLanguage\":\"es\",\"potentialAction\":[{\"@type\":\"CommentAction\",\"name\":\"Comment\",\"target\":[\"https:\/\/cst.cat\/es\/el-cst-participa-en-el-relanzamiento-del-programa-nacidos-para-leer-destinado-a-fomentar-la-lectura-entre-los-ninos-de-0-a-3-anos\/#respond\"]}]},{\"@type\":\"WebPage\",\"@id\":\"https:\/\/cst.cat\/es\/el-cst-participa-en-el-relanzamiento-del-programa-nacidos-para-leer-destinado-a-fomentar-la-lectura-entre-los-ninos-de-0-a-3-anos\/\",\"url\":\"https:\/\/cst.cat\/es\/el-cst-participa-en-el-relanzamiento-del-programa-nacidos-para-leer-destinado-a-fomentar-la-lectura-entre-los-ninos-de-0-a-3-anos\/\",\"name\":\"El CST participa en el relanzamiento del programa 'Nacidos para leer', destinado a fomentar la lectura entre los ni\u00f1os de 0 a 3 a\u00f1os - CST\",\"isPartOf\":{\"@id\":\"https:\/\/cst.cat\/es\/#website\"},\"primaryImageOfPage\":{\"@id\":\"https:\/\/cst.cat\/es\/el-cst-participa-en-el-relanzamiento-del-programa-nacidos-para-leer-destinado-a-fomentar-la-lectura-entre-los-ninos-de-0-a-3-anos\/#primaryimage\"},\"image\":{\"@id\":\"https:\/\/cst.cat\/es\/el-cst-participa-en-el-relanzamiento-del-programa-nacidos-para-leer-destinado-a-fomentar-la-lectura-entre-los-ninos-de-0-a-3-anos\/#primaryimage\"},\"thumbnailUrl\":\"https:\/\/cst.cat\/wp-content\/uploads\/2025\/10\/Canva-nascuts-per-llegir.png\",\"datePublished\":\"2025-10-28T13:25:50+00:00\",\"dateModified\":\"2025-10-28T13:25:51+00:00\",\"breadcrumb\":{\"@id\":\"https:\/\/cst.cat\/es\/el-cst-participa-en-el-relanzamiento-del-programa-nacidos-para-leer-destinado-a-fomentar-la-lectura-entre-los-ninos-de-0-a-3-anos\/#breadcrumb\"},\"inLanguage\":\"es\",\"potentialAction\":[{\"@type\":\"ReadAction\",\"target\":[\"https:\/\/cst.cat\/es\/el-cst-participa-en-el-relanzamiento-del-programa-nacidos-para-leer-destinado-a-fomentar-la-lectura-entre-los-ninos-de-0-a-3-anos\/\"]}]},{\"@type\":\"ImageObject\",\"inLanguage\":\"es\",\"@id\":\"https:\/\/cst.cat\/es\/el-cst-participa-en-el-relanzamiento-del-programa-nacidos-para-leer-destinado-a-fomentar-la-lectura-entre-los-ninos-de-0-a-3-anos\/#primaryimage\",\"url\":\"https:\/\/cst.cat\/wp-content\/uploads\/2025\/10\/Canva-nascuts-per-llegir.png\",\"contentUrl\":\"https:\/\/cst.cat\/wp-content\/uploads\/2025\/10\/Canva-nascuts-per-llegir.png\",\"width\":1960,\"height\":1307},{\"@type\":\"BreadcrumbList\",\"@id\":\"https:\/\/cst.cat\/es\/el-cst-participa-en-el-relanzamiento-del-programa-nacidos-para-leer-destinado-a-fomentar-la-lectura-entre-los-ninos-de-0-a-3-anos\/#breadcrumb\",\"itemListElement\":[{\"@type\":\"ListItem\",\"position\":1,\"name\":\"Inici\",\"item\":\"https:\/\/cst.cat\/es\/\"},{\"@type\":\"ListItem\",\"position\":2,\"name\":\"El CST participa en el relanzamiento del programa &#8216;Nacidos para leer&#8217;, destinado a fomentar la lectura entre los ni\u00f1os de 0 a 3 a\u00f1os\"}]},{\"@type\":\"WebSite\",\"@id\":\"https:\/\/cst.cat\/es\/#website\",\"url\":\"https:\/\/cst.cat\/es\/\",\"name\":\"CST\",\"description\":\"\",\"publisher\":{\"@id\":\"https:\/\/cst.cat\/es\/#organization\"},\"potentialAction\":[{\"@type\":\"SearchAction\",\"target\":{\"@type\":\"EntryPoint\",\"urlTemplate\":\"https:\/\/cst.cat\/es\/?s={search_term_string}\"},\"query-input\":{\"@type\":\"PropertyValueSpecification\",\"valueRequired\":true,\"valueName\":\"search_term_string\"}}],\"inLanguage\":\"es\"},{\"@type\":\"Organization\",\"@id\":\"https:\/\/cst.cat\/es\/#organization\",\"name\":\"Consorci Sanitari de Terrassa\",\"url\":\"https:\/\/cst.cat\/es\/\",\"logo\":{\"@type\":\"ImageObject\",\"inLanguage\":\"es\",\"@id\":\"https:\/\/cst.cat\/es\/#\/schema\/logo\/image\/\",\"url\":\"https:\/\/cst.cat\/wp-content\/uploads\/2021\/09\/logo-header.svg\",\"contentUrl\":\"https:\/\/cst.cat\/wp-content\/uploads\/2021\/09\/logo-header.svg\",\"width\":90,\"height\":32,\"caption\":\"Consorci Sanitari de Terrassa\"},\"image\":{\"@id\":\"https:\/\/cst.cat\/es\/#\/schema\/logo\/image\/\"}},{\"@type\":\"Person\",\"@id\":\"https:\/\/cst.cat\/es\/#\/schema\/person\/9ad38488941d074942f634a379b10b61\",\"name\":\"Begonya Masdefiol Aldeano\",\"image\":{\"@type\":\"ImageObject\",\"inLanguage\":\"es\",\"@id\":\"https:\/\/secure.gravatar.com\/avatar\/55d9a13ea177910ebc84397c02ab424383ffb62af7fcd298a6b6747783aeb9d0?s=96&d=mm&r=g\",\"url\":\"https:\/\/secure.gravatar.com\/avatar\/55d9a13ea177910ebc84397c02ab424383ffb62af7fcd298a6b6747783aeb9d0?s=96&d=mm&r=g\",\"contentUrl\":\"https:\/\/secure.gravatar.com\/avatar\/55d9a13ea177910ebc84397c02ab424383ffb62af7fcd298a6b6747783aeb9d0?s=96&d=mm&r=g\",\"caption\":\"Begonya Masdefiol Aldeano\"},\"url\":\"https:\/\/cst.cat\/es\/author\/bmasdefiol\/\"}]}<\/script>\n<!-- \/ Yoast SEO plugin. -->","yoast_head_json":{"title":"El CST participa en el relanzamiento del programa 'Nacidos para leer', destinado a fomentar la lectura entre los ni\u00f1os de 0 a 3 a\u00f1os - CST","robots":{"index":"index","follow":"follow","max-snippet":"max-snippet:-1","max-image-preview":"max-image-preview:large","max-video-preview":"max-video-preview:-1"},"canonical":"https:\/\/cst.cat\/es\/el-cst-participa-en-el-relanzamiento-del-programa-nacidos-para-leer-destinado-a-fomentar-la-lectura-entre-los-ninos-de-0-a-3-anos\/","og_locale":"es_ES","og_type":"article","og_title":"El CST participa en el relanzamiento del programa 'Nacidos para leer', destinado a fomentar la lectura entre los ni\u00f1os de 0 a 3 a\u00f1os - CST","og_description":"La directora del CAP Terrassa Nord, Mar\u00eda Jos\u00e9 Cort\u00e9s, comparte la experiencia del CST en el marco de las jornadas Healing Arts . El Consorcio Sanitario de Terrassa (CST) ha participado en la presentaci\u00f3n oficial del nuevo despliegue del programa \u00abNacidos por Leer\u00bb, que tendr\u00e1 lugar en el a\u00f1o 2026 y que prev\u00e9 la implicaci\u00f3n [&hellip;]","og_url":"https:\/\/cst.cat\/es\/el-cst-participa-en-el-relanzamiento-del-programa-nacidos-para-leer-destinado-a-fomentar-la-lectura-entre-los-ninos-de-0-a-3-anos\/","og_site_name":"CST","article_published_time":"2025-10-28T13:25:50+00:00","article_modified_time":"2025-10-28T13:25:51+00:00","og_image":[{"width":1366,"height":911,"url":"https:\/\/cst.cat\/wp-content\/uploads\/2025\/10\/Canva-nascuts-per-llegir-1366x911.png","type":"image\/png"}],"author":"Begonya Masdefiol Aldeano","twitter_card":"summary_large_image","twitter_misc":{"Escrito por":"Begonya Masdefiol Aldeano","Tiempo de lectura":"2 minutos"},"schema":{"@context":"https:\/\/schema.org","@graph":[{"@type":"Article","@id":"https:\/\/cst.cat\/es\/el-cst-participa-en-el-relanzamiento-del-programa-nacidos-para-leer-destinado-a-fomentar-la-lectura-entre-los-ninos-de-0-a-3-anos\/#article","isPartOf":{"@id":"https:\/\/cst.cat\/es\/el-cst-participa-en-el-relanzamiento-del-programa-nacidos-para-leer-destinado-a-fomentar-la-lectura-entre-los-ninos-de-0-a-3-anos\/"},"author":{"name":"Begonya Masdefiol Aldeano","@id":"https:\/\/cst.cat\/es\/#\/schema\/person\/9ad38488941d074942f634a379b10b61"},"headline":"El CST participa en el relanzamiento del programa &#8216;Nacidos para leer&#8217;, destinado a fomentar la lectura entre los ni\u00f1os de 0 a 3 a\u00f1os","datePublished":"2025-10-28T13:25:50+00:00","dateModified":"2025-10-28T13:25:51+00:00","mainEntityOfPage":{"@id":"https:\/\/cst.cat\/es\/el-cst-participa-en-el-relanzamiento-del-programa-nacidos-para-leer-destinado-a-fomentar-la-lectura-entre-los-ninos-de-0-a-3-anos\/"},"wordCount":335,"commentCount":0,"publisher":{"@id":"https:\/\/cst.cat\/es\/#organization"},"image":{"@id":"https:\/\/cst.cat\/es\/el-cst-participa-en-el-relanzamiento-del-programa-nacidos-para-leer-destinado-a-fomentar-la-lectura-entre-los-ninos-de-0-a-3-anos\/#primaryimage"},"thumbnailUrl":"https:\/\/cst.cat\/wp-content\/uploads\/2025\/10\/Canva-nascuts-per-llegir.png","keywords":["CST"],"articleSection":["CST"],"inLanguage":"es","potentialAction":[{"@type":"CommentAction","name":"Comment","target":["https:\/\/cst.cat\/es\/el-cst-participa-en-el-relanzamiento-del-programa-nacidos-para-leer-destinado-a-fomentar-la-lectura-entre-los-ninos-de-0-a-3-anos\/#respond"]}]},{"@type":"WebPage","@id":"https:\/\/cst.cat\/es\/el-cst-participa-en-el-relanzamiento-del-programa-nacidos-para-leer-destinado-a-fomentar-la-lectura-entre-los-ninos-de-0-a-3-anos\/","url":"https:\/\/cst.cat\/es\/el-cst-participa-en-el-relanzamiento-del-programa-nacidos-para-leer-destinado-a-fomentar-la-lectura-entre-los-ninos-de-0-a-3-anos\/","name":"El CST participa en el relanzamiento del programa 'Nacidos para leer', destinado a fomentar la lectura entre los ni\u00f1os de 0 a 3 a\u00f1os - CST","isPartOf":{"@id":"https:\/\/cst.cat\/es\/#website"},"primaryImageOfPage":{"@id":"https:\/\/cst.cat\/es\/el-cst-participa-en-el-relanzamiento-del-programa-nacidos-para-leer-destinado-a-fomentar-la-lectura-entre-los-ninos-de-0-a-3-anos\/#primaryimage"},"image":{"@id":"https:\/\/cst.cat\/es\/el-cst-participa-en-el-relanzamiento-del-programa-nacidos-para-leer-destinado-a-fomentar-la-lectura-entre-los-ninos-de-0-a-3-anos\/#primaryimage"},"thumbnailUrl":"https:\/\/cst.cat\/wp-content\/uploads\/2025\/10\/Canva-nascuts-per-llegir.png","datePublished":"2025-10-28T13:25:50+00:00","dateModified":"2025-10-28T13:25:51+00:00","breadcrumb":{"@id":"https:\/\/cst.cat\/es\/el-cst-participa-en-el-relanzamiento-del-programa-nacidos-para-leer-destinado-a-fomentar-la-lectura-entre-los-ninos-de-0-a-3-anos\/#breadcrumb"},"inLanguage":"es","potentialAction":[{"@type":"ReadAction","target":["https:\/\/cst.cat\/es\/el-cst-participa-en-el-relanzamiento-del-programa-nacidos-para-leer-destinado-a-fomentar-la-lectura-entre-los-ninos-de-0-a-3-anos\/"]}]},{"@type":"ImageObject","inLanguage":"es","@id":"https:\/\/cst.cat\/es\/el-cst-participa-en-el-relanzamiento-del-programa-nacidos-para-leer-destinado-a-fomentar-la-lectura-entre-los-ninos-de-0-a-3-anos\/#primaryimage","url":"https:\/\/cst.cat\/wp-content\/uploads\/2025\/10\/Canva-nascuts-per-llegir.png","contentUrl":"https:\/\/cst.cat\/wp-content\/uploads\/2025\/10\/Canva-nascuts-per-llegir.png","width":1960,"height":1307},{"@type":"BreadcrumbList","@id":"https:\/\/cst.cat\/es\/el-cst-participa-en-el-relanzamiento-del-programa-nacidos-para-leer-destinado-a-fomentar-la-lectura-entre-los-ninos-de-0-a-3-anos\/#breadcrumb","itemListElement":[{"@type":"ListItem","position":1,"name":"Inici","item":"https:\/\/cst.cat\/es\/"},{"@type":"ListItem","position":2,"name":"El CST participa en el relanzamiento del programa &#8216;Nacidos para leer&#8217;, destinado a fomentar la lectura entre los ni\u00f1os de 0 a 3 a\u00f1os"}]},{"@type":"WebSite","@id":"https:\/\/cst.cat\/es\/#website","url":"https:\/\/cst.cat\/es\/","name":"CST","description":"","publisher":{"@id":"https:\/\/cst.cat\/es\/#organization"},"potentialAction":[{"@type":"SearchAction","target":{"@type":"EntryPoint","urlTemplate":"https:\/\/cst.cat\/es\/?s={search_term_string}"},"query-input":{"@type":"PropertyValueSpecification","valueRequired":true,"valueName":"search_term_string"}}],"inLanguage":"es"},{"@type":"Organization","@id":"https:\/\/cst.cat\/es\/#organization","name":"Consorci Sanitari de Terrassa","url":"https:\/\/cst.cat\/es\/","logo":{"@type":"ImageObject","inLanguage":"es","@id":"https:\/\/cst.cat\/es\/#\/schema\/logo\/image\/","url":"https:\/\/cst.cat\/wp-content\/uploads\/2021\/09\/logo-header.svg","contentUrl":"https:\/\/cst.cat\/wp-content\/uploads\/2021\/09\/logo-header.svg","width":90,"height":32,"caption":"Consorci Sanitari de Terrassa"},"image":{"@id":"https:\/\/cst.cat\/es\/#\/schema\/logo\/image\/"}},{"@type":"Person","@id":"https:\/\/cst.cat\/es\/#\/schema\/person\/9ad38488941d074942f634a379b10b61","name":"Begonya Masdefiol Aldeano","image":{"@type":"ImageObject","inLanguage":"es","@id":"https:\/\/secure.gravatar.com\/avatar\/55d9a13ea177910ebc84397c02ab424383ffb62af7fcd298a6b6747783aeb9d0?s=96&d=mm&r=g","url":"https:\/\/secure.gravatar.com\/avatar\/55d9a13ea177910ebc84397c02ab424383ffb62af7fcd298a6b6747783aeb9d0?s=96&d=mm&r=g","contentUrl":"https:\/\/secure.gravatar.com\/avatar\/55d9a13ea177910ebc84397c02ab424383ffb62af7fcd298a6b6747783aeb9d0?s=96&d=mm&r=g","caption":"Begonya Masdefiol Aldeano"},"url":"https:\/\/cst.cat\/es\/author\/bmasdefiol\/"}]}},"_links":{"self":[{"href":"https:\/\/cst.cat\/es\/wp-json\/wp\/v2\/posts\/32881","targetHints":{"allow":["GET"]}}],"collection":[{"href":"https:\/\/cst.cat\/es\/wp-json\/wp\/v2\/posts"}],"about":[{"href":"https:\/\/cst.cat\/es\/wp-json\/wp\/v2\/types\/post"}],"author":[{"embeddable":true,"href":"https:\/\/cst.cat\/es\/wp-json\/wp\/v2\/users\/8"}],"replies":[{"embeddable":true,"href":"https:\/\/cst.cat\/es\/wp-json\/wp\/v2\/comments?post=32881"}],"version-history":[{"count":0,"href":"https:\/\/cst.cat\/es\/wp-json\/wp\/v2\/posts\/32881\/revisions"}],"wp:featuredmedia":[{"embeddable":true,"href":"https:\/\/cst.cat\/es\/wp-json\/wp\/v2\/media\/32879"}],"wp:attachment":[{"href":"https:\/\/cst.cat\/es\/wp-json\/wp\/v2\/media?parent=32881"}],"wp:term":[{"taxonomy":"category","embeddable":true,"href":"https:\/\/cst.cat\/es\/wp-json\/wp\/v2\/categories?post=32881"},{"taxonomy":"post_tag","embeddable":true,"href":"https:\/\/cst.cat\/es\/wp-json\/wp\/v2\/tags?post=32881"}],"curies":[{"name":"wp","href":"https:\/\/api.w.org\/{rel}","templated":true}]}}