{"id":32911,"date":"2025-10-29T15:27:43","date_gmt":"2025-10-29T14:27:43","guid":{"rendered":"https:\/\/cst.cat\/el-cst-presenta-el-plan-estrategico-2025-2028-hoja-de-ruta-para-articular-la-estrategia-sanitaria-social-docente-y-organizativa\/"},"modified":"2025-10-30T09:29:56","modified_gmt":"2025-10-30T08:29:56","slug":"el-cst-presenta-el-plan-estrategico-2025-2028-hoja-de-ruta-para-articular-la-estrategia-sanitaria-social-docente-y-organizativa","status":"publish","type":"post","link":"https:\/\/cst.cat\/es\/el-cst-presenta-el-plan-estrategico-2025-2028-hoja-de-ruta-para-articular-la-estrategia-sanitaria-social-docente-y-organizativa\/","title":{"rendered":"El CST presenta el Plan Estrat\u00e9gico 2025-2028, hoja de ruta para articular la estrategia sanitaria, social, docente y organizativa"},"content":{"rendered":"\n<div class=\"wp-block-columns is-layout-flex wp-container-core-columns-is-layout-9d6595d7 wp-block-columns-is-layout-flex\">\n<div class=\"wp-block-column acces-lft is-layout-flow wp-block-column-is-layout-flow\" style=\"flex-basis:30%\">\n<figure class=\"wp-block-image size-large\"><img loading=\"lazy\" decoding=\"async\" width=\"1366\" height=\"911\" src=\"https:\/\/cst.cat\/wp-content\/uploads\/2025\/10\/Presentacio-Pla-Estrategic-2025-2028-1366x911.png\" alt=\"\" class=\"wp-image-32902\" srcset=\"https:\/\/cst.cat\/wp-content\/uploads\/2025\/10\/Presentacio-Pla-Estrategic-2025-2028-1366x911.png 1366w, https:\/\/cst.cat\/wp-content\/uploads\/2025\/10\/Presentacio-Pla-Estrategic-2025-2028-600x400.png 600w, https:\/\/cst.cat\/wp-content\/uploads\/2025\/10\/Presentacio-Pla-Estrategic-2025-2028-300x200.png 300w, https:\/\/cst.cat\/wp-content\/uploads\/2025\/10\/Presentacio-Pla-Estrategic-2025-2028-768x512.png 768w, https:\/\/cst.cat\/wp-content\/uploads\/2025\/10\/Presentacio-Pla-Estrategic-2025-2028-1536x1024.png 1536w, https:\/\/cst.cat\/wp-content\/uploads\/2025\/10\/Presentacio-Pla-Estrategic-2025-2028.png 1960w\" sizes=\"auto, (max-width: 1366px) 100vw, 1366px\" \/><\/figure>\n<\/div>\n\n\n\n<div class=\"wp-block-column acces-rgt is-layout-flow wp-block-column-is-layout-flow\" style=\"flex-basis:70%\">\n<h2 class=\"wp-block-heading\">El Consorcio Sanitario de Terrassa (CST) ha presentado este mediod\u00eda el Plan Estrat\u00e9gico 2025-2028, que se convierte en la hoja de ruta para los pr\u00f3ximos cuatro a\u00f1os y debe impulsar al CST a afrontar los nuevos retos que se presentan en un contexto altamente exigente.  <\/h2>\n\n\n\n<p>El Consorcio Sanitario de Terrassa (CST) ha presentado este mediod\u00eda el Plan Estrat\u00e9gico 2025-2028, que se convierte en la hoja de ruta para los pr\u00f3ximos cuatro a\u00f1os y debe permitir al CST afrontar los nuevos retos en un contexto altamente exigente.  <\/p>\n\n\n\n<p>Este Plan Estrat\u00e9gico, aprobado por el Consejo de Gobierno del CST, culmina un proceso participativo en el que se han recogido aportaciones de todos los \u00c1mbitos y Departamentos. M\u00e1s de 300 personas, organizadas en diferentes grupos de trabajo, han participado de forma directa o indirecta. <\/p>\n\n\n\n<p>El compromiso del CST es incentivar el profesionalismo y la participaci\u00f3n, para conseguir la implicaci\u00f3n de los profesionales en los resultados asistenciales, docentes y de investigaci\u00f3n. Tambi\u00e9n implicar a ciudadan\u00eda y pacientes en su autocuidado y en la mejora de los servicios que les proporcionamos. Ser una organizaci\u00f3n socialmente responsable que avanza hacia la neutralidad medioambiental en el conjunto de sus operaciones y ser una organizaci\u00f3n transparente, \u00e9tica y sostenible econ\u00f3micamente.  <\/p>\n\n\n\n<p>Ferran Garcia, director-gerente del CST, ha abierto la jornada de presentaci\u00f3n del Plan Estrat\u00e9gico 2025-2028, que hace un a\u00f1o que se est\u00e1 trabajando, destacando su importancia institucional: \u00abel Plan Estrat\u00e9gico, para cualquier organizaci\u00f3n, es primordial. En un mundo cambiante debes adaptarte. Y el Plan Estrat\u00e9gico debe estar vivo para adaptarse a los nuevos tiempos\u00bb, ha afirmado.<\/p>\n\n\n\n<p>Garc\u00eda tambi\u00e9n ha querido poner de relieve que el Plan Estrat\u00e9gico 2025-2028 ha contado con la participaci\u00f3n no s\u00f3lo de profesionales sanitarios, sino tambi\u00e9n de pacientes y ciudadan\u00eda en general, lo que demuestra que \u00abhay que trabajar con una mirada participativa e integrativa\u00bb.<\/p>\n\n\n\n<p>Durante su intervenci\u00f3n, detall\u00f3 el prop\u00f3sito, los valores \u2014\u00abel ADN del CST\u00bb\u2014 y la visi\u00f3n del Consorcio, que deben funcionar como \u00abla br\u00fajula que debe orientarnos en nuestros objetivos\u00bb. Concluy\u00f3 remarcando la importancia del seguimiento de las acciones previstas y del rendimiento de cuentas. <\/p>\n\n\n\n<p>Por su parte Cristina Roure, directora de Estrategia del CST, ha explicado el concepto creativo que impregna el nuevo Plan: \u00abla V simboliza los valores del CST y tambi\u00e9n nuestra visi\u00f3n\u00bb y ha subrayado que la campa\u00f1a visual se centra en poner \u00abel valor en el centro de nuestra visi\u00f3n, una visi\u00f3n compartida de lo que importa, una escucha activa de las personas y una escucha activa de las personas\u00bb.<\/p>\n\n\n<div class=\"wp-block-image\">\n<figure class=\"aligncenter size-large is-resized\"><img loading=\"lazy\" decoding=\"async\" width=\"1366\" height=\"911\" src=\"https:\/\/cst.cat\/wp-content\/uploads\/2025\/10\/Presentacio-Pla-Estrategic-2025-2028-2-1366x911.png\" alt=\"\" class=\"wp-image-32904\" style=\"aspect-ratio:1.4994511525795828;width:484px;height:auto\" srcset=\"https:\/\/cst.cat\/wp-content\/uploads\/2025\/10\/Presentacio-Pla-Estrategic-2025-2028-2-1366x911.png 1366w, https:\/\/cst.cat\/wp-content\/uploads\/2025\/10\/Presentacio-Pla-Estrategic-2025-2028-2-600x400.png 600w, https:\/\/cst.cat\/wp-content\/uploads\/2025\/10\/Presentacio-Pla-Estrategic-2025-2028-2-300x200.png 300w, https:\/\/cst.cat\/wp-content\/uploads\/2025\/10\/Presentacio-Pla-Estrategic-2025-2028-2-768x512.png 768w, https:\/\/cst.cat\/wp-content\/uploads\/2025\/10\/Presentacio-Pla-Estrategic-2025-2028-2-1536x1024.png 1536w, https:\/\/cst.cat\/wp-content\/uploads\/2025\/10\/Presentacio-Pla-Estrategic-2025-2028-2.png 1960w\" sizes=\"auto, (max-width: 1366px) 100vw, 1366px\" \/><\/figure>\n<\/div>\n\n\n<p><\/p>\n\n\n\n<p>Roure tambi\u00e9n detall\u00f3 el cronograma previsto hasta finales de a\u00f1o, as\u00ed como las l\u00edneas estrat\u00e9gicas y el rendimiento de cuentas anual.<\/p>\n\n\n\n<p>A continuaci\u00f3n ha tenido lugar una mesa redonda en la que se ha expuesto el proceso participativo para la elaboraci\u00f3n de este nuevo Plan Estrat\u00e9gico.<\/p>\n\n\n<div class=\"wp-block-image\">\n<figure class=\"aligncenter size-large is-resized\"><img loading=\"lazy\" decoding=\"async\" width=\"1366\" height=\"911\" src=\"https:\/\/cst.cat\/wp-content\/uploads\/2025\/10\/Taula-Presentacio-Pla-Estrategic-2025-2028-1366x911.png\" alt=\"\" class=\"wp-image-32906\" style=\"aspect-ratio:1.4994511525795828;width:352px;height:auto\" srcset=\"https:\/\/cst.cat\/wp-content\/uploads\/2025\/10\/Taula-Presentacio-Pla-Estrategic-2025-2028-1366x911.png 1366w, https:\/\/cst.cat\/wp-content\/uploads\/2025\/10\/Taula-Presentacio-Pla-Estrategic-2025-2028-600x400.png 600w, https:\/\/cst.cat\/wp-content\/uploads\/2025\/10\/Taula-Presentacio-Pla-Estrategic-2025-2028-300x200.png 300w, https:\/\/cst.cat\/wp-content\/uploads\/2025\/10\/Taula-Presentacio-Pla-Estrategic-2025-2028-768x512.png 768w, https:\/\/cst.cat\/wp-content\/uploads\/2025\/10\/Taula-Presentacio-Pla-Estrategic-2025-2028-1536x1024.png 1536w, https:\/\/cst.cat\/wp-content\/uploads\/2025\/10\/Taula-Presentacio-Pla-Estrategic-2025-2028.png 1960w\" sizes=\"auto, (max-width: 1366px) 100vw, 1366px\" \/><\/figure>\n<\/div>\n\n\n<p><\/p>\n\n\n\n<p>En la mesa, moderada por Elisabet Gonz\u00e1lez, directora de Calidad y Seguridad del Paciente del CST, ha contado con la participaci\u00f3n de Beatriz Garc\u00eda, <em>patient advocate<\/em> de la Asociaci\u00f3n de Pacientes con Enfermedades Minoritarias; Andrea Garc\u00eda, coordinadora de contrataci\u00f3n del departamento de Recursos Humanos y Gesti\u00f3n de Personas del CST; Marc Campayo, jefe de Servicio de Oncolog\u00eda del CST; Laida Rodr\u00edguez, enfermera gestora de casos del UFC CAP Doctor Joan Planas del CST y Elisenda Serra, directora del \u00c1rea de Ciudadan\u00eda, Innovaci\u00f3n y Usuario del Servicio Catal\u00e1n de la Salud y miembro del Consejo de Gobierno del CST. Todos ellos han explicado qu\u00e9 les supuso formar parte del proceso participativo, si han visto materializadas las propuestas que hicieron y lo que esperan de este plan. <\/p>\n\n\n\n<p>La clausura de la jornada ha corrido a cargo de Ferran Garcia, director-gerente del CST y de Candela Calle, gerente de la Regi\u00f3n Sanitaria Barcelona Metropolitana Nord.<\/p>\n\n\n\n<p><strong>Plan Estrat\u00e9gico 2025-2028<\/strong><\/p>\n\n\n\n<p>El nuevo Plan Estrat\u00e9gico se articula en torno a cuatro ejes estrat\u00e9gicos que vertebrar\u00e1n la labor sanitaria, asistencial, docente y de investigaci\u00f3n durante los pr\u00f3ximos cuatro a\u00f1os. Cada uno se despliega en diferentes l\u00edneas y objetivos que permitir\u00e1n llevarlos a la pr\u00e1ctica. <\/p>\n\n\n\n<p><strong>Ciudadan\u00eda y pacientes<\/strong> : Transformar el modelo de relaci\u00f3n con la ciudadan\u00eda y los pacientes. Mejora de la experiencia de las personas atendidas y fomento de su participaci\u00f3n activa. Este eje tiene cuatro l\u00edneas estrat\u00e9gicas y 12 objetivos.  <\/p>\n\n\n\n<p><strong>Profesionales<\/strong> : Impulsar el bienestar, la motivaci\u00f3n, el liderazgo compartido y el desarrollo profesional. Este eje pivota en torno a cinco l\u00edneas estrat\u00e9gicas y 17 objetivos. <\/p>\n\n\n\n<p><strong>Organizaci\u00f3n<\/strong> : Transformaci\u00f3n de la asistencia, digitalizaci\u00f3n, sostenibilidad, eficiencia y cultura de valor. Cuenta con cinco l\u00edneas estrat\u00e9gicas y 17 objetivos. <\/p>\n\n\n\n<p><strong>Alianzas y entorno<\/strong> : Fortalecimiento de la colaboraci\u00f3n con instituciones, entidades y agentes del territorio. Dispone de tres l\u00edneas estrat\u00e9gicas y 6 objetivos. <\/p>\n\n\n\n<p>Adem\u00e1s el nuevo Plan Estrat\u00e9gico incorpora cuatro iniciativas estrat\u00e9gicas transversales, como son el CST Humanitza, CST Mu\u00e9vete, CST Late Verde y CST Hub de Innovaci\u00f3n Social y Sanitaria.<\/p>\n\n\n\n<p>El Plan Estrat\u00e9gico define tambi\u00e9n un Plan de evaluaci\u00f3n continua de su despliegue online, alineado con el compromiso del CST con la transparencia y el rendimiento de cuentas con los pacientes y usuarios, los profesionales, los \u00f3rganos de gobierno y con la sociedad en general.<\/p>\n\n\n\n<p>Puede ampliar informaci\u00f3n sobre el Plan Estrat\u00e9gico 2025-2028 <a href=\"https:\/\/cst.cat\/es\/cst-2\/plan-estrategico\/\">aqu\u00ed.<\/a><\/p>\n<\/div>\n<\/div>\n","protected":false},"excerpt":{"rendered":"<p>El Consorcio Sanitario de Terrassa (CST) ha presentado este mediod\u00eda el Plan Estrat\u00e9gico 2025-2028, que se convierte en la hoja de ruta para los pr\u00f3ximos cuatro a\u00f1os y debe impulsar al CST a afrontar los nuevos retos que se presentan en un contexto altamente exigente. El Consorcio Sanitario de Terrassa (CST) ha presentado este mediod\u00eda [&hellip;]<\/p>\n","protected":false},"author":8,"featured_media":32903,"comment_status":"open","ping_status":"open","sticky":false,"template":"","format":"standard","meta":{"_acf_changed":false,"footnotes":""},"categories":[181],"tags":[409,2012],"class_list":["post-32911","post","type-post","status-publish","format-standard","has-post-thumbnail","hentry","category-cst-es","tag-cst-es","tag-plan-estrategico"],"acf":[],"yoast_head":"<!-- This site is optimized with the Yoast SEO plugin v27.2 - https:\/\/yoast.com\/product\/yoast-seo-wordpress\/ -->\n<title>El CST presenta el Plan Estrat\u00e9gico 2025-2028, hoja de ruta para articular la estrategia sanitaria, social, docente y organizativa - CST<\/title>\n<meta name=\"robots\" content=\"index, follow, max-snippet:-1, max-image-preview:large, max-video-preview:-1\" \/>\n<link rel=\"canonical\" href=\"https:\/\/cst.cat\/es\/el-cst-presenta-el-plan-estrategico-2025-2028-hoja-de-ruta-para-articular-la-estrategia-sanitaria-social-docente-y-organizativa\/\" \/>\n<meta property=\"og:locale\" content=\"es_ES\" \/>\n<meta property=\"og:type\" content=\"article\" \/>\n<meta property=\"og:title\" content=\"El CST presenta el Plan Estrat\u00e9gico 2025-2028, hoja de ruta para articular la estrategia sanitaria, social, docente y organizativa - CST\" \/>\n<meta property=\"og:description\" content=\"El Consorcio Sanitario de Terrassa (CST) ha presentado este mediod\u00eda el Plan Estrat\u00e9gico 2025-2028, que se convierte en la hoja de ruta para los pr\u00f3ximos cuatro a\u00f1os y debe impulsar al CST a afrontar los nuevos retos que se presentan en un contexto altamente exigente. El Consorcio Sanitario de Terrassa (CST) ha presentado este mediod\u00eda [&hellip;]\" \/>\n<meta property=\"og:url\" content=\"https:\/\/cst.cat\/es\/el-cst-presenta-el-plan-estrategico-2025-2028-hoja-de-ruta-para-articular-la-estrategia-sanitaria-social-docente-y-organizativa\/\" \/>\n<meta property=\"og:site_name\" content=\"CST\" \/>\n<meta property=\"article:published_time\" content=\"2025-10-29T14:27:43+00:00\" \/>\n<meta property=\"article:modified_time\" content=\"2025-10-30T08:29:56+00:00\" \/>\n<meta property=\"og:image\" content=\"https:\/\/cst.cat\/wp-content\/uploads\/2025\/10\/Presentacio-Pla-Estrategic-2025-2028-1366x911.png\" \/>\n\t<meta property=\"og:image:width\" content=\"1366\" \/>\n\t<meta property=\"og:image:height\" content=\"911\" \/>\n\t<meta property=\"og:image:type\" content=\"image\/png\" \/>\n<meta name=\"author\" content=\"Begonya Masdefiol Aldeano\" \/>\n<meta name=\"twitter:card\" content=\"summary_large_image\" \/>\n<meta name=\"twitter:label1\" content=\"Escrito por\" \/>\n\t<meta name=\"twitter:data1\" content=\"Begonya Masdefiol Aldeano\" \/>\n\t<meta name=\"twitter:label2\" content=\"Tiempo de lectura\" \/>\n\t<meta name=\"twitter:data2\" content=\"5 minutos\" \/>\n<script type=\"application\/ld+json\" class=\"yoast-schema-graph\">{\"@context\":\"https:\/\/schema.org\",\"@graph\":[{\"@type\":\"Article\",\"@id\":\"https:\/\/cst.cat\/es\/el-cst-presenta-el-plan-estrategico-2025-2028-hoja-de-ruta-para-articular-la-estrategia-sanitaria-social-docente-y-organizativa\/#article\",\"isPartOf\":{\"@id\":\"https:\/\/cst.cat\/es\/el-cst-presenta-el-plan-estrategico-2025-2028-hoja-de-ruta-para-articular-la-estrategia-sanitaria-social-docente-y-organizativa\/\"},\"author\":{\"name\":\"Begonya Masdefiol Aldeano\",\"@id\":\"https:\/\/cst.cat\/es\/#\/schema\/person\/9ad38488941d074942f634a379b10b61\"},\"headline\":\"El CST presenta el Plan Estrat\u00e9gico 2025-2028, hoja de ruta para articular la estrategia sanitaria, social, docente y organizativa\",\"datePublished\":\"2025-10-29T14:27:43+00:00\",\"dateModified\":\"2025-10-30T08:29:56+00:00\",\"mainEntityOfPage\":{\"@id\":\"https:\/\/cst.cat\/es\/el-cst-presenta-el-plan-estrategico-2025-2028-hoja-de-ruta-para-articular-la-estrategia-sanitaria-social-docente-y-organizativa\/\"},\"wordCount\":956,\"commentCount\":0,\"publisher\":{\"@id\":\"https:\/\/cst.cat\/es\/#organization\"},\"image\":{\"@id\":\"https:\/\/cst.cat\/es\/el-cst-presenta-el-plan-estrategico-2025-2028-hoja-de-ruta-para-articular-la-estrategia-sanitaria-social-docente-y-organizativa\/#primaryimage\"},\"thumbnailUrl\":\"https:\/\/cst.cat\/wp-content\/uploads\/2025\/10\/Presentacio-Pla-Estrategic-2025-2028.png\",\"keywords\":[\"CST\",\"Plan Estrat\u00e9gico\"],\"articleSection\":[\"CST\"],\"inLanguage\":\"es\",\"potentialAction\":[{\"@type\":\"CommentAction\",\"name\":\"Comment\",\"target\":[\"https:\/\/cst.cat\/es\/el-cst-presenta-el-plan-estrategico-2025-2028-hoja-de-ruta-para-articular-la-estrategia-sanitaria-social-docente-y-organizativa\/#respond\"]}]},{\"@type\":\"WebPage\",\"@id\":\"https:\/\/cst.cat\/es\/el-cst-presenta-el-plan-estrategico-2025-2028-hoja-de-ruta-para-articular-la-estrategia-sanitaria-social-docente-y-organizativa\/\",\"url\":\"https:\/\/cst.cat\/es\/el-cst-presenta-el-plan-estrategico-2025-2028-hoja-de-ruta-para-articular-la-estrategia-sanitaria-social-docente-y-organizativa\/\",\"name\":\"El CST presenta el Plan Estrat\u00e9gico 2025-2028, hoja de ruta para articular la estrategia sanitaria, social, docente y organizativa - CST\",\"isPartOf\":{\"@id\":\"https:\/\/cst.cat\/es\/#website\"},\"primaryImageOfPage\":{\"@id\":\"https:\/\/cst.cat\/es\/el-cst-presenta-el-plan-estrategico-2025-2028-hoja-de-ruta-para-articular-la-estrategia-sanitaria-social-docente-y-organizativa\/#primaryimage\"},\"image\":{\"@id\":\"https:\/\/cst.cat\/es\/el-cst-presenta-el-plan-estrategico-2025-2028-hoja-de-ruta-para-articular-la-estrategia-sanitaria-social-docente-y-organizativa\/#primaryimage\"},\"thumbnailUrl\":\"https:\/\/cst.cat\/wp-content\/uploads\/2025\/10\/Presentacio-Pla-Estrategic-2025-2028.png\",\"datePublished\":\"2025-10-29T14:27:43+00:00\",\"dateModified\":\"2025-10-30T08:29:56+00:00\",\"breadcrumb\":{\"@id\":\"https:\/\/cst.cat\/es\/el-cst-presenta-el-plan-estrategico-2025-2028-hoja-de-ruta-para-articular-la-estrategia-sanitaria-social-docente-y-organizativa\/#breadcrumb\"},\"inLanguage\":\"es\",\"potentialAction\":[{\"@type\":\"ReadAction\",\"target\":[\"https:\/\/cst.cat\/es\/el-cst-presenta-el-plan-estrategico-2025-2028-hoja-de-ruta-para-articular-la-estrategia-sanitaria-social-docente-y-organizativa\/\"]}]},{\"@type\":\"ImageObject\",\"inLanguage\":\"es\",\"@id\":\"https:\/\/cst.cat\/es\/el-cst-presenta-el-plan-estrategico-2025-2028-hoja-de-ruta-para-articular-la-estrategia-sanitaria-social-docente-y-organizativa\/#primaryimage\",\"url\":\"https:\/\/cst.cat\/wp-content\/uploads\/2025\/10\/Presentacio-Pla-Estrategic-2025-2028.png\",\"contentUrl\":\"https:\/\/cst.cat\/wp-content\/uploads\/2025\/10\/Presentacio-Pla-Estrategic-2025-2028.png\",\"width\":1960,\"height\":1307},{\"@type\":\"BreadcrumbList\",\"@id\":\"https:\/\/cst.cat\/es\/el-cst-presenta-el-plan-estrategico-2025-2028-hoja-de-ruta-para-articular-la-estrategia-sanitaria-social-docente-y-organizativa\/#breadcrumb\",\"itemListElement\":[{\"@type\":\"ListItem\",\"position\":1,\"name\":\"Inici\",\"item\":\"https:\/\/cst.cat\/es\/\"},{\"@type\":\"ListItem\",\"position\":2,\"name\":\"El CST presenta el Plan Estrat\u00e9gico 2025-2028, hoja de ruta para articular la estrategia sanitaria, social, docente y organizativa\"}]},{\"@type\":\"WebSite\",\"@id\":\"https:\/\/cst.cat\/es\/#website\",\"url\":\"https:\/\/cst.cat\/es\/\",\"name\":\"CST\",\"description\":\"\",\"publisher\":{\"@id\":\"https:\/\/cst.cat\/es\/#organization\"},\"potentialAction\":[{\"@type\":\"SearchAction\",\"target\":{\"@type\":\"EntryPoint\",\"urlTemplate\":\"https:\/\/cst.cat\/es\/?s={search_term_string}\"},\"query-input\":{\"@type\":\"PropertyValueSpecification\",\"valueRequired\":true,\"valueName\":\"search_term_string\"}}],\"inLanguage\":\"es\"},{\"@type\":\"Organization\",\"@id\":\"https:\/\/cst.cat\/es\/#organization\",\"name\":\"Consorci Sanitari de Terrassa\",\"url\":\"https:\/\/cst.cat\/es\/\",\"logo\":{\"@type\":\"ImageObject\",\"inLanguage\":\"es\",\"@id\":\"https:\/\/cst.cat\/es\/#\/schema\/logo\/image\/\",\"url\":\"https:\/\/cst.cat\/wp-content\/uploads\/2021\/09\/logo-header.svg\",\"contentUrl\":\"https:\/\/cst.cat\/wp-content\/uploads\/2021\/09\/logo-header.svg\",\"width\":90,\"height\":32,\"caption\":\"Consorci Sanitari de Terrassa\"},\"image\":{\"@id\":\"https:\/\/cst.cat\/es\/#\/schema\/logo\/image\/\"}},{\"@type\":\"Person\",\"@id\":\"https:\/\/cst.cat\/es\/#\/schema\/person\/9ad38488941d074942f634a379b10b61\",\"name\":\"Begonya Masdefiol Aldeano\",\"image\":{\"@type\":\"ImageObject\",\"inLanguage\":\"es\",\"@id\":\"https:\/\/secure.gravatar.com\/avatar\/55d9a13ea177910ebc84397c02ab424383ffb62af7fcd298a6b6747783aeb9d0?s=96&d=mm&r=g\",\"url\":\"https:\/\/secure.gravatar.com\/avatar\/55d9a13ea177910ebc84397c02ab424383ffb62af7fcd298a6b6747783aeb9d0?s=96&d=mm&r=g\",\"contentUrl\":\"https:\/\/secure.gravatar.com\/avatar\/55d9a13ea177910ebc84397c02ab424383ffb62af7fcd298a6b6747783aeb9d0?s=96&d=mm&r=g\",\"caption\":\"Begonya Masdefiol Aldeano\"},\"url\":\"https:\/\/cst.cat\/es\/author\/bmasdefiol\/\"}]}<\/script>\n<!-- \/ Yoast SEO plugin. -->","yoast_head_json":{"title":"El CST presenta el Plan Estrat\u00e9gico 2025-2028, hoja de ruta para articular la estrategia sanitaria, social, docente y organizativa - CST","robots":{"index":"index","follow":"follow","max-snippet":"max-snippet:-1","max-image-preview":"max-image-preview:large","max-video-preview":"max-video-preview:-1"},"canonical":"https:\/\/cst.cat\/es\/el-cst-presenta-el-plan-estrategico-2025-2028-hoja-de-ruta-para-articular-la-estrategia-sanitaria-social-docente-y-organizativa\/","og_locale":"es_ES","og_type":"article","og_title":"El CST presenta el Plan Estrat\u00e9gico 2025-2028, hoja de ruta para articular la estrategia sanitaria, social, docente y organizativa - CST","og_description":"El Consorcio Sanitario de Terrassa (CST) ha presentado este mediod\u00eda el Plan Estrat\u00e9gico 2025-2028, que se convierte en la hoja de ruta para los pr\u00f3ximos cuatro a\u00f1os y debe impulsar al CST a afrontar los nuevos retos que se presentan en un contexto altamente exigente. El Consorcio Sanitario de Terrassa (CST) ha presentado este mediod\u00eda [&hellip;]","og_url":"https:\/\/cst.cat\/es\/el-cst-presenta-el-plan-estrategico-2025-2028-hoja-de-ruta-para-articular-la-estrategia-sanitaria-social-docente-y-organizativa\/","og_site_name":"CST","article_published_time":"2025-10-29T14:27:43+00:00","article_modified_time":"2025-10-30T08:29:56+00:00","og_image":[{"width":1366,"height":911,"url":"https:\/\/cst.cat\/wp-content\/uploads\/2025\/10\/Presentacio-Pla-Estrategic-2025-2028-1366x911.png","type":"image\/png"}],"author":"Begonya Masdefiol Aldeano","twitter_card":"summary_large_image","twitter_misc":{"Escrito por":"Begonya Masdefiol Aldeano","Tiempo de lectura":"5 minutos"},"schema":{"@context":"https:\/\/schema.org","@graph":[{"@type":"Article","@id":"https:\/\/cst.cat\/es\/el-cst-presenta-el-plan-estrategico-2025-2028-hoja-de-ruta-para-articular-la-estrategia-sanitaria-social-docente-y-organizativa\/#article","isPartOf":{"@id":"https:\/\/cst.cat\/es\/el-cst-presenta-el-plan-estrategico-2025-2028-hoja-de-ruta-para-articular-la-estrategia-sanitaria-social-docente-y-organizativa\/"},"author":{"name":"Begonya Masdefiol Aldeano","@id":"https:\/\/cst.cat\/es\/#\/schema\/person\/9ad38488941d074942f634a379b10b61"},"headline":"El CST presenta el Plan Estrat\u00e9gico 2025-2028, hoja de ruta para articular la estrategia sanitaria, social, docente y organizativa","datePublished":"2025-10-29T14:27:43+00:00","dateModified":"2025-10-30T08:29:56+00:00","mainEntityOfPage":{"@id":"https:\/\/cst.cat\/es\/el-cst-presenta-el-plan-estrategico-2025-2028-hoja-de-ruta-para-articular-la-estrategia-sanitaria-social-docente-y-organizativa\/"},"wordCount":956,"commentCount":0,"publisher":{"@id":"https:\/\/cst.cat\/es\/#organization"},"image":{"@id":"https:\/\/cst.cat\/es\/el-cst-presenta-el-plan-estrategico-2025-2028-hoja-de-ruta-para-articular-la-estrategia-sanitaria-social-docente-y-organizativa\/#primaryimage"},"thumbnailUrl":"https:\/\/cst.cat\/wp-content\/uploads\/2025\/10\/Presentacio-Pla-Estrategic-2025-2028.png","keywords":["CST","Plan Estrat\u00e9gico"],"articleSection":["CST"],"inLanguage":"es","potentialAction":[{"@type":"CommentAction","name":"Comment","target":["https:\/\/cst.cat\/es\/el-cst-presenta-el-plan-estrategico-2025-2028-hoja-de-ruta-para-articular-la-estrategia-sanitaria-social-docente-y-organizativa\/#respond"]}]},{"@type":"WebPage","@id":"https:\/\/cst.cat\/es\/el-cst-presenta-el-plan-estrategico-2025-2028-hoja-de-ruta-para-articular-la-estrategia-sanitaria-social-docente-y-organizativa\/","url":"https:\/\/cst.cat\/es\/el-cst-presenta-el-plan-estrategico-2025-2028-hoja-de-ruta-para-articular-la-estrategia-sanitaria-social-docente-y-organizativa\/","name":"El CST presenta el Plan Estrat\u00e9gico 2025-2028, hoja de ruta para articular la estrategia sanitaria, social, docente y organizativa - CST","isPartOf":{"@id":"https:\/\/cst.cat\/es\/#website"},"primaryImageOfPage":{"@id":"https:\/\/cst.cat\/es\/el-cst-presenta-el-plan-estrategico-2025-2028-hoja-de-ruta-para-articular-la-estrategia-sanitaria-social-docente-y-organizativa\/#primaryimage"},"image":{"@id":"https:\/\/cst.cat\/es\/el-cst-presenta-el-plan-estrategico-2025-2028-hoja-de-ruta-para-articular-la-estrategia-sanitaria-social-docente-y-organizativa\/#primaryimage"},"thumbnailUrl":"https:\/\/cst.cat\/wp-content\/uploads\/2025\/10\/Presentacio-Pla-Estrategic-2025-2028.png","datePublished":"2025-10-29T14:27:43+00:00","dateModified":"2025-10-30T08:29:56+00:00","breadcrumb":{"@id":"https:\/\/cst.cat\/es\/el-cst-presenta-el-plan-estrategico-2025-2028-hoja-de-ruta-para-articular-la-estrategia-sanitaria-social-docente-y-organizativa\/#breadcrumb"},"inLanguage":"es","potentialAction":[{"@type":"ReadAction","target":["https:\/\/cst.cat\/es\/el-cst-presenta-el-plan-estrategico-2025-2028-hoja-de-ruta-para-articular-la-estrategia-sanitaria-social-docente-y-organizativa\/"]}]},{"@type":"ImageObject","inLanguage":"es","@id":"https:\/\/cst.cat\/es\/el-cst-presenta-el-plan-estrategico-2025-2028-hoja-de-ruta-para-articular-la-estrategia-sanitaria-social-docente-y-organizativa\/#primaryimage","url":"https:\/\/cst.cat\/wp-content\/uploads\/2025\/10\/Presentacio-Pla-Estrategic-2025-2028.png","contentUrl":"https:\/\/cst.cat\/wp-content\/uploads\/2025\/10\/Presentacio-Pla-Estrategic-2025-2028.png","width":1960,"height":1307},{"@type":"BreadcrumbList","@id":"https:\/\/cst.cat\/es\/el-cst-presenta-el-plan-estrategico-2025-2028-hoja-de-ruta-para-articular-la-estrategia-sanitaria-social-docente-y-organizativa\/#breadcrumb","itemListElement":[{"@type":"ListItem","position":1,"name":"Inici","item":"https:\/\/cst.cat\/es\/"},{"@type":"ListItem","position":2,"name":"El CST presenta el Plan Estrat\u00e9gico 2025-2028, hoja de ruta para articular la estrategia sanitaria, social, docente y organizativa"}]},{"@type":"WebSite","@id":"https:\/\/cst.cat\/es\/#website","url":"https:\/\/cst.cat\/es\/","name":"CST","description":"","publisher":{"@id":"https:\/\/cst.cat\/es\/#organization"},"potentialAction":[{"@type":"SearchAction","target":{"@type":"EntryPoint","urlTemplate":"https:\/\/cst.cat\/es\/?s={search_term_string}"},"query-input":{"@type":"PropertyValueSpecification","valueRequired":true,"valueName":"search_term_string"}}],"inLanguage":"es"},{"@type":"Organization","@id":"https:\/\/cst.cat\/es\/#organization","name":"Consorci Sanitari de Terrassa","url":"https:\/\/cst.cat\/es\/","logo":{"@type":"ImageObject","inLanguage":"es","@id":"https:\/\/cst.cat\/es\/#\/schema\/logo\/image\/","url":"https:\/\/cst.cat\/wp-content\/uploads\/2021\/09\/logo-header.svg","contentUrl":"https:\/\/cst.cat\/wp-content\/uploads\/2021\/09\/logo-header.svg","width":90,"height":32,"caption":"Consorci Sanitari de Terrassa"},"image":{"@id":"https:\/\/cst.cat\/es\/#\/schema\/logo\/image\/"}},{"@type":"Person","@id":"https:\/\/cst.cat\/es\/#\/schema\/person\/9ad38488941d074942f634a379b10b61","name":"Begonya Masdefiol Aldeano","image":{"@type":"ImageObject","inLanguage":"es","@id":"https:\/\/secure.gravatar.com\/avatar\/55d9a13ea177910ebc84397c02ab424383ffb62af7fcd298a6b6747783aeb9d0?s=96&d=mm&r=g","url":"https:\/\/secure.gravatar.com\/avatar\/55d9a13ea177910ebc84397c02ab424383ffb62af7fcd298a6b6747783aeb9d0?s=96&d=mm&r=g","contentUrl":"https:\/\/secure.gravatar.com\/avatar\/55d9a13ea177910ebc84397c02ab424383ffb62af7fcd298a6b6747783aeb9d0?s=96&d=mm&r=g","caption":"Begonya Masdefiol Aldeano"},"url":"https:\/\/cst.cat\/es\/author\/bmasdefiol\/"}]}},"_links":{"self":[{"href":"https:\/\/cst.cat\/es\/wp-json\/wp\/v2\/posts\/32911","targetHints":{"allow":["GET"]}}],"collection":[{"href":"https:\/\/cst.cat\/es\/wp-json\/wp\/v2\/posts"}],"about":[{"href":"https:\/\/cst.cat\/es\/wp-json\/wp\/v2\/types\/post"}],"author":[{"embeddable":true,"href":"https:\/\/cst.cat\/es\/wp-json\/wp\/v2\/users\/8"}],"replies":[{"embeddable":true,"href":"https:\/\/cst.cat\/es\/wp-json\/wp\/v2\/comments?post=32911"}],"version-history":[{"count":0,"href":"https:\/\/cst.cat\/es\/wp-json\/wp\/v2\/posts\/32911\/revisions"}],"wp:featuredmedia":[{"embeddable":true,"href":"https:\/\/cst.cat\/es\/wp-json\/wp\/v2\/media\/32903"}],"wp:attachment":[{"href":"https:\/\/cst.cat\/es\/wp-json\/wp\/v2\/media?parent=32911"}],"wp:term":[{"taxonomy":"category","embeddable":true,"href":"https:\/\/cst.cat\/es\/wp-json\/wp\/v2\/categories?post=32911"},{"taxonomy":"post_tag","embeddable":true,"href":"https:\/\/cst.cat\/es\/wp-json\/wp\/v2\/tags?post=32911"}],"curies":[{"name":"wp","href":"https:\/\/api.w.org\/{rel}","templated":true}]}}