{"id":33897,"date":"2026-01-20T11:13:32","date_gmt":"2026-01-20T10:13:32","guid":{"rendered":"https:\/\/cst.cat\/corte-de-circulacion-del-vial-direccion-urgencias\/"},"modified":"2026-01-20T11:13:33","modified_gmt":"2026-01-20T10:13:33","slug":"corte-de-circulacion-del-vial-direccion-urgencias","status":"publish","type":"post","link":"https:\/\/cst.cat\/es\/corte-de-circulacion-del-vial-direccion-urgencias\/","title":{"rendered":"Corte de circulaci\u00f3n del vial direcci\u00f3n Urgencias"},"content":{"rendered":"\n<div class=\"wp-block-columns is-layout-flex wp-container-core-columns-is-layout-9d6595d7 wp-block-columns-is-layout-flex\">\n<div class=\"wp-block-column acces-lft is-layout-flow wp-block-column-is-layout-flow\" style=\"flex-basis:30%\">\n<figure class=\"wp-block-image size-full\"><img loading=\"lazy\" decoding=\"async\" width=\"700\" height=\"468\" src=\"https:\/\/cst.cat\/wp-content\/uploads\/2026\/01\/Diseno-sin-titulo-2026-01-20T110813.215.png\" alt=\"\" class=\"wp-image-33892\" srcset=\"https:\/\/cst.cat\/wp-content\/uploads\/2026\/01\/Diseno-sin-titulo-2026-01-20T110813.215.png 700w, https:\/\/cst.cat\/wp-content\/uploads\/2026\/01\/Diseno-sin-titulo-2026-01-20T110813.215-600x401.png 600w, https:\/\/cst.cat\/wp-content\/uploads\/2026\/01\/Diseno-sin-titulo-2026-01-20T110813.215-300x201.png 300w\" sizes=\"auto, (max-width: 700px) 100vw, 700px\" \/><\/figure><\/div>\n\n\n\n<div class=\"wp-block-column acces-rgt is-layout-flow wp-block-column-is-layout-flow\" style=\"flex-basis:70%\">\n<h2 class=\"wp-block-heading\"><strong>Debido a las obras para la implantaci\u00f3n de la segunda resonancia magn\u00e9tica en el Hospital Universitario de Terrassa, le informamos de la siguiente afectaci\u00f3n en la circulaci\u00f3n de veh\u00edculos.<\/strong><\/h2>\n\n\n\n<p>Los d\u00edas <strong>21 y 22 de enero (prorrogable al 23 seg\u00fan la evoluci\u00f3n de los trabajos)<\/strong> ser\u00e1 necesario cortar el vial de acceso norte, una vez pasado Radioterapia, tal y como se indica en el plano adjunto <em>(al final del texto).<\/em><\/p>\n\n\n\n<p>Durante estos d\u00edas, la circulaci\u00f3n se har\u00e1 de forma circular en el recinto y los <strong>veh\u00edculos tendr\u00e1n que pasar por el vial de la zona de la T\u00e9rmica,<\/strong> donde habr\u00e1 personal auxiliar de seguridad del parking para orientar a los conductores.<\/p>\n\n\n\n<p>El circuito ser\u00e1 en un \u00fanico sentido de circulaci\u00f3n en la zona marcada con l\u00ednea roja, por todos los veh\u00edculos, y la salida se realizar\u00e1 por el <strong>parking 4<\/strong> .<\/p>\n\n\n\n<p>El paso hasta Recepci\u00f3n de Mercanc\u00edas, Farmacia y Radioterapia no se ver\u00e1 afectado y podr\u00e1 circularse por \u00e9l con normalidad y doble sentido.<\/p>\n\n\n\n<figure class=\"wp-block-image size-full is-resized\"><a href=\"https:\/\/cst.cat\/wp-content\/uploads\/2026\/01\/Diseno-sin-titulo-2026-01-20T105328.267.png\"><img loading=\"lazy\" decoding=\"async\" width=\"700\" height=\"468\" src=\"https:\/\/cst.cat\/wp-content\/uploads\/2026\/01\/Diseno-sin-titulo-2026-01-20T105328.267.png\" alt=\"\" class=\"wp-image-33894\" style=\"aspect-ratio:1.4957264957264957;width:510px;height:auto\" srcset=\"https:\/\/cst.cat\/wp-content\/uploads\/2026\/01\/Diseno-sin-titulo-2026-01-20T105328.267.png 700w, https:\/\/cst.cat\/wp-content\/uploads\/2026\/01\/Diseno-sin-titulo-2026-01-20T105328.267-600x401.png 600w, https:\/\/cst.cat\/wp-content\/uploads\/2026\/01\/Diseno-sin-titulo-2026-01-20T105328.267-300x201.png 300w\" sizes=\"auto, (max-width: 700px) 100vw, 700px\" \/><\/a><\/figure><\/div>\n<\/div>\n","protected":false},"excerpt":{"rendered":"<p>Debido a las obras para la implantaci\u00f3n de la segunda resonancia magn\u00e9tica en el Hospital Universitario de Terrassa, le informamos de la siguiente afectaci\u00f3n en la circulaci\u00f3n de veh\u00edculos. Los d\u00edas 21 y 22 de enero (prorrogable al 23 seg\u00fan la evoluci\u00f3n de los trabajos) ser\u00e1 necesario cortar el vial de acceso norte, una vez [&hellip;]<\/p>\n","protected":false},"author":4,"featured_media":33893,"comment_status":"closed","ping_status":"closed","sticky":false,"template":"","format":"standard","meta":{"_acf_changed":false,"footnotes":""},"categories":[1727],"tags":[355,1102,1456],"class_list":["post-33897","post","type-post","status-publish","format-standard","has-post-thumbnail","hentry","category-hospital-universitario-de-terrassa","tag-urgencias","tag-obras","tag-hospital-universitario-de-terrassa"],"acf":[],"yoast_head":"<!-- This site is optimized with the Yoast SEO plugin v27.2 - https:\/\/yoast.com\/product\/yoast-seo-wordpress\/ -->\n<title>Corte de circulaci\u00f3n del vial direcci\u00f3n Urgencias - CST<\/title>\n<meta name=\"robots\" content=\"index, follow, max-snippet:-1, max-image-preview:large, max-video-preview:-1\" \/>\n<link rel=\"canonical\" href=\"https:\/\/cst.cat\/es\/corte-de-circulacion-del-vial-direccion-urgencias\/\" \/>\n<meta property=\"og:locale\" content=\"es_ES\" \/>\n<meta property=\"og:type\" content=\"article\" \/>\n<meta property=\"og:title\" content=\"Corte de circulaci\u00f3n del vial direcci\u00f3n Urgencias - CST\" \/>\n<meta property=\"og:description\" content=\"Debido a las obras para la implantaci\u00f3n de la segunda resonancia magn\u00e9tica en el Hospital Universitario de Terrassa, le informamos de la siguiente afectaci\u00f3n en la circulaci\u00f3n de veh\u00edculos. Los d\u00edas 21 y 22 de enero (prorrogable al 23 seg\u00fan la evoluci\u00f3n de los trabajos) ser\u00e1 necesario cortar el vial de acceso norte, una vez [&hellip;]\" \/>\n<meta property=\"og:url\" content=\"https:\/\/cst.cat\/es\/corte-de-circulacion-del-vial-direccion-urgencias\/\" \/>\n<meta property=\"og:site_name\" content=\"CST\" \/>\n<meta property=\"article:published_time\" content=\"2026-01-20T10:13:32+00:00\" \/>\n<meta property=\"article:modified_time\" content=\"2026-01-20T10:13:33+00:00\" \/>\n<meta property=\"og:image\" content=\"https:\/\/cst.cat\/wp-content\/uploads\/2026\/01\/Diseno-sin-titulo-2026-01-20T110813.215.png\" \/>\n\t<meta property=\"og:image:width\" content=\"700\" \/>\n\t<meta property=\"og:image:height\" content=\"468\" \/>\n\t<meta property=\"og:image:type\" content=\"image\/png\" \/>\n<meta name=\"author\" content=\"aromero\" \/>\n<meta name=\"twitter:card\" content=\"summary_large_image\" \/>\n<meta name=\"twitter:label1\" content=\"Escrito por\" \/>\n\t<meta name=\"twitter:data1\" content=\"aromero\" \/>\n\t<meta name=\"twitter:label2\" content=\"Tiempo de lectura\" \/>\n\t<meta name=\"twitter:data2\" content=\"1 minuto\" \/>\n<script type=\"application\/ld+json\" class=\"yoast-schema-graph\">{\"@context\":\"https:\/\/schema.org\",\"@graph\":[{\"@type\":\"Article\",\"@id\":\"https:\/\/cst.cat\/es\/corte-de-circulacion-del-vial-direccion-urgencias\/#article\",\"isPartOf\":{\"@id\":\"https:\/\/cst.cat\/es\/corte-de-circulacion-del-vial-direccion-urgencias\/\"},\"author\":{\"name\":\"aromero\",\"@id\":\"https:\/\/cst.cat\/es\/#\/schema\/person\/1c6c9ac24850fe70cc7617ce9e2c869b\"},\"headline\":\"Corte de circulaci\u00f3n del vial direcci\u00f3n Urgencias\",\"datePublished\":\"2026-01-20T10:13:32+00:00\",\"dateModified\":\"2026-01-20T10:13:33+00:00\",\"mainEntityOfPage\":{\"@id\":\"https:\/\/cst.cat\/es\/corte-de-circulacion-del-vial-direccion-urgencias\/\"},\"wordCount\":186,\"publisher\":{\"@id\":\"https:\/\/cst.cat\/es\/#organization\"},\"image\":{\"@id\":\"https:\/\/cst.cat\/es\/corte-de-circulacion-del-vial-direccion-urgencias\/#primaryimage\"},\"thumbnailUrl\":\"https:\/\/cst.cat\/wp-content\/uploads\/2026\/01\/Diseno-sin-titulo-2026-01-20T110813.215.png\",\"keywords\":[\"urgencias\",\"OBRAS\",\"Hospital Universitario de Terrassa\"],\"articleSection\":[\"Hospital Universitario de Terrassa\"],\"inLanguage\":\"es\"},{\"@type\":\"WebPage\",\"@id\":\"https:\/\/cst.cat\/es\/corte-de-circulacion-del-vial-direccion-urgencias\/\",\"url\":\"https:\/\/cst.cat\/es\/corte-de-circulacion-del-vial-direccion-urgencias\/\",\"name\":\"Corte de circulaci\u00f3n del vial direcci\u00f3n Urgencias - CST\",\"isPartOf\":{\"@id\":\"https:\/\/cst.cat\/es\/#website\"},\"primaryImageOfPage\":{\"@id\":\"https:\/\/cst.cat\/es\/corte-de-circulacion-del-vial-direccion-urgencias\/#primaryimage\"},\"image\":{\"@id\":\"https:\/\/cst.cat\/es\/corte-de-circulacion-del-vial-direccion-urgencias\/#primaryimage\"},\"thumbnailUrl\":\"https:\/\/cst.cat\/wp-content\/uploads\/2026\/01\/Diseno-sin-titulo-2026-01-20T110813.215.png\",\"datePublished\":\"2026-01-20T10:13:32+00:00\",\"dateModified\":\"2026-01-20T10:13:33+00:00\",\"breadcrumb\":{\"@id\":\"https:\/\/cst.cat\/es\/corte-de-circulacion-del-vial-direccion-urgencias\/#breadcrumb\"},\"inLanguage\":\"es\",\"potentialAction\":[{\"@type\":\"ReadAction\",\"target\":[\"https:\/\/cst.cat\/es\/corte-de-circulacion-del-vial-direccion-urgencias\/\"]}]},{\"@type\":\"ImageObject\",\"inLanguage\":\"es\",\"@id\":\"https:\/\/cst.cat\/es\/corte-de-circulacion-del-vial-direccion-urgencias\/#primaryimage\",\"url\":\"https:\/\/cst.cat\/wp-content\/uploads\/2026\/01\/Diseno-sin-titulo-2026-01-20T110813.215.png\",\"contentUrl\":\"https:\/\/cst.cat\/wp-content\/uploads\/2026\/01\/Diseno-sin-titulo-2026-01-20T110813.215.png\",\"width\":700,\"height\":468},{\"@type\":\"BreadcrumbList\",\"@id\":\"https:\/\/cst.cat\/es\/corte-de-circulacion-del-vial-direccion-urgencias\/#breadcrumb\",\"itemListElement\":[{\"@type\":\"ListItem\",\"position\":1,\"name\":\"Inici\",\"item\":\"https:\/\/cst.cat\/es\/\"},{\"@type\":\"ListItem\",\"position\":2,\"name\":\"Corte de circulaci\u00f3n del vial direcci\u00f3n Urgencias\"}]},{\"@type\":\"WebSite\",\"@id\":\"https:\/\/cst.cat\/es\/#website\",\"url\":\"https:\/\/cst.cat\/es\/\",\"name\":\"CST\",\"description\":\"\",\"publisher\":{\"@id\":\"https:\/\/cst.cat\/es\/#organization\"},\"potentialAction\":[{\"@type\":\"SearchAction\",\"target\":{\"@type\":\"EntryPoint\",\"urlTemplate\":\"https:\/\/cst.cat\/es\/?s={search_term_string}\"},\"query-input\":{\"@type\":\"PropertyValueSpecification\",\"valueRequired\":true,\"valueName\":\"search_term_string\"}}],\"inLanguage\":\"es\"},{\"@type\":\"Organization\",\"@id\":\"https:\/\/cst.cat\/es\/#organization\",\"name\":\"Consorci Sanitari de Terrassa\",\"url\":\"https:\/\/cst.cat\/es\/\",\"logo\":{\"@type\":\"ImageObject\",\"inLanguage\":\"es\",\"@id\":\"https:\/\/cst.cat\/es\/#\/schema\/logo\/image\/\",\"url\":\"https:\/\/cst.cat\/wp-content\/uploads\/2021\/09\/logo-header.svg\",\"contentUrl\":\"https:\/\/cst.cat\/wp-content\/uploads\/2021\/09\/logo-header.svg\",\"width\":90,\"height\":32,\"caption\":\"Consorci Sanitari de Terrassa\"},\"image\":{\"@id\":\"https:\/\/cst.cat\/es\/#\/schema\/logo\/image\/\"}},{\"@type\":\"Person\",\"@id\":\"https:\/\/cst.cat\/es\/#\/schema\/person\/1c6c9ac24850fe70cc7617ce9e2c869b\",\"name\":\"aromero\",\"image\":{\"@type\":\"ImageObject\",\"inLanguage\":\"es\",\"@id\":\"https:\/\/secure.gravatar.com\/avatar\/c40b84030f91249a9d94c6b1a2d85c1d905122266b37992d135461e810bfc09b?s=96&d=mm&r=g\",\"url\":\"https:\/\/secure.gravatar.com\/avatar\/c40b84030f91249a9d94c6b1a2d85c1d905122266b37992d135461e810bfc09b?s=96&d=mm&r=g\",\"contentUrl\":\"https:\/\/secure.gravatar.com\/avatar\/c40b84030f91249a9d94c6b1a2d85c1d905122266b37992d135461e810bfc09b?s=96&d=mm&r=g\",\"caption\":\"aromero\"},\"url\":\"https:\/\/cst.cat\/es\/author\/aromero\/\"}]}<\/script>\n<!-- \/ Yoast SEO plugin. -->","yoast_head_json":{"title":"Corte de circulaci\u00f3n del vial direcci\u00f3n Urgencias - CST","robots":{"index":"index","follow":"follow","max-snippet":"max-snippet:-1","max-image-preview":"max-image-preview:large","max-video-preview":"max-video-preview:-1"},"canonical":"https:\/\/cst.cat\/es\/corte-de-circulacion-del-vial-direccion-urgencias\/","og_locale":"es_ES","og_type":"article","og_title":"Corte de circulaci\u00f3n del vial direcci\u00f3n Urgencias - CST","og_description":"Debido a las obras para la implantaci\u00f3n de la segunda resonancia magn\u00e9tica en el Hospital Universitario de Terrassa, le informamos de la siguiente afectaci\u00f3n en la circulaci\u00f3n de veh\u00edculos. Los d\u00edas 21 y 22 de enero (prorrogable al 23 seg\u00fan la evoluci\u00f3n de los trabajos) ser\u00e1 necesario cortar el vial de acceso norte, una vez [&hellip;]","og_url":"https:\/\/cst.cat\/es\/corte-de-circulacion-del-vial-direccion-urgencias\/","og_site_name":"CST","article_published_time":"2026-01-20T10:13:32+00:00","article_modified_time":"2026-01-20T10:13:33+00:00","og_image":[{"width":700,"height":468,"url":"https:\/\/cst.cat\/wp-content\/uploads\/2026\/01\/Diseno-sin-titulo-2026-01-20T110813.215.png","type":"image\/png"}],"author":"aromero","twitter_card":"summary_large_image","twitter_misc":{"Escrito por":"aromero","Tiempo de lectura":"1 minuto"},"schema":{"@context":"https:\/\/schema.org","@graph":[{"@type":"Article","@id":"https:\/\/cst.cat\/es\/corte-de-circulacion-del-vial-direccion-urgencias\/#article","isPartOf":{"@id":"https:\/\/cst.cat\/es\/corte-de-circulacion-del-vial-direccion-urgencias\/"},"author":{"name":"aromero","@id":"https:\/\/cst.cat\/es\/#\/schema\/person\/1c6c9ac24850fe70cc7617ce9e2c869b"},"headline":"Corte de circulaci\u00f3n del vial direcci\u00f3n Urgencias","datePublished":"2026-01-20T10:13:32+00:00","dateModified":"2026-01-20T10:13:33+00:00","mainEntityOfPage":{"@id":"https:\/\/cst.cat\/es\/corte-de-circulacion-del-vial-direccion-urgencias\/"},"wordCount":186,"publisher":{"@id":"https:\/\/cst.cat\/es\/#organization"},"image":{"@id":"https:\/\/cst.cat\/es\/corte-de-circulacion-del-vial-direccion-urgencias\/#primaryimage"},"thumbnailUrl":"https:\/\/cst.cat\/wp-content\/uploads\/2026\/01\/Diseno-sin-titulo-2026-01-20T110813.215.png","keywords":["urgencias","OBRAS","Hospital Universitario de Terrassa"],"articleSection":["Hospital Universitario de Terrassa"],"inLanguage":"es"},{"@type":"WebPage","@id":"https:\/\/cst.cat\/es\/corte-de-circulacion-del-vial-direccion-urgencias\/","url":"https:\/\/cst.cat\/es\/corte-de-circulacion-del-vial-direccion-urgencias\/","name":"Corte de circulaci\u00f3n del vial direcci\u00f3n Urgencias - CST","isPartOf":{"@id":"https:\/\/cst.cat\/es\/#website"},"primaryImageOfPage":{"@id":"https:\/\/cst.cat\/es\/corte-de-circulacion-del-vial-direccion-urgencias\/#primaryimage"},"image":{"@id":"https:\/\/cst.cat\/es\/corte-de-circulacion-del-vial-direccion-urgencias\/#primaryimage"},"thumbnailUrl":"https:\/\/cst.cat\/wp-content\/uploads\/2026\/01\/Diseno-sin-titulo-2026-01-20T110813.215.png","datePublished":"2026-01-20T10:13:32+00:00","dateModified":"2026-01-20T10:13:33+00:00","breadcrumb":{"@id":"https:\/\/cst.cat\/es\/corte-de-circulacion-del-vial-direccion-urgencias\/#breadcrumb"},"inLanguage":"es","potentialAction":[{"@type":"ReadAction","target":["https:\/\/cst.cat\/es\/corte-de-circulacion-del-vial-direccion-urgencias\/"]}]},{"@type":"ImageObject","inLanguage":"es","@id":"https:\/\/cst.cat\/es\/corte-de-circulacion-del-vial-direccion-urgencias\/#primaryimage","url":"https:\/\/cst.cat\/wp-content\/uploads\/2026\/01\/Diseno-sin-titulo-2026-01-20T110813.215.png","contentUrl":"https:\/\/cst.cat\/wp-content\/uploads\/2026\/01\/Diseno-sin-titulo-2026-01-20T110813.215.png","width":700,"height":468},{"@type":"BreadcrumbList","@id":"https:\/\/cst.cat\/es\/corte-de-circulacion-del-vial-direccion-urgencias\/#breadcrumb","itemListElement":[{"@type":"ListItem","position":1,"name":"Inici","item":"https:\/\/cst.cat\/es\/"},{"@type":"ListItem","position":2,"name":"Corte de circulaci\u00f3n del vial direcci\u00f3n Urgencias"}]},{"@type":"WebSite","@id":"https:\/\/cst.cat\/es\/#website","url":"https:\/\/cst.cat\/es\/","name":"CST","description":"","publisher":{"@id":"https:\/\/cst.cat\/es\/#organization"},"potentialAction":[{"@type":"SearchAction","target":{"@type":"EntryPoint","urlTemplate":"https:\/\/cst.cat\/es\/?s={search_term_string}"},"query-input":{"@type":"PropertyValueSpecification","valueRequired":true,"valueName":"search_term_string"}}],"inLanguage":"es"},{"@type":"Organization","@id":"https:\/\/cst.cat\/es\/#organization","name":"Consorci Sanitari de Terrassa","url":"https:\/\/cst.cat\/es\/","logo":{"@type":"ImageObject","inLanguage":"es","@id":"https:\/\/cst.cat\/es\/#\/schema\/logo\/image\/","url":"https:\/\/cst.cat\/wp-content\/uploads\/2021\/09\/logo-header.svg","contentUrl":"https:\/\/cst.cat\/wp-content\/uploads\/2021\/09\/logo-header.svg","width":90,"height":32,"caption":"Consorci Sanitari de Terrassa"},"image":{"@id":"https:\/\/cst.cat\/es\/#\/schema\/logo\/image\/"}},{"@type":"Person","@id":"https:\/\/cst.cat\/es\/#\/schema\/person\/1c6c9ac24850fe70cc7617ce9e2c869b","name":"aromero","image":{"@type":"ImageObject","inLanguage":"es","@id":"https:\/\/secure.gravatar.com\/avatar\/c40b84030f91249a9d94c6b1a2d85c1d905122266b37992d135461e810bfc09b?s=96&d=mm&r=g","url":"https:\/\/secure.gravatar.com\/avatar\/c40b84030f91249a9d94c6b1a2d85c1d905122266b37992d135461e810bfc09b?s=96&d=mm&r=g","contentUrl":"https:\/\/secure.gravatar.com\/avatar\/c40b84030f91249a9d94c6b1a2d85c1d905122266b37992d135461e810bfc09b?s=96&d=mm&r=g","caption":"aromero"},"url":"https:\/\/cst.cat\/es\/author\/aromero\/"}]}},"_links":{"self":[{"href":"https:\/\/cst.cat\/es\/wp-json\/wp\/v2\/posts\/33897","targetHints":{"allow":["GET"]}}],"collection":[{"href":"https:\/\/cst.cat\/es\/wp-json\/wp\/v2\/posts"}],"about":[{"href":"https:\/\/cst.cat\/es\/wp-json\/wp\/v2\/types\/post"}],"author":[{"embeddable":true,"href":"https:\/\/cst.cat\/es\/wp-json\/wp\/v2\/users\/4"}],"replies":[{"embeddable":true,"href":"https:\/\/cst.cat\/es\/wp-json\/wp\/v2\/comments?post=33897"}],"version-history":[{"count":0,"href":"https:\/\/cst.cat\/es\/wp-json\/wp\/v2\/posts\/33897\/revisions"}],"wp:featuredmedia":[{"embeddable":true,"href":"https:\/\/cst.cat\/es\/wp-json\/wp\/v2\/media\/33893"}],"wp:attachment":[{"href":"https:\/\/cst.cat\/es\/wp-json\/wp\/v2\/media?parent=33897"}],"wp:term":[{"taxonomy":"category","embeddable":true,"href":"https:\/\/cst.cat\/es\/wp-json\/wp\/v2\/categories?post=33897"},{"taxonomy":"post_tag","embeddable":true,"href":"https:\/\/cst.cat\/es\/wp-json\/wp\/v2\/tags?post=33897"}],"curies":[{"name":"wp","href":"https:\/\/api.w.org\/{rel}","templated":true}]}}