{"id":33905,"date":"2026-01-22T08:53:26","date_gmt":"2026-01-22T07:53:26","guid":{"rendered":"https:\/\/cst.cat\/la-unidad-de-asma-del-cst-hospital-universitario-logra-la-acreditacion-de-excelencia-y-se-convierte-en-unidad-docente\/"},"modified":"2026-01-22T08:53:27","modified_gmt":"2026-01-22T07:53:27","slug":"la-unidad-de-asma-del-cst-hospital-universitario-logra-la-acreditacion-de-excelencia-y-se-convierte-en-unidad-docente","status":"publish","type":"post","link":"https:\/\/cst.cat\/es\/la-unidad-de-asma-del-cst-hospital-universitario-logra-la-acreditacion-de-excelencia-y-se-convierte-en-unidad-docente\/","title":{"rendered":"La Unidad de Asma del CST &#8211; Hospital Universitario logra la acreditaci\u00f3n de excelencia y se convierte en unidad docente."},"content":{"rendered":"\n<div class=\"wp-block-columns is-layout-flex wp-container-core-columns-is-layout-9d6595d7 wp-block-columns-is-layout-flex\">\n<div class=\"wp-block-column acces-lft is-layout-flow wp-block-column-is-layout-flow\" style=\"flex-basis:30%\">\n<figure class=\"wp-block-image size-full\"><img loading=\"lazy\" decoding=\"async\" width=\"700\" height=\"468\" src=\"https:\/\/cst.cat\/wp-content\/uploads\/2026\/01\/Diseno-sin-titulo-2026-01-22T081754.087.png\" alt=\"\" class=\"wp-image-33902\" srcset=\"https:\/\/cst.cat\/wp-content\/uploads\/2026\/01\/Diseno-sin-titulo-2026-01-22T081754.087.png 700w, https:\/\/cst.cat\/wp-content\/uploads\/2026\/01\/Diseno-sin-titulo-2026-01-22T081754.087-600x401.png 600w, https:\/\/cst.cat\/wp-content\/uploads\/2026\/01\/Diseno-sin-titulo-2026-01-22T081754.087-300x201.png 300w\" sizes=\"auto, (max-width: 700px) 100vw, 700px\" \/><\/figure><\/div>\n\n\n\n<div class=\"wp-block-column acces-rgt is-layout-flow wp-block-column-is-layout-flow\" style=\"flex-basis:70%\">\n<h2 class=\"wp-block-heading\">La Sociedad Espa\u00f1ola de Alergolog\u00eda e Inmunolog\u00eda Cl\u00ednica (SEAIC) ha reacreditado la Unidad de Asma del Servicio de Alergolog\u00eda del Consorcio Sanitario de Terrassa \u2013 Hospital Universitario como <strong>Unidad de Asma Grave de Excelencia<\/strong> , dando un paso adelante respecto a la anterior acreditaci\u00f3n como unidad b\u00e1sica.<\/h2>\n\n\n\n<p>Esta distinci\u00f3n reconoce el alto nivel asistencial, formativo e investigador alcanzado por las unidades consolid\u00e1ndolas como referentes. La acreditaci\u00f3n distingue tres niveles: b\u00e1sica, especializada y de excelencia y eval\u00faa aspectos clave como la calidad de la atenci\u00f3n al paciente, la implementaci\u00f3n de t\u00e9cnicas avanzadas, la formaci\u00f3n continua de los profesionales y la participaci\u00f3n activa en proyectos de investigaci\u00f3n cient\u00edfica. <\/p>\n\n\n\n<p>Adem\u00e1s, la SEAIC ha reconocido a la Unidad como <strong>Unidad Docente<\/strong> , lo que permitir\u00e1 desarrollar, adem\u00e1s de la actividad cl\u00ednica, tareas de formaci\u00f3n sanitaria reglada, en asma grave dentro del programa de docente, una acreditaci\u00f3n de la que hasta ahora no se dispon\u00eda y que refuerza el prestigio del centro y del servicio dentro del sistema sanitario.<\/p>\n\n\n\n<p>Seg\u00fan los expertos, el asma afecta a Espa\u00f1a a unos tres millones de personas. Entre la poblaci\u00f3n asm\u00e1tica, un 5\u201310% presenta asma grave y, de ellos, aproximadamente la mitad permanece mal controlada, lo que supone una mayor utilizaci\u00f3n de los servicios de urgencias y hospitalizaciones. <\/p>\n\n\n\n<p>Las Unidades de Asma Greu han surgido para garantizar un abordaje integral, con protocolos actualizados, acceso a terapias innovadoras y coordinaci\u00f3n efectiva entre profesionales.<\/p>\n\n\n\n<p>El asma grave no controlada se define como aquella que sigue mal controlada a pesar de recibir tratamiento en el \u00faltimo a\u00f1o seg\u00fan indican las gu\u00edas de asma.<\/p>\n\n\n\n<p>Desde la SEAIC se destaca que patolog\u00edas complejas como el asma grave deben ser atendidas en unidades especializadas capaces de ofrecer una atenci\u00f3n de excelencia a los pacientes y optimizar los recursos sanitarios. En este contexto, la Sociedad ha desarrollado un proceso de acreditaci\u00f3n de Unidades de Asma Grau dentro de los servicios de alergolog\u00eda de todo el territorio nacional. <\/p>\n\n\n\n<p>La SEAIC ha felicitado al Servicio de Alergolog\u00eda del Consorcio Sanitario de Terrassa \u2013 Hospital Universitario, bajo la coordinaci\u00f3n de la  <strong>Dra. Marta Vi\u00f1as Domingo<\/strong>, por esta doble reacreditaci\u00f3n, que consolida al centro como referente asistencial y docente en el abordaje del asma grave.<\/p>\n<\/div>\n<\/div>\n","protected":false},"excerpt":{"rendered":"<p>La Sociedad Espa\u00f1ola de Alergolog\u00eda e Inmunolog\u00eda Cl\u00ednica (SEAIC) ha reacreditado la Unidad de Asma del Servicio de Alergolog\u00eda del Consorcio Sanitario de Terrassa \u2013 Hospital Universitario como Unidad de Asma Grave de Excelencia , dando un paso adelante respecto a la anterior acreditaci\u00f3n como unidad b\u00e1sica. Esta distinci\u00f3n reconoce el alto nivel asistencial, formativo [&hellip;]<\/p>\n","protected":false},"author":4,"featured_media":33903,"comment_status":"closed","ping_status":"closed","sticky":false,"template":"","format":"standard","meta":{"_acf_changed":false,"footnotes":""},"categories":[181,1404],"tags":[901,1544,2146],"class_list":["post-33905","post","type-post","status-publish","format-standard","has-post-thumbnail","hentry","category-cst-es","category-alergia","tag-alergia","tag-acreditacion","tag-asma-es"],"acf":[],"yoast_head":"<!-- This site is optimized with the Yoast SEO plugin v27.2 - https:\/\/yoast.com\/product\/yoast-seo-wordpress\/ -->\n<title>La Unidad de Asma del CST - Hospital Universitario logra la acreditaci\u00f3n de excelencia y se convierte en unidad docente. - CST<\/title>\n<meta name=\"robots\" content=\"index, follow, max-snippet:-1, max-image-preview:large, max-video-preview:-1\" \/>\n<link rel=\"canonical\" href=\"https:\/\/cst.cat\/es\/la-unidad-de-asma-del-cst-hospital-universitario-logra-la-acreditacion-de-excelencia-y-se-convierte-en-unidad-docente\/\" \/>\n<meta property=\"og:locale\" content=\"es_ES\" \/>\n<meta property=\"og:type\" content=\"article\" \/>\n<meta property=\"og:title\" content=\"La Unidad de Asma del CST - Hospital Universitario logra la acreditaci\u00f3n de excelencia y se convierte en unidad docente. - CST\" \/>\n<meta property=\"og:description\" content=\"La Sociedad Espa\u00f1ola de Alergolog\u00eda e Inmunolog\u00eda Cl\u00ednica (SEAIC) ha reacreditado la Unidad de Asma del Servicio de Alergolog\u00eda del Consorcio Sanitario de Terrassa \u2013 Hospital Universitario como Unidad de Asma Grave de Excelencia , dando un paso adelante respecto a la anterior acreditaci\u00f3n como unidad b\u00e1sica. Esta distinci\u00f3n reconoce el alto nivel asistencial, formativo [&hellip;]\" \/>\n<meta property=\"og:url\" content=\"https:\/\/cst.cat\/es\/la-unidad-de-asma-del-cst-hospital-universitario-logra-la-acreditacion-de-excelencia-y-se-convierte-en-unidad-docente\/\" \/>\n<meta property=\"og:site_name\" content=\"CST\" \/>\n<meta property=\"article:published_time\" content=\"2026-01-22T07:53:26+00:00\" \/>\n<meta property=\"article:modified_time\" content=\"2026-01-22T07:53:27+00:00\" \/>\n<meta property=\"og:image\" content=\"https:\/\/cst.cat\/wp-content\/uploads\/2026\/01\/Diseno-sin-titulo-2026-01-22T081754.087.png\" \/>\n\t<meta property=\"og:image:width\" content=\"700\" \/>\n\t<meta property=\"og:image:height\" content=\"468\" \/>\n\t<meta property=\"og:image:type\" content=\"image\/png\" \/>\n<meta name=\"author\" content=\"aromero\" \/>\n<meta name=\"twitter:card\" content=\"summary_large_image\" \/>\n<meta name=\"twitter:label1\" content=\"Escrito por\" \/>\n\t<meta name=\"twitter:data1\" content=\"aromero\" \/>\n\t<meta name=\"twitter:label2\" content=\"Tiempo de lectura\" \/>\n\t<meta name=\"twitter:data2\" content=\"2 minutos\" \/>\n<script type=\"application\/ld+json\" class=\"yoast-schema-graph\">{\"@context\":\"https:\/\/schema.org\",\"@graph\":[{\"@type\":\"Article\",\"@id\":\"https:\/\/cst.cat\/es\/la-unidad-de-asma-del-cst-hospital-universitario-logra-la-acreditacion-de-excelencia-y-se-convierte-en-unidad-docente\/#article\",\"isPartOf\":{\"@id\":\"https:\/\/cst.cat\/es\/la-unidad-de-asma-del-cst-hospital-universitario-logra-la-acreditacion-de-excelencia-y-se-convierte-en-unidad-docente\/\"},\"author\":{\"name\":\"aromero\",\"@id\":\"https:\/\/cst.cat\/es\/#\/schema\/person\/1c6c9ac24850fe70cc7617ce9e2c869b\"},\"headline\":\"La Unidad de Asma del CST &#8211; Hospital Universitario logra la acreditaci\u00f3n de excelencia y se convierte en unidad docente.\",\"datePublished\":\"2026-01-22T07:53:26+00:00\",\"dateModified\":\"2026-01-22T07:53:27+00:00\",\"mainEntityOfPage\":{\"@id\":\"https:\/\/cst.cat\/es\/la-unidad-de-asma-del-cst-hospital-universitario-logra-la-acreditacion-de-excelencia-y-se-convierte-en-unidad-docente\/\"},\"wordCount\":423,\"publisher\":{\"@id\":\"https:\/\/cst.cat\/es\/#organization\"},\"image\":{\"@id\":\"https:\/\/cst.cat\/es\/la-unidad-de-asma-del-cst-hospital-universitario-logra-la-acreditacion-de-excelencia-y-se-convierte-en-unidad-docente\/#primaryimage\"},\"thumbnailUrl\":\"https:\/\/cst.cat\/wp-content\/uploads\/2026\/01\/Diseno-sin-titulo-2026-01-22T081754.087.png\",\"keywords\":[\"Alergia\",\"acreditaci\u00f3n\",\"Asma\"],\"articleSection\":[\"CST\",\"Alergia\"],\"inLanguage\":\"es\"},{\"@type\":\"WebPage\",\"@id\":\"https:\/\/cst.cat\/es\/la-unidad-de-asma-del-cst-hospital-universitario-logra-la-acreditacion-de-excelencia-y-se-convierte-en-unidad-docente\/\",\"url\":\"https:\/\/cst.cat\/es\/la-unidad-de-asma-del-cst-hospital-universitario-logra-la-acreditacion-de-excelencia-y-se-convierte-en-unidad-docente\/\",\"name\":\"La Unidad de Asma del CST - Hospital Universitario logra la acreditaci\u00f3n de excelencia y se convierte en unidad docente. - CST\",\"isPartOf\":{\"@id\":\"https:\/\/cst.cat\/es\/#website\"},\"primaryImageOfPage\":{\"@id\":\"https:\/\/cst.cat\/es\/la-unidad-de-asma-del-cst-hospital-universitario-logra-la-acreditacion-de-excelencia-y-se-convierte-en-unidad-docente\/#primaryimage\"},\"image\":{\"@id\":\"https:\/\/cst.cat\/es\/la-unidad-de-asma-del-cst-hospital-universitario-logra-la-acreditacion-de-excelencia-y-se-convierte-en-unidad-docente\/#primaryimage\"},\"thumbnailUrl\":\"https:\/\/cst.cat\/wp-content\/uploads\/2026\/01\/Diseno-sin-titulo-2026-01-22T081754.087.png\",\"datePublished\":\"2026-01-22T07:53:26+00:00\",\"dateModified\":\"2026-01-22T07:53:27+00:00\",\"breadcrumb\":{\"@id\":\"https:\/\/cst.cat\/es\/la-unidad-de-asma-del-cst-hospital-universitario-logra-la-acreditacion-de-excelencia-y-se-convierte-en-unidad-docente\/#breadcrumb\"},\"inLanguage\":\"es\",\"potentialAction\":[{\"@type\":\"ReadAction\",\"target\":[\"https:\/\/cst.cat\/es\/la-unidad-de-asma-del-cst-hospital-universitario-logra-la-acreditacion-de-excelencia-y-se-convierte-en-unidad-docente\/\"]}]},{\"@type\":\"ImageObject\",\"inLanguage\":\"es\",\"@id\":\"https:\/\/cst.cat\/es\/la-unidad-de-asma-del-cst-hospital-universitario-logra-la-acreditacion-de-excelencia-y-se-convierte-en-unidad-docente\/#primaryimage\",\"url\":\"https:\/\/cst.cat\/wp-content\/uploads\/2026\/01\/Diseno-sin-titulo-2026-01-22T081754.087.png\",\"contentUrl\":\"https:\/\/cst.cat\/wp-content\/uploads\/2026\/01\/Diseno-sin-titulo-2026-01-22T081754.087.png\",\"width\":700,\"height\":468},{\"@type\":\"BreadcrumbList\",\"@id\":\"https:\/\/cst.cat\/es\/la-unidad-de-asma-del-cst-hospital-universitario-logra-la-acreditacion-de-excelencia-y-se-convierte-en-unidad-docente\/#breadcrumb\",\"itemListElement\":[{\"@type\":\"ListItem\",\"position\":1,\"name\":\"Inici\",\"item\":\"https:\/\/cst.cat\/es\/\"},{\"@type\":\"ListItem\",\"position\":2,\"name\":\"La Unidad de Asma del CST &#8211; Hospital Universitario logra la acreditaci\u00f3n de excelencia y se convierte en unidad docente.\"}]},{\"@type\":\"WebSite\",\"@id\":\"https:\/\/cst.cat\/es\/#website\",\"url\":\"https:\/\/cst.cat\/es\/\",\"name\":\"CST\",\"description\":\"\",\"publisher\":{\"@id\":\"https:\/\/cst.cat\/es\/#organization\"},\"potentialAction\":[{\"@type\":\"SearchAction\",\"target\":{\"@type\":\"EntryPoint\",\"urlTemplate\":\"https:\/\/cst.cat\/es\/?s={search_term_string}\"},\"query-input\":{\"@type\":\"PropertyValueSpecification\",\"valueRequired\":true,\"valueName\":\"search_term_string\"}}],\"inLanguage\":\"es\"},{\"@type\":\"Organization\",\"@id\":\"https:\/\/cst.cat\/es\/#organization\",\"name\":\"Consorci Sanitari de Terrassa\",\"url\":\"https:\/\/cst.cat\/es\/\",\"logo\":{\"@type\":\"ImageObject\",\"inLanguage\":\"es\",\"@id\":\"https:\/\/cst.cat\/es\/#\/schema\/logo\/image\/\",\"url\":\"https:\/\/cst.cat\/wp-content\/uploads\/2021\/09\/logo-header.svg\",\"contentUrl\":\"https:\/\/cst.cat\/wp-content\/uploads\/2021\/09\/logo-header.svg\",\"width\":90,\"height\":32,\"caption\":\"Consorci Sanitari de Terrassa\"},\"image\":{\"@id\":\"https:\/\/cst.cat\/es\/#\/schema\/logo\/image\/\"}},{\"@type\":\"Person\",\"@id\":\"https:\/\/cst.cat\/es\/#\/schema\/person\/1c6c9ac24850fe70cc7617ce9e2c869b\",\"name\":\"aromero\",\"image\":{\"@type\":\"ImageObject\",\"inLanguage\":\"es\",\"@id\":\"https:\/\/secure.gravatar.com\/avatar\/c40b84030f91249a9d94c6b1a2d85c1d905122266b37992d135461e810bfc09b?s=96&d=mm&r=g\",\"url\":\"https:\/\/secure.gravatar.com\/avatar\/c40b84030f91249a9d94c6b1a2d85c1d905122266b37992d135461e810bfc09b?s=96&d=mm&r=g\",\"contentUrl\":\"https:\/\/secure.gravatar.com\/avatar\/c40b84030f91249a9d94c6b1a2d85c1d905122266b37992d135461e810bfc09b?s=96&d=mm&r=g\",\"caption\":\"aromero\"},\"url\":\"https:\/\/cst.cat\/es\/author\/aromero\/\"}]}<\/script>\n<!-- \/ Yoast SEO plugin. -->","yoast_head_json":{"title":"La Unidad de Asma del CST - Hospital Universitario logra la acreditaci\u00f3n de excelencia y se convierte en unidad docente. - CST","robots":{"index":"index","follow":"follow","max-snippet":"max-snippet:-1","max-image-preview":"max-image-preview:large","max-video-preview":"max-video-preview:-1"},"canonical":"https:\/\/cst.cat\/es\/la-unidad-de-asma-del-cst-hospital-universitario-logra-la-acreditacion-de-excelencia-y-se-convierte-en-unidad-docente\/","og_locale":"es_ES","og_type":"article","og_title":"La Unidad de Asma del CST - Hospital Universitario logra la acreditaci\u00f3n de excelencia y se convierte en unidad docente. - CST","og_description":"La Sociedad Espa\u00f1ola de Alergolog\u00eda e Inmunolog\u00eda Cl\u00ednica (SEAIC) ha reacreditado la Unidad de Asma del Servicio de Alergolog\u00eda del Consorcio Sanitario de Terrassa \u2013 Hospital Universitario como Unidad de Asma Grave de Excelencia , dando un paso adelante respecto a la anterior acreditaci\u00f3n como unidad b\u00e1sica. Esta distinci\u00f3n reconoce el alto nivel asistencial, formativo [&hellip;]","og_url":"https:\/\/cst.cat\/es\/la-unidad-de-asma-del-cst-hospital-universitario-logra-la-acreditacion-de-excelencia-y-se-convierte-en-unidad-docente\/","og_site_name":"CST","article_published_time":"2026-01-22T07:53:26+00:00","article_modified_time":"2026-01-22T07:53:27+00:00","og_image":[{"width":700,"height":468,"url":"https:\/\/cst.cat\/wp-content\/uploads\/2026\/01\/Diseno-sin-titulo-2026-01-22T081754.087.png","type":"image\/png"}],"author":"aromero","twitter_card":"summary_large_image","twitter_misc":{"Escrito por":"aromero","Tiempo de lectura":"2 minutos"},"schema":{"@context":"https:\/\/schema.org","@graph":[{"@type":"Article","@id":"https:\/\/cst.cat\/es\/la-unidad-de-asma-del-cst-hospital-universitario-logra-la-acreditacion-de-excelencia-y-se-convierte-en-unidad-docente\/#article","isPartOf":{"@id":"https:\/\/cst.cat\/es\/la-unidad-de-asma-del-cst-hospital-universitario-logra-la-acreditacion-de-excelencia-y-se-convierte-en-unidad-docente\/"},"author":{"name":"aromero","@id":"https:\/\/cst.cat\/es\/#\/schema\/person\/1c6c9ac24850fe70cc7617ce9e2c869b"},"headline":"La Unidad de Asma del CST &#8211; Hospital Universitario logra la acreditaci\u00f3n de excelencia y se convierte en unidad docente.","datePublished":"2026-01-22T07:53:26+00:00","dateModified":"2026-01-22T07:53:27+00:00","mainEntityOfPage":{"@id":"https:\/\/cst.cat\/es\/la-unidad-de-asma-del-cst-hospital-universitario-logra-la-acreditacion-de-excelencia-y-se-convierte-en-unidad-docente\/"},"wordCount":423,"publisher":{"@id":"https:\/\/cst.cat\/es\/#organization"},"image":{"@id":"https:\/\/cst.cat\/es\/la-unidad-de-asma-del-cst-hospital-universitario-logra-la-acreditacion-de-excelencia-y-se-convierte-en-unidad-docente\/#primaryimage"},"thumbnailUrl":"https:\/\/cst.cat\/wp-content\/uploads\/2026\/01\/Diseno-sin-titulo-2026-01-22T081754.087.png","keywords":["Alergia","acreditaci\u00f3n","Asma"],"articleSection":["CST","Alergia"],"inLanguage":"es"},{"@type":"WebPage","@id":"https:\/\/cst.cat\/es\/la-unidad-de-asma-del-cst-hospital-universitario-logra-la-acreditacion-de-excelencia-y-se-convierte-en-unidad-docente\/","url":"https:\/\/cst.cat\/es\/la-unidad-de-asma-del-cst-hospital-universitario-logra-la-acreditacion-de-excelencia-y-se-convierte-en-unidad-docente\/","name":"La Unidad de Asma del CST - Hospital Universitario logra la acreditaci\u00f3n de excelencia y se convierte en unidad docente. - CST","isPartOf":{"@id":"https:\/\/cst.cat\/es\/#website"},"primaryImageOfPage":{"@id":"https:\/\/cst.cat\/es\/la-unidad-de-asma-del-cst-hospital-universitario-logra-la-acreditacion-de-excelencia-y-se-convierte-en-unidad-docente\/#primaryimage"},"image":{"@id":"https:\/\/cst.cat\/es\/la-unidad-de-asma-del-cst-hospital-universitario-logra-la-acreditacion-de-excelencia-y-se-convierte-en-unidad-docente\/#primaryimage"},"thumbnailUrl":"https:\/\/cst.cat\/wp-content\/uploads\/2026\/01\/Diseno-sin-titulo-2026-01-22T081754.087.png","datePublished":"2026-01-22T07:53:26+00:00","dateModified":"2026-01-22T07:53:27+00:00","breadcrumb":{"@id":"https:\/\/cst.cat\/es\/la-unidad-de-asma-del-cst-hospital-universitario-logra-la-acreditacion-de-excelencia-y-se-convierte-en-unidad-docente\/#breadcrumb"},"inLanguage":"es","potentialAction":[{"@type":"ReadAction","target":["https:\/\/cst.cat\/es\/la-unidad-de-asma-del-cst-hospital-universitario-logra-la-acreditacion-de-excelencia-y-se-convierte-en-unidad-docente\/"]}]},{"@type":"ImageObject","inLanguage":"es","@id":"https:\/\/cst.cat\/es\/la-unidad-de-asma-del-cst-hospital-universitario-logra-la-acreditacion-de-excelencia-y-se-convierte-en-unidad-docente\/#primaryimage","url":"https:\/\/cst.cat\/wp-content\/uploads\/2026\/01\/Diseno-sin-titulo-2026-01-22T081754.087.png","contentUrl":"https:\/\/cst.cat\/wp-content\/uploads\/2026\/01\/Diseno-sin-titulo-2026-01-22T081754.087.png","width":700,"height":468},{"@type":"BreadcrumbList","@id":"https:\/\/cst.cat\/es\/la-unidad-de-asma-del-cst-hospital-universitario-logra-la-acreditacion-de-excelencia-y-se-convierte-en-unidad-docente\/#breadcrumb","itemListElement":[{"@type":"ListItem","position":1,"name":"Inici","item":"https:\/\/cst.cat\/es\/"},{"@type":"ListItem","position":2,"name":"La Unidad de Asma del CST &#8211; Hospital Universitario logra la acreditaci\u00f3n de excelencia y se convierte en unidad docente."}]},{"@type":"WebSite","@id":"https:\/\/cst.cat\/es\/#website","url":"https:\/\/cst.cat\/es\/","name":"CST","description":"","publisher":{"@id":"https:\/\/cst.cat\/es\/#organization"},"potentialAction":[{"@type":"SearchAction","target":{"@type":"EntryPoint","urlTemplate":"https:\/\/cst.cat\/es\/?s={search_term_string}"},"query-input":{"@type":"PropertyValueSpecification","valueRequired":true,"valueName":"search_term_string"}}],"inLanguage":"es"},{"@type":"Organization","@id":"https:\/\/cst.cat\/es\/#organization","name":"Consorci Sanitari de Terrassa","url":"https:\/\/cst.cat\/es\/","logo":{"@type":"ImageObject","inLanguage":"es","@id":"https:\/\/cst.cat\/es\/#\/schema\/logo\/image\/","url":"https:\/\/cst.cat\/wp-content\/uploads\/2021\/09\/logo-header.svg","contentUrl":"https:\/\/cst.cat\/wp-content\/uploads\/2021\/09\/logo-header.svg","width":90,"height":32,"caption":"Consorci Sanitari de Terrassa"},"image":{"@id":"https:\/\/cst.cat\/es\/#\/schema\/logo\/image\/"}},{"@type":"Person","@id":"https:\/\/cst.cat\/es\/#\/schema\/person\/1c6c9ac24850fe70cc7617ce9e2c869b","name":"aromero","image":{"@type":"ImageObject","inLanguage":"es","@id":"https:\/\/secure.gravatar.com\/avatar\/c40b84030f91249a9d94c6b1a2d85c1d905122266b37992d135461e810bfc09b?s=96&d=mm&r=g","url":"https:\/\/secure.gravatar.com\/avatar\/c40b84030f91249a9d94c6b1a2d85c1d905122266b37992d135461e810bfc09b?s=96&d=mm&r=g","contentUrl":"https:\/\/secure.gravatar.com\/avatar\/c40b84030f91249a9d94c6b1a2d85c1d905122266b37992d135461e810bfc09b?s=96&d=mm&r=g","caption":"aromero"},"url":"https:\/\/cst.cat\/es\/author\/aromero\/"}]}},"_links":{"self":[{"href":"https:\/\/cst.cat\/es\/wp-json\/wp\/v2\/posts\/33905","targetHints":{"allow":["GET"]}}],"collection":[{"href":"https:\/\/cst.cat\/es\/wp-json\/wp\/v2\/posts"}],"about":[{"href":"https:\/\/cst.cat\/es\/wp-json\/wp\/v2\/types\/post"}],"author":[{"embeddable":true,"href":"https:\/\/cst.cat\/es\/wp-json\/wp\/v2\/users\/4"}],"replies":[{"embeddable":true,"href":"https:\/\/cst.cat\/es\/wp-json\/wp\/v2\/comments?post=33905"}],"version-history":[{"count":0,"href":"https:\/\/cst.cat\/es\/wp-json\/wp\/v2\/posts\/33905\/revisions"}],"wp:featuredmedia":[{"embeddable":true,"href":"https:\/\/cst.cat\/es\/wp-json\/wp\/v2\/media\/33903"}],"wp:attachment":[{"href":"https:\/\/cst.cat\/es\/wp-json\/wp\/v2\/media?parent=33905"}],"wp:term":[{"taxonomy":"category","embeddable":true,"href":"https:\/\/cst.cat\/es\/wp-json\/wp\/v2\/categories?post=33905"},{"taxonomy":"post_tag","embeddable":true,"href":"https:\/\/cst.cat\/es\/wp-json\/wp\/v2\/tags?post=33905"}],"curies":[{"name":"wp","href":"https:\/\/api.w.org\/{rel}","templated":true}]}}