{"id":8934,"date":"2022-03-08T09:56:12","date_gmt":"2022-03-08T08:56:12","guid":{"rendered":"https:\/\/cst.cat\/ampliacion-horario-de-visitas-en-el-hospital-de-terrassa-y-en-el-hospital-sant-llatzer\/"},"modified":"2022-03-08T09:56:15","modified_gmt":"2022-03-08T08:56:15","slug":"ampliacion-horario-de-visitas-en-el-hospital-de-terrassa-y-en-el-hospital-sant-llatzer","status":"publish","type":"post","link":"https:\/\/cst.cat\/es\/ampliacion-horario-de-visitas-en-el-hospital-de-terrassa-y-en-el-hospital-sant-llatzer\/","title":{"rendered":"Ampliaci\u00f3n horario de visitas en el Hospital de Terrassa y en el Hospital Sant Ll\u00e0tzer"},"content":{"rendered":"\n<div class=\"wp-block-columns is-layout-flex wp-container-core-columns-is-layout-9d6595d7 wp-block-columns-is-layout-flex\">\n<div class=\"wp-block-column acces-lft is-layout-flow wp-block-column-is-layout-flow\" style=\"flex-basis:30%\">\n<figure class=\"wp-block-image size-full\"><img loading=\"lazy\" decoding=\"async\" width=\"700\" height=\"468\" src=\"https:\/\/cst.cat\/wp-content\/uploads\/2022\/03\/hthsll-1.png\" alt=\"\" class=\"wp-image-8626\" srcset=\"https:\/\/cst.cat\/wp-content\/uploads\/2022\/03\/hthsll-1.png 700w, https:\/\/cst.cat\/wp-content\/uploads\/2022\/03\/hthsll-1-600x401.png 600w\" sizes=\"auto, (max-width: 700px) 100vw, 700px\" \/><\/figure><\/div>\n\n\n\n<div class=\"wp-block-column acces-rgt is-layout-flow wp-block-column-is-layout-flow\" style=\"flex-basis:70%\">\n<h2 class=\"wp-block-heading\"><\/h2>\n\n\n\n<p>Con motivo de la evoluci\u00f3n epidemiol\u00f3gica actual, a partir del <strong>martes 1 de marzo<\/strong> , se ampl\u00eda el horario de visitas a los pacientes no Covid ingresados en el Hospital de Terrassa. Tambi\u00e9n puede consultar los nuevos horarios del Hospital Sant Ll\u00e0tzer<\/p>\n\n\n\n<p><strong>HOSPITAL DE TERRAZA<\/strong> :<\/p>\n\n\n\n<p><strong>Hospitalizaci\u00f3n no Covid:<\/strong> un acompa\u00f1ante que ser\u00e1 la misma persona <strong>durante una semana<\/strong><\/p>\n\n\n\n<p>CAMA A: Martes, jueves, s\u00e1bado de 12:30 a 14:00 \/ Mi\u00e9rcoles, viernes y domingo de 18:30 a 20 h<\/p>\n\n\n\n<p>CAMA B: Mi\u00e9rcoles, viernes y domingo de 12:30 a 14:00 \/ Martes, jueves, s\u00e1bado de 18:30 a 20 h<\/p>\n\n\n\n<p><strong>Hospitalizaci\u00f3n Covid:<\/strong> un acompa\u00f1ante durante 1.30 h\/1 d\u00eda a la semana y gestionado por el equipo asistencial con hoja de autorizaci\u00f3n.<\/p>\n\n\n\n<p><strong>Hospitalizaci\u00f3n Materno-Infantil<\/strong> : Un acompa\u00f1ante las 24 horas.<\/p>\n\n\n\n<p><strong>Cuidados Paliativos y fin de vida:<\/strong><strong> <\/strong>Seg\u00fan indicaciones del equipo asistencial.<\/p>\n\n\n\n<p><strong>Convalecencia:<\/strong><strong> <\/strong>Seg\u00fan indicaciones del equipo asistencial.<\/p>\n\n\n\n<p><strong>UCI + UCI Covid<\/strong> <strong>:<\/strong><strong>  <\/strong>Un acompa\u00f1ante de lunes a viernes <strong>de 12.30 a 14.30 horas<\/strong> .<\/p>\n\n\n\n<p>\n          <strong>Ingreso Directo en Quir\u00f3fano (IDQ):<\/strong>\n        <\/p>\n\n\n\n<p>Los pacientes ingresan con sus acompa\u00f1antes por UCSI (planta 3) donde se esperan hasta recibir informaci\u00f3n despu\u00e9s de la cirug\u00eda.<\/p>\n\n\n\n<p>Posteriormente subir\u00e1n al Hall de la planta donde ingrese el familiar hasta que enfermer\u00eda les avise para estar con el paciente durante 2 horas.<\/p>\n\n\n\n<p>\n          <strong>Ingreso directo a hospitalizaci\u00f3n (IDH) :<\/strong>\n        <\/p>\n\n\n\n<p>Los pacientes ingresan en planta y los acompa\u00f1antes esperan en el Hall de la planta.<\/p>\n\n\n\n<p>El acompa\u00f1ante recibir\u00e1 informaci\u00f3n sobre la cirug\u00eda por parte de enfermer\u00eda de planta y bajar\u00e1 a la planta 3 donde recibir\u00e1 informaci\u00f3n una vez finalice la cirug\u00eda.<\/p>\n\n\n\n<p>Posteriormente subir\u00e1 al Hall de la planta donde ingrese su familiar hasta que enfermer\u00eda el aviso para poder estar con el paciente durante 2 horas.<\/p>\n\n\n\n<p>\n          <strong>La informaci\u00f3n sobre la cirug\u00eda se recibir\u00e1 en la planta 3 de forma presencial una vez finalizada la intervenci\u00f3n quir\u00fargica.<\/strong>\n        <\/p>\n\n\n\n<p><strong>Urgencias<\/strong> <strong>:<\/strong><strong> <\/strong><\/p>\n\n\n\n<ul class=\"is-style-punts-blaus wp-block-list\"><li>Un acompa\u00f1ante en los niveles I II III, negativo.<\/li><li>En los niveles IV y V, si el paciente se visita y no debe quedarse para seguir evoluci\u00f3n, entrar\u00e1 sin acompa\u00f1ante.<\/li><li>Zona COVID, no est\u00e1n permitidas las visitas, salvo casos autorizados.<\/li><\/ul>\n\n\n<p>&#8211; En la entrada principal existe un control de acceso donde el visitante comunicar\u00e1 a qu\u00e9 paciente va a visitar.<\/p>\n\n\n\n<p>&#8211; Seguidamente, se realizar\u00e1n las medidas de protecci\u00f3n: higiene de manos con soluci\u00f3n hidroalcoh\u00f3lica y uso obligatorio de mascarilla quir\u00fargica.<\/p>\n\n\n\n<p>&#8211; Durante la estancia, los visitantes permanecer\u00e1n dentro de la habitaci\u00f3n, con la mascarilla puesta y evitar\u00e1n transitar por los pasillos o zonas comunes.<\/p>\n\n\n\n<p>\n          <strong>HOSPITAL DE SAN LAZERO:<\/strong>\n        <\/p>\n\n\n\n<p>&#8211; Visitas diarias de lunes a domingo.<\/p>\n\n\n\n<p>&#8211; El horario se establece seg\u00fan la cama que ocupa el paciente:<\/p>\n\n\n\n<ul class=\"is-style-punts-blaus wp-block-list\"><li>Camas A y C: Martes, jueves y s\u00e1bado de 12 a 14 h \/ Lunes, mi\u00e9rcoles, viernes y domingo de 17:30 a 19:30 h<\/li><li>Camas B: Martes, jueves y s\u00e1bado de 17:30 a 19:30 h \/ Lunes, mi\u00e9rcoles, viernes y domingo de 12 a 14 h<\/li><\/ul>\n\n\n<p>&#8211; El visitante debe pasar por Admisiones antes de acceder a la planta.<\/p>\n\n\n\n<p>&#8211; S\u00f3lo se permite el acceso de una persona por paciente y se recomienda que sea siempre la misma.<\/p>\n\n\n\n<p>&#8211; Durante la visita no est\u00e1 permitida la salida de la habitaci\u00f3n.<\/p>\n\n\n\n<p>&#8211; Es obligatorio mantener la distancia de seguridad y el uso continuado de la mascarilla durante la visita.<\/p>\n\n\n\n<p>&#8211; No est\u00e1 permitida la entrada de menores en el centro como norma general. No se puede acceder:<\/p>\n\n\n\n<ul class=\"is-style-punts-blaus wp-block-list\"><li>Si ha tenido contacto con personas sospechosas, probables o confirmadas de tener COVID-19.<\/li><li>Si ha sufrido en los \u00faltimos 14 d\u00edas ninguna sintomatolog\u00eda relacionada con el coronavirus (tos, fiebre &gt; 37\u00b0C, dolor de garganta, dificultad respiratoria, malestar general o diarrea).<\/li><\/ul><\/div>\n<\/div>\n","protected":false},"excerpt":{"rendered":"<p>Con motivo de la evoluci\u00f3n epidemiol\u00f3gica actual, a partir del martes 1 de marzo , se ampl\u00eda el horario de visitas a los pacientes no Covid ingresados en el Hospital de Terrassa. Tambi\u00e9n puede consultar los nuevos horarios del Hospital Sant Ll\u00e0tzer HOSPITAL DE TERRAZA : Hospitalizaci\u00f3n no Covid: un acompa\u00f1ante que ser\u00e1 la misma [&hellip;]<\/p>\n","protected":false},"author":4,"featured_media":8624,"comment_status":"open","ping_status":"open","sticky":false,"template":"","format":"standard","meta":{"_acf_changed":false,"footnotes":""},"categories":[2],"tags":[],"class_list":["post-8934","post","type-post","status-publish","format-standard","has-post-thumbnail","hentry","category-sin-categorizar"],"acf":[],"yoast_head":"<!-- This site is optimized with the Yoast SEO plugin v27.2 - https:\/\/yoast.com\/product\/yoast-seo-wordpress\/ -->\n<title>Ampliaci\u00f3n horario de visitas en el Hospital de Terrassa y en el Hospital Sant Ll\u00e0tzer - CST<\/title>\n<meta name=\"robots\" content=\"index, follow, max-snippet:-1, max-image-preview:large, max-video-preview:-1\" \/>\n<link rel=\"canonical\" href=\"https:\/\/cst.cat\/es\/ampliacion-horario-de-visitas-en-el-hospital-de-terrassa-y-en-el-hospital-sant-llatzer\/\" \/>\n<meta property=\"og:locale\" content=\"es_ES\" \/>\n<meta property=\"og:type\" content=\"article\" \/>\n<meta property=\"og:title\" content=\"Ampliaci\u00f3n horario de visitas en el Hospital de Terrassa y en el Hospital Sant Ll\u00e0tzer - CST\" \/>\n<meta property=\"og:description\" content=\"Con motivo de la evoluci\u00f3n epidemiol\u00f3gica actual, a partir del martes 1 de marzo , se ampl\u00eda el horario de visitas a los pacientes no Covid ingresados en el Hospital de Terrassa. Tambi\u00e9n puede consultar los nuevos horarios del Hospital Sant Ll\u00e0tzer HOSPITAL DE TERRAZA : Hospitalizaci\u00f3n no Covid: un acompa\u00f1ante que ser\u00e1 la misma [&hellip;]\" \/>\n<meta property=\"og:url\" content=\"https:\/\/cst.cat\/es\/ampliacion-horario-de-visitas-en-el-hospital-de-terrassa-y-en-el-hospital-sant-llatzer\/\" \/>\n<meta property=\"og:site_name\" content=\"CST\" \/>\n<meta property=\"article:published_time\" content=\"2022-03-08T08:56:12+00:00\" \/>\n<meta property=\"article:modified_time\" content=\"2022-03-08T08:56:15+00:00\" \/>\n<meta property=\"og:image\" content=\"https:\/\/cst.cat\/wp-content\/uploads\/2022\/03\/hthsll.png\" \/>\n\t<meta property=\"og:image:width\" content=\"700\" \/>\n\t<meta property=\"og:image:height\" content=\"468\" \/>\n\t<meta property=\"og:image:type\" content=\"image\/png\" \/>\n<meta name=\"author\" content=\"aromero\" \/>\n<meta name=\"twitter:card\" content=\"summary_large_image\" \/>\n<meta name=\"twitter:label1\" content=\"Escrito por\" \/>\n\t<meta name=\"twitter:data1\" content=\"aromero\" \/>\n\t<meta name=\"twitter:label2\" content=\"Tiempo de lectura\" \/>\n\t<meta name=\"twitter:data2\" content=\"3 minutos\" \/>\n<script type=\"application\/ld+json\" class=\"yoast-schema-graph\">{\"@context\":\"https:\/\/schema.org\",\"@graph\":[{\"@type\":\"Article\",\"@id\":\"https:\/\/cst.cat\/es\/ampliacion-horario-de-visitas-en-el-hospital-de-terrassa-y-en-el-hospital-sant-llatzer\/#article\",\"isPartOf\":{\"@id\":\"https:\/\/cst.cat\/es\/ampliacion-horario-de-visitas-en-el-hospital-de-terrassa-y-en-el-hospital-sant-llatzer\/\"},\"author\":{\"name\":\"aromero\",\"@id\":\"https:\/\/cst.cat\/es\/#\/schema\/person\/1c6c9ac24850fe70cc7617ce9e2c869b\"},\"headline\":\"Ampliaci\u00f3n horario de visitas en el Hospital de Terrassa y en el Hospital Sant Ll\u00e0tzer\",\"datePublished\":\"2022-03-08T08:56:12+00:00\",\"dateModified\":\"2022-03-08T08:56:15+00:00\",\"mainEntityOfPage\":{\"@id\":\"https:\/\/cst.cat\/es\/ampliacion-horario-de-visitas-en-el-hospital-de-terrassa-y-en-el-hospital-sant-llatzer\/\"},\"wordCount\":636,\"commentCount\":0,\"publisher\":{\"@id\":\"https:\/\/cst.cat\/es\/#organization\"},\"image\":{\"@id\":\"https:\/\/cst.cat\/es\/ampliacion-horario-de-visitas-en-el-hospital-de-terrassa-y-en-el-hospital-sant-llatzer\/#primaryimage\"},\"thumbnailUrl\":\"https:\/\/cst.cat\/wp-content\/uploads\/2022\/03\/hthsll.png\",\"articleSection\":[\"Sin categorizar\"],\"inLanguage\":\"es\",\"potentialAction\":[{\"@type\":\"CommentAction\",\"name\":\"Comment\",\"target\":[\"https:\/\/cst.cat\/es\/ampliacion-horario-de-visitas-en-el-hospital-de-terrassa-y-en-el-hospital-sant-llatzer\/#respond\"]}]},{\"@type\":\"WebPage\",\"@id\":\"https:\/\/cst.cat\/es\/ampliacion-horario-de-visitas-en-el-hospital-de-terrassa-y-en-el-hospital-sant-llatzer\/\",\"url\":\"https:\/\/cst.cat\/es\/ampliacion-horario-de-visitas-en-el-hospital-de-terrassa-y-en-el-hospital-sant-llatzer\/\",\"name\":\"Ampliaci\u00f3n horario de visitas en el Hospital de Terrassa y en el Hospital Sant Ll\u00e0tzer - CST\",\"isPartOf\":{\"@id\":\"https:\/\/cst.cat\/es\/#website\"},\"primaryImageOfPage\":{\"@id\":\"https:\/\/cst.cat\/es\/ampliacion-horario-de-visitas-en-el-hospital-de-terrassa-y-en-el-hospital-sant-llatzer\/#primaryimage\"},\"image\":{\"@id\":\"https:\/\/cst.cat\/es\/ampliacion-horario-de-visitas-en-el-hospital-de-terrassa-y-en-el-hospital-sant-llatzer\/#primaryimage\"},\"thumbnailUrl\":\"https:\/\/cst.cat\/wp-content\/uploads\/2022\/03\/hthsll.png\",\"datePublished\":\"2022-03-08T08:56:12+00:00\",\"dateModified\":\"2022-03-08T08:56:15+00:00\",\"breadcrumb\":{\"@id\":\"https:\/\/cst.cat\/es\/ampliacion-horario-de-visitas-en-el-hospital-de-terrassa-y-en-el-hospital-sant-llatzer\/#breadcrumb\"},\"inLanguage\":\"es\",\"potentialAction\":[{\"@type\":\"ReadAction\",\"target\":[\"https:\/\/cst.cat\/es\/ampliacion-horario-de-visitas-en-el-hospital-de-terrassa-y-en-el-hospital-sant-llatzer\/\"]}]},{\"@type\":\"ImageObject\",\"inLanguage\":\"es\",\"@id\":\"https:\/\/cst.cat\/es\/ampliacion-horario-de-visitas-en-el-hospital-de-terrassa-y-en-el-hospital-sant-llatzer\/#primaryimage\",\"url\":\"https:\/\/cst.cat\/wp-content\/uploads\/2022\/03\/hthsll.png\",\"contentUrl\":\"https:\/\/cst.cat\/wp-content\/uploads\/2022\/03\/hthsll.png\",\"width\":700,\"height\":468},{\"@type\":\"BreadcrumbList\",\"@id\":\"https:\/\/cst.cat\/es\/ampliacion-horario-de-visitas-en-el-hospital-de-terrassa-y-en-el-hospital-sant-llatzer\/#breadcrumb\",\"itemListElement\":[{\"@type\":\"ListItem\",\"position\":1,\"name\":\"Inici\",\"item\":\"https:\/\/cst.cat\/es\/\"},{\"@type\":\"ListItem\",\"position\":2,\"name\":\"Ampliaci\u00f3n horario de visitas en el Hospital de Terrassa y en el Hospital Sant Ll\u00e0tzer\"}]},{\"@type\":\"WebSite\",\"@id\":\"https:\/\/cst.cat\/es\/#website\",\"url\":\"https:\/\/cst.cat\/es\/\",\"name\":\"CST\",\"description\":\"\",\"publisher\":{\"@id\":\"https:\/\/cst.cat\/es\/#organization\"},\"potentialAction\":[{\"@type\":\"SearchAction\",\"target\":{\"@type\":\"EntryPoint\",\"urlTemplate\":\"https:\/\/cst.cat\/es\/?s={search_term_string}\"},\"query-input\":{\"@type\":\"PropertyValueSpecification\",\"valueRequired\":true,\"valueName\":\"search_term_string\"}}],\"inLanguage\":\"es\"},{\"@type\":\"Organization\",\"@id\":\"https:\/\/cst.cat\/es\/#organization\",\"name\":\"Consorci Sanitari de Terrassa\",\"url\":\"https:\/\/cst.cat\/es\/\",\"logo\":{\"@type\":\"ImageObject\",\"inLanguage\":\"es\",\"@id\":\"https:\/\/cst.cat\/es\/#\/schema\/logo\/image\/\",\"url\":\"https:\/\/cst.cat\/wp-content\/uploads\/2021\/09\/logo-header.svg\",\"contentUrl\":\"https:\/\/cst.cat\/wp-content\/uploads\/2021\/09\/logo-header.svg\",\"width\":90,\"height\":32,\"caption\":\"Consorci Sanitari de Terrassa\"},\"image\":{\"@id\":\"https:\/\/cst.cat\/es\/#\/schema\/logo\/image\/\"}},{\"@type\":\"Person\",\"@id\":\"https:\/\/cst.cat\/es\/#\/schema\/person\/1c6c9ac24850fe70cc7617ce9e2c869b\",\"name\":\"aromero\",\"image\":{\"@type\":\"ImageObject\",\"inLanguage\":\"es\",\"@id\":\"https:\/\/secure.gravatar.com\/avatar\/c40b84030f91249a9d94c6b1a2d85c1d905122266b37992d135461e810bfc09b?s=96&d=mm&r=g\",\"url\":\"https:\/\/secure.gravatar.com\/avatar\/c40b84030f91249a9d94c6b1a2d85c1d905122266b37992d135461e810bfc09b?s=96&d=mm&r=g\",\"contentUrl\":\"https:\/\/secure.gravatar.com\/avatar\/c40b84030f91249a9d94c6b1a2d85c1d905122266b37992d135461e810bfc09b?s=96&d=mm&r=g\",\"caption\":\"aromero\"},\"url\":\"https:\/\/cst.cat\/es\/author\/aromero\/\"}]}<\/script>\n<!-- \/ Yoast SEO plugin. -->","yoast_head_json":{"title":"Ampliaci\u00f3n horario de visitas en el Hospital de Terrassa y en el Hospital Sant Ll\u00e0tzer - CST","robots":{"index":"index","follow":"follow","max-snippet":"max-snippet:-1","max-image-preview":"max-image-preview:large","max-video-preview":"max-video-preview:-1"},"canonical":"https:\/\/cst.cat\/es\/ampliacion-horario-de-visitas-en-el-hospital-de-terrassa-y-en-el-hospital-sant-llatzer\/","og_locale":"es_ES","og_type":"article","og_title":"Ampliaci\u00f3n horario de visitas en el Hospital de Terrassa y en el Hospital Sant Ll\u00e0tzer - CST","og_description":"Con motivo de la evoluci\u00f3n epidemiol\u00f3gica actual, a partir del martes 1 de marzo , se ampl\u00eda el horario de visitas a los pacientes no Covid ingresados en el Hospital de Terrassa. Tambi\u00e9n puede consultar los nuevos horarios del Hospital Sant Ll\u00e0tzer HOSPITAL DE TERRAZA : Hospitalizaci\u00f3n no Covid: un acompa\u00f1ante que ser\u00e1 la misma [&hellip;]","og_url":"https:\/\/cst.cat\/es\/ampliacion-horario-de-visitas-en-el-hospital-de-terrassa-y-en-el-hospital-sant-llatzer\/","og_site_name":"CST","article_published_time":"2022-03-08T08:56:12+00:00","article_modified_time":"2022-03-08T08:56:15+00:00","og_image":[{"width":700,"height":468,"url":"https:\/\/cst.cat\/wp-content\/uploads\/2022\/03\/hthsll.png","type":"image\/png"}],"author":"aromero","twitter_card":"summary_large_image","twitter_misc":{"Escrito por":"aromero","Tiempo de lectura":"3 minutos"},"schema":{"@context":"https:\/\/schema.org","@graph":[{"@type":"Article","@id":"https:\/\/cst.cat\/es\/ampliacion-horario-de-visitas-en-el-hospital-de-terrassa-y-en-el-hospital-sant-llatzer\/#article","isPartOf":{"@id":"https:\/\/cst.cat\/es\/ampliacion-horario-de-visitas-en-el-hospital-de-terrassa-y-en-el-hospital-sant-llatzer\/"},"author":{"name":"aromero","@id":"https:\/\/cst.cat\/es\/#\/schema\/person\/1c6c9ac24850fe70cc7617ce9e2c869b"},"headline":"Ampliaci\u00f3n horario de visitas en el Hospital de Terrassa y en el Hospital Sant Ll\u00e0tzer","datePublished":"2022-03-08T08:56:12+00:00","dateModified":"2022-03-08T08:56:15+00:00","mainEntityOfPage":{"@id":"https:\/\/cst.cat\/es\/ampliacion-horario-de-visitas-en-el-hospital-de-terrassa-y-en-el-hospital-sant-llatzer\/"},"wordCount":636,"commentCount":0,"publisher":{"@id":"https:\/\/cst.cat\/es\/#organization"},"image":{"@id":"https:\/\/cst.cat\/es\/ampliacion-horario-de-visitas-en-el-hospital-de-terrassa-y-en-el-hospital-sant-llatzer\/#primaryimage"},"thumbnailUrl":"https:\/\/cst.cat\/wp-content\/uploads\/2022\/03\/hthsll.png","articleSection":["Sin categorizar"],"inLanguage":"es","potentialAction":[{"@type":"CommentAction","name":"Comment","target":["https:\/\/cst.cat\/es\/ampliacion-horario-de-visitas-en-el-hospital-de-terrassa-y-en-el-hospital-sant-llatzer\/#respond"]}]},{"@type":"WebPage","@id":"https:\/\/cst.cat\/es\/ampliacion-horario-de-visitas-en-el-hospital-de-terrassa-y-en-el-hospital-sant-llatzer\/","url":"https:\/\/cst.cat\/es\/ampliacion-horario-de-visitas-en-el-hospital-de-terrassa-y-en-el-hospital-sant-llatzer\/","name":"Ampliaci\u00f3n horario de visitas en el Hospital de Terrassa y en el Hospital Sant Ll\u00e0tzer - CST","isPartOf":{"@id":"https:\/\/cst.cat\/es\/#website"},"primaryImageOfPage":{"@id":"https:\/\/cst.cat\/es\/ampliacion-horario-de-visitas-en-el-hospital-de-terrassa-y-en-el-hospital-sant-llatzer\/#primaryimage"},"image":{"@id":"https:\/\/cst.cat\/es\/ampliacion-horario-de-visitas-en-el-hospital-de-terrassa-y-en-el-hospital-sant-llatzer\/#primaryimage"},"thumbnailUrl":"https:\/\/cst.cat\/wp-content\/uploads\/2022\/03\/hthsll.png","datePublished":"2022-03-08T08:56:12+00:00","dateModified":"2022-03-08T08:56:15+00:00","breadcrumb":{"@id":"https:\/\/cst.cat\/es\/ampliacion-horario-de-visitas-en-el-hospital-de-terrassa-y-en-el-hospital-sant-llatzer\/#breadcrumb"},"inLanguage":"es","potentialAction":[{"@type":"ReadAction","target":["https:\/\/cst.cat\/es\/ampliacion-horario-de-visitas-en-el-hospital-de-terrassa-y-en-el-hospital-sant-llatzer\/"]}]},{"@type":"ImageObject","inLanguage":"es","@id":"https:\/\/cst.cat\/es\/ampliacion-horario-de-visitas-en-el-hospital-de-terrassa-y-en-el-hospital-sant-llatzer\/#primaryimage","url":"https:\/\/cst.cat\/wp-content\/uploads\/2022\/03\/hthsll.png","contentUrl":"https:\/\/cst.cat\/wp-content\/uploads\/2022\/03\/hthsll.png","width":700,"height":468},{"@type":"BreadcrumbList","@id":"https:\/\/cst.cat\/es\/ampliacion-horario-de-visitas-en-el-hospital-de-terrassa-y-en-el-hospital-sant-llatzer\/#breadcrumb","itemListElement":[{"@type":"ListItem","position":1,"name":"Inici","item":"https:\/\/cst.cat\/es\/"},{"@type":"ListItem","position":2,"name":"Ampliaci\u00f3n horario de visitas en el Hospital de Terrassa y en el Hospital Sant Ll\u00e0tzer"}]},{"@type":"WebSite","@id":"https:\/\/cst.cat\/es\/#website","url":"https:\/\/cst.cat\/es\/","name":"CST","description":"","publisher":{"@id":"https:\/\/cst.cat\/es\/#organization"},"potentialAction":[{"@type":"SearchAction","target":{"@type":"EntryPoint","urlTemplate":"https:\/\/cst.cat\/es\/?s={search_term_string}"},"query-input":{"@type":"PropertyValueSpecification","valueRequired":true,"valueName":"search_term_string"}}],"inLanguage":"es"},{"@type":"Organization","@id":"https:\/\/cst.cat\/es\/#organization","name":"Consorci Sanitari de Terrassa","url":"https:\/\/cst.cat\/es\/","logo":{"@type":"ImageObject","inLanguage":"es","@id":"https:\/\/cst.cat\/es\/#\/schema\/logo\/image\/","url":"https:\/\/cst.cat\/wp-content\/uploads\/2021\/09\/logo-header.svg","contentUrl":"https:\/\/cst.cat\/wp-content\/uploads\/2021\/09\/logo-header.svg","width":90,"height":32,"caption":"Consorci Sanitari de Terrassa"},"image":{"@id":"https:\/\/cst.cat\/es\/#\/schema\/logo\/image\/"}},{"@type":"Person","@id":"https:\/\/cst.cat\/es\/#\/schema\/person\/1c6c9ac24850fe70cc7617ce9e2c869b","name":"aromero","image":{"@type":"ImageObject","inLanguage":"es","@id":"https:\/\/secure.gravatar.com\/avatar\/c40b84030f91249a9d94c6b1a2d85c1d905122266b37992d135461e810bfc09b?s=96&d=mm&r=g","url":"https:\/\/secure.gravatar.com\/avatar\/c40b84030f91249a9d94c6b1a2d85c1d905122266b37992d135461e810bfc09b?s=96&d=mm&r=g","contentUrl":"https:\/\/secure.gravatar.com\/avatar\/c40b84030f91249a9d94c6b1a2d85c1d905122266b37992d135461e810bfc09b?s=96&d=mm&r=g","caption":"aromero"},"url":"https:\/\/cst.cat\/es\/author\/aromero\/"}]}},"_links":{"self":[{"href":"https:\/\/cst.cat\/es\/wp-json\/wp\/v2\/posts\/8934","targetHints":{"allow":["GET"]}}],"collection":[{"href":"https:\/\/cst.cat\/es\/wp-json\/wp\/v2\/posts"}],"about":[{"href":"https:\/\/cst.cat\/es\/wp-json\/wp\/v2\/types\/post"}],"author":[{"embeddable":true,"href":"https:\/\/cst.cat\/es\/wp-json\/wp\/v2\/users\/4"}],"replies":[{"embeddable":true,"href":"https:\/\/cst.cat\/es\/wp-json\/wp\/v2\/comments?post=8934"}],"version-history":[{"count":0,"href":"https:\/\/cst.cat\/es\/wp-json\/wp\/v2\/posts\/8934\/revisions"}],"wp:featuredmedia":[{"embeddable":true,"href":"https:\/\/cst.cat\/es\/wp-json\/wp\/v2\/media\/8624"}],"wp:attachment":[{"href":"https:\/\/cst.cat\/es\/wp-json\/wp\/v2\/media?parent=8934"}],"wp:term":[{"taxonomy":"category","embeddable":true,"href":"https:\/\/cst.cat\/es\/wp-json\/wp\/v2\/categories?post=8934"},{"taxonomy":"post_tag","embeddable":true,"href":"https:\/\/cst.cat\/es\/wp-json\/wp\/v2\/tags?post=8934"}],"curies":[{"name":"wp","href":"https:\/\/api.w.org\/{rel}","templated":true}]}}