{"id":8949,"date":"2022-03-08T09:56:14","date_gmt":"2022-03-08T08:56:14","guid":{"rendered":"https:\/\/cst.cat\/la-dra-maite-garolera-lidera-el-proyecto-nautilus-financiado-por-la-marato\/"},"modified":"2023-08-10T11:31:14","modified_gmt":"2023-08-10T09:31:14","slug":"la-dra-maite-garolera-lidera-el-proyecto-nautilus-financiado-por-la-marato","status":"publish","type":"post","link":"https:\/\/cst.cat\/es\/la-dra-maite-garolera-lidera-el-proyecto-nautilus-financiado-por-la-marato\/","title":{"rendered":"La Dra. Maite Garolera lidera el proyecto Nautilus, financiado por La Marat\u00f3"},"content":{"rendered":"\n<div class=\"wp-block-columns is-layout-flex wp-container-core-columns-is-layout-9d6595d7 wp-block-columns-is-layout-flex\">\n<div class=\"wp-block-column acces-lft is-layout-flow wp-block-column-is-layout-flow\" style=\"flex-basis:30%\">\n<figure class=\"wp-block-image size-thumbnail is-resized\"><img loading=\"lazy\" decoding=\"async\" src=\"https:\/\/cst.cat\/wp-content\/uploads\/2022\/03\/maite-1-300x300.jpg\" alt=\"\" class=\"wp-image-8413\" style=\"width:234px;height:234px\" width=\"234\" height=\"234\"\/><\/figure><\/div>\n\n\n\n<div class=\"wp-block-column acces-rgt is-layout-flow wp-block-column-is-layout-flow\" style=\"flex-basis:70%\">\n<h2 class=\"wp-block-heading\">Maite Garolera, Neuropsic\u00f3loga del Consorcio Sanitario de Terrassa, lidera el proyecto Nautilus que tiene por objetivo estudiar los cambios cognitivos, emocionales y funcionales que experimentan los pacientes despu\u00e9s de pasar la Covid-19. Se sabe que el virus afecta al sistema nervioso central, pero todav\u00eda no se sabe por qu\u00e9 afecta a determinados perfiles ya otros no.<\/h2>\n\n\n\n<p>La iniciativa cuenta adem\u00e1s con la participaci\u00f3n de la Universidad de Barcelona (UB), la Universidad Polit\u00e9cnica de Catalu\u00f1a (UPC), y psic\u00f3logos de 22 hospitales, 20 de ellos catalanes y p\u00fablicos.<\/p>\n<\/div>\n<\/div>\n\n<div class=\"wp-block-columns is-layout-flex wp-container-core-columns-is-layout-9d6595d7 wp-block-columns-is-layout-flex\">\n<div class=\"wp-block-column is-layout-flow wp-block-column-is-layout-flow\" style=\"flex-basis:33.33%\"><\/div>\n\n\n\n<div class=\"wp-block-column is-layout-flow wp-block-column-is-layout-flow\" style=\"flex-basis:66.66%\">\n          \n\n          <figure class=\"wp-block-embed is-type-video is-provider-youtube wp-block-embed-youtube wp-embed-aspect-16-9 wp-has-aspect-ratio\">\n            <div class=\"wp-block-embed__wrapper\">\n<iframe loading=\"lazy\" title=\"La Marat\u00f3 2020. Projecte Nautilus\" width=\"500\" height=\"281\" src=\"https:\/\/www.youtube.com\/embed\/0Yn4bOSKdHw?start=5&#038;feature=oembed\" frameborder=\"0\" allow=\"accelerometer; autoplay; clipboard-write; encrypted-media; gyroscope; picture-in-picture; web-share\" referrerpolicy=\"strict-origin-when-cross-origin\" allowfullscreen><\/iframe>\n<\/div>\n            <figcaption class=\"wp-element-caption\">El Marat\u00f3n 2020. Proyecto Nautilus<\/figcaption>\n          <\/figure>\n          \n\n        \n<\/div>\n<\/div>\n\n<div class=\"wp-block-columns is-layout-flex wp-container-core-columns-is-layout-9d6595d7 wp-block-columns-is-layout-flex\"><\/div>\n","protected":false},"excerpt":{"rendered":"<p>Maite Garolera, Neuropsic\u00f3loga del Consorcio Sanitario de Terrassa, lidera el proyecto Nautilus que tiene por objetivo estudiar los cambios cognitivos, emocionales y funcionales que experimentan los pacientes despu\u00e9s de pasar la Covid-19. Se sabe que el virus afecta al sistema nervioso central, pero todav\u00eda no se sabe por qu\u00e9 afecta a determinados perfiles ya otros [&hellip;]<\/p>\n","protected":false},"author":4,"featured_media":8412,"comment_status":"open","ping_status":"open","sticky":false,"template":"","format":"standard","meta":{"_acf_changed":false,"footnotes":""},"categories":[155,154],"tags":[],"class_list":["post-8949","post","type-post","status-publish","format-standard","has-post-thumbnail","hentry","category-proyectos","category-covid-19-es"],"acf":[],"yoast_head":"<!-- This site is optimized with the Yoast SEO plugin v27.2 - https:\/\/yoast.com\/product\/yoast-seo-wordpress\/ -->\n<title>La Dra. Maite Garolera lidera el proyecto Nautilus, financiado por La Marat\u00f3 - CST<\/title>\n<meta name=\"robots\" content=\"index, follow, max-snippet:-1, max-image-preview:large, max-video-preview:-1\" \/>\n<link rel=\"canonical\" href=\"https:\/\/cst.cat\/es\/la-dra-maite-garolera-lidera-el-proyecto-nautilus-financiado-por-la-marato\/\" \/>\n<meta property=\"og:locale\" content=\"es_ES\" \/>\n<meta property=\"og:type\" content=\"article\" \/>\n<meta property=\"og:title\" content=\"La Dra. Maite Garolera lidera el proyecto Nautilus, financiado por La Marat\u00f3 - CST\" \/>\n<meta property=\"og:description\" content=\"Maite Garolera, Neuropsic\u00f3loga del Consorcio Sanitario de Terrassa, lidera el proyecto Nautilus que tiene por objetivo estudiar los cambios cognitivos, emocionales y funcionales que experimentan los pacientes despu\u00e9s de pasar la Covid-19. Se sabe que el virus afecta al sistema nervioso central, pero todav\u00eda no se sabe por qu\u00e9 afecta a determinados perfiles ya otros [&hellip;]\" \/>\n<meta property=\"og:url\" content=\"https:\/\/cst.cat\/es\/la-dra-maite-garolera-lidera-el-proyecto-nautilus-financiado-por-la-marato\/\" \/>\n<meta property=\"og:site_name\" content=\"CST\" \/>\n<meta property=\"article:published_time\" content=\"2022-03-08T08:56:14+00:00\" \/>\n<meta property=\"article:modified_time\" content=\"2023-08-10T09:31:14+00:00\" \/>\n<meta property=\"og:image\" content=\"https:\/\/cst.cat\/wp-content\/uploads\/2022\/03\/maite-e1646135372916.jpg\" \/>\n\t<meta property=\"og:image:width\" content=\"768\" \/>\n\t<meta property=\"og:image:height\" content=\"788\" \/>\n\t<meta property=\"og:image:type\" content=\"image\/jpeg\" \/>\n<meta name=\"author\" content=\"aromero\" \/>\n<meta name=\"twitter:card\" content=\"summary_large_image\" \/>\n<meta name=\"twitter:label1\" content=\"Escrito por\" \/>\n\t<meta name=\"twitter:data1\" content=\"aromero\" \/>\n\t<meta name=\"twitter:label2\" content=\"Tiempo de lectura\" \/>\n\t<meta name=\"twitter:data2\" content=\"1 minuto\" \/>\n<script type=\"application\/ld+json\" class=\"yoast-schema-graph\">{\"@context\":\"https:\/\/schema.org\",\"@graph\":[{\"@type\":\"Article\",\"@id\":\"https:\/\/cst.cat\/es\/la-dra-maite-garolera-lidera-el-proyecto-nautilus-financiado-por-la-marato\/#article\",\"isPartOf\":{\"@id\":\"https:\/\/cst.cat\/es\/la-dra-maite-garolera-lidera-el-proyecto-nautilus-financiado-por-la-marato\/\"},\"author\":{\"name\":\"aromero\",\"@id\":\"https:\/\/cst.cat\/es\/#\/schema\/person\/1c6c9ac24850fe70cc7617ce9e2c869b\"},\"headline\":\"La Dra. Maite Garolera lidera el proyecto Nautilus, financiado por La Marat\u00f3\",\"datePublished\":\"2022-03-08T08:56:14+00:00\",\"dateModified\":\"2023-08-10T09:31:14+00:00\",\"mainEntityOfPage\":{\"@id\":\"https:\/\/cst.cat\/es\/la-dra-maite-garolera-lidera-el-proyecto-nautilus-financiado-por-la-marato\/\"},\"wordCount\":121,\"commentCount\":0,\"publisher\":{\"@id\":\"https:\/\/cst.cat\/es\/#organization\"},\"image\":{\"@id\":\"https:\/\/cst.cat\/es\/la-dra-maite-garolera-lidera-el-proyecto-nautilus-financiado-por-la-marato\/#primaryimage\"},\"thumbnailUrl\":\"https:\/\/cst.cat\/wp-content\/uploads\/2022\/03\/maite-e1646135372916.jpg\",\"articleSection\":[\"Proyectos\",\"Covid-19\"],\"inLanguage\":\"es\",\"potentialAction\":[{\"@type\":\"CommentAction\",\"name\":\"Comment\",\"target\":[\"https:\/\/cst.cat\/es\/la-dra-maite-garolera-lidera-el-proyecto-nautilus-financiado-por-la-marato\/#respond\"]}]},{\"@type\":\"WebPage\",\"@id\":\"https:\/\/cst.cat\/es\/la-dra-maite-garolera-lidera-el-proyecto-nautilus-financiado-por-la-marato\/\",\"url\":\"https:\/\/cst.cat\/es\/la-dra-maite-garolera-lidera-el-proyecto-nautilus-financiado-por-la-marato\/\",\"name\":\"La Dra. Maite Garolera lidera el proyecto Nautilus, financiado por La Marat\u00f3 - CST\",\"isPartOf\":{\"@id\":\"https:\/\/cst.cat\/es\/#website\"},\"primaryImageOfPage\":{\"@id\":\"https:\/\/cst.cat\/es\/la-dra-maite-garolera-lidera-el-proyecto-nautilus-financiado-por-la-marato\/#primaryimage\"},\"image\":{\"@id\":\"https:\/\/cst.cat\/es\/la-dra-maite-garolera-lidera-el-proyecto-nautilus-financiado-por-la-marato\/#primaryimage\"},\"thumbnailUrl\":\"https:\/\/cst.cat\/wp-content\/uploads\/2022\/03\/maite-e1646135372916.jpg\",\"datePublished\":\"2022-03-08T08:56:14+00:00\",\"dateModified\":\"2023-08-10T09:31:14+00:00\",\"breadcrumb\":{\"@id\":\"https:\/\/cst.cat\/es\/la-dra-maite-garolera-lidera-el-proyecto-nautilus-financiado-por-la-marato\/#breadcrumb\"},\"inLanguage\":\"es\",\"potentialAction\":[{\"@type\":\"ReadAction\",\"target\":[\"https:\/\/cst.cat\/es\/la-dra-maite-garolera-lidera-el-proyecto-nautilus-financiado-por-la-marato\/\"]}]},{\"@type\":\"ImageObject\",\"inLanguage\":\"es\",\"@id\":\"https:\/\/cst.cat\/es\/la-dra-maite-garolera-lidera-el-proyecto-nautilus-financiado-por-la-marato\/#primaryimage\",\"url\":\"https:\/\/cst.cat\/wp-content\/uploads\/2022\/03\/maite-e1646135372916.jpg\",\"contentUrl\":\"https:\/\/cst.cat\/wp-content\/uploads\/2022\/03\/maite-e1646135372916.jpg\",\"width\":768,\"height\":788},{\"@type\":\"BreadcrumbList\",\"@id\":\"https:\/\/cst.cat\/es\/la-dra-maite-garolera-lidera-el-proyecto-nautilus-financiado-por-la-marato\/#breadcrumb\",\"itemListElement\":[{\"@type\":\"ListItem\",\"position\":1,\"name\":\"Inici\",\"item\":\"https:\/\/cst.cat\/es\/\"},{\"@type\":\"ListItem\",\"position\":2,\"name\":\"La Dra. Maite Garolera lidera el proyecto Nautilus, financiado por La Marat\u00f3\"}]},{\"@type\":\"WebSite\",\"@id\":\"https:\/\/cst.cat\/es\/#website\",\"url\":\"https:\/\/cst.cat\/es\/\",\"name\":\"CST\",\"description\":\"\",\"publisher\":{\"@id\":\"https:\/\/cst.cat\/es\/#organization\"},\"potentialAction\":[{\"@type\":\"SearchAction\",\"target\":{\"@type\":\"EntryPoint\",\"urlTemplate\":\"https:\/\/cst.cat\/es\/?s={search_term_string}\"},\"query-input\":{\"@type\":\"PropertyValueSpecification\",\"valueRequired\":true,\"valueName\":\"search_term_string\"}}],\"inLanguage\":\"es\"},{\"@type\":\"Organization\",\"@id\":\"https:\/\/cst.cat\/es\/#organization\",\"name\":\"Consorci Sanitari de Terrassa\",\"url\":\"https:\/\/cst.cat\/es\/\",\"logo\":{\"@type\":\"ImageObject\",\"inLanguage\":\"es\",\"@id\":\"https:\/\/cst.cat\/es\/#\/schema\/logo\/image\/\",\"url\":\"https:\/\/cst.cat\/wp-content\/uploads\/2021\/09\/logo-header.svg\",\"contentUrl\":\"https:\/\/cst.cat\/wp-content\/uploads\/2021\/09\/logo-header.svg\",\"width\":90,\"height\":32,\"caption\":\"Consorci Sanitari de Terrassa\"},\"image\":{\"@id\":\"https:\/\/cst.cat\/es\/#\/schema\/logo\/image\/\"}},{\"@type\":\"Person\",\"@id\":\"https:\/\/cst.cat\/es\/#\/schema\/person\/1c6c9ac24850fe70cc7617ce9e2c869b\",\"name\":\"aromero\",\"image\":{\"@type\":\"ImageObject\",\"inLanguage\":\"es\",\"@id\":\"https:\/\/secure.gravatar.com\/avatar\/c40b84030f91249a9d94c6b1a2d85c1d905122266b37992d135461e810bfc09b?s=96&d=mm&r=g\",\"url\":\"https:\/\/secure.gravatar.com\/avatar\/c40b84030f91249a9d94c6b1a2d85c1d905122266b37992d135461e810bfc09b?s=96&d=mm&r=g\",\"contentUrl\":\"https:\/\/secure.gravatar.com\/avatar\/c40b84030f91249a9d94c6b1a2d85c1d905122266b37992d135461e810bfc09b?s=96&d=mm&r=g\",\"caption\":\"aromero\"},\"url\":\"https:\/\/cst.cat\/es\/author\/aromero\/\"}]}<\/script>\n<!-- \/ Yoast SEO plugin. -->","yoast_head_json":{"title":"La Dra. Maite Garolera lidera el proyecto Nautilus, financiado por La Marat\u00f3 - CST","robots":{"index":"index","follow":"follow","max-snippet":"max-snippet:-1","max-image-preview":"max-image-preview:large","max-video-preview":"max-video-preview:-1"},"canonical":"https:\/\/cst.cat\/es\/la-dra-maite-garolera-lidera-el-proyecto-nautilus-financiado-por-la-marato\/","og_locale":"es_ES","og_type":"article","og_title":"La Dra. Maite Garolera lidera el proyecto Nautilus, financiado por La Marat\u00f3 - CST","og_description":"Maite Garolera, Neuropsic\u00f3loga del Consorcio Sanitario de Terrassa, lidera el proyecto Nautilus que tiene por objetivo estudiar los cambios cognitivos, emocionales y funcionales que experimentan los pacientes despu\u00e9s de pasar la Covid-19. Se sabe que el virus afecta al sistema nervioso central, pero todav\u00eda no se sabe por qu\u00e9 afecta a determinados perfiles ya otros [&hellip;]","og_url":"https:\/\/cst.cat\/es\/la-dra-maite-garolera-lidera-el-proyecto-nautilus-financiado-por-la-marato\/","og_site_name":"CST","article_published_time":"2022-03-08T08:56:14+00:00","article_modified_time":"2023-08-10T09:31:14+00:00","og_image":[{"width":768,"height":788,"url":"https:\/\/cst.cat\/wp-content\/uploads\/2022\/03\/maite-e1646135372916.jpg","type":"image\/jpeg"}],"author":"aromero","twitter_card":"summary_large_image","twitter_misc":{"Escrito por":"aromero","Tiempo de lectura":"1 minuto"},"schema":{"@context":"https:\/\/schema.org","@graph":[{"@type":"Article","@id":"https:\/\/cst.cat\/es\/la-dra-maite-garolera-lidera-el-proyecto-nautilus-financiado-por-la-marato\/#article","isPartOf":{"@id":"https:\/\/cst.cat\/es\/la-dra-maite-garolera-lidera-el-proyecto-nautilus-financiado-por-la-marato\/"},"author":{"name":"aromero","@id":"https:\/\/cst.cat\/es\/#\/schema\/person\/1c6c9ac24850fe70cc7617ce9e2c869b"},"headline":"La Dra. Maite Garolera lidera el proyecto Nautilus, financiado por La Marat\u00f3","datePublished":"2022-03-08T08:56:14+00:00","dateModified":"2023-08-10T09:31:14+00:00","mainEntityOfPage":{"@id":"https:\/\/cst.cat\/es\/la-dra-maite-garolera-lidera-el-proyecto-nautilus-financiado-por-la-marato\/"},"wordCount":121,"commentCount":0,"publisher":{"@id":"https:\/\/cst.cat\/es\/#organization"},"image":{"@id":"https:\/\/cst.cat\/es\/la-dra-maite-garolera-lidera-el-proyecto-nautilus-financiado-por-la-marato\/#primaryimage"},"thumbnailUrl":"https:\/\/cst.cat\/wp-content\/uploads\/2022\/03\/maite-e1646135372916.jpg","articleSection":["Proyectos","Covid-19"],"inLanguage":"es","potentialAction":[{"@type":"CommentAction","name":"Comment","target":["https:\/\/cst.cat\/es\/la-dra-maite-garolera-lidera-el-proyecto-nautilus-financiado-por-la-marato\/#respond"]}]},{"@type":"WebPage","@id":"https:\/\/cst.cat\/es\/la-dra-maite-garolera-lidera-el-proyecto-nautilus-financiado-por-la-marato\/","url":"https:\/\/cst.cat\/es\/la-dra-maite-garolera-lidera-el-proyecto-nautilus-financiado-por-la-marato\/","name":"La Dra. Maite Garolera lidera el proyecto Nautilus, financiado por La Marat\u00f3 - CST","isPartOf":{"@id":"https:\/\/cst.cat\/es\/#website"},"primaryImageOfPage":{"@id":"https:\/\/cst.cat\/es\/la-dra-maite-garolera-lidera-el-proyecto-nautilus-financiado-por-la-marato\/#primaryimage"},"image":{"@id":"https:\/\/cst.cat\/es\/la-dra-maite-garolera-lidera-el-proyecto-nautilus-financiado-por-la-marato\/#primaryimage"},"thumbnailUrl":"https:\/\/cst.cat\/wp-content\/uploads\/2022\/03\/maite-e1646135372916.jpg","datePublished":"2022-03-08T08:56:14+00:00","dateModified":"2023-08-10T09:31:14+00:00","breadcrumb":{"@id":"https:\/\/cst.cat\/es\/la-dra-maite-garolera-lidera-el-proyecto-nautilus-financiado-por-la-marato\/#breadcrumb"},"inLanguage":"es","potentialAction":[{"@type":"ReadAction","target":["https:\/\/cst.cat\/es\/la-dra-maite-garolera-lidera-el-proyecto-nautilus-financiado-por-la-marato\/"]}]},{"@type":"ImageObject","inLanguage":"es","@id":"https:\/\/cst.cat\/es\/la-dra-maite-garolera-lidera-el-proyecto-nautilus-financiado-por-la-marato\/#primaryimage","url":"https:\/\/cst.cat\/wp-content\/uploads\/2022\/03\/maite-e1646135372916.jpg","contentUrl":"https:\/\/cst.cat\/wp-content\/uploads\/2022\/03\/maite-e1646135372916.jpg","width":768,"height":788},{"@type":"BreadcrumbList","@id":"https:\/\/cst.cat\/es\/la-dra-maite-garolera-lidera-el-proyecto-nautilus-financiado-por-la-marato\/#breadcrumb","itemListElement":[{"@type":"ListItem","position":1,"name":"Inici","item":"https:\/\/cst.cat\/es\/"},{"@type":"ListItem","position":2,"name":"La Dra. Maite Garolera lidera el proyecto Nautilus, financiado por La Marat\u00f3"}]},{"@type":"WebSite","@id":"https:\/\/cst.cat\/es\/#website","url":"https:\/\/cst.cat\/es\/","name":"CST","description":"","publisher":{"@id":"https:\/\/cst.cat\/es\/#organization"},"potentialAction":[{"@type":"SearchAction","target":{"@type":"EntryPoint","urlTemplate":"https:\/\/cst.cat\/es\/?s={search_term_string}"},"query-input":{"@type":"PropertyValueSpecification","valueRequired":true,"valueName":"search_term_string"}}],"inLanguage":"es"},{"@type":"Organization","@id":"https:\/\/cst.cat\/es\/#organization","name":"Consorci Sanitari de Terrassa","url":"https:\/\/cst.cat\/es\/","logo":{"@type":"ImageObject","inLanguage":"es","@id":"https:\/\/cst.cat\/es\/#\/schema\/logo\/image\/","url":"https:\/\/cst.cat\/wp-content\/uploads\/2021\/09\/logo-header.svg","contentUrl":"https:\/\/cst.cat\/wp-content\/uploads\/2021\/09\/logo-header.svg","width":90,"height":32,"caption":"Consorci Sanitari de Terrassa"},"image":{"@id":"https:\/\/cst.cat\/es\/#\/schema\/logo\/image\/"}},{"@type":"Person","@id":"https:\/\/cst.cat\/es\/#\/schema\/person\/1c6c9ac24850fe70cc7617ce9e2c869b","name":"aromero","image":{"@type":"ImageObject","inLanguage":"es","@id":"https:\/\/secure.gravatar.com\/avatar\/c40b84030f91249a9d94c6b1a2d85c1d905122266b37992d135461e810bfc09b?s=96&d=mm&r=g","url":"https:\/\/secure.gravatar.com\/avatar\/c40b84030f91249a9d94c6b1a2d85c1d905122266b37992d135461e810bfc09b?s=96&d=mm&r=g","contentUrl":"https:\/\/secure.gravatar.com\/avatar\/c40b84030f91249a9d94c6b1a2d85c1d905122266b37992d135461e810bfc09b?s=96&d=mm&r=g","caption":"aromero"},"url":"https:\/\/cst.cat\/es\/author\/aromero\/"}]}},"_links":{"self":[{"href":"https:\/\/cst.cat\/es\/wp-json\/wp\/v2\/posts\/8949","targetHints":{"allow":["GET"]}}],"collection":[{"href":"https:\/\/cst.cat\/es\/wp-json\/wp\/v2\/posts"}],"about":[{"href":"https:\/\/cst.cat\/es\/wp-json\/wp\/v2\/types\/post"}],"author":[{"embeddable":true,"href":"https:\/\/cst.cat\/es\/wp-json\/wp\/v2\/users\/4"}],"replies":[{"embeddable":true,"href":"https:\/\/cst.cat\/es\/wp-json\/wp\/v2\/comments?post=8949"}],"version-history":[{"count":0,"href":"https:\/\/cst.cat\/es\/wp-json\/wp\/v2\/posts\/8949\/revisions"}],"wp:featuredmedia":[{"embeddable":true,"href":"https:\/\/cst.cat\/es\/wp-json\/wp\/v2\/media\/8412"}],"wp:attachment":[{"href":"https:\/\/cst.cat\/es\/wp-json\/wp\/v2\/media?parent=8949"}],"wp:term":[{"taxonomy":"category","embeddable":true,"href":"https:\/\/cst.cat\/es\/wp-json\/wp\/v2\/categories?post=8949"},{"taxonomy":"post_tag","embeddable":true,"href":"https:\/\/cst.cat\/es\/wp-json\/wp\/v2\/tags?post=8949"}],"curies":[{"name":"wp","href":"https:\/\/api.w.org\/{rel}","templated":true}]}}