{"id":9015,"date":"2022-03-08T09:57:00","date_gmt":"2022-03-08T08:57:00","guid":{"rendered":"https:\/\/cst.cat\/dia-internacional-para-la-eliminacion-de-la-violencia-hacia-las-mujeres\/"},"modified":"2022-03-08T09:57:03","modified_gmt":"2022-03-08T08:57:03","slug":"dia-internacional-para-la-eliminacion-de-la-violencia-hacia-las-mujeres","status":"publish","type":"post","link":"https:\/\/cst.cat\/es\/dia-internacional-para-la-eliminacion-de-la-violencia-hacia-las-mujeres\/","title":{"rendered":"D\u00eda Internacional para la eliminaci\u00f3n de la violencia hacia las mujeres"},"content":{"rendered":"\n<div class=\"wp-block-columns is-layout-flex wp-container-core-columns-is-layout-9d6595d7 wp-block-columns-is-layout-flex\">\n<div class=\"wp-block-column acces-lft is-layout-flow wp-block-column-is-layout-flow\" style=\"flex-basis:30%\">\n<figure class=\"wp-block-image size-full\"><img loading=\"lazy\" decoding=\"async\" width=\"1031\" height=\"692\" src=\"https:\/\/cst.cat\/wp-content\/uploads\/2021\/12\/dones.jpg\" alt=\"\" class=\"wp-image-4504\" srcset=\"https:\/\/cst.cat\/wp-content\/uploads\/2021\/12\/dones.jpg 1031w, https:\/\/cst.cat\/wp-content\/uploads\/2021\/12\/dones-600x403.jpg 600w, https:\/\/cst.cat\/wp-content\/uploads\/2021\/12\/dones-768x515.jpg 768w\" sizes=\"auto, (max-width: 1031px) 100vw, 1031px\" \/><\/figure><\/div>\n\n\n\n<div class=\"wp-block-column acces-rgt is-layout-flow wp-block-column-is-layout-flow\" style=\"flex-basis:70%\">\n<h2 class=\"wp-block-heading\"><\/h2>\n\n\n\n<p>Hoy se celebra el D\u00eda Internacional para la Eliminaci\u00f3n de la Violencia hacia las mujeres y desde el CST, como cada a\u00f1o, nos sumamos a la Jornada para manifestar de forma contundente nuestro rechazo hacia las violencias machistas.<\/p>\n\n\n\n<p><br\/>Aprovechamos para recordar que desde nuestro \u00e1mbito laboral y como profesionales de la salud, tenemos un compromiso por atender este fen\u00f3meno. Las instituciones relacionadas con la salud tenemos un papel estrat\u00e9gico en el abordaje de la violencia machista al ser los propios centros sanitarios los lugares donde se puede realizar tanto la detecci\u00f3n de nuevos casos como la intervenci\u00f3n de casos ya conocidos.<\/p>\n\n\n\n<p><br\/>Desde la Comisi\u00f3n de Violencia Machista del CST seguimos trabajando para poner los medios de prevenci\u00f3n, tratamiento y soporte necesarios para hacer frente a estas situaciones.<\/p>\n<\/div>\n<\/div>\n","protected":false},"excerpt":{"rendered":"<p>Hoy se celebra el D\u00eda Internacional para la Eliminaci\u00f3n de la Violencia hacia las mujeres y desde el CST, como cada a\u00f1o, nos sumamos a la Jornada para manifestar de forma contundente nuestro rechazo hacia las violencias machistas. Aprovechamos para recordar que desde nuestro \u00e1mbito laboral y como profesionales de la salud, tenemos un compromiso [&hellip;]<\/p>\n","protected":false},"author":2,"featured_media":4505,"comment_status":"open","ping_status":"open","sticky":false,"template":"","format":"standard","meta":{"_acf_changed":false,"footnotes":""},"categories":[153],"tags":[],"class_list":["post-9015","post","type-post","status-publish","format-standard","has-post-thumbnail","hentry","category-espacio-mujer"],"acf":[],"yoast_head":"<!-- This site is optimized with the Yoast SEO plugin v27.2 - https:\/\/yoast.com\/product\/yoast-seo-wordpress\/ -->\n<title>D\u00eda Internacional para la eliminaci\u00f3n de la violencia hacia las mujeres - CST<\/title>\n<meta name=\"robots\" content=\"index, follow, max-snippet:-1, max-image-preview:large, max-video-preview:-1\" \/>\n<link rel=\"canonical\" href=\"https:\/\/cst.cat\/es\/dia-internacional-para-la-eliminacion-de-la-violencia-hacia-las-mujeres\/\" \/>\n<meta property=\"og:locale\" content=\"es_ES\" \/>\n<meta property=\"og:type\" content=\"article\" \/>\n<meta property=\"og:title\" content=\"D\u00eda Internacional para la eliminaci\u00f3n de la violencia hacia las mujeres - CST\" \/>\n<meta property=\"og:description\" content=\"Hoy se celebra el D\u00eda Internacional para la Eliminaci\u00f3n de la Violencia hacia las mujeres y desde el CST, como cada a\u00f1o, nos sumamos a la Jornada para manifestar de forma contundente nuestro rechazo hacia las violencias machistas. Aprovechamos para recordar que desde nuestro \u00e1mbito laboral y como profesionales de la salud, tenemos un compromiso [&hellip;]\" \/>\n<meta property=\"og:url\" content=\"https:\/\/cst.cat\/es\/dia-internacional-para-la-eliminacion-de-la-violencia-hacia-las-mujeres\/\" \/>\n<meta property=\"og:site_name\" content=\"CST\" \/>\n<meta property=\"article:published_time\" content=\"2022-03-08T08:57:00+00:00\" \/>\n<meta property=\"article:modified_time\" content=\"2022-03-08T08:57:03+00:00\" \/>\n<meta property=\"og:image\" content=\"https:\/\/cst.cat\/wp-content\/uploads\/2021\/12\/dones.jpg\" \/>\n\t<meta property=\"og:image:width\" content=\"1031\" \/>\n\t<meta property=\"og:image:height\" content=\"692\" \/>\n\t<meta property=\"og:image:type\" content=\"image\/jpeg\" \/>\n<meta name=\"author\" content=\"suport\" \/>\n<meta name=\"twitter:card\" content=\"summary_large_image\" \/>\n<meta name=\"twitter:label1\" content=\"Escrito por\" \/>\n\t<meta name=\"twitter:data1\" content=\"suport\" \/>\n\t<meta name=\"twitter:label2\" content=\"Tiempo de lectura\" \/>\n\t<meta name=\"twitter:data2\" content=\"1 minuto\" \/>\n<script type=\"application\/ld+json\" class=\"yoast-schema-graph\">{\"@context\":\"https:\/\/schema.org\",\"@graph\":[{\"@type\":\"Article\",\"@id\":\"https:\/\/cst.cat\/es\/dia-internacional-para-la-eliminacion-de-la-violencia-hacia-las-mujeres\/#article\",\"isPartOf\":{\"@id\":\"https:\/\/cst.cat\/es\/dia-internacional-para-la-eliminacion-de-la-violencia-hacia-las-mujeres\/\"},\"author\":{\"name\":\"suport\",\"@id\":\"https:\/\/cst.cat\/es\/#\/schema\/person\/acf41889c26443e9d4de1fe6ae808faa\"},\"headline\":\"D\u00eda Internacional para la eliminaci\u00f3n de la violencia hacia las mujeres\",\"datePublished\":\"2022-03-08T08:57:00+00:00\",\"dateModified\":\"2022-03-08T08:57:03+00:00\",\"mainEntityOfPage\":{\"@id\":\"https:\/\/cst.cat\/es\/dia-internacional-para-la-eliminacion-de-la-violencia-hacia-las-mujeres\/\"},\"wordCount\":149,\"commentCount\":0,\"publisher\":{\"@id\":\"https:\/\/cst.cat\/es\/#organization\"},\"image\":{\"@id\":\"https:\/\/cst.cat\/es\/dia-internacional-para-la-eliminacion-de-la-violencia-hacia-las-mujeres\/#primaryimage\"},\"thumbnailUrl\":\"https:\/\/cst.cat\/wp-content\/uploads\/2021\/12\/dones.jpg\",\"articleSection\":[\"Espacio mujer\"],\"inLanguage\":\"es\",\"potentialAction\":[{\"@type\":\"CommentAction\",\"name\":\"Comment\",\"target\":[\"https:\/\/cst.cat\/es\/dia-internacional-para-la-eliminacion-de-la-violencia-hacia-las-mujeres\/#respond\"]}]},{\"@type\":\"WebPage\",\"@id\":\"https:\/\/cst.cat\/es\/dia-internacional-para-la-eliminacion-de-la-violencia-hacia-las-mujeres\/\",\"url\":\"https:\/\/cst.cat\/es\/dia-internacional-para-la-eliminacion-de-la-violencia-hacia-las-mujeres\/\",\"name\":\"D\u00eda Internacional para la eliminaci\u00f3n de la violencia hacia las mujeres - CST\",\"isPartOf\":{\"@id\":\"https:\/\/cst.cat\/es\/#website\"},\"primaryImageOfPage\":{\"@id\":\"https:\/\/cst.cat\/es\/dia-internacional-para-la-eliminacion-de-la-violencia-hacia-las-mujeres\/#primaryimage\"},\"image\":{\"@id\":\"https:\/\/cst.cat\/es\/dia-internacional-para-la-eliminacion-de-la-violencia-hacia-las-mujeres\/#primaryimage\"},\"thumbnailUrl\":\"https:\/\/cst.cat\/wp-content\/uploads\/2021\/12\/dones.jpg\",\"datePublished\":\"2022-03-08T08:57:00+00:00\",\"dateModified\":\"2022-03-08T08:57:03+00:00\",\"breadcrumb\":{\"@id\":\"https:\/\/cst.cat\/es\/dia-internacional-para-la-eliminacion-de-la-violencia-hacia-las-mujeres\/#breadcrumb\"},\"inLanguage\":\"es\",\"potentialAction\":[{\"@type\":\"ReadAction\",\"target\":[\"https:\/\/cst.cat\/es\/dia-internacional-para-la-eliminacion-de-la-violencia-hacia-las-mujeres\/\"]}]},{\"@type\":\"ImageObject\",\"inLanguage\":\"es\",\"@id\":\"https:\/\/cst.cat\/es\/dia-internacional-para-la-eliminacion-de-la-violencia-hacia-las-mujeres\/#primaryimage\",\"url\":\"https:\/\/cst.cat\/wp-content\/uploads\/2021\/12\/dones.jpg\",\"contentUrl\":\"https:\/\/cst.cat\/wp-content\/uploads\/2021\/12\/dones.jpg\",\"width\":1031,\"height\":692},{\"@type\":\"BreadcrumbList\",\"@id\":\"https:\/\/cst.cat\/es\/dia-internacional-para-la-eliminacion-de-la-violencia-hacia-las-mujeres\/#breadcrumb\",\"itemListElement\":[{\"@type\":\"ListItem\",\"position\":1,\"name\":\"Inici\",\"item\":\"https:\/\/cst.cat\/es\/\"},{\"@type\":\"ListItem\",\"position\":2,\"name\":\"D\u00eda Internacional para la eliminaci\u00f3n de la violencia hacia las mujeres\"}]},{\"@type\":\"WebSite\",\"@id\":\"https:\/\/cst.cat\/es\/#website\",\"url\":\"https:\/\/cst.cat\/es\/\",\"name\":\"CST\",\"description\":\"\",\"publisher\":{\"@id\":\"https:\/\/cst.cat\/es\/#organization\"},\"potentialAction\":[{\"@type\":\"SearchAction\",\"target\":{\"@type\":\"EntryPoint\",\"urlTemplate\":\"https:\/\/cst.cat\/es\/?s={search_term_string}\"},\"query-input\":{\"@type\":\"PropertyValueSpecification\",\"valueRequired\":true,\"valueName\":\"search_term_string\"}}],\"inLanguage\":\"es\"},{\"@type\":\"Organization\",\"@id\":\"https:\/\/cst.cat\/es\/#organization\",\"name\":\"Consorci Sanitari de Terrassa\",\"url\":\"https:\/\/cst.cat\/es\/\",\"logo\":{\"@type\":\"ImageObject\",\"inLanguage\":\"es\",\"@id\":\"https:\/\/cst.cat\/es\/#\/schema\/logo\/image\/\",\"url\":\"https:\/\/cst.cat\/wp-content\/uploads\/2021\/09\/logo-header.svg\",\"contentUrl\":\"https:\/\/cst.cat\/wp-content\/uploads\/2021\/09\/logo-header.svg\",\"width\":90,\"height\":32,\"caption\":\"Consorci Sanitari de Terrassa\"},\"image\":{\"@id\":\"https:\/\/cst.cat\/es\/#\/schema\/logo\/image\/\"}},{\"@type\":\"Person\",\"@id\":\"https:\/\/cst.cat\/es\/#\/schema\/person\/acf41889c26443e9d4de1fe6ae808faa\",\"name\":\"suport\",\"image\":{\"@type\":\"ImageObject\",\"inLanguage\":\"es\",\"@id\":\"https:\/\/secure.gravatar.com\/avatar\/ec6311c79afc3607ca9d656d6c9e3875abb1cd5ff224fe2eaab1d920ddae635f?s=96&d=mm&r=g\",\"url\":\"https:\/\/secure.gravatar.com\/avatar\/ec6311c79afc3607ca9d656d6c9e3875abb1cd5ff224fe2eaab1d920ddae635f?s=96&d=mm&r=g\",\"contentUrl\":\"https:\/\/secure.gravatar.com\/avatar\/ec6311c79afc3607ca9d656d6c9e3875abb1cd5ff224fe2eaab1d920ddae635f?s=96&d=mm&r=g\",\"caption\":\"suport\"},\"sameAs\":[\"https:\/\/cst.cat\"],\"url\":\"https:\/\/cst.cat\/es\/author\/suport\/\"}]}<\/script>\n<!-- \/ Yoast SEO plugin. -->","yoast_head_json":{"title":"D\u00eda Internacional para la eliminaci\u00f3n de la violencia hacia las mujeres - CST","robots":{"index":"index","follow":"follow","max-snippet":"max-snippet:-1","max-image-preview":"max-image-preview:large","max-video-preview":"max-video-preview:-1"},"canonical":"https:\/\/cst.cat\/es\/dia-internacional-para-la-eliminacion-de-la-violencia-hacia-las-mujeres\/","og_locale":"es_ES","og_type":"article","og_title":"D\u00eda Internacional para la eliminaci\u00f3n de la violencia hacia las mujeres - CST","og_description":"Hoy se celebra el D\u00eda Internacional para la Eliminaci\u00f3n de la Violencia hacia las mujeres y desde el CST, como cada a\u00f1o, nos sumamos a la Jornada para manifestar de forma contundente nuestro rechazo hacia las violencias machistas. Aprovechamos para recordar que desde nuestro \u00e1mbito laboral y como profesionales de la salud, tenemos un compromiso [&hellip;]","og_url":"https:\/\/cst.cat\/es\/dia-internacional-para-la-eliminacion-de-la-violencia-hacia-las-mujeres\/","og_site_name":"CST","article_published_time":"2022-03-08T08:57:00+00:00","article_modified_time":"2022-03-08T08:57:03+00:00","og_image":[{"width":1031,"height":692,"url":"https:\/\/cst.cat\/wp-content\/uploads\/2021\/12\/dones.jpg","type":"image\/jpeg"}],"author":"suport","twitter_card":"summary_large_image","twitter_misc":{"Escrito por":"suport","Tiempo de lectura":"1 minuto"},"schema":{"@context":"https:\/\/schema.org","@graph":[{"@type":"Article","@id":"https:\/\/cst.cat\/es\/dia-internacional-para-la-eliminacion-de-la-violencia-hacia-las-mujeres\/#article","isPartOf":{"@id":"https:\/\/cst.cat\/es\/dia-internacional-para-la-eliminacion-de-la-violencia-hacia-las-mujeres\/"},"author":{"name":"suport","@id":"https:\/\/cst.cat\/es\/#\/schema\/person\/acf41889c26443e9d4de1fe6ae808faa"},"headline":"D\u00eda Internacional para la eliminaci\u00f3n de la violencia hacia las mujeres","datePublished":"2022-03-08T08:57:00+00:00","dateModified":"2022-03-08T08:57:03+00:00","mainEntityOfPage":{"@id":"https:\/\/cst.cat\/es\/dia-internacional-para-la-eliminacion-de-la-violencia-hacia-las-mujeres\/"},"wordCount":149,"commentCount":0,"publisher":{"@id":"https:\/\/cst.cat\/es\/#organization"},"image":{"@id":"https:\/\/cst.cat\/es\/dia-internacional-para-la-eliminacion-de-la-violencia-hacia-las-mujeres\/#primaryimage"},"thumbnailUrl":"https:\/\/cst.cat\/wp-content\/uploads\/2021\/12\/dones.jpg","articleSection":["Espacio mujer"],"inLanguage":"es","potentialAction":[{"@type":"CommentAction","name":"Comment","target":["https:\/\/cst.cat\/es\/dia-internacional-para-la-eliminacion-de-la-violencia-hacia-las-mujeres\/#respond"]}]},{"@type":"WebPage","@id":"https:\/\/cst.cat\/es\/dia-internacional-para-la-eliminacion-de-la-violencia-hacia-las-mujeres\/","url":"https:\/\/cst.cat\/es\/dia-internacional-para-la-eliminacion-de-la-violencia-hacia-las-mujeres\/","name":"D\u00eda Internacional para la eliminaci\u00f3n de la violencia hacia las mujeres - CST","isPartOf":{"@id":"https:\/\/cst.cat\/es\/#website"},"primaryImageOfPage":{"@id":"https:\/\/cst.cat\/es\/dia-internacional-para-la-eliminacion-de-la-violencia-hacia-las-mujeres\/#primaryimage"},"image":{"@id":"https:\/\/cst.cat\/es\/dia-internacional-para-la-eliminacion-de-la-violencia-hacia-las-mujeres\/#primaryimage"},"thumbnailUrl":"https:\/\/cst.cat\/wp-content\/uploads\/2021\/12\/dones.jpg","datePublished":"2022-03-08T08:57:00+00:00","dateModified":"2022-03-08T08:57:03+00:00","breadcrumb":{"@id":"https:\/\/cst.cat\/es\/dia-internacional-para-la-eliminacion-de-la-violencia-hacia-las-mujeres\/#breadcrumb"},"inLanguage":"es","potentialAction":[{"@type":"ReadAction","target":["https:\/\/cst.cat\/es\/dia-internacional-para-la-eliminacion-de-la-violencia-hacia-las-mujeres\/"]}]},{"@type":"ImageObject","inLanguage":"es","@id":"https:\/\/cst.cat\/es\/dia-internacional-para-la-eliminacion-de-la-violencia-hacia-las-mujeres\/#primaryimage","url":"https:\/\/cst.cat\/wp-content\/uploads\/2021\/12\/dones.jpg","contentUrl":"https:\/\/cst.cat\/wp-content\/uploads\/2021\/12\/dones.jpg","width":1031,"height":692},{"@type":"BreadcrumbList","@id":"https:\/\/cst.cat\/es\/dia-internacional-para-la-eliminacion-de-la-violencia-hacia-las-mujeres\/#breadcrumb","itemListElement":[{"@type":"ListItem","position":1,"name":"Inici","item":"https:\/\/cst.cat\/es\/"},{"@type":"ListItem","position":2,"name":"D\u00eda Internacional para la eliminaci\u00f3n de la violencia hacia las mujeres"}]},{"@type":"WebSite","@id":"https:\/\/cst.cat\/es\/#website","url":"https:\/\/cst.cat\/es\/","name":"CST","description":"","publisher":{"@id":"https:\/\/cst.cat\/es\/#organization"},"potentialAction":[{"@type":"SearchAction","target":{"@type":"EntryPoint","urlTemplate":"https:\/\/cst.cat\/es\/?s={search_term_string}"},"query-input":{"@type":"PropertyValueSpecification","valueRequired":true,"valueName":"search_term_string"}}],"inLanguage":"es"},{"@type":"Organization","@id":"https:\/\/cst.cat\/es\/#organization","name":"Consorci Sanitari de Terrassa","url":"https:\/\/cst.cat\/es\/","logo":{"@type":"ImageObject","inLanguage":"es","@id":"https:\/\/cst.cat\/es\/#\/schema\/logo\/image\/","url":"https:\/\/cst.cat\/wp-content\/uploads\/2021\/09\/logo-header.svg","contentUrl":"https:\/\/cst.cat\/wp-content\/uploads\/2021\/09\/logo-header.svg","width":90,"height":32,"caption":"Consorci Sanitari de Terrassa"},"image":{"@id":"https:\/\/cst.cat\/es\/#\/schema\/logo\/image\/"}},{"@type":"Person","@id":"https:\/\/cst.cat\/es\/#\/schema\/person\/acf41889c26443e9d4de1fe6ae808faa","name":"suport","image":{"@type":"ImageObject","inLanguage":"es","@id":"https:\/\/secure.gravatar.com\/avatar\/ec6311c79afc3607ca9d656d6c9e3875abb1cd5ff224fe2eaab1d920ddae635f?s=96&d=mm&r=g","url":"https:\/\/secure.gravatar.com\/avatar\/ec6311c79afc3607ca9d656d6c9e3875abb1cd5ff224fe2eaab1d920ddae635f?s=96&d=mm&r=g","contentUrl":"https:\/\/secure.gravatar.com\/avatar\/ec6311c79afc3607ca9d656d6c9e3875abb1cd5ff224fe2eaab1d920ddae635f?s=96&d=mm&r=g","caption":"suport"},"sameAs":["https:\/\/cst.cat"],"url":"https:\/\/cst.cat\/es\/author\/suport\/"}]}},"_links":{"self":[{"href":"https:\/\/cst.cat\/es\/wp-json\/wp\/v2\/posts\/9015","targetHints":{"allow":["GET"]}}],"collection":[{"href":"https:\/\/cst.cat\/es\/wp-json\/wp\/v2\/posts"}],"about":[{"href":"https:\/\/cst.cat\/es\/wp-json\/wp\/v2\/types\/post"}],"author":[{"embeddable":true,"href":"https:\/\/cst.cat\/es\/wp-json\/wp\/v2\/users\/2"}],"replies":[{"embeddable":true,"href":"https:\/\/cst.cat\/es\/wp-json\/wp\/v2\/comments?post=9015"}],"version-history":[{"count":0,"href":"https:\/\/cst.cat\/es\/wp-json\/wp\/v2\/posts\/9015\/revisions"}],"wp:featuredmedia":[{"embeddable":true,"href":"https:\/\/cst.cat\/es\/wp-json\/wp\/v2\/media\/4505"}],"wp:attachment":[{"href":"https:\/\/cst.cat\/es\/wp-json\/wp\/v2\/media?parent=9015"}],"wp:term":[{"taxonomy":"category","embeddable":true,"href":"https:\/\/cst.cat\/es\/wp-json\/wp\/v2\/categories?post=9015"},{"taxonomy":"post_tag","embeddable":true,"href":"https:\/\/cst.cat\/es\/wp-json\/wp\/v2\/tags?post=9015"}],"curies":[{"name":"wp","href":"https:\/\/api.w.org\/{rel}","templated":true}]}}