{"id":9019,"date":"2022-03-08T09:57:00","date_gmt":"2022-03-08T08:57:00","guid":{"rendered":"https:\/\/cst.cat\/exposicion-fotografica-puedes-mirar-sin-juzgar-en-el-hospital-de-terrassa\/"},"modified":"2022-03-08T09:57:00","modified_gmt":"2022-03-08T08:57:00","slug":"exposicion-fotografica-puedes-mirar-sin-juzgar-en-el-hospital-de-terrassa","status":"publish","type":"post","link":"https:\/\/cst.cat\/es\/exposicion-fotografica-puedes-mirar-sin-juzgar-en-el-hospital-de-terrassa\/","title":{"rendered":"Exposici\u00f3n fotogr\u00e1fica \u201c\u00bfPuedes mirar sin juzgar?\u201d en el Hospital de Terrassa"},"content":{"rendered":"\n<div class=\"wp-block-columns is-layout-flex wp-container-core-columns-is-layout-9d6595d7 wp-block-columns-is-layout-flex\">\n<div class=\"wp-block-column acces-lft is-layout-flow wp-block-column-is-layout-flow\" style=\"flex-basis:30%\">\n<figure class=\"wp-block-image size-full\"><img loading=\"lazy\" decoding=\"async\" width=\"704\" height=\"528\" src=\"https:\/\/cst.cat\/wp-content\/uploads\/2022\/01\/jutgar-1.jpg\" alt=\"\" class=\"wp-image-6829\" srcset=\"https:\/\/cst.cat\/wp-content\/uploads\/2022\/01\/jutgar-1.jpg 704w, https:\/\/cst.cat\/wp-content\/uploads\/2022\/01\/jutgar-1-600x450.jpg 600w\" sizes=\"auto, (max-width: 704px) 100vw, 704px\" \/><\/figure><\/div>\n\n\n\n<div class=\"wp-block-column acces-rgt is-layout-flow wp-block-column-is-layout-flow\" style=\"flex-basis:70%\">\n<p class=\"has-medium-font-size\">A partir de hoy y hasta el 12 de noviembre, el Hospital de Terrassa acoge la exposici\u00f3n fotogr\u00e1fica \u00ab\u00bfPuedes mirar sin juzgar?\u00bb, de Beatriz Burgos y Roger Verg\u00e9s, cedida por el Plan Antiestigma de Granollers y que va recorriendo diferentes espacios de la ciudad.<\/p>\n\n\n\n<p>Este proyecto tiene como finalidad generar conciencia social, estimular el pensamiento cr\u00edtico y favorecer una nueva mirada alejada de estereotipos sobre los problemas de salud mental.<\/p>\n\n\n\n<p>La fot\u00f3grafa Beatriz Burgos ha retratado a 9 personas que se han ofrecido como voluntarias para poner imagen a esta campa\u00f1a. Desde una mirada \u00edntima, les ha propuesto que muestren el estado emocional que m\u00e1s ha marcado en los \u00faltimos a\u00f1os de su vida. El resultado de estas sesiones fotogr\u00e1ficas se ha transformado, de la mano del dise\u00f1ador Roger Verg\u00e9s, en un t\u00f3tem de 4 caras que mostrar\u00e1 no s\u00f3lo los retratos sino tambi\u00e9n mensajes como el dato de la OMS que indica que 1 de cada 4 personas vive o vivir\u00e1 un problema de salud mental a lo largo de su vida.<\/p>\n\n\n\n<p>Coincidiendo con la inauguraci\u00f3n en el Hospital, un grupo de usuarios del Servicio de Rehabilitaci\u00f3n Comunitaria de Terrassa (SRCT) han organizado diferentes din\u00e1micas para hacer reflexionar a la gente sobre los estigmas, en el propio hall del centro.<\/p>\n\n\n\n<figure class=\"wp-block-image size-full\"><img loading=\"lazy\" decoding=\"async\" width=\"1280\" height=\"720\" src=\"https:\/\/cst.cat\/wp-content\/uploads\/2021\/12\/jutar2.png\" alt=\"\" class=\"wp-image-4544\" srcset=\"https:\/\/cst.cat\/wp-content\/uploads\/2021\/12\/jutar2.png 1280w, https:\/\/cst.cat\/wp-content\/uploads\/2021\/12\/jutar2-600x338.png 600w, https:\/\/cst.cat\/wp-content\/uploads\/2021\/12\/jutar2-768x432.png 768w\" sizes=\"auto, (max-width: 1280px) 100vw, 1280px\" \/><\/figure><\/div>\n<\/div>\n","protected":false},"excerpt":{"rendered":"<p>A partir de hoy y hasta el 12 de noviembre, el Hospital de Terrassa acoge la exposici\u00f3n fotogr\u00e1fica \u00ab\u00bfPuedes mirar sin juzgar?\u00bb, de Beatriz Burgos y Roger Verg\u00e9s, cedida por el Plan Antiestigma de Granollers y que va recorriendo diferentes espacios de la ciudad. Este proyecto tiene como finalidad generar conciencia social, estimular el pensamiento [&hellip;]<\/p>\n","protected":false},"author":2,"featured_media":6830,"comment_status":"open","ping_status":"open","sticky":false,"template":"","format":"standard","meta":{"_acf_changed":false,"footnotes":""},"categories":[2],"tags":[],"class_list":["post-9019","post","type-post","status-publish","format-standard","has-post-thumbnail","hentry","category-sin-categorizar"],"acf":[],"yoast_head":"<!-- This site is optimized with the Yoast SEO plugin v27.2 - https:\/\/yoast.com\/product\/yoast-seo-wordpress\/ -->\n<title>Exposici\u00f3n fotogr\u00e1fica \u201c\u00bfPuedes mirar sin juzgar?\u201d en el Hospital de Terrassa - CST<\/title>\n<meta name=\"robots\" content=\"index, follow, max-snippet:-1, max-image-preview:large, max-video-preview:-1\" \/>\n<link rel=\"canonical\" href=\"https:\/\/cst.cat\/es\/exposicion-fotografica-puedes-mirar-sin-juzgar-en-el-hospital-de-terrassa\/\" \/>\n<meta property=\"og:locale\" content=\"es_ES\" \/>\n<meta property=\"og:type\" content=\"article\" \/>\n<meta property=\"og:title\" content=\"Exposici\u00f3n fotogr\u00e1fica \u201c\u00bfPuedes mirar sin juzgar?\u201d en el Hospital de Terrassa - CST\" \/>\n<meta property=\"og:description\" content=\"A partir de hoy y hasta el 12 de noviembre, el Hospital de Terrassa acoge la exposici\u00f3n fotogr\u00e1fica \u00ab\u00bfPuedes mirar sin juzgar?\u00bb, de Beatriz Burgos y Roger Verg\u00e9s, cedida por el Plan Antiestigma de Granollers y que va recorriendo diferentes espacios de la ciudad. Este proyecto tiene como finalidad generar conciencia social, estimular el pensamiento [&hellip;]\" \/>\n<meta property=\"og:url\" content=\"https:\/\/cst.cat\/es\/exposicion-fotografica-puedes-mirar-sin-juzgar-en-el-hospital-de-terrassa\/\" \/>\n<meta property=\"og:site_name\" content=\"CST\" \/>\n<meta property=\"article:published_time\" content=\"2022-03-08T08:57:00+00:00\" \/>\n<meta property=\"og:image\" content=\"https:\/\/cst.cat\/wp-content\/uploads\/2022\/01\/jutgar-1.jpg\" \/>\n\t<meta property=\"og:image:width\" content=\"704\" \/>\n\t<meta property=\"og:image:height\" content=\"528\" \/>\n\t<meta property=\"og:image:type\" content=\"image\/jpeg\" \/>\n<meta name=\"author\" content=\"suport\" \/>\n<meta name=\"twitter:card\" content=\"summary_large_image\" \/>\n<meta name=\"twitter:label1\" content=\"Escrito por\" \/>\n\t<meta name=\"twitter:data1\" content=\"suport\" \/>\n\t<meta name=\"twitter:label2\" content=\"Tiempo de lectura\" \/>\n\t<meta name=\"twitter:data2\" content=\"1 minuto\" \/>\n<script type=\"application\/ld+json\" class=\"yoast-schema-graph\">{\"@context\":\"https:\/\/schema.org\",\"@graph\":[{\"@type\":\"Article\",\"@id\":\"https:\/\/cst.cat\/es\/exposicion-fotografica-puedes-mirar-sin-juzgar-en-el-hospital-de-terrassa\/#article\",\"isPartOf\":{\"@id\":\"https:\/\/cst.cat\/es\/exposicion-fotografica-puedes-mirar-sin-juzgar-en-el-hospital-de-terrassa\/\"},\"author\":{\"name\":\"suport\",\"@id\":\"https:\/\/cst.cat\/es\/#\/schema\/person\/acf41889c26443e9d4de1fe6ae808faa\"},\"headline\":\"Exposici\u00f3n fotogr\u00e1fica \u201c\u00bfPuedes mirar sin juzgar?\u201d en el Hospital de Terrassa\",\"datePublished\":\"2022-03-08T08:57:00+00:00\",\"mainEntityOfPage\":{\"@id\":\"https:\/\/cst.cat\/es\/exposicion-fotografica-puedes-mirar-sin-juzgar-en-el-hospital-de-terrassa\/\"},\"wordCount\":236,\"commentCount\":0,\"publisher\":{\"@id\":\"https:\/\/cst.cat\/es\/#organization\"},\"image\":{\"@id\":\"https:\/\/cst.cat\/es\/exposicion-fotografica-puedes-mirar-sin-juzgar-en-el-hospital-de-terrassa\/#primaryimage\"},\"thumbnailUrl\":\"https:\/\/cst.cat\/wp-content\/uploads\/2022\/01\/jutgar-1.jpg\",\"articleSection\":[\"Sin categorizar\"],\"inLanguage\":\"es\",\"potentialAction\":[{\"@type\":\"CommentAction\",\"name\":\"Comment\",\"target\":[\"https:\/\/cst.cat\/es\/exposicion-fotografica-puedes-mirar-sin-juzgar-en-el-hospital-de-terrassa\/#respond\"]}]},{\"@type\":\"WebPage\",\"@id\":\"https:\/\/cst.cat\/es\/exposicion-fotografica-puedes-mirar-sin-juzgar-en-el-hospital-de-terrassa\/\",\"url\":\"https:\/\/cst.cat\/es\/exposicion-fotografica-puedes-mirar-sin-juzgar-en-el-hospital-de-terrassa\/\",\"name\":\"Exposici\u00f3n fotogr\u00e1fica \u201c\u00bfPuedes mirar sin juzgar?\u201d en el Hospital de Terrassa - CST\",\"isPartOf\":{\"@id\":\"https:\/\/cst.cat\/es\/#website\"},\"primaryImageOfPage\":{\"@id\":\"https:\/\/cst.cat\/es\/exposicion-fotografica-puedes-mirar-sin-juzgar-en-el-hospital-de-terrassa\/#primaryimage\"},\"image\":{\"@id\":\"https:\/\/cst.cat\/es\/exposicion-fotografica-puedes-mirar-sin-juzgar-en-el-hospital-de-terrassa\/#primaryimage\"},\"thumbnailUrl\":\"https:\/\/cst.cat\/wp-content\/uploads\/2022\/01\/jutgar-1.jpg\",\"datePublished\":\"2022-03-08T08:57:00+00:00\",\"breadcrumb\":{\"@id\":\"https:\/\/cst.cat\/es\/exposicion-fotografica-puedes-mirar-sin-juzgar-en-el-hospital-de-terrassa\/#breadcrumb\"},\"inLanguage\":\"es\",\"potentialAction\":[{\"@type\":\"ReadAction\",\"target\":[\"https:\/\/cst.cat\/es\/exposicion-fotografica-puedes-mirar-sin-juzgar-en-el-hospital-de-terrassa\/\"]}]},{\"@type\":\"ImageObject\",\"inLanguage\":\"es\",\"@id\":\"https:\/\/cst.cat\/es\/exposicion-fotografica-puedes-mirar-sin-juzgar-en-el-hospital-de-terrassa\/#primaryimage\",\"url\":\"https:\/\/cst.cat\/wp-content\/uploads\/2022\/01\/jutgar-1.jpg\",\"contentUrl\":\"https:\/\/cst.cat\/wp-content\/uploads\/2022\/01\/jutgar-1.jpg\",\"width\":704,\"height\":528},{\"@type\":\"BreadcrumbList\",\"@id\":\"https:\/\/cst.cat\/es\/exposicion-fotografica-puedes-mirar-sin-juzgar-en-el-hospital-de-terrassa\/#breadcrumb\",\"itemListElement\":[{\"@type\":\"ListItem\",\"position\":1,\"name\":\"Inici\",\"item\":\"https:\/\/cst.cat\/es\/\"},{\"@type\":\"ListItem\",\"position\":2,\"name\":\"Exposici\u00f3n fotogr\u00e1fica \u201c\u00bfPuedes mirar sin juzgar?\u201d en el Hospital de Terrassa\"}]},{\"@type\":\"WebSite\",\"@id\":\"https:\/\/cst.cat\/es\/#website\",\"url\":\"https:\/\/cst.cat\/es\/\",\"name\":\"CST\",\"description\":\"\",\"publisher\":{\"@id\":\"https:\/\/cst.cat\/es\/#organization\"},\"potentialAction\":[{\"@type\":\"SearchAction\",\"target\":{\"@type\":\"EntryPoint\",\"urlTemplate\":\"https:\/\/cst.cat\/es\/?s={search_term_string}\"},\"query-input\":{\"@type\":\"PropertyValueSpecification\",\"valueRequired\":true,\"valueName\":\"search_term_string\"}}],\"inLanguage\":\"es\"},{\"@type\":\"Organization\",\"@id\":\"https:\/\/cst.cat\/es\/#organization\",\"name\":\"Consorci Sanitari de Terrassa\",\"url\":\"https:\/\/cst.cat\/es\/\",\"logo\":{\"@type\":\"ImageObject\",\"inLanguage\":\"es\",\"@id\":\"https:\/\/cst.cat\/es\/#\/schema\/logo\/image\/\",\"url\":\"https:\/\/cst.cat\/wp-content\/uploads\/2021\/09\/logo-header.svg\",\"contentUrl\":\"https:\/\/cst.cat\/wp-content\/uploads\/2021\/09\/logo-header.svg\",\"width\":90,\"height\":32,\"caption\":\"Consorci Sanitari de Terrassa\"},\"image\":{\"@id\":\"https:\/\/cst.cat\/es\/#\/schema\/logo\/image\/\"}},{\"@type\":\"Person\",\"@id\":\"https:\/\/cst.cat\/es\/#\/schema\/person\/acf41889c26443e9d4de1fe6ae808faa\",\"name\":\"suport\",\"image\":{\"@type\":\"ImageObject\",\"inLanguage\":\"es\",\"@id\":\"https:\/\/secure.gravatar.com\/avatar\/ec6311c79afc3607ca9d656d6c9e3875abb1cd5ff224fe2eaab1d920ddae635f?s=96&d=mm&r=g\",\"url\":\"https:\/\/secure.gravatar.com\/avatar\/ec6311c79afc3607ca9d656d6c9e3875abb1cd5ff224fe2eaab1d920ddae635f?s=96&d=mm&r=g\",\"contentUrl\":\"https:\/\/secure.gravatar.com\/avatar\/ec6311c79afc3607ca9d656d6c9e3875abb1cd5ff224fe2eaab1d920ddae635f?s=96&d=mm&r=g\",\"caption\":\"suport\"},\"sameAs\":[\"https:\/\/cst.cat\"],\"url\":\"https:\/\/cst.cat\/es\/author\/suport\/\"}]}<\/script>\n<!-- \/ Yoast SEO plugin. -->","yoast_head_json":{"title":"Exposici\u00f3n fotogr\u00e1fica \u201c\u00bfPuedes mirar sin juzgar?\u201d en el Hospital de Terrassa - CST","robots":{"index":"index","follow":"follow","max-snippet":"max-snippet:-1","max-image-preview":"max-image-preview:large","max-video-preview":"max-video-preview:-1"},"canonical":"https:\/\/cst.cat\/es\/exposicion-fotografica-puedes-mirar-sin-juzgar-en-el-hospital-de-terrassa\/","og_locale":"es_ES","og_type":"article","og_title":"Exposici\u00f3n fotogr\u00e1fica \u201c\u00bfPuedes mirar sin juzgar?\u201d en el Hospital de Terrassa - CST","og_description":"A partir de hoy y hasta el 12 de noviembre, el Hospital de Terrassa acoge la exposici\u00f3n fotogr\u00e1fica \u00ab\u00bfPuedes mirar sin juzgar?\u00bb, de Beatriz Burgos y Roger Verg\u00e9s, cedida por el Plan Antiestigma de Granollers y que va recorriendo diferentes espacios de la ciudad. Este proyecto tiene como finalidad generar conciencia social, estimular el pensamiento [&hellip;]","og_url":"https:\/\/cst.cat\/es\/exposicion-fotografica-puedes-mirar-sin-juzgar-en-el-hospital-de-terrassa\/","og_site_name":"CST","article_published_time":"2022-03-08T08:57:00+00:00","og_image":[{"width":704,"height":528,"url":"https:\/\/cst.cat\/wp-content\/uploads\/2022\/01\/jutgar-1.jpg","type":"image\/jpeg"}],"author":"suport","twitter_card":"summary_large_image","twitter_misc":{"Escrito por":"suport","Tiempo de lectura":"1 minuto"},"schema":{"@context":"https:\/\/schema.org","@graph":[{"@type":"Article","@id":"https:\/\/cst.cat\/es\/exposicion-fotografica-puedes-mirar-sin-juzgar-en-el-hospital-de-terrassa\/#article","isPartOf":{"@id":"https:\/\/cst.cat\/es\/exposicion-fotografica-puedes-mirar-sin-juzgar-en-el-hospital-de-terrassa\/"},"author":{"name":"suport","@id":"https:\/\/cst.cat\/es\/#\/schema\/person\/acf41889c26443e9d4de1fe6ae808faa"},"headline":"Exposici\u00f3n fotogr\u00e1fica \u201c\u00bfPuedes mirar sin juzgar?\u201d en el Hospital de Terrassa","datePublished":"2022-03-08T08:57:00+00:00","mainEntityOfPage":{"@id":"https:\/\/cst.cat\/es\/exposicion-fotografica-puedes-mirar-sin-juzgar-en-el-hospital-de-terrassa\/"},"wordCount":236,"commentCount":0,"publisher":{"@id":"https:\/\/cst.cat\/es\/#organization"},"image":{"@id":"https:\/\/cst.cat\/es\/exposicion-fotografica-puedes-mirar-sin-juzgar-en-el-hospital-de-terrassa\/#primaryimage"},"thumbnailUrl":"https:\/\/cst.cat\/wp-content\/uploads\/2022\/01\/jutgar-1.jpg","articleSection":["Sin categorizar"],"inLanguage":"es","potentialAction":[{"@type":"CommentAction","name":"Comment","target":["https:\/\/cst.cat\/es\/exposicion-fotografica-puedes-mirar-sin-juzgar-en-el-hospital-de-terrassa\/#respond"]}]},{"@type":"WebPage","@id":"https:\/\/cst.cat\/es\/exposicion-fotografica-puedes-mirar-sin-juzgar-en-el-hospital-de-terrassa\/","url":"https:\/\/cst.cat\/es\/exposicion-fotografica-puedes-mirar-sin-juzgar-en-el-hospital-de-terrassa\/","name":"Exposici\u00f3n fotogr\u00e1fica \u201c\u00bfPuedes mirar sin juzgar?\u201d en el Hospital de Terrassa - CST","isPartOf":{"@id":"https:\/\/cst.cat\/es\/#website"},"primaryImageOfPage":{"@id":"https:\/\/cst.cat\/es\/exposicion-fotografica-puedes-mirar-sin-juzgar-en-el-hospital-de-terrassa\/#primaryimage"},"image":{"@id":"https:\/\/cst.cat\/es\/exposicion-fotografica-puedes-mirar-sin-juzgar-en-el-hospital-de-terrassa\/#primaryimage"},"thumbnailUrl":"https:\/\/cst.cat\/wp-content\/uploads\/2022\/01\/jutgar-1.jpg","datePublished":"2022-03-08T08:57:00+00:00","breadcrumb":{"@id":"https:\/\/cst.cat\/es\/exposicion-fotografica-puedes-mirar-sin-juzgar-en-el-hospital-de-terrassa\/#breadcrumb"},"inLanguage":"es","potentialAction":[{"@type":"ReadAction","target":["https:\/\/cst.cat\/es\/exposicion-fotografica-puedes-mirar-sin-juzgar-en-el-hospital-de-terrassa\/"]}]},{"@type":"ImageObject","inLanguage":"es","@id":"https:\/\/cst.cat\/es\/exposicion-fotografica-puedes-mirar-sin-juzgar-en-el-hospital-de-terrassa\/#primaryimage","url":"https:\/\/cst.cat\/wp-content\/uploads\/2022\/01\/jutgar-1.jpg","contentUrl":"https:\/\/cst.cat\/wp-content\/uploads\/2022\/01\/jutgar-1.jpg","width":704,"height":528},{"@type":"BreadcrumbList","@id":"https:\/\/cst.cat\/es\/exposicion-fotografica-puedes-mirar-sin-juzgar-en-el-hospital-de-terrassa\/#breadcrumb","itemListElement":[{"@type":"ListItem","position":1,"name":"Inici","item":"https:\/\/cst.cat\/es\/"},{"@type":"ListItem","position":2,"name":"Exposici\u00f3n fotogr\u00e1fica \u201c\u00bfPuedes mirar sin juzgar?\u201d en el Hospital de Terrassa"}]},{"@type":"WebSite","@id":"https:\/\/cst.cat\/es\/#website","url":"https:\/\/cst.cat\/es\/","name":"CST","description":"","publisher":{"@id":"https:\/\/cst.cat\/es\/#organization"},"potentialAction":[{"@type":"SearchAction","target":{"@type":"EntryPoint","urlTemplate":"https:\/\/cst.cat\/es\/?s={search_term_string}"},"query-input":{"@type":"PropertyValueSpecification","valueRequired":true,"valueName":"search_term_string"}}],"inLanguage":"es"},{"@type":"Organization","@id":"https:\/\/cst.cat\/es\/#organization","name":"Consorci Sanitari de Terrassa","url":"https:\/\/cst.cat\/es\/","logo":{"@type":"ImageObject","inLanguage":"es","@id":"https:\/\/cst.cat\/es\/#\/schema\/logo\/image\/","url":"https:\/\/cst.cat\/wp-content\/uploads\/2021\/09\/logo-header.svg","contentUrl":"https:\/\/cst.cat\/wp-content\/uploads\/2021\/09\/logo-header.svg","width":90,"height":32,"caption":"Consorci Sanitari de Terrassa"},"image":{"@id":"https:\/\/cst.cat\/es\/#\/schema\/logo\/image\/"}},{"@type":"Person","@id":"https:\/\/cst.cat\/es\/#\/schema\/person\/acf41889c26443e9d4de1fe6ae808faa","name":"suport","image":{"@type":"ImageObject","inLanguage":"es","@id":"https:\/\/secure.gravatar.com\/avatar\/ec6311c79afc3607ca9d656d6c9e3875abb1cd5ff224fe2eaab1d920ddae635f?s=96&d=mm&r=g","url":"https:\/\/secure.gravatar.com\/avatar\/ec6311c79afc3607ca9d656d6c9e3875abb1cd5ff224fe2eaab1d920ddae635f?s=96&d=mm&r=g","contentUrl":"https:\/\/secure.gravatar.com\/avatar\/ec6311c79afc3607ca9d656d6c9e3875abb1cd5ff224fe2eaab1d920ddae635f?s=96&d=mm&r=g","caption":"suport"},"sameAs":["https:\/\/cst.cat"],"url":"https:\/\/cst.cat\/es\/author\/suport\/"}]}},"_links":{"self":[{"href":"https:\/\/cst.cat\/es\/wp-json\/wp\/v2\/posts\/9019","targetHints":{"allow":["GET"]}}],"collection":[{"href":"https:\/\/cst.cat\/es\/wp-json\/wp\/v2\/posts"}],"about":[{"href":"https:\/\/cst.cat\/es\/wp-json\/wp\/v2\/types\/post"}],"author":[{"embeddable":true,"href":"https:\/\/cst.cat\/es\/wp-json\/wp\/v2\/users\/2"}],"replies":[{"embeddable":true,"href":"https:\/\/cst.cat\/es\/wp-json\/wp\/v2\/comments?post=9019"}],"version-history":[{"count":0,"href":"https:\/\/cst.cat\/es\/wp-json\/wp\/v2\/posts\/9019\/revisions"}],"wp:featuredmedia":[{"embeddable":true,"href":"https:\/\/cst.cat\/es\/wp-json\/wp\/v2\/media\/6830"}],"wp:attachment":[{"href":"https:\/\/cst.cat\/es\/wp-json\/wp\/v2\/media?parent=9019"}],"wp:term":[{"taxonomy":"category","embeddable":true,"href":"https:\/\/cst.cat\/es\/wp-json\/wp\/v2\/categories?post=9019"},{"taxonomy":"post_tag","embeddable":true,"href":"https:\/\/cst.cat\/es\/wp-json\/wp\/v2\/tags?post=9019"}],"curies":[{"name":"wp","href":"https:\/\/api.w.org\/{rel}","templated":true}]}}