{"id":9028,"date":"2022-03-08T09:57:01","date_gmt":"2022-03-08T08:57:01","guid":{"rendered":"https:\/\/cst.cat\/puntos-de-vacunacion-del-consorcio-sanitario-de-terrassa-por-la-administracion-de-la-vacuna-covid19\/"},"modified":"2022-03-28T15:41:25","modified_gmt":"2022-03-28T13:41:25","slug":"puntos-de-vacunacion-del-consorcio-sanitario-de-terrassa-por-la-administracion-de-la-vacuna-covid19","status":"publish","type":"post","link":"https:\/\/cst.cat\/es\/puntos-de-vacunacion-del-consorcio-sanitario-de-terrassa-por-la-administracion-de-la-vacuna-covid19\/","title":{"rendered":"Puntos de vacunaci\u00f3n del Consorci Sanitari de Terrassa por la administraci\u00f3n de la vacuna COVID19"},"content":{"rendered":"\n<div class=\"wp-block-columns is-layout-flex wp-container-core-columns-is-layout-9d6595d7 wp-block-columns-is-layout-flex\">\n<div class=\"wp-block-column acces-lft is-layout-flow wp-block-column-is-layout-flow\" style=\"flex-basis:30%\">\n<figure class=\"wp-block-image size-full\"><img decoding=\"async\" src=\"https:\/\/cst.cat\/wp-content\/uploads\/2021\/12\/doc_S.jpg\" alt=\"\" class=\"wp-image-4492\"\/><\/figure>\n<\/div>\n\n\n\n<div class=\"wp-block-column acces-rgt is-layout-flow wp-block-column-is-layout-flow\" style=\"flex-basis:70%\">\n<h2 class=\"wp-block-heading\" id=\"aquests-son-els-centres-del-consorci-sanitari-de-terrassa-on-es-posara-la-dosi-de-reforc-de-la-vacuna-de-la-covid\">Se pondr\u00e1 la vacuna de la COVID19 con cita previa y sin cita hasta agotar vacunas:<\/h2>\n\n\n\n<h2 class=\"wp-block-heading\" id=\"centres-on-els-infants-de-5-a-11-anys-i-adults-de-12-anys-en-endavant-es-poden-vacunar\">De 5 a 11 a\u00f1os:<\/h2>\n\n\n\n<ul class=\"is-style-punts-blaus wp-block-list\"><li><strong>Hospital de Terrassa<\/strong> (Ctra. Torrebonica s\/n. Terrassa)<\/li><li>\u00c1rea de Laboratorio (Entrada principal)<\/li><li>Jueves 31 de marzo y viernes 1 de abril, de 16 a 19 h<\/li><\/ul>\n\n\n\n<h2 class=\"wp-block-heading\">Adultos mayores de 12 a\u00f1os:<\/h2>\n\n\n\n<ul class=\"is-style-punts-blaus wp-block-list\"><li><strong>Hospital de Terrassa<\/strong> (Ctra. Torrebonica s\/n. Terrassa)<\/li><li>Consultas externas (Planta 0)<\/li><li>Viernes 1 de abril, de 16 a 19 h<\/li><\/ul>\n\n\n\n<div style=\"height:20px\" aria-hidden=\"true\" class=\"wp-block-spacer\"><\/div>\n<\/div>\n<\/div>\n\n\n\n<p><\/p>\n","protected":false},"excerpt":{"rendered":"<p>Se pondr\u00e1 la vacuna de la COVID19 con cita previa y sin cita hasta agotar vacunas: De 5 a 11 a\u00f1os: Hospital de Terrassa (Ctra. Torrebonica s\/n. Terrassa) \u00c1rea de Laboratorio (Entrada principal) Jueves 31 de marzo y viernes 1 de abril, de 16 a 19 h Adultos mayores de 12 a\u00f1os: Hospital de Terrassa [&hellip;]<\/p>\n","protected":false},"author":2,"featured_media":4493,"comment_status":"open","ping_status":"open","sticky":false,"template":"","format":"standard","meta":{"_acf_changed":false,"footnotes":""},"categories":[154],"tags":[164],"class_list":["post-9028","post","type-post","status-publish","format-standard","has-post-thumbnail","hentry","category-covid-19-es","tag-vacunacion"],"acf":[],"yoast_head":"<!-- This site is optimized with the Yoast SEO plugin v27.2 - https:\/\/yoast.com\/product\/yoast-seo-wordpress\/ -->\n<title>Puntos de vacunaci\u00f3n del Consorci Sanitari de Terrassa por la administraci\u00f3n de la vacuna COVID19 - CST<\/title>\n<meta name=\"robots\" content=\"index, follow, max-snippet:-1, max-image-preview:large, max-video-preview:-1\" \/>\n<link rel=\"canonical\" href=\"https:\/\/cst.cat\/es\/puntos-de-vacunacion-del-consorcio-sanitario-de-terrassa-por-la-administracion-de-la-vacuna-covid19\/\" \/>\n<meta property=\"og:locale\" content=\"es_ES\" \/>\n<meta property=\"og:type\" content=\"article\" \/>\n<meta property=\"og:title\" content=\"Puntos de vacunaci\u00f3n del Consorci Sanitari de Terrassa por la administraci\u00f3n de la vacuna COVID19 - CST\" \/>\n<meta property=\"og:description\" content=\"Se pondr\u00e1 la vacuna de la COVID19 con cita previa y sin cita hasta agotar vacunas: De 5 a 11 a\u00f1os: Hospital de Terrassa (Ctra. Torrebonica s\/n. Terrassa) \u00c1rea de Laboratorio (Entrada principal) Jueves 31 de marzo y viernes 1 de abril, de 16 a 19 h Adultos mayores de 12 a\u00f1os: Hospital de Terrassa [&hellip;]\" \/>\n<meta property=\"og:url\" content=\"https:\/\/cst.cat\/es\/puntos-de-vacunacion-del-consorcio-sanitario-de-terrassa-por-la-administracion-de-la-vacuna-covid19\/\" \/>\n<meta property=\"og:site_name\" content=\"CST\" \/>\n<meta property=\"article:published_time\" content=\"2022-03-08T08:57:01+00:00\" \/>\n<meta property=\"article:modified_time\" content=\"2022-03-28T13:41:25+00:00\" \/>\n<meta property=\"og:image\" content=\"https:\/\/cst.cat\/wp-content\/uploads\/2021\/12\/doc_S-e1643129122267.jpg\" \/>\n\t<meta property=\"og:image:width\" content=\"953\" \/>\n\t<meta property=\"og:image:height\" content=\"822\" \/>\n\t<meta property=\"og:image:type\" content=\"image\/jpeg\" \/>\n<meta name=\"author\" content=\"suport\" \/>\n<meta name=\"twitter:card\" content=\"summary_large_image\" \/>\n<meta name=\"twitter:label1\" content=\"Escrito por\" \/>\n\t<meta name=\"twitter:data1\" content=\"suport\" \/>\n\t<meta name=\"twitter:label2\" content=\"Tiempo de lectura\" \/>\n\t<meta name=\"twitter:data2\" content=\"1 minuto\" \/>\n<script type=\"application\/ld+json\" class=\"yoast-schema-graph\">{\"@context\":\"https:\/\/schema.org\",\"@graph\":[{\"@type\":\"Article\",\"@id\":\"https:\/\/cst.cat\/es\/puntos-de-vacunacion-del-consorcio-sanitario-de-terrassa-por-la-administracion-de-la-vacuna-covid19\/#article\",\"isPartOf\":{\"@id\":\"https:\/\/cst.cat\/es\/puntos-de-vacunacion-del-consorcio-sanitario-de-terrassa-por-la-administracion-de-la-vacuna-covid19\/\"},\"author\":{\"name\":\"suport\",\"@id\":\"https:\/\/cst.cat\/es\/#\/schema\/person\/acf41889c26443e9d4de1fe6ae808faa\"},\"headline\":\"Puntos de vacunaci\u00f3n del Consorci Sanitari de Terrassa por la administraci\u00f3n de la vacuna COVID19\",\"datePublished\":\"2022-03-08T08:57:01+00:00\",\"dateModified\":\"2022-03-28T13:41:25+00:00\",\"mainEntityOfPage\":{\"@id\":\"https:\/\/cst.cat\/es\/puntos-de-vacunacion-del-consorcio-sanitario-de-terrassa-por-la-administracion-de-la-vacuna-covid19\/\"},\"wordCount\":82,\"commentCount\":0,\"publisher\":{\"@id\":\"https:\/\/cst.cat\/es\/#organization\"},\"image\":{\"@id\":\"https:\/\/cst.cat\/es\/puntos-de-vacunacion-del-consorcio-sanitario-de-terrassa-por-la-administracion-de-la-vacuna-covid19\/#primaryimage\"},\"thumbnailUrl\":\"https:\/\/cst.cat\/wp-content\/uploads\/2021\/12\/doc_S-e1643129122267.jpg\",\"keywords\":[\"Vacunaci\u00f3n\"],\"articleSection\":[\"Covid-19\"],\"inLanguage\":\"es\",\"potentialAction\":[{\"@type\":\"CommentAction\",\"name\":\"Comment\",\"target\":[\"https:\/\/cst.cat\/es\/puntos-de-vacunacion-del-consorcio-sanitario-de-terrassa-por-la-administracion-de-la-vacuna-covid19\/#respond\"]}]},{\"@type\":\"WebPage\",\"@id\":\"https:\/\/cst.cat\/es\/puntos-de-vacunacion-del-consorcio-sanitario-de-terrassa-por-la-administracion-de-la-vacuna-covid19\/\",\"url\":\"https:\/\/cst.cat\/es\/puntos-de-vacunacion-del-consorcio-sanitario-de-terrassa-por-la-administracion-de-la-vacuna-covid19\/\",\"name\":\"Puntos de vacunaci\u00f3n del Consorci Sanitari de Terrassa por la administraci\u00f3n de la vacuna COVID19 - CST\",\"isPartOf\":{\"@id\":\"https:\/\/cst.cat\/es\/#website\"},\"primaryImageOfPage\":{\"@id\":\"https:\/\/cst.cat\/es\/puntos-de-vacunacion-del-consorcio-sanitario-de-terrassa-por-la-administracion-de-la-vacuna-covid19\/#primaryimage\"},\"image\":{\"@id\":\"https:\/\/cst.cat\/es\/puntos-de-vacunacion-del-consorcio-sanitario-de-terrassa-por-la-administracion-de-la-vacuna-covid19\/#primaryimage\"},\"thumbnailUrl\":\"https:\/\/cst.cat\/wp-content\/uploads\/2021\/12\/doc_S-e1643129122267.jpg\",\"datePublished\":\"2022-03-08T08:57:01+00:00\",\"dateModified\":\"2022-03-28T13:41:25+00:00\",\"breadcrumb\":{\"@id\":\"https:\/\/cst.cat\/es\/puntos-de-vacunacion-del-consorcio-sanitario-de-terrassa-por-la-administracion-de-la-vacuna-covid19\/#breadcrumb\"},\"inLanguage\":\"es\",\"potentialAction\":[{\"@type\":\"ReadAction\",\"target\":[\"https:\/\/cst.cat\/es\/puntos-de-vacunacion-del-consorcio-sanitario-de-terrassa-por-la-administracion-de-la-vacuna-covid19\/\"]}]},{\"@type\":\"ImageObject\",\"inLanguage\":\"es\",\"@id\":\"https:\/\/cst.cat\/es\/puntos-de-vacunacion-del-consorcio-sanitario-de-terrassa-por-la-administracion-de-la-vacuna-covid19\/#primaryimage\",\"url\":\"https:\/\/cst.cat\/wp-content\/uploads\/2021\/12\/doc_S-e1643129122267.jpg\",\"contentUrl\":\"https:\/\/cst.cat\/wp-content\/uploads\/2021\/12\/doc_S-e1643129122267.jpg\",\"width\":953,\"height\":822},{\"@type\":\"BreadcrumbList\",\"@id\":\"https:\/\/cst.cat\/es\/puntos-de-vacunacion-del-consorcio-sanitario-de-terrassa-por-la-administracion-de-la-vacuna-covid19\/#breadcrumb\",\"itemListElement\":[{\"@type\":\"ListItem\",\"position\":1,\"name\":\"Inici\",\"item\":\"https:\/\/cst.cat\/es\/\"},{\"@type\":\"ListItem\",\"position\":2,\"name\":\"Puntos de vacunaci\u00f3n del Consorci Sanitari de Terrassa por la administraci\u00f3n de la vacuna COVID19\"}]},{\"@type\":\"WebSite\",\"@id\":\"https:\/\/cst.cat\/es\/#website\",\"url\":\"https:\/\/cst.cat\/es\/\",\"name\":\"CST\",\"description\":\"\",\"publisher\":{\"@id\":\"https:\/\/cst.cat\/es\/#organization\"},\"potentialAction\":[{\"@type\":\"SearchAction\",\"target\":{\"@type\":\"EntryPoint\",\"urlTemplate\":\"https:\/\/cst.cat\/es\/?s={search_term_string}\"},\"query-input\":{\"@type\":\"PropertyValueSpecification\",\"valueRequired\":true,\"valueName\":\"search_term_string\"}}],\"inLanguage\":\"es\"},{\"@type\":\"Organization\",\"@id\":\"https:\/\/cst.cat\/es\/#organization\",\"name\":\"Consorci Sanitari de Terrassa\",\"url\":\"https:\/\/cst.cat\/es\/\",\"logo\":{\"@type\":\"ImageObject\",\"inLanguage\":\"es\",\"@id\":\"https:\/\/cst.cat\/es\/#\/schema\/logo\/image\/\",\"url\":\"https:\/\/cst.cat\/wp-content\/uploads\/2021\/09\/logo-header.svg\",\"contentUrl\":\"https:\/\/cst.cat\/wp-content\/uploads\/2021\/09\/logo-header.svg\",\"width\":90,\"height\":32,\"caption\":\"Consorci Sanitari de Terrassa\"},\"image\":{\"@id\":\"https:\/\/cst.cat\/es\/#\/schema\/logo\/image\/\"}},{\"@type\":\"Person\",\"@id\":\"https:\/\/cst.cat\/es\/#\/schema\/person\/acf41889c26443e9d4de1fe6ae808faa\",\"name\":\"suport\",\"image\":{\"@type\":\"ImageObject\",\"inLanguage\":\"es\",\"@id\":\"https:\/\/secure.gravatar.com\/avatar\/ec6311c79afc3607ca9d656d6c9e3875abb1cd5ff224fe2eaab1d920ddae635f?s=96&d=mm&r=g\",\"url\":\"https:\/\/secure.gravatar.com\/avatar\/ec6311c79afc3607ca9d656d6c9e3875abb1cd5ff224fe2eaab1d920ddae635f?s=96&d=mm&r=g\",\"contentUrl\":\"https:\/\/secure.gravatar.com\/avatar\/ec6311c79afc3607ca9d656d6c9e3875abb1cd5ff224fe2eaab1d920ddae635f?s=96&d=mm&r=g\",\"caption\":\"suport\"},\"sameAs\":[\"https:\/\/cst.cat\"],\"url\":\"https:\/\/cst.cat\/es\/author\/suport\/\"}]}<\/script>\n<!-- \/ Yoast SEO plugin. -->","yoast_head_json":{"title":"Puntos de vacunaci\u00f3n del Consorci Sanitari de Terrassa por la administraci\u00f3n de la vacuna COVID19 - CST","robots":{"index":"index","follow":"follow","max-snippet":"max-snippet:-1","max-image-preview":"max-image-preview:large","max-video-preview":"max-video-preview:-1"},"canonical":"https:\/\/cst.cat\/es\/puntos-de-vacunacion-del-consorcio-sanitario-de-terrassa-por-la-administracion-de-la-vacuna-covid19\/","og_locale":"es_ES","og_type":"article","og_title":"Puntos de vacunaci\u00f3n del Consorci Sanitari de Terrassa por la administraci\u00f3n de la vacuna COVID19 - CST","og_description":"Se pondr\u00e1 la vacuna de la COVID19 con cita previa y sin cita hasta agotar vacunas: De 5 a 11 a\u00f1os: Hospital de Terrassa (Ctra. Torrebonica s\/n. Terrassa) \u00c1rea de Laboratorio (Entrada principal) Jueves 31 de marzo y viernes 1 de abril, de 16 a 19 h Adultos mayores de 12 a\u00f1os: Hospital de Terrassa [&hellip;]","og_url":"https:\/\/cst.cat\/es\/puntos-de-vacunacion-del-consorcio-sanitario-de-terrassa-por-la-administracion-de-la-vacuna-covid19\/","og_site_name":"CST","article_published_time":"2022-03-08T08:57:01+00:00","article_modified_time":"2022-03-28T13:41:25+00:00","og_image":[{"width":953,"height":822,"url":"https:\/\/cst.cat\/wp-content\/uploads\/2021\/12\/doc_S-e1643129122267.jpg","type":"image\/jpeg"}],"author":"suport","twitter_card":"summary_large_image","twitter_misc":{"Escrito por":"suport","Tiempo de lectura":"1 minuto"},"schema":{"@context":"https:\/\/schema.org","@graph":[{"@type":"Article","@id":"https:\/\/cst.cat\/es\/puntos-de-vacunacion-del-consorcio-sanitario-de-terrassa-por-la-administracion-de-la-vacuna-covid19\/#article","isPartOf":{"@id":"https:\/\/cst.cat\/es\/puntos-de-vacunacion-del-consorcio-sanitario-de-terrassa-por-la-administracion-de-la-vacuna-covid19\/"},"author":{"name":"suport","@id":"https:\/\/cst.cat\/es\/#\/schema\/person\/acf41889c26443e9d4de1fe6ae808faa"},"headline":"Puntos de vacunaci\u00f3n del Consorci Sanitari de Terrassa por la administraci\u00f3n de la vacuna COVID19","datePublished":"2022-03-08T08:57:01+00:00","dateModified":"2022-03-28T13:41:25+00:00","mainEntityOfPage":{"@id":"https:\/\/cst.cat\/es\/puntos-de-vacunacion-del-consorcio-sanitario-de-terrassa-por-la-administracion-de-la-vacuna-covid19\/"},"wordCount":82,"commentCount":0,"publisher":{"@id":"https:\/\/cst.cat\/es\/#organization"},"image":{"@id":"https:\/\/cst.cat\/es\/puntos-de-vacunacion-del-consorcio-sanitario-de-terrassa-por-la-administracion-de-la-vacuna-covid19\/#primaryimage"},"thumbnailUrl":"https:\/\/cst.cat\/wp-content\/uploads\/2021\/12\/doc_S-e1643129122267.jpg","keywords":["Vacunaci\u00f3n"],"articleSection":["Covid-19"],"inLanguage":"es","potentialAction":[{"@type":"CommentAction","name":"Comment","target":["https:\/\/cst.cat\/es\/puntos-de-vacunacion-del-consorcio-sanitario-de-terrassa-por-la-administracion-de-la-vacuna-covid19\/#respond"]}]},{"@type":"WebPage","@id":"https:\/\/cst.cat\/es\/puntos-de-vacunacion-del-consorcio-sanitario-de-terrassa-por-la-administracion-de-la-vacuna-covid19\/","url":"https:\/\/cst.cat\/es\/puntos-de-vacunacion-del-consorcio-sanitario-de-terrassa-por-la-administracion-de-la-vacuna-covid19\/","name":"Puntos de vacunaci\u00f3n del Consorci Sanitari de Terrassa por la administraci\u00f3n de la vacuna COVID19 - CST","isPartOf":{"@id":"https:\/\/cst.cat\/es\/#website"},"primaryImageOfPage":{"@id":"https:\/\/cst.cat\/es\/puntos-de-vacunacion-del-consorcio-sanitario-de-terrassa-por-la-administracion-de-la-vacuna-covid19\/#primaryimage"},"image":{"@id":"https:\/\/cst.cat\/es\/puntos-de-vacunacion-del-consorcio-sanitario-de-terrassa-por-la-administracion-de-la-vacuna-covid19\/#primaryimage"},"thumbnailUrl":"https:\/\/cst.cat\/wp-content\/uploads\/2021\/12\/doc_S-e1643129122267.jpg","datePublished":"2022-03-08T08:57:01+00:00","dateModified":"2022-03-28T13:41:25+00:00","breadcrumb":{"@id":"https:\/\/cst.cat\/es\/puntos-de-vacunacion-del-consorcio-sanitario-de-terrassa-por-la-administracion-de-la-vacuna-covid19\/#breadcrumb"},"inLanguage":"es","potentialAction":[{"@type":"ReadAction","target":["https:\/\/cst.cat\/es\/puntos-de-vacunacion-del-consorcio-sanitario-de-terrassa-por-la-administracion-de-la-vacuna-covid19\/"]}]},{"@type":"ImageObject","inLanguage":"es","@id":"https:\/\/cst.cat\/es\/puntos-de-vacunacion-del-consorcio-sanitario-de-terrassa-por-la-administracion-de-la-vacuna-covid19\/#primaryimage","url":"https:\/\/cst.cat\/wp-content\/uploads\/2021\/12\/doc_S-e1643129122267.jpg","contentUrl":"https:\/\/cst.cat\/wp-content\/uploads\/2021\/12\/doc_S-e1643129122267.jpg","width":953,"height":822},{"@type":"BreadcrumbList","@id":"https:\/\/cst.cat\/es\/puntos-de-vacunacion-del-consorcio-sanitario-de-terrassa-por-la-administracion-de-la-vacuna-covid19\/#breadcrumb","itemListElement":[{"@type":"ListItem","position":1,"name":"Inici","item":"https:\/\/cst.cat\/es\/"},{"@type":"ListItem","position":2,"name":"Puntos de vacunaci\u00f3n del Consorci Sanitari de Terrassa por la administraci\u00f3n de la vacuna COVID19"}]},{"@type":"WebSite","@id":"https:\/\/cst.cat\/es\/#website","url":"https:\/\/cst.cat\/es\/","name":"CST","description":"","publisher":{"@id":"https:\/\/cst.cat\/es\/#organization"},"potentialAction":[{"@type":"SearchAction","target":{"@type":"EntryPoint","urlTemplate":"https:\/\/cst.cat\/es\/?s={search_term_string}"},"query-input":{"@type":"PropertyValueSpecification","valueRequired":true,"valueName":"search_term_string"}}],"inLanguage":"es"},{"@type":"Organization","@id":"https:\/\/cst.cat\/es\/#organization","name":"Consorci Sanitari de Terrassa","url":"https:\/\/cst.cat\/es\/","logo":{"@type":"ImageObject","inLanguage":"es","@id":"https:\/\/cst.cat\/es\/#\/schema\/logo\/image\/","url":"https:\/\/cst.cat\/wp-content\/uploads\/2021\/09\/logo-header.svg","contentUrl":"https:\/\/cst.cat\/wp-content\/uploads\/2021\/09\/logo-header.svg","width":90,"height":32,"caption":"Consorci Sanitari de Terrassa"},"image":{"@id":"https:\/\/cst.cat\/es\/#\/schema\/logo\/image\/"}},{"@type":"Person","@id":"https:\/\/cst.cat\/es\/#\/schema\/person\/acf41889c26443e9d4de1fe6ae808faa","name":"suport","image":{"@type":"ImageObject","inLanguage":"es","@id":"https:\/\/secure.gravatar.com\/avatar\/ec6311c79afc3607ca9d656d6c9e3875abb1cd5ff224fe2eaab1d920ddae635f?s=96&d=mm&r=g","url":"https:\/\/secure.gravatar.com\/avatar\/ec6311c79afc3607ca9d656d6c9e3875abb1cd5ff224fe2eaab1d920ddae635f?s=96&d=mm&r=g","contentUrl":"https:\/\/secure.gravatar.com\/avatar\/ec6311c79afc3607ca9d656d6c9e3875abb1cd5ff224fe2eaab1d920ddae635f?s=96&d=mm&r=g","caption":"suport"},"sameAs":["https:\/\/cst.cat"],"url":"https:\/\/cst.cat\/es\/author\/suport\/"}]}},"_links":{"self":[{"href":"https:\/\/cst.cat\/es\/wp-json\/wp\/v2\/posts\/9028","targetHints":{"allow":["GET"]}}],"collection":[{"href":"https:\/\/cst.cat\/es\/wp-json\/wp\/v2\/posts"}],"about":[{"href":"https:\/\/cst.cat\/es\/wp-json\/wp\/v2\/types\/post"}],"author":[{"embeddable":true,"href":"https:\/\/cst.cat\/es\/wp-json\/wp\/v2\/users\/2"}],"replies":[{"embeddable":true,"href":"https:\/\/cst.cat\/es\/wp-json\/wp\/v2\/comments?post=9028"}],"version-history":[{"count":0,"href":"https:\/\/cst.cat\/es\/wp-json\/wp\/v2\/posts\/9028\/revisions"}],"wp:featuredmedia":[{"embeddable":true,"href":"https:\/\/cst.cat\/es\/wp-json\/wp\/v2\/media\/4493"}],"wp:attachment":[{"href":"https:\/\/cst.cat\/es\/wp-json\/wp\/v2\/media?parent=9028"}],"wp:term":[{"taxonomy":"category","embeddable":true,"href":"https:\/\/cst.cat\/es\/wp-json\/wp\/v2\/categories?post=9028"},{"taxonomy":"post_tag","embeddable":true,"href":"https:\/\/cst.cat\/es\/wp-json\/wp\/v2\/tags?post=9028"}],"curies":[{"name":"wp","href":"https:\/\/api.w.org\/{rel}","templated":true}]}}