{"id":9030,"date":"2022-03-08T09:57:02","date_gmt":"2022-03-08T08:57:02","guid":{"rendered":"https:\/\/cst.cat\/procesos-asistenciales-compartidos-en-atencion-primaria-y-atencion-hospitalaria-de-cardiologia-en-la-era-covid\/"},"modified":"2022-03-08T09:57:02","modified_gmt":"2022-03-08T08:57:02","slug":"procesos-asistenciales-compartidos-en-atencion-primaria-y-atencion-hospitalaria-de-cardiologia-en-la-era-covid","status":"publish","type":"post","link":"https:\/\/cst.cat\/es\/procesos-asistenciales-compartidos-en-atencion-primaria-y-atencion-hospitalaria-de-cardiologia-en-la-era-covid\/","title":{"rendered":"Procesos asistenciales compartidos en Atenci\u00f3n Primaria y Atenci\u00f3n Hospitalaria de cardiolog\u00eda en la era Covid"},"content":{"rendered":"\n<div class=\"wp-block-columns is-layout-flex wp-container-core-columns-is-layout-9d6595d7 wp-block-columns-is-layout-flex\">\n<div class=\"wp-block-column acces-lft is-layout-flow wp-block-column-is-layout-flow\" style=\"flex-basis:30%\">\n<figure class=\"wp-block-image size-large\"><img loading=\"lazy\" decoding=\"async\" width=\"767\" height=\"1366\" src=\"https:\/\/cst.cat\/wp-content\/uploads\/2021\/12\/AtencioPrimaria-1-767x1366.jpg\" alt=\"\" class=\"wp-image-4513\" srcset=\"https:\/\/cst.cat\/wp-content\/uploads\/2021\/12\/AtencioPrimaria-1-767x1366.jpg 767w, https:\/\/cst.cat\/wp-content\/uploads\/2021\/12\/AtencioPrimaria-1-337x600.jpg 337w, https:\/\/cst.cat\/wp-content\/uploads\/2021\/12\/AtencioPrimaria-1-768x1368.jpg 768w, https:\/\/cst.cat\/wp-content\/uploads\/2021\/12\/AtencioPrimaria-1-863x1536.jpg 863w, https:\/\/cst.cat\/wp-content\/uploads\/2021\/12\/AtencioPrimaria-1.jpg 1150w\" sizes=\"auto, (max-width: 767px) 100vw, 767px\" \/><\/figure><\/div>\n\n\n\n<div class=\"wp-block-column acces-rgt is-layout-flow wp-block-column-is-layout-flow\" style=\"flex-basis:70%\">\n<h2 class=\"wp-block-heading\"><\/h2>\n\n\n\n<p>Los d\u00edas 13, 14, 20 y 21 de octubre de 2021 se celebr\u00f3 el Ciclo de intercambio de conocimientos \u00a8Procesos Asistenciales compartidos Atenci\u00f3n Primaria y Atenci\u00f3n Hospitalaria de Cardiolog\u00eda en la era COVID-19, organizado conjuntamente con el Servicio de Cardiolog\u00eda y Atenci\u00f3n Primaria del Consorcio Sanitario de Terrassa.<\/p>\n\n\n\n<p>Iba dirigida a todos los profesionales asistenciales que tuvieran relaci\u00f3n con la patolog\u00eda card\u00edaca en el \u00e1rea metropolitana Norte de la Regi\u00f3n Sanitaria de Barcelona y estaba acreditada por el Consejo Catal\u00e1n de Formaci\u00f3n y Continuada de las Profesiones Sanitarias, Comisi\u00f3n de Formaci\u00f3n Continua del Sistema Nacional de Salud .<\/p>\n\n\n\n<p>Se compartieron temas diversos como la insuficiencia card\u00edaca, cirug\u00eda card\u00edaca, actualizaci\u00f3n en imagen card\u00edaca, actualizaci\u00f3n en arritmias, s\u00edndrome coronario agudo, prevenci\u00f3n secundaria despu\u00e9s de un s\u00edndrome coronario agudo y repercusiones card\u00edacas por COVID-19, as\u00ed como un concurso de ECG entre los residentes. El Ciclo fue impartido por m\u00e1s de 15 profesionales de diferentes especialidades y \u00e1mbitos, con una asistencia en torno a 100 profesionales en cada uno de los d\u00edas.<\/p>\n<\/div>\n<\/div>\n","protected":false},"excerpt":{"rendered":"<p>Los d\u00edas 13, 14, 20 y 21 de octubre de 2021 se celebr\u00f3 el Ciclo de intercambio de conocimientos \u00a8Procesos Asistenciales compartidos Atenci\u00f3n Primaria y Atenci\u00f3n Hospitalaria de Cardiolog\u00eda en la era COVID-19, organizado conjuntamente con el Servicio de Cardiolog\u00eda y Atenci\u00f3n Primaria del Consorcio Sanitario de Terrassa. Iba dirigida a todos los profesionales asistenciales [&hellip;]<\/p>\n","protected":false},"author":2,"featured_media":4512,"comment_status":"open","ping_status":"open","sticky":false,"template":"","format":"standard","meta":{"_acf_changed":false,"footnotes":""},"categories":[2],"tags":[],"class_list":["post-9030","post","type-post","status-publish","format-standard","has-post-thumbnail","hentry","category-sin-categorizar"],"acf":[],"yoast_head":"<!-- This site is optimized with the Yoast SEO plugin v27.2 - https:\/\/yoast.com\/product\/yoast-seo-wordpress\/ -->\n<title>Procesos asistenciales compartidos en Atenci\u00f3n Primaria y Atenci\u00f3n Hospitalaria de cardiolog\u00eda en la era Covid - CST<\/title>\n<meta name=\"robots\" content=\"index, follow, max-snippet:-1, max-image-preview:large, max-video-preview:-1\" \/>\n<link rel=\"canonical\" href=\"https:\/\/cst.cat\/es\/procesos-asistenciales-compartidos-en-atencion-primaria-y-atencion-hospitalaria-de-cardiologia-en-la-era-covid\/\" \/>\n<meta property=\"og:locale\" content=\"es_ES\" \/>\n<meta property=\"og:type\" content=\"article\" \/>\n<meta property=\"og:title\" content=\"Procesos asistenciales compartidos en Atenci\u00f3n Primaria y Atenci\u00f3n Hospitalaria de cardiolog\u00eda en la era Covid - CST\" \/>\n<meta property=\"og:description\" content=\"Los d\u00edas 13, 14, 20 y 21 de octubre de 2021 se celebr\u00f3 el Ciclo de intercambio de conocimientos \u00a8Procesos Asistenciales compartidos Atenci\u00f3n Primaria y Atenci\u00f3n Hospitalaria de Cardiolog\u00eda en la era COVID-19, organizado conjuntamente con el Servicio de Cardiolog\u00eda y Atenci\u00f3n Primaria del Consorcio Sanitario de Terrassa. Iba dirigida a todos los profesionales asistenciales [&hellip;]\" \/>\n<meta property=\"og:url\" content=\"https:\/\/cst.cat\/es\/procesos-asistenciales-compartidos-en-atencion-primaria-y-atencion-hospitalaria-de-cardiologia-en-la-era-covid\/\" \/>\n<meta property=\"og:site_name\" content=\"CST\" \/>\n<meta property=\"article:published_time\" content=\"2022-03-08T08:57:02+00:00\" \/>\n<meta property=\"og:image\" content=\"https:\/\/cst.cat\/wp-content\/uploads\/2021\/12\/AtencioPrimaria.jpg\" \/>\n\t<meta property=\"og:image:width\" content=\"1150\" \/>\n\t<meta property=\"og:image:height\" content=\"2048\" \/>\n\t<meta property=\"og:image:type\" content=\"image\/jpeg\" \/>\n<meta name=\"author\" content=\"suport\" \/>\n<meta name=\"twitter:card\" content=\"summary_large_image\" \/>\n<meta name=\"twitter:label1\" content=\"Escrito por\" \/>\n\t<meta name=\"twitter:data1\" content=\"suport\" \/>\n\t<meta name=\"twitter:label2\" content=\"Tiempo de lectura\" \/>\n\t<meta name=\"twitter:data2\" content=\"1 minuto\" \/>\n<script type=\"application\/ld+json\" class=\"yoast-schema-graph\">{\"@context\":\"https:\/\/schema.org\",\"@graph\":[{\"@type\":\"Article\",\"@id\":\"https:\/\/cst.cat\/es\/procesos-asistenciales-compartidos-en-atencion-primaria-y-atencion-hospitalaria-de-cardiologia-en-la-era-covid\/#article\",\"isPartOf\":{\"@id\":\"https:\/\/cst.cat\/es\/procesos-asistenciales-compartidos-en-atencion-primaria-y-atencion-hospitalaria-de-cardiologia-en-la-era-covid\/\"},\"author\":{\"name\":\"suport\",\"@id\":\"https:\/\/cst.cat\/es\/#\/schema\/person\/acf41889c26443e9d4de1fe6ae808faa\"},\"headline\":\"Procesos asistenciales compartidos en Atenci\u00f3n Primaria y Atenci\u00f3n Hospitalaria de cardiolog\u00eda en la era Covid\",\"datePublished\":\"2022-03-08T08:57:02+00:00\",\"mainEntityOfPage\":{\"@id\":\"https:\/\/cst.cat\/es\/procesos-asistenciales-compartidos-en-atencion-primaria-y-atencion-hospitalaria-de-cardiologia-en-la-era-covid\/\"},\"wordCount\":205,\"commentCount\":0,\"publisher\":{\"@id\":\"https:\/\/cst.cat\/es\/#organization\"},\"image\":{\"@id\":\"https:\/\/cst.cat\/es\/procesos-asistenciales-compartidos-en-atencion-primaria-y-atencion-hospitalaria-de-cardiologia-en-la-era-covid\/#primaryimage\"},\"thumbnailUrl\":\"https:\/\/cst.cat\/wp-content\/uploads\/2021\/12\/AtencioPrimaria.jpg\",\"articleSection\":[\"Sin categorizar\"],\"inLanguage\":\"es\",\"potentialAction\":[{\"@type\":\"CommentAction\",\"name\":\"Comment\",\"target\":[\"https:\/\/cst.cat\/es\/procesos-asistenciales-compartidos-en-atencion-primaria-y-atencion-hospitalaria-de-cardiologia-en-la-era-covid\/#respond\"]}]},{\"@type\":\"WebPage\",\"@id\":\"https:\/\/cst.cat\/es\/procesos-asistenciales-compartidos-en-atencion-primaria-y-atencion-hospitalaria-de-cardiologia-en-la-era-covid\/\",\"url\":\"https:\/\/cst.cat\/es\/procesos-asistenciales-compartidos-en-atencion-primaria-y-atencion-hospitalaria-de-cardiologia-en-la-era-covid\/\",\"name\":\"Procesos asistenciales compartidos en Atenci\u00f3n Primaria y Atenci\u00f3n Hospitalaria de cardiolog\u00eda en la era Covid - CST\",\"isPartOf\":{\"@id\":\"https:\/\/cst.cat\/es\/#website\"},\"primaryImageOfPage\":{\"@id\":\"https:\/\/cst.cat\/es\/procesos-asistenciales-compartidos-en-atencion-primaria-y-atencion-hospitalaria-de-cardiologia-en-la-era-covid\/#primaryimage\"},\"image\":{\"@id\":\"https:\/\/cst.cat\/es\/procesos-asistenciales-compartidos-en-atencion-primaria-y-atencion-hospitalaria-de-cardiologia-en-la-era-covid\/#primaryimage\"},\"thumbnailUrl\":\"https:\/\/cst.cat\/wp-content\/uploads\/2021\/12\/AtencioPrimaria.jpg\",\"datePublished\":\"2022-03-08T08:57:02+00:00\",\"breadcrumb\":{\"@id\":\"https:\/\/cst.cat\/es\/procesos-asistenciales-compartidos-en-atencion-primaria-y-atencion-hospitalaria-de-cardiologia-en-la-era-covid\/#breadcrumb\"},\"inLanguage\":\"es\",\"potentialAction\":[{\"@type\":\"ReadAction\",\"target\":[\"https:\/\/cst.cat\/es\/procesos-asistenciales-compartidos-en-atencion-primaria-y-atencion-hospitalaria-de-cardiologia-en-la-era-covid\/\"]}]},{\"@type\":\"ImageObject\",\"inLanguage\":\"es\",\"@id\":\"https:\/\/cst.cat\/es\/procesos-asistenciales-compartidos-en-atencion-primaria-y-atencion-hospitalaria-de-cardiologia-en-la-era-covid\/#primaryimage\",\"url\":\"https:\/\/cst.cat\/wp-content\/uploads\/2021\/12\/AtencioPrimaria.jpg\",\"contentUrl\":\"https:\/\/cst.cat\/wp-content\/uploads\/2021\/12\/AtencioPrimaria.jpg\",\"width\":1150,\"height\":2048},{\"@type\":\"BreadcrumbList\",\"@id\":\"https:\/\/cst.cat\/es\/procesos-asistenciales-compartidos-en-atencion-primaria-y-atencion-hospitalaria-de-cardiologia-en-la-era-covid\/#breadcrumb\",\"itemListElement\":[{\"@type\":\"ListItem\",\"position\":1,\"name\":\"Inici\",\"item\":\"https:\/\/cst.cat\/es\/\"},{\"@type\":\"ListItem\",\"position\":2,\"name\":\"Procesos asistenciales compartidos en Atenci\u00f3n Primaria y Atenci\u00f3n Hospitalaria de cardiolog\u00eda en la era Covid\"}]},{\"@type\":\"WebSite\",\"@id\":\"https:\/\/cst.cat\/es\/#website\",\"url\":\"https:\/\/cst.cat\/es\/\",\"name\":\"CST\",\"description\":\"\",\"publisher\":{\"@id\":\"https:\/\/cst.cat\/es\/#organization\"},\"potentialAction\":[{\"@type\":\"SearchAction\",\"target\":{\"@type\":\"EntryPoint\",\"urlTemplate\":\"https:\/\/cst.cat\/es\/?s={search_term_string}\"},\"query-input\":{\"@type\":\"PropertyValueSpecification\",\"valueRequired\":true,\"valueName\":\"search_term_string\"}}],\"inLanguage\":\"es\"},{\"@type\":\"Organization\",\"@id\":\"https:\/\/cst.cat\/es\/#organization\",\"name\":\"Consorci Sanitari de Terrassa\",\"url\":\"https:\/\/cst.cat\/es\/\",\"logo\":{\"@type\":\"ImageObject\",\"inLanguage\":\"es\",\"@id\":\"https:\/\/cst.cat\/es\/#\/schema\/logo\/image\/\",\"url\":\"https:\/\/cst.cat\/wp-content\/uploads\/2021\/09\/logo-header.svg\",\"contentUrl\":\"https:\/\/cst.cat\/wp-content\/uploads\/2021\/09\/logo-header.svg\",\"width\":90,\"height\":32,\"caption\":\"Consorci Sanitari de Terrassa\"},\"image\":{\"@id\":\"https:\/\/cst.cat\/es\/#\/schema\/logo\/image\/\"}},{\"@type\":\"Person\",\"@id\":\"https:\/\/cst.cat\/es\/#\/schema\/person\/acf41889c26443e9d4de1fe6ae808faa\",\"name\":\"suport\",\"image\":{\"@type\":\"ImageObject\",\"inLanguage\":\"es\",\"@id\":\"https:\/\/secure.gravatar.com\/avatar\/ec6311c79afc3607ca9d656d6c9e3875abb1cd5ff224fe2eaab1d920ddae635f?s=96&d=mm&r=g\",\"url\":\"https:\/\/secure.gravatar.com\/avatar\/ec6311c79afc3607ca9d656d6c9e3875abb1cd5ff224fe2eaab1d920ddae635f?s=96&d=mm&r=g\",\"contentUrl\":\"https:\/\/secure.gravatar.com\/avatar\/ec6311c79afc3607ca9d656d6c9e3875abb1cd5ff224fe2eaab1d920ddae635f?s=96&d=mm&r=g\",\"caption\":\"suport\"},\"sameAs\":[\"https:\/\/cst.cat\"],\"url\":\"https:\/\/cst.cat\/es\/author\/suport\/\"}]}<\/script>\n<!-- \/ Yoast SEO plugin. -->","yoast_head_json":{"title":"Procesos asistenciales compartidos en Atenci\u00f3n Primaria y Atenci\u00f3n Hospitalaria de cardiolog\u00eda en la era Covid - CST","robots":{"index":"index","follow":"follow","max-snippet":"max-snippet:-1","max-image-preview":"max-image-preview:large","max-video-preview":"max-video-preview:-1"},"canonical":"https:\/\/cst.cat\/es\/procesos-asistenciales-compartidos-en-atencion-primaria-y-atencion-hospitalaria-de-cardiologia-en-la-era-covid\/","og_locale":"es_ES","og_type":"article","og_title":"Procesos asistenciales compartidos en Atenci\u00f3n Primaria y Atenci\u00f3n Hospitalaria de cardiolog\u00eda en la era Covid - CST","og_description":"Los d\u00edas 13, 14, 20 y 21 de octubre de 2021 se celebr\u00f3 el Ciclo de intercambio de conocimientos \u00a8Procesos Asistenciales compartidos Atenci\u00f3n Primaria y Atenci\u00f3n Hospitalaria de Cardiolog\u00eda en la era COVID-19, organizado conjuntamente con el Servicio de Cardiolog\u00eda y Atenci\u00f3n Primaria del Consorcio Sanitario de Terrassa. Iba dirigida a todos los profesionales asistenciales [&hellip;]","og_url":"https:\/\/cst.cat\/es\/procesos-asistenciales-compartidos-en-atencion-primaria-y-atencion-hospitalaria-de-cardiologia-en-la-era-covid\/","og_site_name":"CST","article_published_time":"2022-03-08T08:57:02+00:00","og_image":[{"width":1150,"height":2048,"url":"https:\/\/cst.cat\/wp-content\/uploads\/2021\/12\/AtencioPrimaria.jpg","type":"image\/jpeg"}],"author":"suport","twitter_card":"summary_large_image","twitter_misc":{"Escrito por":"suport","Tiempo de lectura":"1 minuto"},"schema":{"@context":"https:\/\/schema.org","@graph":[{"@type":"Article","@id":"https:\/\/cst.cat\/es\/procesos-asistenciales-compartidos-en-atencion-primaria-y-atencion-hospitalaria-de-cardiologia-en-la-era-covid\/#article","isPartOf":{"@id":"https:\/\/cst.cat\/es\/procesos-asistenciales-compartidos-en-atencion-primaria-y-atencion-hospitalaria-de-cardiologia-en-la-era-covid\/"},"author":{"name":"suport","@id":"https:\/\/cst.cat\/es\/#\/schema\/person\/acf41889c26443e9d4de1fe6ae808faa"},"headline":"Procesos asistenciales compartidos en Atenci\u00f3n Primaria y Atenci\u00f3n Hospitalaria de cardiolog\u00eda en la era Covid","datePublished":"2022-03-08T08:57:02+00:00","mainEntityOfPage":{"@id":"https:\/\/cst.cat\/es\/procesos-asistenciales-compartidos-en-atencion-primaria-y-atencion-hospitalaria-de-cardiologia-en-la-era-covid\/"},"wordCount":205,"commentCount":0,"publisher":{"@id":"https:\/\/cst.cat\/es\/#organization"},"image":{"@id":"https:\/\/cst.cat\/es\/procesos-asistenciales-compartidos-en-atencion-primaria-y-atencion-hospitalaria-de-cardiologia-en-la-era-covid\/#primaryimage"},"thumbnailUrl":"https:\/\/cst.cat\/wp-content\/uploads\/2021\/12\/AtencioPrimaria.jpg","articleSection":["Sin categorizar"],"inLanguage":"es","potentialAction":[{"@type":"CommentAction","name":"Comment","target":["https:\/\/cst.cat\/es\/procesos-asistenciales-compartidos-en-atencion-primaria-y-atencion-hospitalaria-de-cardiologia-en-la-era-covid\/#respond"]}]},{"@type":"WebPage","@id":"https:\/\/cst.cat\/es\/procesos-asistenciales-compartidos-en-atencion-primaria-y-atencion-hospitalaria-de-cardiologia-en-la-era-covid\/","url":"https:\/\/cst.cat\/es\/procesos-asistenciales-compartidos-en-atencion-primaria-y-atencion-hospitalaria-de-cardiologia-en-la-era-covid\/","name":"Procesos asistenciales compartidos en Atenci\u00f3n Primaria y Atenci\u00f3n Hospitalaria de cardiolog\u00eda en la era Covid - CST","isPartOf":{"@id":"https:\/\/cst.cat\/es\/#website"},"primaryImageOfPage":{"@id":"https:\/\/cst.cat\/es\/procesos-asistenciales-compartidos-en-atencion-primaria-y-atencion-hospitalaria-de-cardiologia-en-la-era-covid\/#primaryimage"},"image":{"@id":"https:\/\/cst.cat\/es\/procesos-asistenciales-compartidos-en-atencion-primaria-y-atencion-hospitalaria-de-cardiologia-en-la-era-covid\/#primaryimage"},"thumbnailUrl":"https:\/\/cst.cat\/wp-content\/uploads\/2021\/12\/AtencioPrimaria.jpg","datePublished":"2022-03-08T08:57:02+00:00","breadcrumb":{"@id":"https:\/\/cst.cat\/es\/procesos-asistenciales-compartidos-en-atencion-primaria-y-atencion-hospitalaria-de-cardiologia-en-la-era-covid\/#breadcrumb"},"inLanguage":"es","potentialAction":[{"@type":"ReadAction","target":["https:\/\/cst.cat\/es\/procesos-asistenciales-compartidos-en-atencion-primaria-y-atencion-hospitalaria-de-cardiologia-en-la-era-covid\/"]}]},{"@type":"ImageObject","inLanguage":"es","@id":"https:\/\/cst.cat\/es\/procesos-asistenciales-compartidos-en-atencion-primaria-y-atencion-hospitalaria-de-cardiologia-en-la-era-covid\/#primaryimage","url":"https:\/\/cst.cat\/wp-content\/uploads\/2021\/12\/AtencioPrimaria.jpg","contentUrl":"https:\/\/cst.cat\/wp-content\/uploads\/2021\/12\/AtencioPrimaria.jpg","width":1150,"height":2048},{"@type":"BreadcrumbList","@id":"https:\/\/cst.cat\/es\/procesos-asistenciales-compartidos-en-atencion-primaria-y-atencion-hospitalaria-de-cardiologia-en-la-era-covid\/#breadcrumb","itemListElement":[{"@type":"ListItem","position":1,"name":"Inici","item":"https:\/\/cst.cat\/es\/"},{"@type":"ListItem","position":2,"name":"Procesos asistenciales compartidos en Atenci\u00f3n Primaria y Atenci\u00f3n Hospitalaria de cardiolog\u00eda en la era Covid"}]},{"@type":"WebSite","@id":"https:\/\/cst.cat\/es\/#website","url":"https:\/\/cst.cat\/es\/","name":"CST","description":"","publisher":{"@id":"https:\/\/cst.cat\/es\/#organization"},"potentialAction":[{"@type":"SearchAction","target":{"@type":"EntryPoint","urlTemplate":"https:\/\/cst.cat\/es\/?s={search_term_string}"},"query-input":{"@type":"PropertyValueSpecification","valueRequired":true,"valueName":"search_term_string"}}],"inLanguage":"es"},{"@type":"Organization","@id":"https:\/\/cst.cat\/es\/#organization","name":"Consorci Sanitari de Terrassa","url":"https:\/\/cst.cat\/es\/","logo":{"@type":"ImageObject","inLanguage":"es","@id":"https:\/\/cst.cat\/es\/#\/schema\/logo\/image\/","url":"https:\/\/cst.cat\/wp-content\/uploads\/2021\/09\/logo-header.svg","contentUrl":"https:\/\/cst.cat\/wp-content\/uploads\/2021\/09\/logo-header.svg","width":90,"height":32,"caption":"Consorci Sanitari de Terrassa"},"image":{"@id":"https:\/\/cst.cat\/es\/#\/schema\/logo\/image\/"}},{"@type":"Person","@id":"https:\/\/cst.cat\/es\/#\/schema\/person\/acf41889c26443e9d4de1fe6ae808faa","name":"suport","image":{"@type":"ImageObject","inLanguage":"es","@id":"https:\/\/secure.gravatar.com\/avatar\/ec6311c79afc3607ca9d656d6c9e3875abb1cd5ff224fe2eaab1d920ddae635f?s=96&d=mm&r=g","url":"https:\/\/secure.gravatar.com\/avatar\/ec6311c79afc3607ca9d656d6c9e3875abb1cd5ff224fe2eaab1d920ddae635f?s=96&d=mm&r=g","contentUrl":"https:\/\/secure.gravatar.com\/avatar\/ec6311c79afc3607ca9d656d6c9e3875abb1cd5ff224fe2eaab1d920ddae635f?s=96&d=mm&r=g","caption":"suport"},"sameAs":["https:\/\/cst.cat"],"url":"https:\/\/cst.cat\/es\/author\/suport\/"}]}},"_links":{"self":[{"href":"https:\/\/cst.cat\/es\/wp-json\/wp\/v2\/posts\/9030","targetHints":{"allow":["GET"]}}],"collection":[{"href":"https:\/\/cst.cat\/es\/wp-json\/wp\/v2\/posts"}],"about":[{"href":"https:\/\/cst.cat\/es\/wp-json\/wp\/v2\/types\/post"}],"author":[{"embeddable":true,"href":"https:\/\/cst.cat\/es\/wp-json\/wp\/v2\/users\/2"}],"replies":[{"embeddable":true,"href":"https:\/\/cst.cat\/es\/wp-json\/wp\/v2\/comments?post=9030"}],"version-history":[{"count":0,"href":"https:\/\/cst.cat\/es\/wp-json\/wp\/v2\/posts\/9030\/revisions"}],"wp:featuredmedia":[{"embeddable":true,"href":"https:\/\/cst.cat\/es\/wp-json\/wp\/v2\/media\/4512"}],"wp:attachment":[{"href":"https:\/\/cst.cat\/es\/wp-json\/wp\/v2\/media?parent=9030"}],"wp:term":[{"taxonomy":"category","embeddable":true,"href":"https:\/\/cst.cat\/es\/wp-json\/wp\/v2\/categories?post=9030"},{"taxonomy":"post_tag","embeddable":true,"href":"https:\/\/cst.cat\/es\/wp-json\/wp\/v2\/tags?post=9030"}],"curies":[{"name":"wp","href":"https:\/\/api.w.org\/{rel}","templated":true}]}}